{"id":152168,"date":"2019-09-02T22:55:34","date_gmt":"2019-09-03T01:55:34","guid":{"rendered":"http:\/\/aconteceunovale.com.br\/portal\/?p=152168"},"modified":"2019-09-02T22:55:36","modified_gmt":"2019-09-03T01:55:36","slug":"furacao-dorian-deixa-cinco-mortos-apos-passagem-pelas-bahamas","status":"publish","type":"post","link":"https:\/\/aconteceunovale.com.br\/portal\/?p=152168","title":{"rendered":"Furac\u00e3o Dorian deixa cinco mortos ap\u00f3s passagem pelas Bahamas"},"content":{"rendered":"\n<p class=\"wp-block-paragraph\">O primeiro-ministro das Bahamas, Hubert Minnis, confirmou hoje (2) a morte de cinco pessoas ap\u00f3s a passagem do furac\u00e3o Dorian pelo arquip\u00e9lago do Atl\u00e2ntico.<\/p>\n\n\n\n<p class=\"wp-block-paragraph\">Em coletiva de imprensa, Minnis indicou que, no momento, s\u00e3o essas as informa\u00e7\u00f5es dispon\u00edveis e que as autoridades precisam ser muito cuidadosas em rela\u00e7\u00e3o \u00e0 divulga\u00e7\u00e3o de informa\u00e7\u00f5es sobre mortos.<\/p>\n\n\n\n<p class=\"wp-block-paragraph\">O primeiro-ministro disse tratar-se de uma trag\u00e9dia hist\u00f3rica que ter\u00e1 que ser superada com o tempo. A n\u00famero oficial de mortos foi confirmado ap\u00f3s um dia quase inteiro em que se falava somente em uma morte \u2013 a de uma crian\u00e7a que se afogou.<\/p>\n\n\n\n<p class=\"wp-block-paragraph\">Todos os cinco \u00f3bitos foram registrados nas Ilhas \u00c1baco, embora Minnis n\u00e3o tenha fornecido mais detalhes sobre a causa da morte.<\/p>\n\n\n\n<p class=\"wp-block-paragraph\">\u201cPrecisamos ter muito cuidado com essa informa\u00e7\u00e3o\u201d, sublinhou o primeiro-ministro das Bahamas, ao destacar que as Ilhas \u00c1baco ficaram completamente destru\u00eddas pelos efeitos da passagem do furac\u00e3o.<\/p>\n\n\n\n<p class=\"wp-block-paragraph\">\u201cHouve inunda\u00e7\u00f5es sem precedentes\u201d, destacou, ao relatar que casas e edif\u00edcios foram fortemente afetados pelos ventos e chuvas torrenciais.<\/p>\n\n\n\n<p class=\"wp-block-paragraph\">Minnis confirmou que a Guarda Costeira dos Estados Unidos trabalha na regi\u00e3o das Ilhas \u00c1baco na tentativa de resgatar pessoas presas em telhados diante do aumento do n\u00edvel do mar.<\/p>\n\n\n\n<p class=\"has-text-color has-background has-very-light-gray-color has-vivid-cyan-blue-background-color wp-block-paragraph\"><strong>VER PRIMEIRO: <\/strong>Receba as not\u00edcias do Aconteceu no Vale em primeira m\u00e3o. Clique em curtir no endere\u00e7o <a href=\"https:\/\/www.facebook.com\/aconteceunovale\" target=\"_blank\" rel=\"noreferrer noopener\">www.facebook.com\/aconteceunovale<\/a>.<\/p>\n","protected":false},"excerpt":{"rendered":"<p>O primeiro-ministro das Bahamas, Hubert Minnis, confirmou hoje (2) a morte de cinco pessoas ap\u00f3s a passagem do furac\u00e3o Dorian pelo arquip\u00e9lago do Atl\u00e2ntico. Em coletiva de imprensa, Minnis indicou que, no momento, s\u00e3o essas as informa\u00e7\u00f5es dispon\u00edveis e que as autoridades precisam ser muito cuidadosas em rela\u00e7\u00e3o \u00e0 divulga\u00e7\u00e3o de informa\u00e7\u00f5es sobre mortos. O [&hellip;]<\/p>\n","protected":false},"author":1,"featured_media":152070,"comment_status":"open","ping_status":"closed","sticky":false,"template":"","format":"standard","meta":{"amp_status":"","footnotes":""},"categories":[28848],"tags":[132377,139353,206370,206371,206375,206376,15469,50315,16542,206372,206373,206366,206515,206517,119359,206374,206513,206516,206514],"class_list":["post-152168","post","type-post","status-publish","format-standard","has-post-thumbnail","hentry","category-mundo","tag-bahamas","tag-carolina-do-sul","tag-dorian","tag-dorian-aproxima-se-da-costa-da-florida-e-da-carolina-do-sul","tag-dorian-aproxima-se-dos-estados-unidos","tag-dorian-deve-atingir-costa-dos-eua-nesta-segunda","tag-estados-unidos","tag-eua","tag-florida","tag-furacao-bahamas","tag-furacao-carolina-do-sul","tag-furacao-dorian","tag-furacao-dorian-bahamas","tag-furacao-dorian-deixa-cinco-mortos-apos-passagem-pelas-bahamas","tag-furacao-estados-unidos","tag-furacao-florida","tag-hubert-minnis","tag-primeiro-ministro-das-bahamas","tag-vitimas-de-furacao-nas-bahamas"],"yoast_head":"<!-- This site is optimized with the Yoast SEO plugin v28.3 - https:\/\/yoast.com\/product\/yoast-seo-wordpress\/ -->\n<title>Furac\u00e3o Dorian deixa cinco mortos ap\u00f3s passagem pelas Bahamas - Aconteceu no Vale<\/title>\n<meta name=\"robots\" content=\"index, follow, max-snippet:-1, max-image-preview:large, max-video-preview:-1\" \/>\n<link rel=\"canonical\" href=\"https:\/\/aconteceunovale.com.br\/portal\/?p=152168\" \/>\n<meta property=\"og:locale\" content=\"pt_BR\" \/>\n<meta property=\"og:type\" content=\"article\" \/>\n<meta property=\"og:title\" content=\"Furac\u00e3o Dorian deixa cinco mortos ap\u00f3s passagem pelas Bahamas - Aconteceu no Vale\" \/>\n<meta property=\"og:description\" content=\"O primeiro-ministro das Bahamas, Hubert Minnis, confirmou hoje (2) a morte de cinco pessoas ap\u00f3s a passagem do furac\u00e3o Dorian pelo arquip\u00e9lago do Atl\u00e2ntico. Em coletiva de imprensa, Minnis indicou que, no momento, s\u00e3o essas as informa\u00e7\u00f5es dispon\u00edveis e que as autoridades precisam ser muito cuidadosas em rela\u00e7\u00e3o \u00e0 divulga\u00e7\u00e3o de informa\u00e7\u00f5es sobre mortos. O [&hellip;]\" \/>\n<meta property=\"og:url\" content=\"https:\/\/aconteceunovale.com.br\/portal\/?p=152168\" \/>\n<meta property=\"og:site_name\" content=\"Aconteceu no Vale\" \/>\n<meta property=\"article:publisher\" content=\"https:\/\/www.facebook.com\/aconteceunovale\/\" \/>\n<meta property=\"article:published_time\" content=\"2019-09-03T01:55:34+00:00\" \/>\n<meta property=\"article:modified_time\" content=\"2019-09-03T01:55:36+00:00\" \/>\n<meta property=\"og:image\" content=\"https:\/\/aconteceunovale.com.br\/portal\/wp-content\/uploads\/2019\/09\/furacao_dorian.jpg\" \/>\n\t<meta property=\"og:image:width\" content=\"768\" \/>\n\t<meta property=\"og:image:height\" content=\"512\" \/>\n\t<meta property=\"og:image:type\" content=\"image\/jpeg\" \/>\n<meta name=\"author\" content=\"Aconteceu no Vale\" \/>\n<meta name=\"twitter:card\" content=\"summary_large_image\" \/>\n<meta name=\"twitter:creator\" content=\"@noticiadosvales\" \/>\n<meta name=\"twitter:site\" content=\"@noticiadosvales\" \/>\n<meta name=\"twitter:label1\" content=\"Escrito por\" \/>\n\t<meta name=\"twitter:data1\" content=\"Aconteceu no Vale\" \/>\n\t<meta name=\"twitter:label2\" content=\"Est. tempo de leitura\" \/>\n\t<meta name=\"twitter:data2\" content=\"1 minuto\" \/>\n<script type=\"application\/ld+json\" class=\"yoast-schema-graph\">{\"@context\":\"https:\\\/\\\/schema.org\",\"@graph\":[{\"@type\":\"Article\",\"@id\":\"https:\\\/\\\/aconteceunovale.com.br\\\/portal\\\/?p=152168#article\",\"isPartOf\":{\"@id\":\"https:\\\/\\\/aconteceunovale.com.br\\\/portal\\\/?p=152168\"},\"author\":{\"name\":\"Aconteceu no Vale\",\"@id\":\"https:\\\/\\\/aconteceunovale.com.br\\\/portal\\\/#\\\/schema\\\/person\\\/633529146f2c94272bef50ac2953d589\"},\"headline\":\"Furac\u00e3o Dorian deixa cinco mortos ap\u00f3s passagem pelas Bahamas\",\"datePublished\":\"2019-09-03T01:55:34+00:00\",\"dateModified\":\"2019-09-03T01:55:36+00:00\",\"mainEntityOfPage\":{\"@id\":\"https:\\\/\\\/aconteceunovale.com.br\\\/portal\\\/?p=152168\"},\"wordCount\":250,\"commentCount\":0,\"image\":{\"@id\":\"https:\\\/\\\/aconteceunovale.com.br\\\/portal\\\/?p=152168#primaryimage\"},\"thumbnailUrl\":\"https:\\\/\\\/aconteceunovale.com.br\\\/portal\\\/wp-content\\\/uploads\\\/2019\\\/09\\\/furacao_dorian.jpg\",\"keywords\":[\"Bahamas\",\"Carolina do Sul\",\"Dorian\",\"Dorian aproxima-se da costa da Florida e da Carolina do Sul\",\"Dorian aproxima-se dos Estados Unidos\",\"Dorian deve atingir costa dos EUA nesta segunda\",\"Estados Unidos\",\"EUA\",\"Fl\u00f3rida\",\"Furac\u00e3o Bahamas\",\"Furac\u00e3o Carolina do Sul\",\"Furac\u00e3o Dorian\",\"Furac\u00e3o Dorian Bahamas\",\"Furac\u00e3o Dorian deixa cinco mortos ap\u00f3s passagem pelas Bahamas\",\"Furac\u00e3o Estados Unidos\",\"Furac\u00e3o Fl\u00f3rida\",\"Hubert Minnis\",\"Primeiro-ministro das Bahamas\",\"V\u00edtimas de furac\u00e3o nas Bahamas\"],\"articleSection\":[\"Mundo\"],\"inLanguage\":\"pt-BR\",\"potentialAction\":[{\"@type\":\"CommentAction\",\"name\":\"Comment\",\"target\":[\"https:\\\/\\\/aconteceunovale.com.br\\\/portal\\\/?p=152168#respond\"]}]},{\"@type\":\"WebPage\",\"@id\":\"https:\\\/\\\/aconteceunovale.com.br\\\/portal\\\/?p=152168\",\"url\":\"https:\\\/\\\/aconteceunovale.com.br\\\/portal\\\/?p=152168\",\"name\":\"Furac\u00e3o Dorian deixa cinco mortos ap\u00f3s passagem pelas Bahamas - Aconteceu no Vale\",\"isPartOf\":{\"@id\":\"https:\\\/\\\/aconteceunovale.com.br\\\/portal\\\/#website\"},\"primaryImageOfPage\":{\"@id\":\"https:\\\/\\\/aconteceunovale.com.br\\\/portal\\\/?p=152168#primaryimage\"},\"image\":{\"@id\":\"https:\\\/\\\/aconteceunovale.com.br\\\/portal\\\/?p=152168#primaryimage\"},\"thumbnailUrl\":\"https:\\\/\\\/aconteceunovale.com.br\\\/portal\\\/wp-content\\\/uploads\\\/2019\\\/09\\\/furacao_dorian.jpg\",\"datePublished\":\"2019-09-03T01:55:34+00:00\",\"dateModified\":\"2019-09-03T01:55:36+00:00\",\"author\":{\"@id\":\"https:\\\/\\\/aconteceunovale.com.br\\\/portal\\\/#\\\/schema\\\/person\\\/633529146f2c94272bef50ac2953d589\"},\"breadcrumb\":{\"@id\":\"https:\\\/\\\/aconteceunovale.com.br\\\/portal\\\/?p=152168#breadcrumb\"},\"inLanguage\":\"pt-BR\",\"potentialAction\":[{\"@type\":\"ReadAction\",\"target\":[\"https:\\\/\\\/aconteceunovale.com.br\\\/portal\\\/?p=152168\"]}]},{\"@type\":\"ImageObject\",\"inLanguage\":\"pt-BR\",\"@id\":\"https:\\\/\\\/aconteceunovale.com.br\\\/portal\\\/?p=152168#primaryimage\",\"url\":\"https:\\\/\\\/aconteceunovale.com.br\\\/portal\\\/wp-content\\\/uploads\\\/2019\\\/09\\\/furacao_dorian.jpg\",\"contentUrl\":\"https:\\\/\\\/aconteceunovale.com.br\\\/portal\\\/wp-content\\\/uploads\\\/2019\\\/09\\\/furacao_dorian.jpg\",\"width\":768,\"height\":512},{\"@type\":\"BreadcrumbList\",\"@id\":\"https:\\\/\\\/aconteceunovale.com.br\\\/portal\\\/?p=152168#breadcrumb\",\"itemListElement\":[{\"@type\":\"ListItem\",\"position\":1,\"name\":\"In\u00edcio\",\"item\":\"https:\\\/\\\/aconteceunovale.com.br\\\/portal\\\/\"},{\"@type\":\"ListItem\",\"position\":2,\"name\":\"Furac\u00e3o Dorian deixa cinco mortos ap\u00f3s passagem pelas Bahamas\"}]},{\"@type\":\"WebSite\",\"@id\":\"https:\\\/\\\/aconteceunovale.com.br\\\/portal\\\/#website\",\"url\":\"https:\\\/\\\/aconteceunovale.com.br\\\/portal\\\/\",\"name\":\"Aconteceu no Vale\",\"description\":\"Portal de Not\u00edcias\",\"potentialAction\":[{\"@type\":\"SearchAction\",\"target\":{\"@type\":\"EntryPoint\",\"urlTemplate\":\"https:\\\/\\\/aconteceunovale.com.br\\\/portal\\\/?s={search_term_string}\"},\"query-input\":{\"@type\":\"PropertyValueSpecification\",\"valueRequired\":true,\"valueName\":\"search_term_string\"}}],\"inLanguage\":\"pt-BR\"},{\"@type\":\"Person\",\"@id\":\"https:\\\/\\\/aconteceunovale.com.br\\\/portal\\\/#\\\/schema\\\/person\\\/633529146f2c94272bef50ac2953d589\",\"name\":\"Aconteceu no Vale\",\"description\":\"Equipe de reportagem do Aconteceu no Vale, portal de not\u00edcias do Vale do Jequitinhonha, em Minas Gerais. Cobrimos as 51 cidades do Vale desde 2013. Sugest\u00f5es de pauta e pedidos de corre\u00e7\u00e3o: contato@aconteceunovale.com.br\",\"sameAs\":[\"http:\\\/\\\/www.aconteceunovale.com.br\"],\"url\":\"https:\\\/\\\/aconteceunovale.com.br\\\/portal\\\/?author=1\"}]}<\/script>\n<!-- \/ Yoast SEO plugin. -->","yoast_head_json":{"title":"Furac\u00e3o Dorian deixa cinco mortos ap\u00f3s passagem pelas Bahamas - Aconteceu no Vale","robots":{"index":"index","follow":"follow","max-snippet":"max-snippet:-1","max-image-preview":"max-image-preview:large","max-video-preview":"max-video-preview:-1"},"canonical":"https:\/\/aconteceunovale.com.br\/portal\/?p=152168","og_locale":"pt_BR","og_type":"article","og_title":"Furac\u00e3o Dorian deixa cinco mortos ap\u00f3s passagem pelas Bahamas - Aconteceu no Vale","og_description":"O primeiro-ministro das Bahamas, Hubert Minnis, confirmou hoje (2) a morte de cinco pessoas ap\u00f3s a passagem do furac\u00e3o Dorian pelo arquip\u00e9lago do Atl\u00e2ntico. Em coletiva de imprensa, Minnis indicou que, no momento, s\u00e3o essas as informa\u00e7\u00f5es dispon\u00edveis e que as autoridades precisam ser muito cuidadosas em rela\u00e7\u00e3o \u00e0 divulga\u00e7\u00e3o de informa\u00e7\u00f5es sobre mortos. O [&hellip;]","og_url":"https:\/\/aconteceunovale.com.br\/portal\/?p=152168","og_site_name":"Aconteceu no Vale","article_publisher":"https:\/\/www.facebook.com\/aconteceunovale\/","article_published_time":"2019-09-03T01:55:34+00:00","article_modified_time":"2019-09-03T01:55:36+00:00","og_image":[{"width":768,"height":512,"url":"https:\/\/aconteceunovale.com.br\/portal\/wp-content\/uploads\/2019\/09\/furacao_dorian.jpg","type":"image\/jpeg"}],"author":"Aconteceu no Vale","twitter_card":"summary_large_image","twitter_creator":"@noticiadosvales","twitter_site":"@noticiadosvales","twitter_misc":{"Escrito por":"Aconteceu no Vale","Est. tempo de leitura":"1 minuto"},"schema":{"@context":"https:\/\/schema.org","@graph":[{"@type":"Article","@id":"https:\/\/aconteceunovale.com.br\/portal\/?p=152168#article","isPartOf":{"@id":"https:\/\/aconteceunovale.com.br\/portal\/?p=152168"},"author":{"name":"Aconteceu no Vale","@id":"https:\/\/aconteceunovale.com.br\/portal\/#\/schema\/person\/633529146f2c94272bef50ac2953d589"},"headline":"Furac\u00e3o Dorian deixa cinco mortos ap\u00f3s passagem pelas Bahamas","datePublished":"2019-09-03T01:55:34+00:00","dateModified":"2019-09-03T01:55:36+00:00","mainEntityOfPage":{"@id":"https:\/\/aconteceunovale.com.br\/portal\/?p=152168"},"wordCount":250,"commentCount":0,"image":{"@id":"https:\/\/aconteceunovale.com.br\/portal\/?p=152168#primaryimage"},"thumbnailUrl":"https:\/\/aconteceunovale.com.br\/portal\/wp-content\/uploads\/2019\/09\/furacao_dorian.jpg","keywords":["Bahamas","Carolina do Sul","Dorian","Dorian aproxima-se da costa da Florida e da Carolina do Sul","Dorian aproxima-se dos Estados Unidos","Dorian deve atingir costa dos EUA nesta segunda","Estados Unidos","EUA","Fl\u00f3rida","Furac\u00e3o Bahamas","Furac\u00e3o Carolina do Sul","Furac\u00e3o Dorian","Furac\u00e3o Dorian Bahamas","Furac\u00e3o Dorian deixa cinco mortos ap\u00f3s passagem pelas Bahamas","Furac\u00e3o Estados Unidos","Furac\u00e3o Fl\u00f3rida","Hubert Minnis","Primeiro-ministro das Bahamas","V\u00edtimas de furac\u00e3o nas Bahamas"],"articleSection":["Mundo"],"inLanguage":"pt-BR","potentialAction":[{"@type":"CommentAction","name":"Comment","target":["https:\/\/aconteceunovale.com.br\/portal\/?p=152168#respond"]}]},{"@type":"WebPage","@id":"https:\/\/aconteceunovale.com.br\/portal\/?p=152168","url":"https:\/\/aconteceunovale.com.br\/portal\/?p=152168","name":"Furac\u00e3o Dorian deixa cinco mortos ap\u00f3s passagem pelas Bahamas - Aconteceu no Vale","isPartOf":{"@id":"https:\/\/aconteceunovale.com.br\/portal\/#website"},"primaryImageOfPage":{"@id":"https:\/\/aconteceunovale.com.br\/portal\/?p=152168#primaryimage"},"image":{"@id":"https:\/\/aconteceunovale.com.br\/portal\/?p=152168#primaryimage"},"thumbnailUrl":"https:\/\/aconteceunovale.com.br\/portal\/wp-content\/uploads\/2019\/09\/furacao_dorian.jpg","datePublished":"2019-09-03T01:55:34+00:00","dateModified":"2019-09-03T01:55:36+00:00","author":{"@id":"https:\/\/aconteceunovale.com.br\/portal\/#\/schema\/person\/633529146f2c94272bef50ac2953d589"},"breadcrumb":{"@id":"https:\/\/aconteceunovale.com.br\/portal\/?p=152168#breadcrumb"},"inLanguage":"pt-BR","potentialAction":[{"@type":"ReadAction","target":["https:\/\/aconteceunovale.com.br\/portal\/?p=152168"]}]},{"@type":"ImageObject","inLanguage":"pt-BR","@id":"https:\/\/aconteceunovale.com.br\/portal\/?p=152168#primaryimage","url":"https:\/\/aconteceunovale.com.br\/portal\/wp-content\/uploads\/2019\/09\/furacao_dorian.jpg","contentUrl":"https:\/\/aconteceunovale.com.br\/portal\/wp-content\/uploads\/2019\/09\/furacao_dorian.jpg","width":768,"height":512},{"@type":"BreadcrumbList","@id":"https:\/\/aconteceunovale.com.br\/portal\/?p=152168#breadcrumb","itemListElement":[{"@type":"ListItem","position":1,"name":"In\u00edcio","item":"https:\/\/aconteceunovale.com.br\/portal\/"},{"@type":"ListItem","position":2,"name":"Furac\u00e3o Dorian deixa cinco mortos ap\u00f3s passagem pelas Bahamas"}]},{"@type":"WebSite","@id":"https:\/\/aconteceunovale.com.br\/portal\/#website","url":"https:\/\/aconteceunovale.com.br\/portal\/","name":"Aconteceu no Vale","description":"Portal de Not\u00edcias","potentialAction":[{"@type":"SearchAction","target":{"@type":"EntryPoint","urlTemplate":"https:\/\/aconteceunovale.com.br\/portal\/?s={search_term_string}"},"query-input":{"@type":"PropertyValueSpecification","valueRequired":true,"valueName":"search_term_string"}}],"inLanguage":"pt-BR"},{"@type":"Person","@id":"https:\/\/aconteceunovale.com.br\/portal\/#\/schema\/person\/633529146f2c94272bef50ac2953d589","name":"Aconteceu no Vale","description":"Equipe de reportagem do Aconteceu no Vale, portal de not\u00edcias do Vale do Jequitinhonha, em Minas Gerais. Cobrimos as 51 cidades do Vale desde 2013. Sugest\u00f5es de pauta e pedidos de corre\u00e7\u00e3o: contato@aconteceunovale.com.br","sameAs":["http:\/\/www.aconteceunovale.com.br"],"url":"https:\/\/aconteceunovale.com.br\/portal\/?author=1"}]}},"_links":{"self":[{"href":"https:\/\/aconteceunovale.com.br\/portal\/index.php?rest_route=\/wp\/v2\/posts\/152168","targetHints":{"allow":["GET"]}}],"collection":[{"href":"https:\/\/aconteceunovale.com.br\/portal\/index.php?rest_route=\/wp\/v2\/posts"}],"about":[{"href":"https:\/\/aconteceunovale.com.br\/portal\/index.php?rest_route=\/wp\/v2\/types\/post"}],"author":[{"embeddable":true,"href":"https:\/\/aconteceunovale.com.br\/portal\/index.php?rest_route=\/wp\/v2\/users\/1"}],"replies":[{"embeddable":true,"href":"https:\/\/aconteceunovale.com.br\/portal\/index.php?rest_route=%2Fwp%2Fv2%2Fcomments&post=152168"}],"version-history":[{"count":1,"href":"https:\/\/aconteceunovale.com.br\/portal\/index.php?rest_route=\/wp\/v2\/posts\/152168\/revisions"}],"predecessor-version":[{"id":152169,"href":"https:\/\/aconteceunovale.com.br\/portal\/index.php?rest_route=\/wp\/v2\/posts\/152168\/revisions\/152169"}],"wp:featuredmedia":[{"embeddable":true,"href":"https:\/\/aconteceunovale.com.br\/portal\/index.php?rest_route=\/wp\/v2\/media\/152070"}],"wp:attachment":[{"href":"https:\/\/aconteceunovale.com.br\/portal\/index.php?rest_route=%2Fwp%2Fv2%2Fmedia&parent=152168"}],"wp:term":[{"taxonomy":"category","embeddable":true,"href":"https:\/\/aconteceunovale.com.br\/portal\/index.php?rest_route=%2Fwp%2Fv2%2Fcategories&post=152168"},{"taxonomy":"post_tag","embeddable":true,"href":"https:\/\/aconteceunovale.com.br\/portal\/index.php?rest_route=%2Fwp%2Fv2%2Ftags&post=152168"}],"curies":[{"name":"wp","href":"https:\/\/api.w.org\/{rel}","templated":true}]}}