{"id":152159,"date":"2019-09-02T22:15:52","date_gmt":"2019-09-03T01:15:52","guid":{"rendered":"http:\/\/aconteceunovale.com.br\/portal\/?p=152159"},"modified":"2019-09-02T22:15:55","modified_gmt":"2019-09-03T01:15:55","slug":"trabalhador-morre-apos-ser-atingido-por-maquina-em-francisco-dumont-no-norte-de-minas","status":"publish","type":"post","link":"https:\/\/aconteceunovale.com.br\/portal\/?p=152159","title":{"rendered":"Trabalhador morre ap\u00f3s ser atingido por m\u00e1quina em Francisco Dumont, no Norte de Minas"},"content":{"rendered":"\n<p class=\"wp-block-paragraph\">Um homem de 50 anos morreu v\u00edtima de um grave acidente de\ntrabalho em Francisco Dumont, no Norte de Minas, na manh\u00e3 desta segunda-feira\n(02\/09\/2019). Segundo a Pol\u00edcia Militar, Jos\u00e9 Alvemiro da Fonseca operava uma\nm\u00e1quina utilizada para plantar eucalipto quando foi atingido por um bra\u00e7o mec\u00e2nico\ndo equipamento. <\/p>\n\n\n\n<p class=\"wp-block-paragraph\">A v\u00edtima foi encontrada sentada e reclamando de dores na\ncabe\u00e7a. Uma equipe do SAMU (Servi\u00e7o de Atendimento M\u00f3vel de Urg\u00eancia) encaminhou\nJos\u00e9 Alvemiro ao Hospital de Francisco Dumont e, devido a gravidade dos\nferimentos, ele foi transferido para Bocaiuva. <\/p>\n\n\n\n<p class=\"wp-block-paragraph\">O trabalhador sofreu uma parada cardiorrespirat\u00f3ria e foi reanimado\npor cerca de cinco minutos at\u00e9 chegar ao hospital de Bocaiuva. Apesar dos esfor\u00e7os,\nele n\u00e3o resistiu aos ferimentos e veio a \u00f3bito na unidade de sa\u00fade.<\/p>\n\n\n\n<p class=\"wp-block-paragraph\">O corpo foi encaminhado ao Instituto M\u00e9dico Legal (IML) de Montes Claros. O acidente ser\u00e1 investigado pela Pol\u00edcia Civil.\u00a0<\/p>\n\n\n\n<p class=\"has-text-color has-background has-very-light-gray-color has-vivid-cyan-blue-background-color wp-block-paragraph\"><strong>VER PRIMEIRO: <\/strong>Receba as not\u00edcias do Aconteceu no Vale em primeira m\u00e3o. Clique em curtir no endere\u00e7o <a href=\"https:\/\/www.facebook.com\/aconteceunovale\" target=\"_blank\" rel=\"noreferrer noopener\">www.facebook.com\/aconteceunovale<\/a>.<\/p>\n","protected":false},"excerpt":{"rendered":"<p>Um homem de 50 anos morreu v\u00edtima de um grave acidente de trabalho em Francisco Dumont, no Norte de Minas, na manh\u00e3 desta segunda-feira (02\/09\/2019). Segundo a Pol\u00edcia Militar, Jos\u00e9 Alvemiro da Fonseca operava uma m\u00e1quina utilizada para plantar eucalipto quando foi atingido por um bra\u00e7o mec\u00e2nico do equipamento. A v\u00edtima foi encontrada sentada e [&hellip;]<\/p>\n","protected":false},"author":1,"featured_media":152160,"comment_status":"open","ping_status":"closed","sticky":false,"template":"","format":"standard","meta":{"amp_status":"","footnotes":""},"categories":[1236],"tags":[206501,206500,206499,645,1692,206503,206502],"class_list":["post-152159","post","type-post","status-publish","format-standard","has-post-thumbnail","hentry","category-norte_de_minas","tag-acidente-com-maquina-em-francisco-dumont","tag-acidente-com-plantadeira-de-eucalipto-em-francisco-dumont","tag-acidente-de-trabalho-em-francisco-dumont","tag-bocaiuva","tag-francisco-dumont","tag-jose-alvemiro-da-fonseca","tag-trabalhador-morre-apos-ser-atingido-por-maquina-em-francisco-dumont"],"yoast_head":"<!-- This site is optimized with the Yoast SEO plugin v28.3 - https:\/\/yoast.com\/product\/yoast-seo-wordpress\/ -->\n<title>Trabalhador morre ap\u00f3s ser atingido por m\u00e1quina em Francisco Dumont, no Norte de Minas - Aconteceu no Vale<\/title>\n<meta name=\"robots\" content=\"index, follow, max-snippet:-1, max-image-preview:large, max-video-preview:-1\" \/>\n<link rel=\"canonical\" href=\"https:\/\/aconteceunovale.com.br\/portal\/?p=152159\" \/>\n<meta property=\"og:locale\" content=\"pt_BR\" \/>\n<meta property=\"og:type\" content=\"article\" \/>\n<meta property=\"og:title\" content=\"Trabalhador morre ap\u00f3s ser atingido por m\u00e1quina em Francisco Dumont, no Norte de Minas - Aconteceu no Vale\" \/>\n<meta property=\"og:description\" content=\"Um homem de 50 anos morreu v\u00edtima de um grave acidente de trabalho em Francisco Dumont, no Norte de Minas, na manh\u00e3 desta segunda-feira (02\/09\/2019). Segundo a Pol\u00edcia Militar, Jos\u00e9 Alvemiro da Fonseca operava uma m\u00e1quina utilizada para plantar eucalipto quando foi atingido por um bra\u00e7o mec\u00e2nico do equipamento. A v\u00edtima foi encontrada sentada e [&hellip;]\" \/>\n<meta property=\"og:url\" content=\"https:\/\/aconteceunovale.com.br\/portal\/?p=152159\" \/>\n<meta property=\"og:site_name\" content=\"Aconteceu no Vale\" \/>\n<meta property=\"article:publisher\" content=\"https:\/\/www.facebook.com\/aconteceunovale\/\" \/>\n<meta property=\"article:published_time\" content=\"2019-09-03T01:15:52+00:00\" \/>\n<meta property=\"article:modified_time\" content=\"2019-09-03T01:15:55+00:00\" \/>\n<meta property=\"og:image\" content=\"https:\/\/aconteceunovale.com.br\/portal\/wp-content\/uploads\/2019\/09\/francisco_dumont.jpg\" \/>\n\t<meta property=\"og:image:width\" content=\"678\" \/>\n\t<meta property=\"og:image:height\" content=\"376\" \/>\n\t<meta property=\"og:image:type\" content=\"image\/jpeg\" \/>\n<meta name=\"author\" content=\"Aconteceu no Vale\" \/>\n<meta name=\"twitter:card\" content=\"summary_large_image\" \/>\n<meta name=\"twitter:creator\" content=\"@noticiadosvales\" \/>\n<meta name=\"twitter:site\" content=\"@noticiadosvales\" \/>\n<meta name=\"twitter:label1\" content=\"Escrito por\" \/>\n\t<meta name=\"twitter:data1\" content=\"Aconteceu no Vale\" \/>\n\t<meta name=\"twitter:label2\" content=\"Est. tempo de leitura\" \/>\n\t<meta name=\"twitter:data2\" content=\"1 minuto\" \/>\n<script type=\"application\/ld+json\" class=\"yoast-schema-graph\">{\"@context\":\"https:\\\/\\\/schema.org\",\"@graph\":[{\"@type\":\"Article\",\"@id\":\"https:\\\/\\\/aconteceunovale.com.br\\\/portal\\\/?p=152159#article\",\"isPartOf\":{\"@id\":\"https:\\\/\\\/aconteceunovale.com.br\\\/portal\\\/?p=152159\"},\"author\":{\"name\":\"Aconteceu no Vale\",\"@id\":\"https:\\\/\\\/aconteceunovale.com.br\\\/portal\\\/#\\\/schema\\\/person\\\/633529146f2c94272bef50ac2953d589\"},\"headline\":\"Trabalhador morre ap\u00f3s ser atingido por m\u00e1quina em Francisco Dumont, no Norte de Minas\",\"datePublished\":\"2019-09-03T01:15:52+00:00\",\"dateModified\":\"2019-09-03T01:15:55+00:00\",\"mainEntityOfPage\":{\"@id\":\"https:\\\/\\\/aconteceunovale.com.br\\\/portal\\\/?p=152159\"},\"wordCount\":198,\"commentCount\":0,\"image\":{\"@id\":\"https:\\\/\\\/aconteceunovale.com.br\\\/portal\\\/?p=152159#primaryimage\"},\"thumbnailUrl\":\"https:\\\/\\\/aconteceunovale.com.br\\\/portal\\\/wp-content\\\/uploads\\\/2019\\\/09\\\/francisco_dumont.jpg\",\"keywords\":[\"Acidente com m\u00e1quina em Francisco Dumont\",\"Acidente com plantadeira de eucalipto em Francisco Dumont\",\"Acidente de trabalho em Francisco Dumont\",\"Bocai\u00fava\",\"Francisco Dumont\",\"Jos\u00e9 Alvemiro da Fonseca\",\"Trabalhador morre ap\u00f3s ser atingido por m\u00e1quina em Francisco Dumont\"],\"articleSection\":[\"Norte de Minas\"],\"inLanguage\":\"pt-BR\",\"potentialAction\":[{\"@type\":\"CommentAction\",\"name\":\"Comment\",\"target\":[\"https:\\\/\\\/aconteceunovale.com.br\\\/portal\\\/?p=152159#respond\"]}]},{\"@type\":\"WebPage\",\"@id\":\"https:\\\/\\\/aconteceunovale.com.br\\\/portal\\\/?p=152159\",\"url\":\"https:\\\/\\\/aconteceunovale.com.br\\\/portal\\\/?p=152159\",\"name\":\"Trabalhador morre ap\u00f3s ser atingido por m\u00e1quina em Francisco Dumont, no Norte de Minas - Aconteceu no Vale\",\"isPartOf\":{\"@id\":\"https:\\\/\\\/aconteceunovale.com.br\\\/portal\\\/#website\"},\"primaryImageOfPage\":{\"@id\":\"https:\\\/\\\/aconteceunovale.com.br\\\/portal\\\/?p=152159#primaryimage\"},\"image\":{\"@id\":\"https:\\\/\\\/aconteceunovale.com.br\\\/portal\\\/?p=152159#primaryimage\"},\"thumbnailUrl\":\"https:\\\/\\\/aconteceunovale.com.br\\\/portal\\\/wp-content\\\/uploads\\\/2019\\\/09\\\/francisco_dumont.jpg\",\"datePublished\":\"2019-09-03T01:15:52+00:00\",\"dateModified\":\"2019-09-03T01:15:55+00:00\",\"author\":{\"@id\":\"https:\\\/\\\/aconteceunovale.com.br\\\/portal\\\/#\\\/schema\\\/person\\\/633529146f2c94272bef50ac2953d589\"},\"breadcrumb\":{\"@id\":\"https:\\\/\\\/aconteceunovale.com.br\\\/portal\\\/?p=152159#breadcrumb\"},\"inLanguage\":\"pt-BR\",\"potentialAction\":[{\"@type\":\"ReadAction\",\"target\":[\"https:\\\/\\\/aconteceunovale.com.br\\\/portal\\\/?p=152159\"]}]},{\"@type\":\"ImageObject\",\"inLanguage\":\"pt-BR\",\"@id\":\"https:\\\/\\\/aconteceunovale.com.br\\\/portal\\\/?p=152159#primaryimage\",\"url\":\"https:\\\/\\\/aconteceunovale.com.br\\\/portal\\\/wp-content\\\/uploads\\\/2019\\\/09\\\/francisco_dumont.jpg\",\"contentUrl\":\"https:\\\/\\\/aconteceunovale.com.br\\\/portal\\\/wp-content\\\/uploads\\\/2019\\\/09\\\/francisco_dumont.jpg\",\"width\":678,\"height\":376},{\"@type\":\"BreadcrumbList\",\"@id\":\"https:\\\/\\\/aconteceunovale.com.br\\\/portal\\\/?p=152159#breadcrumb\",\"itemListElement\":[{\"@type\":\"ListItem\",\"position\":1,\"name\":\"In\u00edcio\",\"item\":\"https:\\\/\\\/aconteceunovale.com.br\\\/portal\\\/\"},{\"@type\":\"ListItem\",\"position\":2,\"name\":\"Trabalhador morre ap\u00f3s ser atingido por m\u00e1quina em Francisco Dumont, no Norte de Minas\"}]},{\"@type\":\"WebSite\",\"@id\":\"https:\\\/\\\/aconteceunovale.com.br\\\/portal\\\/#website\",\"url\":\"https:\\\/\\\/aconteceunovale.com.br\\\/portal\\\/\",\"name\":\"Aconteceu no Vale\",\"description\":\"Portal de Not\u00edcias\",\"potentialAction\":[{\"@type\":\"SearchAction\",\"target\":{\"@type\":\"EntryPoint\",\"urlTemplate\":\"https:\\\/\\\/aconteceunovale.com.br\\\/portal\\\/?s={search_term_string}\"},\"query-input\":{\"@type\":\"PropertyValueSpecification\",\"valueRequired\":true,\"valueName\":\"search_term_string\"}}],\"inLanguage\":\"pt-BR\"},{\"@type\":\"Person\",\"@id\":\"https:\\\/\\\/aconteceunovale.com.br\\\/portal\\\/#\\\/schema\\\/person\\\/633529146f2c94272bef50ac2953d589\",\"name\":\"Aconteceu no Vale\",\"description\":\"Equipe de reportagem do Aconteceu no Vale, portal de not\u00edcias do Vale do Jequitinhonha, em Minas Gerais. Cobrimos as 51 cidades do Vale desde 2013. Sugest\u00f5es de pauta e pedidos de corre\u00e7\u00e3o: contato@aconteceunovale.com.br\",\"sameAs\":[\"http:\\\/\\\/www.aconteceunovale.com.br\"],\"url\":\"https:\\\/\\\/aconteceunovale.com.br\\\/portal\\\/?author=1\"}]}<\/script>\n<!-- \/ Yoast SEO plugin. -->","yoast_head_json":{"title":"Trabalhador morre ap\u00f3s ser atingido por m\u00e1quina em Francisco Dumont, no Norte de Minas - Aconteceu no Vale","robots":{"index":"index","follow":"follow","max-snippet":"max-snippet:-1","max-image-preview":"max-image-preview:large","max-video-preview":"max-video-preview:-1"},"canonical":"https:\/\/aconteceunovale.com.br\/portal\/?p=152159","og_locale":"pt_BR","og_type":"article","og_title":"Trabalhador morre ap\u00f3s ser atingido por m\u00e1quina em Francisco Dumont, no Norte de Minas - Aconteceu no Vale","og_description":"Um homem de 50 anos morreu v\u00edtima de um grave acidente de trabalho em Francisco Dumont, no Norte de Minas, na manh\u00e3 desta segunda-feira (02\/09\/2019). Segundo a Pol\u00edcia Militar, Jos\u00e9 Alvemiro da Fonseca operava uma m\u00e1quina utilizada para plantar eucalipto quando foi atingido por um bra\u00e7o mec\u00e2nico do equipamento. A v\u00edtima foi encontrada sentada e [&hellip;]","og_url":"https:\/\/aconteceunovale.com.br\/portal\/?p=152159","og_site_name":"Aconteceu no Vale","article_publisher":"https:\/\/www.facebook.com\/aconteceunovale\/","article_published_time":"2019-09-03T01:15:52+00:00","article_modified_time":"2019-09-03T01:15:55+00:00","og_image":[{"width":678,"height":376,"url":"https:\/\/aconteceunovale.com.br\/portal\/wp-content\/uploads\/2019\/09\/francisco_dumont.jpg","type":"image\/jpeg"}],"author":"Aconteceu no Vale","twitter_card":"summary_large_image","twitter_creator":"@noticiadosvales","twitter_site":"@noticiadosvales","twitter_misc":{"Escrito por":"Aconteceu no Vale","Est. tempo de leitura":"1 minuto"},"schema":{"@context":"https:\/\/schema.org","@graph":[{"@type":"Article","@id":"https:\/\/aconteceunovale.com.br\/portal\/?p=152159#article","isPartOf":{"@id":"https:\/\/aconteceunovale.com.br\/portal\/?p=152159"},"author":{"name":"Aconteceu no Vale","@id":"https:\/\/aconteceunovale.com.br\/portal\/#\/schema\/person\/633529146f2c94272bef50ac2953d589"},"headline":"Trabalhador morre ap\u00f3s ser atingido por m\u00e1quina em Francisco Dumont, no Norte de Minas","datePublished":"2019-09-03T01:15:52+00:00","dateModified":"2019-09-03T01:15:55+00:00","mainEntityOfPage":{"@id":"https:\/\/aconteceunovale.com.br\/portal\/?p=152159"},"wordCount":198,"commentCount":0,"image":{"@id":"https:\/\/aconteceunovale.com.br\/portal\/?p=152159#primaryimage"},"thumbnailUrl":"https:\/\/aconteceunovale.com.br\/portal\/wp-content\/uploads\/2019\/09\/francisco_dumont.jpg","keywords":["Acidente com m\u00e1quina em Francisco Dumont","Acidente com plantadeira de eucalipto em Francisco Dumont","Acidente de trabalho em Francisco Dumont","Bocai\u00fava","Francisco Dumont","Jos\u00e9 Alvemiro da Fonseca","Trabalhador morre ap\u00f3s ser atingido por m\u00e1quina em Francisco Dumont"],"articleSection":["Norte de Minas"],"inLanguage":"pt-BR","potentialAction":[{"@type":"CommentAction","name":"Comment","target":["https:\/\/aconteceunovale.com.br\/portal\/?p=152159#respond"]}]},{"@type":"WebPage","@id":"https:\/\/aconteceunovale.com.br\/portal\/?p=152159","url":"https:\/\/aconteceunovale.com.br\/portal\/?p=152159","name":"Trabalhador morre ap\u00f3s ser atingido por m\u00e1quina em Francisco Dumont, no Norte de Minas - Aconteceu no Vale","isPartOf":{"@id":"https:\/\/aconteceunovale.com.br\/portal\/#website"},"primaryImageOfPage":{"@id":"https:\/\/aconteceunovale.com.br\/portal\/?p=152159#primaryimage"},"image":{"@id":"https:\/\/aconteceunovale.com.br\/portal\/?p=152159#primaryimage"},"thumbnailUrl":"https:\/\/aconteceunovale.com.br\/portal\/wp-content\/uploads\/2019\/09\/francisco_dumont.jpg","datePublished":"2019-09-03T01:15:52+00:00","dateModified":"2019-09-03T01:15:55+00:00","author":{"@id":"https:\/\/aconteceunovale.com.br\/portal\/#\/schema\/person\/633529146f2c94272bef50ac2953d589"},"breadcrumb":{"@id":"https:\/\/aconteceunovale.com.br\/portal\/?p=152159#breadcrumb"},"inLanguage":"pt-BR","potentialAction":[{"@type":"ReadAction","target":["https:\/\/aconteceunovale.com.br\/portal\/?p=152159"]}]},{"@type":"ImageObject","inLanguage":"pt-BR","@id":"https:\/\/aconteceunovale.com.br\/portal\/?p=152159#primaryimage","url":"https:\/\/aconteceunovale.com.br\/portal\/wp-content\/uploads\/2019\/09\/francisco_dumont.jpg","contentUrl":"https:\/\/aconteceunovale.com.br\/portal\/wp-content\/uploads\/2019\/09\/francisco_dumont.jpg","width":678,"height":376},{"@type":"BreadcrumbList","@id":"https:\/\/aconteceunovale.com.br\/portal\/?p=152159#breadcrumb","itemListElement":[{"@type":"ListItem","position":1,"name":"In\u00edcio","item":"https:\/\/aconteceunovale.com.br\/portal\/"},{"@type":"ListItem","position":2,"name":"Trabalhador morre ap\u00f3s ser atingido por m\u00e1quina em Francisco Dumont, no Norte de Minas"}]},{"@type":"WebSite","@id":"https:\/\/aconteceunovale.com.br\/portal\/#website","url":"https:\/\/aconteceunovale.com.br\/portal\/","name":"Aconteceu no Vale","description":"Portal de Not\u00edcias","potentialAction":[{"@type":"SearchAction","target":{"@type":"EntryPoint","urlTemplate":"https:\/\/aconteceunovale.com.br\/portal\/?s={search_term_string}"},"query-input":{"@type":"PropertyValueSpecification","valueRequired":true,"valueName":"search_term_string"}}],"inLanguage":"pt-BR"},{"@type":"Person","@id":"https:\/\/aconteceunovale.com.br\/portal\/#\/schema\/person\/633529146f2c94272bef50ac2953d589","name":"Aconteceu no Vale","description":"Equipe de reportagem do Aconteceu no Vale, portal de not\u00edcias do Vale do Jequitinhonha, em Minas Gerais. Cobrimos as 51 cidades do Vale desde 2013. Sugest\u00f5es de pauta e pedidos de corre\u00e7\u00e3o: contato@aconteceunovale.com.br","sameAs":["http:\/\/www.aconteceunovale.com.br"],"url":"https:\/\/aconteceunovale.com.br\/portal\/?author=1"}]}},"_links":{"self":[{"href":"https:\/\/aconteceunovale.com.br\/portal\/index.php?rest_route=\/wp\/v2\/posts\/152159","targetHints":{"allow":["GET"]}}],"collection":[{"href":"https:\/\/aconteceunovale.com.br\/portal\/index.php?rest_route=\/wp\/v2\/posts"}],"about":[{"href":"https:\/\/aconteceunovale.com.br\/portal\/index.php?rest_route=\/wp\/v2\/types\/post"}],"author":[{"embeddable":true,"href":"https:\/\/aconteceunovale.com.br\/portal\/index.php?rest_route=\/wp\/v2\/users\/1"}],"replies":[{"embeddable":true,"href":"https:\/\/aconteceunovale.com.br\/portal\/index.php?rest_route=%2Fwp%2Fv2%2Fcomments&post=152159"}],"version-history":[{"count":1,"href":"https:\/\/aconteceunovale.com.br\/portal\/index.php?rest_route=\/wp\/v2\/posts\/152159\/revisions"}],"predecessor-version":[{"id":152161,"href":"https:\/\/aconteceunovale.com.br\/portal\/index.php?rest_route=\/wp\/v2\/posts\/152159\/revisions\/152161"}],"wp:featuredmedia":[{"embeddable":true,"href":"https:\/\/aconteceunovale.com.br\/portal\/index.php?rest_route=\/wp\/v2\/media\/152160"}],"wp:attachment":[{"href":"https:\/\/aconteceunovale.com.br\/portal\/index.php?rest_route=%2Fwp%2Fv2%2Fmedia&parent=152159"}],"wp:term":[{"taxonomy":"category","embeddable":true,"href":"https:\/\/aconteceunovale.com.br\/portal\/index.php?rest_route=%2Fwp%2Fv2%2Fcategories&post=152159"},{"taxonomy":"post_tag","embeddable":true,"href":"https:\/\/aconteceunovale.com.br\/portal\/index.php?rest_route=%2Fwp%2Fv2%2Ftags&post=152159"}],"curies":[{"name":"wp","href":"https:\/\/api.w.org\/{rel}","templated":true}]}}