{"id":152152,"date":"2019-09-02T20:38:21","date_gmt":"2019-09-02T23:38:21","guid":{"rendered":"http:\/\/aconteceunovale.com.br\/portal\/?p=152152"},"modified":"2019-09-02T20:38:59","modified_gmt":"2019-09-02T23:38:59","slug":"apos-disparo-acidental-policia-apreende-varias-armas-no-municipio-de-santa-efigenia-de-minas","status":"publish","type":"post","link":"https:\/\/aconteceunovale.com.br\/portal\/?p=152152","title":{"rendered":"Ap\u00f3s disparo acidental, pol\u00edcia apreende v\u00e1rias armas no munic\u00edpio de Santa Efig\u00eania de Minas"},"content":{"rendered":"\n<p class=\"wp-block-paragraph\">Um adolescente de 14 anos foi apreendido na tarde de domingo (01\/09\/2019) ap\u00f3s atirar acidentalmente contra um colega no C\u00f3rrego do Corrente, zona rural de Santa Efig\u00eania de Minas, no Leste do Estado. Segundo a Pol\u00edcia Militar, o menor encontrou uma arma na casa de um homem de 55 anos e, ao lev\u00e1-la para outro c\u00f4modo do im\u00f3vel, esbarrou em uma porta e o equipamento disparou.<\/p>\n\n\n\n<p class=\"wp-block-paragraph\">Um jovem de 18 anos, que estava no local, foi atingido por dois tiros no t\u00f3rax. Ele foi socorrido ao Hospital Municipal de Governador Valadares.<\/p>\n\n\n\n<p class=\"wp-block-paragraph\">Uma equipe da PM retornou ao local onde o jovem foi baleado, ap\u00f3s ele ter dado entrada no hospital e relatar o que havia acontecido. Na resid\u00eancia foram encontradas oito armas, al\u00e9m da utilizada nos disparos, muni\u00e7\u00f5es e pe\u00e7as de armas. <\/p>\n\n\n\n<p class=\"wp-block-paragraph\">O propriet\u00e1rio da casa negou ser dono dos materiais, mas moradores da comunidade informaram aos policiais que ele trabalhava com conserto de armas de fogo. Ele foi ouvido e liberado. <\/p>\n\n\n\n<p class=\"wp-block-paragraph\">O adolescente autor dos disparos foi encaminhado \u00e0 Delegacia de Pol\u00edcia Civil de Guanh\u00e3es. <\/p>\n\n\n\n<figure class=\"wp-block-image\"><img loading=\"lazy\" decoding=\"async\" width=\"678\" height=\"381\" src=\"http:\/\/aconteceunovale.com.br\/portal\/wp-content\/uploads\/2019\/09\/armas_santa_efigenia_1.jpg\" alt=\"\" class=\"wp-image-152147\" srcset=\"https:\/\/aconteceunovale.com.br\/portal\/wp-content\/uploads\/2019\/09\/armas_santa_efigenia_1.jpg 678w, https:\/\/aconteceunovale.com.br\/portal\/wp-content\/uploads\/2019\/09\/armas_santa_efigenia_1-300x169.jpg 300w\" sizes=\"auto, (max-width: 678px) 100vw, 678px\" \/><figcaption><em>Foto: Divulga\u00e7\u00e3o \/ Pol\u00edcia Militar<\/em><\/figcaption><\/figure>\n\n\n\n<figure class=\"wp-block-image\"><img loading=\"lazy\" decoding=\"async\" width=\"678\" height=\"381\" src=\"http:\/\/aconteceunovale.com.br\/portal\/wp-content\/uploads\/2019\/09\/armas_santa_efigenia_2.jpg\" alt=\"\" class=\"wp-image-152148\" srcset=\"https:\/\/aconteceunovale.com.br\/portal\/wp-content\/uploads\/2019\/09\/armas_santa_efigenia_2.jpg 678w, https:\/\/aconteceunovale.com.br\/portal\/wp-content\/uploads\/2019\/09\/armas_santa_efigenia_2-300x169.jpg 300w\" sizes=\"auto, (max-width: 678px) 100vw, 678px\" \/><figcaption><em> Foto: Divulga\u00e7\u00e3o \/ Pol\u00edcia Militar <\/em><\/figcaption><\/figure>\n\n\n\n<p class=\"has-text-color has-background has-very-light-gray-color has-vivid-cyan-blue-background-color wp-block-paragraph\"><strong>VER PRIMEIRO: <\/strong>Receba as not\u00edcias do Aconteceu no Vale em primeira m\u00e3o. Clique em curtir no endere\u00e7o <a href=\"https:\/\/www.facebook.com\/aconteceunovale\" target=\"_blank\" rel=\"noreferrer noopener\">www.facebook.com\/aconteceunovale<\/a>.<\/p>\n\n\n\n<p class=\"wp-block-paragraph\"><\/p>\n","protected":false},"excerpt":{"rendered":"<p>Um adolescente de 14 anos foi apreendido na tarde de domingo (01\/09\/2019) ap\u00f3s atirar acidentalmente contra um colega no C\u00f3rrego do Corrente, zona rural de Santa Efig\u00eania de Minas, no Leste do Estado. Segundo a Pol\u00edcia Militar, o menor encontrou uma arma na casa de um homem de 55 anos e, ao lev\u00e1-la para outro [&hellip;]<\/p>\n","protected":false},"author":4,"featured_media":152148,"comment_status":"open","ping_status":"closed","sticky":false,"template":"","format":"standard","meta":{"amp_status":"","footnotes":""},"categories":[121],"tags":[206489,206486,206485,206488,206490,206484,206487,312],"class_list":["post-152152","post","type-post","status-publish","format-standard","has-post-thumbnail","hentry","category-leste","tag-apos-disparo-acidental","tag-apreensao-de-armas-em-santa-efigenia-de-minas","tag-armas-apreendidas-em-santa-efigenia-de-minas","tag-baleado-em-santa-efigenia-de-minas","tag-policia-apreende-varias-armas-no-municipio-de-santa-efigenia-de-minas","tag-policia-prende-varias-armas-em-santa-efigenia-de-minas","tag-preso-com-armas-em-santa-efigenia-de-minas","tag-santa-efigenia-de-minas"],"yoast_head":"<!-- This site is optimized with the Yoast SEO plugin v28.3 - https:\/\/yoast.com\/product\/yoast-seo-wordpress\/ -->\n<title>Ap\u00f3s disparo acidental, pol\u00edcia apreende v\u00e1rias armas no munic\u00edpio de Santa Efig\u00eania de Minas - Aconteceu no Vale<\/title>\n<meta name=\"robots\" content=\"index, follow, max-snippet:-1, max-image-preview:large, max-video-preview:-1\" \/>\n<link rel=\"canonical\" href=\"https:\/\/aconteceunovale.com.br\/portal\/?p=152152\" \/>\n<meta property=\"og:locale\" content=\"pt_BR\" \/>\n<meta property=\"og:type\" content=\"article\" \/>\n<meta property=\"og:title\" content=\"Ap\u00f3s disparo acidental, pol\u00edcia apreende v\u00e1rias armas no munic\u00edpio de Santa Efig\u00eania de Minas - Aconteceu no Vale\" \/>\n<meta property=\"og:description\" content=\"Um adolescente de 14 anos foi apreendido na tarde de domingo (01\/09\/2019) ap\u00f3s atirar acidentalmente contra um colega no C\u00f3rrego do Corrente, zona rural de Santa Efig\u00eania de Minas, no Leste do Estado. Segundo a Pol\u00edcia Militar, o menor encontrou uma arma na casa de um homem de 55 anos e, ao lev\u00e1-la para outro [&hellip;]\" \/>\n<meta property=\"og:url\" content=\"https:\/\/aconteceunovale.com.br\/portal\/?p=152152\" \/>\n<meta property=\"og:site_name\" content=\"Aconteceu no Vale\" \/>\n<meta property=\"article:publisher\" content=\"https:\/\/www.facebook.com\/aconteceunovale\/\" \/>\n<meta property=\"article:published_time\" content=\"2019-09-02T23:38:21+00:00\" \/>\n<meta property=\"article:modified_time\" content=\"2019-09-02T23:38:59+00:00\" \/>\n<meta property=\"og:image\" content=\"https:\/\/aconteceunovale.com.br\/portal\/wp-content\/uploads\/2019\/09\/armas_santa_efigenia_2.jpg\" \/>\n\t<meta property=\"og:image:width\" content=\"678\" \/>\n\t<meta property=\"og:image:height\" content=\"381\" \/>\n\t<meta property=\"og:image:type\" content=\"image\/jpeg\" \/>\n<meta name=\"author\" content=\"Reda\u00e7\u00e3o Aconteceu no Vale\" \/>\n<meta name=\"twitter:card\" content=\"summary_large_image\" \/>\n<meta name=\"twitter:creator\" content=\"@noticiadosvales\" \/>\n<meta name=\"twitter:site\" content=\"@noticiadosvales\" \/>\n<meta name=\"twitter:label1\" content=\"Escrito por\" \/>\n\t<meta name=\"twitter:data1\" content=\"Reda\u00e7\u00e3o Aconteceu no Vale\" \/>\n\t<meta name=\"twitter:label2\" content=\"Est. tempo de leitura\" \/>\n\t<meta name=\"twitter:data2\" content=\"1 minuto\" \/>\n<script type=\"application\/ld+json\" class=\"yoast-schema-graph\">{\"@context\":\"https:\\\/\\\/schema.org\",\"@graph\":[{\"@type\":\"Article\",\"@id\":\"https:\\\/\\\/aconteceunovale.com.br\\\/portal\\\/?p=152152#article\",\"isPartOf\":{\"@id\":\"https:\\\/\\\/aconteceunovale.com.br\\\/portal\\\/?p=152152\"},\"author\":{\"name\":\"Reda\u00e7\u00e3o Aconteceu no Vale\",\"@id\":\"https:\\\/\\\/aconteceunovale.com.br\\\/portal\\\/#\\\/schema\\\/person\\\/7d2f26d1483f8a63de73da1ee0754d35\"},\"headline\":\"Ap\u00f3s disparo acidental, pol\u00edcia apreende v\u00e1rias armas no munic\u00edpio de Santa Efig\u00eania de Minas\",\"datePublished\":\"2019-09-02T23:38:21+00:00\",\"dateModified\":\"2019-09-02T23:38:59+00:00\",\"mainEntityOfPage\":{\"@id\":\"https:\\\/\\\/aconteceunovale.com.br\\\/portal\\\/?p=152152\"},\"wordCount\":242,\"commentCount\":0,\"image\":{\"@id\":\"https:\\\/\\\/aconteceunovale.com.br\\\/portal\\\/?p=152152#primaryimage\"},\"thumbnailUrl\":\"https:\\\/\\\/aconteceunovale.com.br\\\/portal\\\/wp-content\\\/uploads\\\/2019\\\/09\\\/armas_santa_efigenia_2.jpg\",\"keywords\":[\"Ap\u00f3s disparo acidental\",\"Apreens\u00e3o de armas em Santa Efig\u00eania de Minas\",\"Armas apreendidas em Santa Efig\u00eania de Minas\",\"Baleado em Santa Efig\u00eania de Minas\",\"Pol\u00edcia apreende v\u00e1rias armas no munic\u00edpio de Santa Efig\u00eania de Minas\",\"Pol\u00edcia prende v\u00e1rias armas em Santa Efig\u00eania de Minas\",\"Preso com armas em Santa Efig\u00eania de Minas\",\"Santa Efig\u00eania de Minas\"],\"articleSection\":[\"Leste de Minas\"],\"inLanguage\":\"pt-BR\",\"potentialAction\":[{\"@type\":\"CommentAction\",\"name\":\"Comment\",\"target\":[\"https:\\\/\\\/aconteceunovale.com.br\\\/portal\\\/?p=152152#respond\"]}]},{\"@type\":\"WebPage\",\"@id\":\"https:\\\/\\\/aconteceunovale.com.br\\\/portal\\\/?p=152152\",\"url\":\"https:\\\/\\\/aconteceunovale.com.br\\\/portal\\\/?p=152152\",\"name\":\"Ap\u00f3s disparo acidental, pol\u00edcia apreende v\u00e1rias armas no munic\u00edpio de Santa Efig\u00eania de Minas - Aconteceu no Vale\",\"isPartOf\":{\"@id\":\"https:\\\/\\\/aconteceunovale.com.br\\\/portal\\\/#website\"},\"primaryImageOfPage\":{\"@id\":\"https:\\\/\\\/aconteceunovale.com.br\\\/portal\\\/?p=152152#primaryimage\"},\"image\":{\"@id\":\"https:\\\/\\\/aconteceunovale.com.br\\\/portal\\\/?p=152152#primaryimage\"},\"thumbnailUrl\":\"https:\\\/\\\/aconteceunovale.com.br\\\/portal\\\/wp-content\\\/uploads\\\/2019\\\/09\\\/armas_santa_efigenia_2.jpg\",\"datePublished\":\"2019-09-02T23:38:21+00:00\",\"dateModified\":\"2019-09-02T23:38:59+00:00\",\"author\":{\"@id\":\"https:\\\/\\\/aconteceunovale.com.br\\\/portal\\\/#\\\/schema\\\/person\\\/7d2f26d1483f8a63de73da1ee0754d35\"},\"breadcrumb\":{\"@id\":\"https:\\\/\\\/aconteceunovale.com.br\\\/portal\\\/?p=152152#breadcrumb\"},\"inLanguage\":\"pt-BR\",\"potentialAction\":[{\"@type\":\"ReadAction\",\"target\":[\"https:\\\/\\\/aconteceunovale.com.br\\\/portal\\\/?p=152152\"]}]},{\"@type\":\"ImageObject\",\"inLanguage\":\"pt-BR\",\"@id\":\"https:\\\/\\\/aconteceunovale.com.br\\\/portal\\\/?p=152152#primaryimage\",\"url\":\"https:\\\/\\\/aconteceunovale.com.br\\\/portal\\\/wp-content\\\/uploads\\\/2019\\\/09\\\/armas_santa_efigenia_2.jpg\",\"contentUrl\":\"https:\\\/\\\/aconteceunovale.com.br\\\/portal\\\/wp-content\\\/uploads\\\/2019\\\/09\\\/armas_santa_efigenia_2.jpg\",\"width\":678,\"height\":381},{\"@type\":\"BreadcrumbList\",\"@id\":\"https:\\\/\\\/aconteceunovale.com.br\\\/portal\\\/?p=152152#breadcrumb\",\"itemListElement\":[{\"@type\":\"ListItem\",\"position\":1,\"name\":\"In\u00edcio\",\"item\":\"https:\\\/\\\/aconteceunovale.com.br\\\/portal\\\/\"},{\"@type\":\"ListItem\",\"position\":2,\"name\":\"Ap\u00f3s disparo acidental, pol\u00edcia apreende v\u00e1rias armas no munic\u00edpio de Santa Efig\u00eania de Minas\"}]},{\"@type\":\"WebSite\",\"@id\":\"https:\\\/\\\/aconteceunovale.com.br\\\/portal\\\/#website\",\"url\":\"https:\\\/\\\/aconteceunovale.com.br\\\/portal\\\/\",\"name\":\"Aconteceu no Vale\",\"description\":\"Portal de Not\u00edcias\",\"potentialAction\":[{\"@type\":\"SearchAction\",\"target\":{\"@type\":\"EntryPoint\",\"urlTemplate\":\"https:\\\/\\\/aconteceunovale.com.br\\\/portal\\\/?s={search_term_string}\"},\"query-input\":{\"@type\":\"PropertyValueSpecification\",\"valueRequired\":true,\"valueName\":\"search_term_string\"}}],\"inLanguage\":\"pt-BR\"},{\"@type\":\"Person\",\"@id\":\"https:\\\/\\\/aconteceunovale.com.br\\\/portal\\\/#\\\/schema\\\/person\\\/7d2f26d1483f8a63de73da1ee0754d35\",\"name\":\"Reda\u00e7\u00e3o Aconteceu no Vale\",\"description\":\"Equipe de reportagem do Aconteceu no Vale, portal de not\u00edcias do Vale do Jequitinhonha, em Minas Gerais. Cobrimos as 51 cidades do Vale desde 2013. Sugest\u00f5es de pauta e pedidos de corre\u00e7\u00e3o: contato@aconteceunovale.com.br\",\"url\":\"https:\\\/\\\/aconteceunovale.com.br\\\/portal\\\/?author=4\"}]}<\/script>\n<!-- \/ Yoast SEO plugin. -->","yoast_head_json":{"title":"Ap\u00f3s disparo acidental, pol\u00edcia apreende v\u00e1rias armas no munic\u00edpio de Santa Efig\u00eania de Minas - Aconteceu no Vale","robots":{"index":"index","follow":"follow","max-snippet":"max-snippet:-1","max-image-preview":"max-image-preview:large","max-video-preview":"max-video-preview:-1"},"canonical":"https:\/\/aconteceunovale.com.br\/portal\/?p=152152","og_locale":"pt_BR","og_type":"article","og_title":"Ap\u00f3s disparo acidental, pol\u00edcia apreende v\u00e1rias armas no munic\u00edpio de Santa Efig\u00eania de Minas - Aconteceu no Vale","og_description":"Um adolescente de 14 anos foi apreendido na tarde de domingo (01\/09\/2019) ap\u00f3s atirar acidentalmente contra um colega no C\u00f3rrego do Corrente, zona rural de Santa Efig\u00eania de Minas, no Leste do Estado. Segundo a Pol\u00edcia Militar, o menor encontrou uma arma na casa de um homem de 55 anos e, ao lev\u00e1-la para outro [&hellip;]","og_url":"https:\/\/aconteceunovale.com.br\/portal\/?p=152152","og_site_name":"Aconteceu no Vale","article_publisher":"https:\/\/www.facebook.com\/aconteceunovale\/","article_published_time":"2019-09-02T23:38:21+00:00","article_modified_time":"2019-09-02T23:38:59+00:00","og_image":[{"width":678,"height":381,"url":"https:\/\/aconteceunovale.com.br\/portal\/wp-content\/uploads\/2019\/09\/armas_santa_efigenia_2.jpg","type":"image\/jpeg"}],"author":"Reda\u00e7\u00e3o Aconteceu no Vale","twitter_card":"summary_large_image","twitter_creator":"@noticiadosvales","twitter_site":"@noticiadosvales","twitter_misc":{"Escrito por":"Reda\u00e7\u00e3o Aconteceu no Vale","Est. tempo de leitura":"1 minuto"},"schema":{"@context":"https:\/\/schema.org","@graph":[{"@type":"Article","@id":"https:\/\/aconteceunovale.com.br\/portal\/?p=152152#article","isPartOf":{"@id":"https:\/\/aconteceunovale.com.br\/portal\/?p=152152"},"author":{"name":"Reda\u00e7\u00e3o Aconteceu no Vale","@id":"https:\/\/aconteceunovale.com.br\/portal\/#\/schema\/person\/7d2f26d1483f8a63de73da1ee0754d35"},"headline":"Ap\u00f3s disparo acidental, pol\u00edcia apreende v\u00e1rias armas no munic\u00edpio de Santa Efig\u00eania de Minas","datePublished":"2019-09-02T23:38:21+00:00","dateModified":"2019-09-02T23:38:59+00:00","mainEntityOfPage":{"@id":"https:\/\/aconteceunovale.com.br\/portal\/?p=152152"},"wordCount":242,"commentCount":0,"image":{"@id":"https:\/\/aconteceunovale.com.br\/portal\/?p=152152#primaryimage"},"thumbnailUrl":"https:\/\/aconteceunovale.com.br\/portal\/wp-content\/uploads\/2019\/09\/armas_santa_efigenia_2.jpg","keywords":["Ap\u00f3s disparo acidental","Apreens\u00e3o de armas em Santa Efig\u00eania de Minas","Armas apreendidas em Santa Efig\u00eania de Minas","Baleado em Santa Efig\u00eania de Minas","Pol\u00edcia apreende v\u00e1rias armas no munic\u00edpio de Santa Efig\u00eania de Minas","Pol\u00edcia prende v\u00e1rias armas em Santa Efig\u00eania de Minas","Preso com armas em Santa Efig\u00eania de Minas","Santa Efig\u00eania de Minas"],"articleSection":["Leste de Minas"],"inLanguage":"pt-BR","potentialAction":[{"@type":"CommentAction","name":"Comment","target":["https:\/\/aconteceunovale.com.br\/portal\/?p=152152#respond"]}]},{"@type":"WebPage","@id":"https:\/\/aconteceunovale.com.br\/portal\/?p=152152","url":"https:\/\/aconteceunovale.com.br\/portal\/?p=152152","name":"Ap\u00f3s disparo acidental, pol\u00edcia apreende v\u00e1rias armas no munic\u00edpio de Santa Efig\u00eania de Minas - Aconteceu no Vale","isPartOf":{"@id":"https:\/\/aconteceunovale.com.br\/portal\/#website"},"primaryImageOfPage":{"@id":"https:\/\/aconteceunovale.com.br\/portal\/?p=152152#primaryimage"},"image":{"@id":"https:\/\/aconteceunovale.com.br\/portal\/?p=152152#primaryimage"},"thumbnailUrl":"https:\/\/aconteceunovale.com.br\/portal\/wp-content\/uploads\/2019\/09\/armas_santa_efigenia_2.jpg","datePublished":"2019-09-02T23:38:21+00:00","dateModified":"2019-09-02T23:38:59+00:00","author":{"@id":"https:\/\/aconteceunovale.com.br\/portal\/#\/schema\/person\/7d2f26d1483f8a63de73da1ee0754d35"},"breadcrumb":{"@id":"https:\/\/aconteceunovale.com.br\/portal\/?p=152152#breadcrumb"},"inLanguage":"pt-BR","potentialAction":[{"@type":"ReadAction","target":["https:\/\/aconteceunovale.com.br\/portal\/?p=152152"]}]},{"@type":"ImageObject","inLanguage":"pt-BR","@id":"https:\/\/aconteceunovale.com.br\/portal\/?p=152152#primaryimage","url":"https:\/\/aconteceunovale.com.br\/portal\/wp-content\/uploads\/2019\/09\/armas_santa_efigenia_2.jpg","contentUrl":"https:\/\/aconteceunovale.com.br\/portal\/wp-content\/uploads\/2019\/09\/armas_santa_efigenia_2.jpg","width":678,"height":381},{"@type":"BreadcrumbList","@id":"https:\/\/aconteceunovale.com.br\/portal\/?p=152152#breadcrumb","itemListElement":[{"@type":"ListItem","position":1,"name":"In\u00edcio","item":"https:\/\/aconteceunovale.com.br\/portal\/"},{"@type":"ListItem","position":2,"name":"Ap\u00f3s disparo acidental, pol\u00edcia apreende v\u00e1rias armas no munic\u00edpio de Santa Efig\u00eania de Minas"}]},{"@type":"WebSite","@id":"https:\/\/aconteceunovale.com.br\/portal\/#website","url":"https:\/\/aconteceunovale.com.br\/portal\/","name":"Aconteceu no Vale","description":"Portal de Not\u00edcias","potentialAction":[{"@type":"SearchAction","target":{"@type":"EntryPoint","urlTemplate":"https:\/\/aconteceunovale.com.br\/portal\/?s={search_term_string}"},"query-input":{"@type":"PropertyValueSpecification","valueRequired":true,"valueName":"search_term_string"}}],"inLanguage":"pt-BR"},{"@type":"Person","@id":"https:\/\/aconteceunovale.com.br\/portal\/#\/schema\/person\/7d2f26d1483f8a63de73da1ee0754d35","name":"Reda\u00e7\u00e3o Aconteceu no Vale","description":"Equipe de reportagem do Aconteceu no Vale, portal de not\u00edcias do Vale do Jequitinhonha, em Minas Gerais. Cobrimos as 51 cidades do Vale desde 2013. Sugest\u00f5es de pauta e pedidos de corre\u00e7\u00e3o: contato@aconteceunovale.com.br","url":"https:\/\/aconteceunovale.com.br\/portal\/?author=4"}]}},"_links":{"self":[{"href":"https:\/\/aconteceunovale.com.br\/portal\/index.php?rest_route=\/wp\/v2\/posts\/152152","targetHints":{"allow":["GET"]}}],"collection":[{"href":"https:\/\/aconteceunovale.com.br\/portal\/index.php?rest_route=\/wp\/v2\/posts"}],"about":[{"href":"https:\/\/aconteceunovale.com.br\/portal\/index.php?rest_route=\/wp\/v2\/types\/post"}],"author":[{"embeddable":true,"href":"https:\/\/aconteceunovale.com.br\/portal\/index.php?rest_route=\/wp\/v2\/users\/4"}],"replies":[{"embeddable":true,"href":"https:\/\/aconteceunovale.com.br\/portal\/index.php?rest_route=%2Fwp%2Fv2%2Fcomments&post=152152"}],"version-history":[{"count":1,"href":"https:\/\/aconteceunovale.com.br\/portal\/index.php?rest_route=\/wp\/v2\/posts\/152152\/revisions"}],"predecessor-version":[{"id":152153,"href":"https:\/\/aconteceunovale.com.br\/portal\/index.php?rest_route=\/wp\/v2\/posts\/152152\/revisions\/152153"}],"wp:featuredmedia":[{"embeddable":true,"href":"https:\/\/aconteceunovale.com.br\/portal\/index.php?rest_route=\/wp\/v2\/media\/152148"}],"wp:attachment":[{"href":"https:\/\/aconteceunovale.com.br\/portal\/index.php?rest_route=%2Fwp%2Fv2%2Fmedia&parent=152152"}],"wp:term":[{"taxonomy":"category","embeddable":true,"href":"https:\/\/aconteceunovale.com.br\/portal\/index.php?rest_route=%2Fwp%2Fv2%2Fcategories&post=152152"},{"taxonomy":"post_tag","embeddable":true,"href":"https:\/\/aconteceunovale.com.br\/portal\/index.php?rest_route=%2Fwp%2Fv2%2Ftags&post=152152"}],"curies":[{"name":"wp","href":"https:\/\/api.w.org\/{rel}","templated":true}]}}