{"id":152142,"date":"2019-09-02T19:59:19","date_gmt":"2019-09-02T22:59:19","guid":{"rendered":"http:\/\/aconteceunovale.com.br\/portal\/?p=152142"},"modified":"2026-09-02T13:50:46","modified_gmt":"2026-09-02T16:50:46","slug":"carreta-carregada-com-cimento-tomba-na-mgc-367-em-turmalina","status":"publish","type":"post","link":"https:\/\/aconteceunovale.com.br\/portal\/?p=152142","title":{"rendered":"Carreta carregada com cimento tomba na MGC-367, em Turmalina"},"content":{"rendered":"\n<p class=\"wp-block-paragraph\">Uma carreta carregada com cimento tombou na madrugada desta\nsegunda-feira (02\/09\/2019) na MGC-367, no trecho conhecido como Descida da Ponte\nAlta, no munic\u00edpio de Turmalina (MG). Segundo a Pol\u00edcia Militar, o ve\u00edculo\napresentou um problema mec\u00e2nico no sistema de frenagem e o condutor perdeu o\ncontrole direcional, vindo a capotar \u00e0s margens da rodovia. <\/p>\n\n\n\n<p class=\"wp-block-paragraph\">A carreta, que seguia de Montes Claros para Te\u00f3filo Otoni,\nficou destru\u00edda e a carga espalhada no local do acidente. O Servi\u00e7o de\nAtendimento M\u00f3vel de Urg\u00eancia (SAMU) foi acionado e encaminhou o motorista W.M.R,\nde 43 anos, ao hospital de Turmalina com ferimentos graves. <\/p>\n\n\n\n<p class=\"wp-block-paragraph\">As causas do acidente ser\u00e3o apuradas pelas autoridades locais.<\/p>\n\n\n\n<figure class=\"wp-block-image is-resized\"><img decoding=\"async\" src=\"http:\/\/aconteceunovale.com.br\/portal\/wp-content\/uploads\/2019\/09\/acidente_turmalina_1.jpg\" alt=\"\" class=\"wp-image-152144\" width=\"650\" srcset=\"https:\/\/aconteceunovale.com.br\/portal\/wp-content\/uploads\/2019\/09\/acidente_turmalina_1.jpg 647w, https:\/\/aconteceunovale.com.br\/portal\/wp-content\/uploads\/2019\/09\/acidente_turmalina_1-300x209.jpg 300w, https:\/\/aconteceunovale.com.br\/portal\/wp-content\/uploads\/2019\/09\/acidente_turmalina_1-100x70.jpg 100w, https:\/\/aconteceunovale.com.br\/portal\/wp-content\/uploads\/2019\/09\/acidente_turmalina_1-604x420.jpg 604w\" sizes=\"(max-width: 647px) 100vw, 647px\" \/><figcaption><em>Foto: Reprodu\u00e7\u00e3o \/ WhatsApp<\/em><\/figcaption><\/figure>\n\n\n\n<figure class=\"wp-block-image\"><img loading=\"lazy\" decoding=\"async\" width=\"650\" height=\"429\" src=\"http:\/\/aconteceunovale.com.br\/portal\/wp-content\/uploads\/2019\/09\/acidente_turmalina_2.jpg\" alt=\"\" class=\"wp-image-152143\" srcset=\"https:\/\/aconteceunovale.com.br\/portal\/wp-content\/uploads\/2019\/09\/acidente_turmalina_2.jpg 650w, https:\/\/aconteceunovale.com.br\/portal\/wp-content\/uploads\/2019\/09\/acidente_turmalina_2-300x198.jpg 300w, https:\/\/aconteceunovale.com.br\/portal\/wp-content\/uploads\/2019\/09\/acidente_turmalina_2-636x420.jpg 636w\" sizes=\"auto, (max-width: 650px) 100vw, 650px\" \/><figcaption><em> Foto: Reprodu\u00e7\u00e3o \/ WhatsApp <\/em><\/figcaption><\/figure>\n\n\n\n<p class=\"has-text-color has-background has-very-light-gray-color has-vivid-cyan-blue-background-color wp-block-paragraph\"><strong>VER PRIMEIRO: <\/strong>Receba as not\u00edcias do Aconteceu no Vale em primeira m\u00e3o. Clique em curtir no endere\u00e7o <a href=\"https:\/\/www.facebook.com\/aconteceunovale\" target=\"_blank\" rel=\"noreferrer noopener\">www.facebook.com\/aconteceunovale<\/a>.<\/p>\n","protected":false},"excerpt":{"rendered":"<p>Uma carreta carregada com cimento tombou na madrugada desta segunda-feira (02\/09\/2019) na MGC-367, no trecho conhecido como Descida da Ponte Alta, no munic\u00edpio de Turmalina (MG). Segundo a Pol\u00edcia Militar, o ve\u00edculo apresentou um problema mec\u00e2nico no sistema de frenagem e o condutor perdeu o controle direcional, vindo a capotar \u00e0s margens da rodovia. A [&hellip;]<\/p>\n","protected":false},"author":1,"featured_media":152144,"comment_status":"open","ping_status":"closed","sticky":false,"template":"","format":"standard","meta":{"amp_status":"","footnotes":""},"categories":[272576,120],"tags":[206479,56348,13247,131531,31399,206481,206480,206482,1018,1436,210,164],"class_list":["post-152142","post","type-post","status-publish","format-standard","has-post-thumbnail","hentry","category-turmalina","category-jequi","tag-acidente-com-carreta-de-cimento","tag-acidente-com-carreta-em-turmalina","tag-acidente-em-turmalina","tag-acidente-na-mgc-367","tag-acidente-na-ponte-alta-em-turmalina","tag-carreta-carregada-com-cimento-tomba-em-turmalina","tag-carreta-carregada-com-cimento-tomba-na-mgc-367","tag-carreta-carregada-com-cimento-tomba-na-mgc-367-em-turmalina","tag-destaque","tag-mgc-367","tag-montes-claros","tag-teofilo-otoni"],"yoast_head":"<!-- This site is optimized with the Yoast SEO plugin v28.3 - https:\/\/yoast.com\/product\/yoast-seo-wordpress\/ -->\n<title>Carreta carregada com cimento tomba na MGC-367, em Turmalina - Aconteceu no Vale<\/title>\n<meta name=\"robots\" content=\"index, follow, max-snippet:-1, max-image-preview:large, max-video-preview:-1\" \/>\n<link rel=\"canonical\" href=\"https:\/\/aconteceunovale.com.br\/portal\/?p=152142\" \/>\n<meta property=\"og:locale\" content=\"pt_BR\" \/>\n<meta property=\"og:type\" content=\"article\" \/>\n<meta property=\"og:title\" content=\"Carreta carregada com cimento tomba na MGC-367, em Turmalina - Aconteceu no Vale\" \/>\n<meta property=\"og:description\" content=\"Uma carreta carregada com cimento tombou na madrugada desta segunda-feira (02\/09\/2019) na MGC-367, no trecho conhecido como Descida da Ponte Alta, no munic\u00edpio de Turmalina (MG). Segundo a Pol\u00edcia Militar, o ve\u00edculo apresentou um problema mec\u00e2nico no sistema de frenagem e o condutor perdeu o controle direcional, vindo a capotar \u00e0s margens da rodovia. A [&hellip;]\" \/>\n<meta property=\"og:url\" content=\"https:\/\/aconteceunovale.com.br\/portal\/?p=152142\" \/>\n<meta property=\"og:site_name\" content=\"Aconteceu no Vale\" \/>\n<meta property=\"article:publisher\" content=\"https:\/\/www.facebook.com\/aconteceunovale\/\" \/>\n<meta property=\"article:published_time\" content=\"2019-09-02T22:59:19+00:00\" \/>\n<meta property=\"article:modified_time\" content=\"2026-09-02T16:50:46+00:00\" \/>\n<meta property=\"og:image\" content=\"https:\/\/aconteceunovale.com.br\/portal\/wp-content\/uploads\/2019\/09\/acidente_turmalina_1.jpg\" \/>\n\t<meta property=\"og:image:width\" content=\"647\" \/>\n\t<meta property=\"og:image:height\" content=\"450\" \/>\n\t<meta property=\"og:image:type\" content=\"image\/jpeg\" \/>\n<meta name=\"author\" content=\"Aconteceu no Vale\" \/>\n<meta name=\"twitter:card\" content=\"summary_large_image\" \/>\n<meta name=\"twitter:creator\" content=\"@noticiadosvales\" \/>\n<meta name=\"twitter:site\" content=\"@noticiadosvales\" \/>\n<meta name=\"twitter:label1\" content=\"Escrito por\" \/>\n\t<meta name=\"twitter:data1\" content=\"Aconteceu no Vale\" \/>\n\t<meta name=\"twitter:label2\" content=\"Est. tempo de leitura\" \/>\n\t<meta name=\"twitter:data2\" content=\"1 minuto\" \/>\n<script type=\"application\/ld+json\" class=\"yoast-schema-graph\">{\"@context\":\"https:\\\/\\\/schema.org\",\"@graph\":[{\"@type\":\"Article\",\"@id\":\"https:\\\/\\\/aconteceunovale.com.br\\\/portal\\\/?p=152142#article\",\"isPartOf\":{\"@id\":\"https:\\\/\\\/aconteceunovale.com.br\\\/portal\\\/?p=152142\"},\"author\":{\"name\":\"Aconteceu no Vale\",\"@id\":\"https:\\\/\\\/aconteceunovale.com.br\\\/portal\\\/#\\\/schema\\\/person\\\/633529146f2c94272bef50ac2953d589\"},\"headline\":\"Carreta carregada com cimento tomba na MGC-367, em Turmalina\",\"datePublished\":\"2019-09-02T22:59:19+00:00\",\"dateModified\":\"2026-09-02T16:50:46+00:00\",\"mainEntityOfPage\":{\"@id\":\"https:\\\/\\\/aconteceunovale.com.br\\\/portal\\\/?p=152142\"},\"wordCount\":159,\"commentCount\":1,\"image\":{\"@id\":\"https:\\\/\\\/aconteceunovale.com.br\\\/portal\\\/?p=152142#primaryimage\"},\"thumbnailUrl\":\"https:\\\/\\\/aconteceunovale.com.br\\\/portal\\\/wp-content\\\/uploads\\\/2019\\\/09\\\/acidente_turmalina_1.jpg\",\"keywords\":[\"Acidente com carreta de cimento\",\"acidente com carreta em turmalina\",\"acidente em turmalina\",\"Acidente na MGC-367\",\"acidente na ponte alta em turmalina\",\"Carreta carregada com cimento tomba em Turmalina\",\"Carreta carregada com cimento tomba na MGC-367\",\"Carreta carregada com cimento tomba na MGC-367 em Turmalina\",\"destaque\",\"mgc 367\",\"Montes Claros\",\"Te\u00f3filo Otoni\"],\"articleSection\":[\"Turmalina\",\"Vale do Jequitinhonha\"],\"inLanguage\":\"pt-BR\",\"potentialAction\":[{\"@type\":\"CommentAction\",\"name\":\"Comment\",\"target\":[\"https:\\\/\\\/aconteceunovale.com.br\\\/portal\\\/?p=152142#respond\"]}]},{\"@type\":\"WebPage\",\"@id\":\"https:\\\/\\\/aconteceunovale.com.br\\\/portal\\\/?p=152142\",\"url\":\"https:\\\/\\\/aconteceunovale.com.br\\\/portal\\\/?p=152142\",\"name\":\"Carreta carregada com cimento tomba na MGC-367, em Turmalina - Aconteceu no Vale\",\"isPartOf\":{\"@id\":\"https:\\\/\\\/aconteceunovale.com.br\\\/portal\\\/#website\"},\"primaryImageOfPage\":{\"@id\":\"https:\\\/\\\/aconteceunovale.com.br\\\/portal\\\/?p=152142#primaryimage\"},\"image\":{\"@id\":\"https:\\\/\\\/aconteceunovale.com.br\\\/portal\\\/?p=152142#primaryimage\"},\"thumbnailUrl\":\"https:\\\/\\\/aconteceunovale.com.br\\\/portal\\\/wp-content\\\/uploads\\\/2019\\\/09\\\/acidente_turmalina_1.jpg\",\"datePublished\":\"2019-09-02T22:59:19+00:00\",\"dateModified\":\"2026-09-02T16:50:46+00:00\",\"author\":{\"@id\":\"https:\\\/\\\/aconteceunovale.com.br\\\/portal\\\/#\\\/schema\\\/person\\\/633529146f2c94272bef50ac2953d589\"},\"breadcrumb\":{\"@id\":\"https:\\\/\\\/aconteceunovale.com.br\\\/portal\\\/?p=152142#breadcrumb\"},\"inLanguage\":\"pt-BR\",\"potentialAction\":[{\"@type\":\"ReadAction\",\"target\":[\"https:\\\/\\\/aconteceunovale.com.br\\\/portal\\\/?p=152142\"]}]},{\"@type\":\"ImageObject\",\"inLanguage\":\"pt-BR\",\"@id\":\"https:\\\/\\\/aconteceunovale.com.br\\\/portal\\\/?p=152142#primaryimage\",\"url\":\"https:\\\/\\\/aconteceunovale.com.br\\\/portal\\\/wp-content\\\/uploads\\\/2019\\\/09\\\/acidente_turmalina_1.jpg\",\"contentUrl\":\"https:\\\/\\\/aconteceunovale.com.br\\\/portal\\\/wp-content\\\/uploads\\\/2019\\\/09\\\/acidente_turmalina_1.jpg\",\"width\":647,\"height\":450},{\"@type\":\"BreadcrumbList\",\"@id\":\"https:\\\/\\\/aconteceunovale.com.br\\\/portal\\\/?p=152142#breadcrumb\",\"itemListElement\":[{\"@type\":\"ListItem\",\"position\":1,\"name\":\"In\u00edcio\",\"item\":\"https:\\\/\\\/aconteceunovale.com.br\\\/portal\\\/\"},{\"@type\":\"ListItem\",\"position\":2,\"name\":\"Carreta carregada com cimento tomba na MGC-367, em Turmalina\"}]},{\"@type\":\"WebSite\",\"@id\":\"https:\\\/\\\/aconteceunovale.com.br\\\/portal\\\/#website\",\"url\":\"https:\\\/\\\/aconteceunovale.com.br\\\/portal\\\/\",\"name\":\"Aconteceu no Vale\",\"description\":\"Portal de Not\u00edcias\",\"potentialAction\":[{\"@type\":\"SearchAction\",\"target\":{\"@type\":\"EntryPoint\",\"urlTemplate\":\"https:\\\/\\\/aconteceunovale.com.br\\\/portal\\\/?s={search_term_string}\"},\"query-input\":{\"@type\":\"PropertyValueSpecification\",\"valueRequired\":true,\"valueName\":\"search_term_string\"}}],\"inLanguage\":\"pt-BR\"},{\"@type\":\"Person\",\"@id\":\"https:\\\/\\\/aconteceunovale.com.br\\\/portal\\\/#\\\/schema\\\/person\\\/633529146f2c94272bef50ac2953d589\",\"name\":\"Aconteceu no Vale\",\"description\":\"Equipe de reportagem do Aconteceu no Vale, portal de not\u00edcias do Vale do Jequitinhonha, em Minas Gerais. Cobrimos as 51 cidades do Vale desde 2013. Sugest\u00f5es de pauta e pedidos de corre\u00e7\u00e3o: contato@aconteceunovale.com.br\",\"sameAs\":[\"http:\\\/\\\/www.aconteceunovale.com.br\"],\"url\":\"https:\\\/\\\/aconteceunovale.com.br\\\/portal\\\/?author=1\"}]}<\/script>\n<!-- \/ Yoast SEO plugin. -->","yoast_head_json":{"title":"Carreta carregada com cimento tomba na MGC-367, em Turmalina - Aconteceu no Vale","robots":{"index":"index","follow":"follow","max-snippet":"max-snippet:-1","max-image-preview":"max-image-preview:large","max-video-preview":"max-video-preview:-1"},"canonical":"https:\/\/aconteceunovale.com.br\/portal\/?p=152142","og_locale":"pt_BR","og_type":"article","og_title":"Carreta carregada com cimento tomba na MGC-367, em Turmalina - Aconteceu no Vale","og_description":"Uma carreta carregada com cimento tombou na madrugada desta segunda-feira (02\/09\/2019) na MGC-367, no trecho conhecido como Descida da Ponte Alta, no munic\u00edpio de Turmalina (MG). Segundo a Pol\u00edcia Militar, o ve\u00edculo apresentou um problema mec\u00e2nico no sistema de frenagem e o condutor perdeu o controle direcional, vindo a capotar \u00e0s margens da rodovia. A [&hellip;]","og_url":"https:\/\/aconteceunovale.com.br\/portal\/?p=152142","og_site_name":"Aconteceu no Vale","article_publisher":"https:\/\/www.facebook.com\/aconteceunovale\/","article_published_time":"2019-09-02T22:59:19+00:00","article_modified_time":"2026-09-02T16:50:46+00:00","og_image":[{"width":647,"height":450,"url":"https:\/\/aconteceunovale.com.br\/portal\/wp-content\/uploads\/2019\/09\/acidente_turmalina_1.jpg","type":"image\/jpeg"}],"author":"Aconteceu no Vale","twitter_card":"summary_large_image","twitter_creator":"@noticiadosvales","twitter_site":"@noticiadosvales","twitter_misc":{"Escrito por":"Aconteceu no Vale","Est. tempo de leitura":"1 minuto"},"schema":{"@context":"https:\/\/schema.org","@graph":[{"@type":"Article","@id":"https:\/\/aconteceunovale.com.br\/portal\/?p=152142#article","isPartOf":{"@id":"https:\/\/aconteceunovale.com.br\/portal\/?p=152142"},"author":{"name":"Aconteceu no Vale","@id":"https:\/\/aconteceunovale.com.br\/portal\/#\/schema\/person\/633529146f2c94272bef50ac2953d589"},"headline":"Carreta carregada com cimento tomba na MGC-367, em Turmalina","datePublished":"2019-09-02T22:59:19+00:00","dateModified":"2026-09-02T16:50:46+00:00","mainEntityOfPage":{"@id":"https:\/\/aconteceunovale.com.br\/portal\/?p=152142"},"wordCount":159,"commentCount":1,"image":{"@id":"https:\/\/aconteceunovale.com.br\/portal\/?p=152142#primaryimage"},"thumbnailUrl":"https:\/\/aconteceunovale.com.br\/portal\/wp-content\/uploads\/2019\/09\/acidente_turmalina_1.jpg","keywords":["Acidente com carreta de cimento","acidente com carreta em turmalina","acidente em turmalina","Acidente na MGC-367","acidente na ponte alta em turmalina","Carreta carregada com cimento tomba em Turmalina","Carreta carregada com cimento tomba na MGC-367","Carreta carregada com cimento tomba na MGC-367 em Turmalina","destaque","mgc 367","Montes Claros","Te\u00f3filo Otoni"],"articleSection":["Turmalina","Vale do Jequitinhonha"],"inLanguage":"pt-BR","potentialAction":[{"@type":"CommentAction","name":"Comment","target":["https:\/\/aconteceunovale.com.br\/portal\/?p=152142#respond"]}]},{"@type":"WebPage","@id":"https:\/\/aconteceunovale.com.br\/portal\/?p=152142","url":"https:\/\/aconteceunovale.com.br\/portal\/?p=152142","name":"Carreta carregada com cimento tomba na MGC-367, em Turmalina - Aconteceu no Vale","isPartOf":{"@id":"https:\/\/aconteceunovale.com.br\/portal\/#website"},"primaryImageOfPage":{"@id":"https:\/\/aconteceunovale.com.br\/portal\/?p=152142#primaryimage"},"image":{"@id":"https:\/\/aconteceunovale.com.br\/portal\/?p=152142#primaryimage"},"thumbnailUrl":"https:\/\/aconteceunovale.com.br\/portal\/wp-content\/uploads\/2019\/09\/acidente_turmalina_1.jpg","datePublished":"2019-09-02T22:59:19+00:00","dateModified":"2026-09-02T16:50:46+00:00","author":{"@id":"https:\/\/aconteceunovale.com.br\/portal\/#\/schema\/person\/633529146f2c94272bef50ac2953d589"},"breadcrumb":{"@id":"https:\/\/aconteceunovale.com.br\/portal\/?p=152142#breadcrumb"},"inLanguage":"pt-BR","potentialAction":[{"@type":"ReadAction","target":["https:\/\/aconteceunovale.com.br\/portal\/?p=152142"]}]},{"@type":"ImageObject","inLanguage":"pt-BR","@id":"https:\/\/aconteceunovale.com.br\/portal\/?p=152142#primaryimage","url":"https:\/\/aconteceunovale.com.br\/portal\/wp-content\/uploads\/2019\/09\/acidente_turmalina_1.jpg","contentUrl":"https:\/\/aconteceunovale.com.br\/portal\/wp-content\/uploads\/2019\/09\/acidente_turmalina_1.jpg","width":647,"height":450},{"@type":"BreadcrumbList","@id":"https:\/\/aconteceunovale.com.br\/portal\/?p=152142#breadcrumb","itemListElement":[{"@type":"ListItem","position":1,"name":"In\u00edcio","item":"https:\/\/aconteceunovale.com.br\/portal\/"},{"@type":"ListItem","position":2,"name":"Carreta carregada com cimento tomba na MGC-367, em Turmalina"}]},{"@type":"WebSite","@id":"https:\/\/aconteceunovale.com.br\/portal\/#website","url":"https:\/\/aconteceunovale.com.br\/portal\/","name":"Aconteceu no Vale","description":"Portal de Not\u00edcias","potentialAction":[{"@type":"SearchAction","target":{"@type":"EntryPoint","urlTemplate":"https:\/\/aconteceunovale.com.br\/portal\/?s={search_term_string}"},"query-input":{"@type":"PropertyValueSpecification","valueRequired":true,"valueName":"search_term_string"}}],"inLanguage":"pt-BR"},{"@type":"Person","@id":"https:\/\/aconteceunovale.com.br\/portal\/#\/schema\/person\/633529146f2c94272bef50ac2953d589","name":"Aconteceu no Vale","description":"Equipe de reportagem do Aconteceu no Vale, portal de not\u00edcias do Vale do Jequitinhonha, em Minas Gerais. Cobrimos as 51 cidades do Vale desde 2013. Sugest\u00f5es de pauta e pedidos de corre\u00e7\u00e3o: contato@aconteceunovale.com.br","sameAs":["http:\/\/www.aconteceunovale.com.br"],"url":"https:\/\/aconteceunovale.com.br\/portal\/?author=1"}]}},"_links":{"self":[{"href":"https:\/\/aconteceunovale.com.br\/portal\/index.php?rest_route=\/wp\/v2\/posts\/152142","targetHints":{"allow":["GET"]}}],"collection":[{"href":"https:\/\/aconteceunovale.com.br\/portal\/index.php?rest_route=\/wp\/v2\/posts"}],"about":[{"href":"https:\/\/aconteceunovale.com.br\/portal\/index.php?rest_route=\/wp\/v2\/types\/post"}],"author":[{"embeddable":true,"href":"https:\/\/aconteceunovale.com.br\/portal\/index.php?rest_route=\/wp\/v2\/users\/1"}],"replies":[{"embeddable":true,"href":"https:\/\/aconteceunovale.com.br\/portal\/index.php?rest_route=%2Fwp%2Fv2%2Fcomments&post=152142"}],"version-history":[{"count":1,"href":"https:\/\/aconteceunovale.com.br\/portal\/index.php?rest_route=\/wp\/v2\/posts\/152142\/revisions"}],"predecessor-version":[{"id":152145,"href":"https:\/\/aconteceunovale.com.br\/portal\/index.php?rest_route=\/wp\/v2\/posts\/152142\/revisions\/152145"}],"wp:featuredmedia":[{"embeddable":true,"href":"https:\/\/aconteceunovale.com.br\/portal\/index.php?rest_route=\/wp\/v2\/media\/152144"}],"wp:attachment":[{"href":"https:\/\/aconteceunovale.com.br\/portal\/index.php?rest_route=%2Fwp%2Fv2%2Fmedia&parent=152142"}],"wp:term":[{"taxonomy":"category","embeddable":true,"href":"https:\/\/aconteceunovale.com.br\/portal\/index.php?rest_route=%2Fwp%2Fv2%2Fcategories&post=152142"},{"taxonomy":"post_tag","embeddable":true,"href":"https:\/\/aconteceunovale.com.br\/portal\/index.php?rest_route=%2Fwp%2Fv2%2Ftags&post=152142"}],"curies":[{"name":"wp","href":"https:\/\/api.w.org\/{rel}","templated":true}]}}