{"id":152136,"date":"2019-09-02T18:48:27","date_gmt":"2019-09-02T21:48:27","guid":{"rendered":"http:\/\/aconteceunovale.com.br\/portal\/?p=152136"},"modified":"2019-09-02T18:49:09","modified_gmt":"2019-09-02T21:49:09","slug":"tac-estabelece-prazo-para-dispensa-de-servidores-contratados-irregularmente-em-sao-joao-do-manteninha-no-leste-de-minas","status":"publish","type":"post","link":"https:\/\/aconteceunovale.com.br\/portal\/?p=152136","title":{"rendered":"TAC estabelece prazo para dispensa de servidores contratados irregularmente em S\u00e3o Jo\u00e3o do Manteninha, no Leste de Minas"},"content":{"rendered":"\n<p class=\"wp-block-paragraph\">O Minist\u00e9rio P\u00fablico de Minas Gerais (MPMG) firmou Termo de Ajustamento de Conduta (TAC) com o munic\u00edpio e com o prefeito de S\u00e3o Jo\u00e3o do Manteninha, na comarca de Mantena, devido a irregularidades nas contrata\u00e7\u00f5es tempor\u00e1rias de pessoal, sem pr\u00e9vio concurso p\u00fablico.<br><br>O munic\u00edpio do Vale do Rio Doce e o prefeito reconheceram, perante a 3\u00aa Promotoria de Justi\u00e7a de Mantena, a pr\u00e1tica de ato de improbidade administrativa e assumiram o compromisso de recolher aos cofres p\u00fablicos, em 30 dias, multa correspondente ao valor de um subs\u00eddio l\u00edquido do prefeito.<\/p>\n\n\n\n<p class=\"wp-block-paragraph\">Conforme o TAC, elaborado pelo promotor de Justi\u00e7a Reinaldo Pinto Lara, em caso de descumprimento de cl\u00e1usula que resultar em agente p\u00fablico contratado, nomeado ou mantido irregularmente, o prefeito se obrigar\u00e1 tamb\u00e9m a pagar multa de R$ 1.000,00 com corre\u00e7\u00e3o monet\u00e1ria, juros de 1% ao m\u00eas e mais 50% sobre este valor.<br><br>O TAC estabelece prazo de 10 meses para que cessem o preenchimento, sem pr\u00e9vio concurso p\u00fablico, dos cargos, empregos e fun\u00e7\u00f5es atualmente ocupados por meio de contratos e nomea\u00e7\u00f5es de oper\u00e1rio, carpinteiro, vigilante, arquivista, auxiliar de servi\u00e7os de educa\u00e7\u00e3o b\u00e1sica (n\u00edvel II), auxiliar de servi\u00e7os gerais, enfermeiro, gari, professor de educa\u00e7\u00e3o b\u00e1sica (n\u00edveis I e II) atendente de sa\u00fade, motorista de educa\u00e7\u00e3o b\u00e1sica, t\u00e9cnico em sa\u00fade bucal, pedreiro, mec\u00e2nico, operador de m\u00e1quinas, psic\u00f3logo do Nasf, m\u00e9dico, fisioterapeuta, t\u00e9cnico de enfermagem, educador f\u00edsico do Nasf, TNS \u2013 assistente social, psic\u00f3logo, eletricista, recepcionista, fonoaudi\u00f3logo do Nasf, operador de recep\u00e7\u00e3o de TV.<\/p>\n\n\n\n<p class=\"wp-block-paragraph\">Decorridos os 10 meses, dever\u00e3o ser mantidos nos quadros da prefeitura somente os servidores concursados, \u201cexceto os que, na forma das leis espec\u00edficas, estejam ocupando cargos em comiss\u00e3o, considerados de livre nomea\u00e7\u00e3o e destitui\u00e7\u00e3o; que sejam est\u00e1veis, nos termos da Constitui\u00e7\u00e3o da Rep\u00fablica, que foram ou que tenham sido contratados por tempo determinado para atender \u00e0 necessidade tempor\u00e1ria de excepcional interesse p\u00fablico\u201d.<\/p>\n\n\n\n<p class=\"wp-block-paragraph\">Nos casos de contrata\u00e7\u00e3o por prazo determinado para atender \u00e0 necessidade tempor\u00e1ria de excepcional interesse p\u00fablico, o munic\u00edpio e o prefeito \u201crealizar\u00e3o procedimento seletivo simplificado, sujeito \u00e0 ampla divulga\u00e7\u00e3o nos meios de comunica\u00e7\u00e3o, respeitados os princ\u00edpios norteadores da administra\u00e7\u00e3o p\u00fablica\u201d.<\/p>\n\n\n\n<p class=\"has-text-color has-background has-very-light-gray-color has-vivid-cyan-blue-background-color wp-block-paragraph\"><strong>VER PRIMEIRO: <\/strong>Receba as not\u00edcias do Aconteceu no Vale em primeira m\u00e3o. Clique em curtir no endere\u00e7o <a href=\"https:\/\/www.facebook.com\/aconteceunovale\" target=\"_blank\" rel=\"noreferrer noopener\">www.facebook.com\/aconteceunovale<\/a>.<\/p>\n","protected":false},"excerpt":{"rendered":"<p>O Minist\u00e9rio P\u00fablico de Minas Gerais (MPMG) firmou Termo de Ajustamento de Conduta (TAC) com o munic\u00edpio e com o prefeito de S\u00e3o Jo\u00e3o do Manteninha, na comarca de Mantena, devido a irregularidades nas contrata\u00e7\u00f5es tempor\u00e1rias de pessoal, sem pr\u00e9vio concurso p\u00fablico. O munic\u00edpio do Vale do Rio Doce e o prefeito reconheceram, perante a [&hellip;]<\/p>\n","protected":false},"author":1,"featured_media":152137,"comment_status":"open","ping_status":"closed","sticky":false,"template":"","format":"standard","meta":{"amp_status":"","footnotes":""},"categories":[121,40240],"tags":[1516,19674,19675,206473,206470,206474,1675,206468,206471,206469,206472],"class_list":["post-152136","post","type-post","status-publish","format-standard","has-post-thumbnail","hentry","category-leste","category-politica","tag-mantena","tag-ministerio-publico-de-minas-gerais","tag-mpmg","tag-prefeito-de-sao-joao-do-manteninha","tag-prefeitura-de-sao-joao-do-manteninha","tag-promotoria-de-justica-de-mantena","tag-sao-joao-do-manteninha","tag-servidores-irregulares-sao-joao-do-manteninha","tag-tac-estabelece-prazo-para-dispensa-de-servidores-contratados-irregularmente-em-sao-joao-do-manteninha","tag-tac-estabelece-prazo-para-dispensa-de-servidores-contratados-irregularmente-em-sao-joao-do-manteninha-no-leste-de-minas","tag-tac-prefeitura-de-sao-joao-do-manteninha"],"yoast_head":"<!-- This site is optimized with the Yoast SEO plugin v28.3 - https:\/\/yoast.com\/product\/yoast-seo-wordpress\/ -->\n<title>TAC estabelece prazo para dispensa de servidores contratados irregularmente em S\u00e3o Jo\u00e3o do Manteninha, no Leste de Minas - Aconteceu no Vale<\/title>\n<meta name=\"robots\" content=\"index, follow, max-snippet:-1, max-image-preview:large, max-video-preview:-1\" \/>\n<link rel=\"canonical\" href=\"https:\/\/aconteceunovale.com.br\/portal\/?p=152136\" \/>\n<meta property=\"og:locale\" content=\"pt_BR\" \/>\n<meta property=\"og:type\" content=\"article\" \/>\n<meta property=\"og:title\" content=\"TAC estabelece prazo para dispensa de servidores contratados irregularmente em S\u00e3o Jo\u00e3o do Manteninha, no Leste de Minas - Aconteceu no Vale\" \/>\n<meta property=\"og:description\" content=\"O Minist\u00e9rio P\u00fablico de Minas Gerais (MPMG) firmou Termo de Ajustamento de Conduta (TAC) com o munic\u00edpio e com o prefeito de S\u00e3o Jo\u00e3o do Manteninha, na comarca de Mantena, devido a irregularidades nas contrata\u00e7\u00f5es tempor\u00e1rias de pessoal, sem pr\u00e9vio concurso p\u00fablico. O munic\u00edpio do Vale do Rio Doce e o prefeito reconheceram, perante a [&hellip;]\" \/>\n<meta property=\"og:url\" content=\"https:\/\/aconteceunovale.com.br\/portal\/?p=152136\" \/>\n<meta property=\"og:site_name\" content=\"Aconteceu no Vale\" \/>\n<meta property=\"article:publisher\" content=\"https:\/\/www.facebook.com\/aconteceunovale\/\" \/>\n<meta property=\"article:published_time\" content=\"2019-09-02T21:48:27+00:00\" \/>\n<meta property=\"article:modified_time\" content=\"2019-09-02T21:49:09+00:00\" \/>\n<meta property=\"og:image\" content=\"https:\/\/aconteceunovale.com.br\/portal\/wp-content\/uploads\/2019\/09\/prefeitura_sao_joao_manteninha.jpg\" \/>\n\t<meta property=\"og:image:width\" content=\"678\" \/>\n\t<meta property=\"og:image:height\" content=\"395\" \/>\n\t<meta property=\"og:image:type\" content=\"image\/jpeg\" \/>\n<meta name=\"author\" content=\"Aconteceu no Vale\" \/>\n<meta name=\"twitter:card\" content=\"summary_large_image\" \/>\n<meta name=\"twitter:creator\" content=\"@noticiadosvales\" \/>\n<meta name=\"twitter:site\" content=\"@noticiadosvales\" \/>\n<meta name=\"twitter:label1\" content=\"Escrito por\" \/>\n\t<meta name=\"twitter:data1\" content=\"Aconteceu no Vale\" \/>\n\t<meta name=\"twitter:label2\" content=\"Est. tempo de leitura\" \/>\n\t<meta name=\"twitter:data2\" content=\"2 minutos\" \/>\n<script type=\"application\/ld+json\" class=\"yoast-schema-graph\">{\"@context\":\"https:\\\/\\\/schema.org\",\"@graph\":[{\"@type\":\"Article\",\"@id\":\"https:\\\/\\\/aconteceunovale.com.br\\\/portal\\\/?p=152136#article\",\"isPartOf\":{\"@id\":\"https:\\\/\\\/aconteceunovale.com.br\\\/portal\\\/?p=152136\"},\"author\":{\"name\":\"Aconteceu no Vale\",\"@id\":\"https:\\\/\\\/aconteceunovale.com.br\\\/portal\\\/#\\\/schema\\\/person\\\/633529146f2c94272bef50ac2953d589\"},\"headline\":\"TAC estabelece prazo para dispensa de servidores contratados irregularmente em S\u00e3o Jo\u00e3o do Manteninha, no Leste de Minas\",\"datePublished\":\"2019-09-02T21:48:27+00:00\",\"dateModified\":\"2019-09-02T21:49:09+00:00\",\"mainEntityOfPage\":{\"@id\":\"https:\\\/\\\/aconteceunovale.com.br\\\/portal\\\/?p=152136\"},\"wordCount\":445,\"commentCount\":0,\"image\":{\"@id\":\"https:\\\/\\\/aconteceunovale.com.br\\\/portal\\\/?p=152136#primaryimage\"},\"thumbnailUrl\":\"https:\\\/\\\/aconteceunovale.com.br\\\/portal\\\/wp-content\\\/uploads\\\/2019\\\/09\\\/prefeitura_sao_joao_manteninha.jpg\",\"keywords\":[\"Mantena\",\"Minist\u00e9rio P\u00fablico de Minas Gerais\",\"MPMG\",\"Prefeito de S\u00e3o Jo\u00e3o do Manteninha\",\"Prefeitura de S\u00e3o Jo\u00e3o do Manteninha\",\"Promotoria de Justi\u00e7a de Mantena\",\"S\u00e3o Jo\u00e3o do Manteninha\",\"Servidores irregulares S\u00e3o Jo\u00e3o do Manteninha\",\"TAC estabelece prazo para dispensa de servidores contratados irregularmente em S\u00e3o Jo\u00e3o do Manteninha\",\"TAC estabelece prazo para dispensa de servidores contratados irregularmente em S\u00e3o Jo\u00e3o do Manteninha no Leste de Minas\",\"TAC Prefeitura de S\u00e3o Jo\u00e3o do Manteninha\"],\"articleSection\":[\"Leste de Minas\",\"Pol\u00edtica\"],\"inLanguage\":\"pt-BR\",\"potentialAction\":[{\"@type\":\"CommentAction\",\"name\":\"Comment\",\"target\":[\"https:\\\/\\\/aconteceunovale.com.br\\\/portal\\\/?p=152136#respond\"]}]},{\"@type\":\"WebPage\",\"@id\":\"https:\\\/\\\/aconteceunovale.com.br\\\/portal\\\/?p=152136\",\"url\":\"https:\\\/\\\/aconteceunovale.com.br\\\/portal\\\/?p=152136\",\"name\":\"TAC estabelece prazo para dispensa de servidores contratados irregularmente em S\u00e3o Jo\u00e3o do Manteninha, no Leste de Minas - Aconteceu no Vale\",\"isPartOf\":{\"@id\":\"https:\\\/\\\/aconteceunovale.com.br\\\/portal\\\/#website\"},\"primaryImageOfPage\":{\"@id\":\"https:\\\/\\\/aconteceunovale.com.br\\\/portal\\\/?p=152136#primaryimage\"},\"image\":{\"@id\":\"https:\\\/\\\/aconteceunovale.com.br\\\/portal\\\/?p=152136#primaryimage\"},\"thumbnailUrl\":\"https:\\\/\\\/aconteceunovale.com.br\\\/portal\\\/wp-content\\\/uploads\\\/2019\\\/09\\\/prefeitura_sao_joao_manteninha.jpg\",\"datePublished\":\"2019-09-02T21:48:27+00:00\",\"dateModified\":\"2019-09-02T21:49:09+00:00\",\"author\":{\"@id\":\"https:\\\/\\\/aconteceunovale.com.br\\\/portal\\\/#\\\/schema\\\/person\\\/633529146f2c94272bef50ac2953d589\"},\"breadcrumb\":{\"@id\":\"https:\\\/\\\/aconteceunovale.com.br\\\/portal\\\/?p=152136#breadcrumb\"},\"inLanguage\":\"pt-BR\",\"potentialAction\":[{\"@type\":\"ReadAction\",\"target\":[\"https:\\\/\\\/aconteceunovale.com.br\\\/portal\\\/?p=152136\"]}]},{\"@type\":\"ImageObject\",\"inLanguage\":\"pt-BR\",\"@id\":\"https:\\\/\\\/aconteceunovale.com.br\\\/portal\\\/?p=152136#primaryimage\",\"url\":\"https:\\\/\\\/aconteceunovale.com.br\\\/portal\\\/wp-content\\\/uploads\\\/2019\\\/09\\\/prefeitura_sao_joao_manteninha.jpg\",\"contentUrl\":\"https:\\\/\\\/aconteceunovale.com.br\\\/portal\\\/wp-content\\\/uploads\\\/2019\\\/09\\\/prefeitura_sao_joao_manteninha.jpg\",\"width\":678,\"height\":395},{\"@type\":\"BreadcrumbList\",\"@id\":\"https:\\\/\\\/aconteceunovale.com.br\\\/portal\\\/?p=152136#breadcrumb\",\"itemListElement\":[{\"@type\":\"ListItem\",\"position\":1,\"name\":\"In\u00edcio\",\"item\":\"https:\\\/\\\/aconteceunovale.com.br\\\/portal\\\/\"},{\"@type\":\"ListItem\",\"position\":2,\"name\":\"TAC estabelece prazo para dispensa de servidores contratados irregularmente em S\u00e3o Jo\u00e3o do Manteninha, no Leste de Minas\"}]},{\"@type\":\"WebSite\",\"@id\":\"https:\\\/\\\/aconteceunovale.com.br\\\/portal\\\/#website\",\"url\":\"https:\\\/\\\/aconteceunovale.com.br\\\/portal\\\/\",\"name\":\"Aconteceu no Vale\",\"description\":\"Portal de Not\u00edcias\",\"potentialAction\":[{\"@type\":\"SearchAction\",\"target\":{\"@type\":\"EntryPoint\",\"urlTemplate\":\"https:\\\/\\\/aconteceunovale.com.br\\\/portal\\\/?s={search_term_string}\"},\"query-input\":{\"@type\":\"PropertyValueSpecification\",\"valueRequired\":true,\"valueName\":\"search_term_string\"}}],\"inLanguage\":\"pt-BR\"},{\"@type\":\"Person\",\"@id\":\"https:\\\/\\\/aconteceunovale.com.br\\\/portal\\\/#\\\/schema\\\/person\\\/633529146f2c94272bef50ac2953d589\",\"name\":\"Aconteceu no Vale\",\"description\":\"Equipe de reportagem do Aconteceu no Vale, portal de not\u00edcias do Vale do Jequitinhonha, em Minas Gerais. Cobrimos as 51 cidades do Vale desde 2013. Sugest\u00f5es de pauta e pedidos de corre\u00e7\u00e3o: contato@aconteceunovale.com.br\",\"sameAs\":[\"http:\\\/\\\/www.aconteceunovale.com.br\"],\"url\":\"https:\\\/\\\/aconteceunovale.com.br\\\/portal\\\/?author=1\"}]}<\/script>\n<!-- \/ Yoast SEO plugin. -->","yoast_head_json":{"title":"TAC estabelece prazo para dispensa de servidores contratados irregularmente em S\u00e3o Jo\u00e3o do Manteninha, no Leste de Minas - Aconteceu no Vale","robots":{"index":"index","follow":"follow","max-snippet":"max-snippet:-1","max-image-preview":"max-image-preview:large","max-video-preview":"max-video-preview:-1"},"canonical":"https:\/\/aconteceunovale.com.br\/portal\/?p=152136","og_locale":"pt_BR","og_type":"article","og_title":"TAC estabelece prazo para dispensa de servidores contratados irregularmente em S\u00e3o Jo\u00e3o do Manteninha, no Leste de Minas - Aconteceu no Vale","og_description":"O Minist\u00e9rio P\u00fablico de Minas Gerais (MPMG) firmou Termo de Ajustamento de Conduta (TAC) com o munic\u00edpio e com o prefeito de S\u00e3o Jo\u00e3o do Manteninha, na comarca de Mantena, devido a irregularidades nas contrata\u00e7\u00f5es tempor\u00e1rias de pessoal, sem pr\u00e9vio concurso p\u00fablico. O munic\u00edpio do Vale do Rio Doce e o prefeito reconheceram, perante a [&hellip;]","og_url":"https:\/\/aconteceunovale.com.br\/portal\/?p=152136","og_site_name":"Aconteceu no Vale","article_publisher":"https:\/\/www.facebook.com\/aconteceunovale\/","article_published_time":"2019-09-02T21:48:27+00:00","article_modified_time":"2019-09-02T21:49:09+00:00","og_image":[{"width":678,"height":395,"url":"https:\/\/aconteceunovale.com.br\/portal\/wp-content\/uploads\/2019\/09\/prefeitura_sao_joao_manteninha.jpg","type":"image\/jpeg"}],"author":"Aconteceu no Vale","twitter_card":"summary_large_image","twitter_creator":"@noticiadosvales","twitter_site":"@noticiadosvales","twitter_misc":{"Escrito por":"Aconteceu no Vale","Est. tempo de leitura":"2 minutos"},"schema":{"@context":"https:\/\/schema.org","@graph":[{"@type":"Article","@id":"https:\/\/aconteceunovale.com.br\/portal\/?p=152136#article","isPartOf":{"@id":"https:\/\/aconteceunovale.com.br\/portal\/?p=152136"},"author":{"name":"Aconteceu no Vale","@id":"https:\/\/aconteceunovale.com.br\/portal\/#\/schema\/person\/633529146f2c94272bef50ac2953d589"},"headline":"TAC estabelece prazo para dispensa de servidores contratados irregularmente em S\u00e3o Jo\u00e3o do Manteninha, no Leste de Minas","datePublished":"2019-09-02T21:48:27+00:00","dateModified":"2019-09-02T21:49:09+00:00","mainEntityOfPage":{"@id":"https:\/\/aconteceunovale.com.br\/portal\/?p=152136"},"wordCount":445,"commentCount":0,"image":{"@id":"https:\/\/aconteceunovale.com.br\/portal\/?p=152136#primaryimage"},"thumbnailUrl":"https:\/\/aconteceunovale.com.br\/portal\/wp-content\/uploads\/2019\/09\/prefeitura_sao_joao_manteninha.jpg","keywords":["Mantena","Minist\u00e9rio P\u00fablico de Minas Gerais","MPMG","Prefeito de S\u00e3o Jo\u00e3o do Manteninha","Prefeitura de S\u00e3o Jo\u00e3o do Manteninha","Promotoria de Justi\u00e7a de Mantena","S\u00e3o Jo\u00e3o do Manteninha","Servidores irregulares S\u00e3o Jo\u00e3o do Manteninha","TAC estabelece prazo para dispensa de servidores contratados irregularmente em S\u00e3o Jo\u00e3o do Manteninha","TAC estabelece prazo para dispensa de servidores contratados irregularmente em S\u00e3o Jo\u00e3o do Manteninha no Leste de Minas","TAC Prefeitura de S\u00e3o Jo\u00e3o do Manteninha"],"articleSection":["Leste de Minas","Pol\u00edtica"],"inLanguage":"pt-BR","potentialAction":[{"@type":"CommentAction","name":"Comment","target":["https:\/\/aconteceunovale.com.br\/portal\/?p=152136#respond"]}]},{"@type":"WebPage","@id":"https:\/\/aconteceunovale.com.br\/portal\/?p=152136","url":"https:\/\/aconteceunovale.com.br\/portal\/?p=152136","name":"TAC estabelece prazo para dispensa de servidores contratados irregularmente em S\u00e3o Jo\u00e3o do Manteninha, no Leste de Minas - Aconteceu no Vale","isPartOf":{"@id":"https:\/\/aconteceunovale.com.br\/portal\/#website"},"primaryImageOfPage":{"@id":"https:\/\/aconteceunovale.com.br\/portal\/?p=152136#primaryimage"},"image":{"@id":"https:\/\/aconteceunovale.com.br\/portal\/?p=152136#primaryimage"},"thumbnailUrl":"https:\/\/aconteceunovale.com.br\/portal\/wp-content\/uploads\/2019\/09\/prefeitura_sao_joao_manteninha.jpg","datePublished":"2019-09-02T21:48:27+00:00","dateModified":"2019-09-02T21:49:09+00:00","author":{"@id":"https:\/\/aconteceunovale.com.br\/portal\/#\/schema\/person\/633529146f2c94272bef50ac2953d589"},"breadcrumb":{"@id":"https:\/\/aconteceunovale.com.br\/portal\/?p=152136#breadcrumb"},"inLanguage":"pt-BR","potentialAction":[{"@type":"ReadAction","target":["https:\/\/aconteceunovale.com.br\/portal\/?p=152136"]}]},{"@type":"ImageObject","inLanguage":"pt-BR","@id":"https:\/\/aconteceunovale.com.br\/portal\/?p=152136#primaryimage","url":"https:\/\/aconteceunovale.com.br\/portal\/wp-content\/uploads\/2019\/09\/prefeitura_sao_joao_manteninha.jpg","contentUrl":"https:\/\/aconteceunovale.com.br\/portal\/wp-content\/uploads\/2019\/09\/prefeitura_sao_joao_manteninha.jpg","width":678,"height":395},{"@type":"BreadcrumbList","@id":"https:\/\/aconteceunovale.com.br\/portal\/?p=152136#breadcrumb","itemListElement":[{"@type":"ListItem","position":1,"name":"In\u00edcio","item":"https:\/\/aconteceunovale.com.br\/portal\/"},{"@type":"ListItem","position":2,"name":"TAC estabelece prazo para dispensa de servidores contratados irregularmente em S\u00e3o Jo\u00e3o do Manteninha, no Leste de Minas"}]},{"@type":"WebSite","@id":"https:\/\/aconteceunovale.com.br\/portal\/#website","url":"https:\/\/aconteceunovale.com.br\/portal\/","name":"Aconteceu no Vale","description":"Portal de Not\u00edcias","potentialAction":[{"@type":"SearchAction","target":{"@type":"EntryPoint","urlTemplate":"https:\/\/aconteceunovale.com.br\/portal\/?s={search_term_string}"},"query-input":{"@type":"PropertyValueSpecification","valueRequired":true,"valueName":"search_term_string"}}],"inLanguage":"pt-BR"},{"@type":"Person","@id":"https:\/\/aconteceunovale.com.br\/portal\/#\/schema\/person\/633529146f2c94272bef50ac2953d589","name":"Aconteceu no Vale","description":"Equipe de reportagem do Aconteceu no Vale, portal de not\u00edcias do Vale do Jequitinhonha, em Minas Gerais. Cobrimos as 51 cidades do Vale desde 2013. Sugest\u00f5es de pauta e pedidos de corre\u00e7\u00e3o: contato@aconteceunovale.com.br","sameAs":["http:\/\/www.aconteceunovale.com.br"],"url":"https:\/\/aconteceunovale.com.br\/portal\/?author=1"}]}},"_links":{"self":[{"href":"https:\/\/aconteceunovale.com.br\/portal\/index.php?rest_route=\/wp\/v2\/posts\/152136","targetHints":{"allow":["GET"]}}],"collection":[{"href":"https:\/\/aconteceunovale.com.br\/portal\/index.php?rest_route=\/wp\/v2\/posts"}],"about":[{"href":"https:\/\/aconteceunovale.com.br\/portal\/index.php?rest_route=\/wp\/v2\/types\/post"}],"author":[{"embeddable":true,"href":"https:\/\/aconteceunovale.com.br\/portal\/index.php?rest_route=\/wp\/v2\/users\/1"}],"replies":[{"embeddable":true,"href":"https:\/\/aconteceunovale.com.br\/portal\/index.php?rest_route=%2Fwp%2Fv2%2Fcomments&post=152136"}],"version-history":[{"count":1,"href":"https:\/\/aconteceunovale.com.br\/portal\/index.php?rest_route=\/wp\/v2\/posts\/152136\/revisions"}],"predecessor-version":[{"id":152138,"href":"https:\/\/aconteceunovale.com.br\/portal\/index.php?rest_route=\/wp\/v2\/posts\/152136\/revisions\/152138"}],"wp:featuredmedia":[{"embeddable":true,"href":"https:\/\/aconteceunovale.com.br\/portal\/index.php?rest_route=\/wp\/v2\/media\/152137"}],"wp:attachment":[{"href":"https:\/\/aconteceunovale.com.br\/portal\/index.php?rest_route=%2Fwp%2Fv2%2Fmedia&parent=152136"}],"wp:term":[{"taxonomy":"category","embeddable":true,"href":"https:\/\/aconteceunovale.com.br\/portal\/index.php?rest_route=%2Fwp%2Fv2%2Fcategories&post=152136"},{"taxonomy":"post_tag","embeddable":true,"href":"https:\/\/aconteceunovale.com.br\/portal\/index.php?rest_route=%2Fwp%2Fv2%2Ftags&post=152136"}],"curies":[{"name":"wp","href":"https:\/\/api.w.org\/{rel}","templated":true}]}}