{"id":152131,"date":"2019-09-02T18:02:20","date_gmt":"2019-09-02T21:02:20","guid":{"rendered":"http:\/\/aconteceunovale.com.br\/portal\/?p=152131"},"modified":"2019-09-02T18:02:24","modified_gmt":"2019-09-02T21:02:24","slug":"governo-de-minas-assina-protocolo-de-intencoes-com-empresa-do-setor-aeroespacial","status":"publish","type":"post","link":"https:\/\/aconteceunovale.com.br\/portal\/?p=152131","title":{"rendered":"Governo de Minas assina protocolo de inten\u00e7\u00f5es com empresa do setor aeroespacial"},"content":{"rendered":"\n<p class=\"wp-block-paragraph\">O Governo de Minas Gerais, por meio das secretarias de Estado de Desenvolvimento Econ\u00f4mico (Sede) e da Fazenda (SEF), assinou, na manh\u00e3 desta segunda-feira (2\/9), um protocolo de inten\u00e7\u00f5es com a empresa Pratt &amp; Whitney. A iniciativa muda os rumos do setor aeroespacial no estado e no Brasil, uma vez que a empresa canadense implantar\u00e1, at\u00e9 dezembro deste ano, uma unidade no munic\u00edpio de S\u00e3o Jos\u00e9 da Lapa, na Regi\u00e3o Metropolitana de Belo Horizonte (RMBH).<\/p>\n\n\n\n<p class=\"wp-block-paragraph\">O espa\u00e7o ser\u00e1 destinado \u00e0 presta\u00e7\u00e3o de servi\u00e7os de manuten\u00e7\u00e3o aeron\u00e1utica e \u00e0 comercializa\u00e7\u00e3o de partes, pe\u00e7as e outros materiais de reposi\u00e7\u00e3o, manuten\u00e7\u00e3o ou reparo de aeronaves, inclusive equipamentos e instrumentos de uso aeron\u00e1utico. \u201cAtualmente, cerca de 3,5 mil motores Pratt est\u00e3o no Brasil. Esta parceria viabiliza a manuten\u00e7\u00e3o dos equipamentos, sem a necessidade de mand\u00e1-los para fora do pa\u00eds\u201d, explica o gerente-geral da Pratt &amp; Whitney, Renato Rafael.<\/p>\n\n\n\n<p class=\"wp-block-paragraph\">A unidade ser\u00e1 implantada pr\u00f3ximo ao Aeroporto Tancredo Neves, considerado o aeroporto mais conectado do pa\u00eds, com 47 destinos. Estar pr\u00f3ximo a Confins \u00e9 estrat\u00e9gico para atender ao mercado de avia\u00e7\u00e3o geral, dentre eles, helic\u00f3pteros. \u201cA instala\u00e7\u00e3o surgiu de uma necessidade de encurtar dist\u00e2ncias e custos\u201d, acrescenta Rafael.<\/p>\n\n\n\n<p class=\"wp-block-paragraph\">O investimento inicial \u00e9 de mais de R$ 60 milh\u00f5es, com expectativa de gera\u00e7\u00e3o de 13 empregos diretos e 17 indiretos. Para o presidente da Ag\u00eancia de Promo\u00e7\u00e3o de Investimento e Com\u00e9rcio Exterior de Minas Gerais (Indi), Thiago Toscano, a assinatura do protocolo \u00e9 para retorno imediato para o Estado, o que n\u00e3o \u00e9 t\u00e3o comum. \u201cOs planos s\u00e3o para que a unidade j\u00e1 receba o primeiro motor ainda em dezembro deste ano\u201d, afirma Toscano.<\/p>\n\n\n\n<p class=\"wp-block-paragraph\">Para o secret\u00e1rio de Desenvolvimento Econ\u00f4mico, Vitor de Mendon\u00e7a, esta parceria mostra as in\u00fameras oportunidades que Minas Gerais oferece ao mercado. \u201cO setor aeroespacial \u00e9 forte e a empresa Pratt est\u00e1 investindo em nossa regi\u00e3o no momento correto. \u00c9 com muita satisfa\u00e7\u00e3o que viabilizamos esta a\u00e7\u00e3o e estamos abertos para o suporte necess\u00e1rio\u201d, afirma Vitor.<\/p>\n\n\n\n<figure class=\"wp-block-image\"><img loading=\"lazy\" decoding=\"async\" width=\"675\" height=\"450\" src=\"http:\/\/aconteceunovale.com.br\/portal\/wp-content\/uploads\/2019\/09\/aeroespacial_mg.jpg\" alt=\"\" class=\"wp-image-152132\" srcset=\"https:\/\/aconteceunovale.com.br\/portal\/wp-content\/uploads\/2019\/09\/aeroespacial_mg.jpg 675w, https:\/\/aconteceunovale.com.br\/portal\/wp-content\/uploads\/2019\/09\/aeroespacial_mg-300x200.jpg 300w, https:\/\/aconteceunovale.com.br\/portal\/wp-content\/uploads\/2019\/09\/aeroespacial_mg-630x420.jpg 630w\" sizes=\"auto, (max-width: 675px) 100vw, 675px\" \/><figcaption><em> Foto: Divulga\u00e7\u00e3o\/Sede<\/em><\/figcaption><\/figure>\n\n\n\n<p class=\"wp-block-paragraph\"><strong>Avia\u00e7\u00e3o e Servi\u00e7os<\/strong><\/p>\n\n\n\n<p class=\"wp-block-paragraph\">A unidade da Pratt &amp; Whitney est\u00e1 sendo instalada no terreno da empresa Ind\u00fastria de Avia\u00e7\u00e3o e Servi\u00e7os (IAS). Refer\u00eancia no setor aeroespacial, a empresa brasileira busca ampliar suas atividades com a parceria feita com a empresa canadense.<\/p>\n\n\n\n<p class=\"wp-block-paragraph\">Na \u00faltima quinta-feira (29\/8), o secret\u00e1rio-adjunto da Sede, Adriano Magalh\u00e3es, visitou a empresa IAS, em S\u00e3o Jos\u00e9 da Lapa. A visita faz parte da estrat\u00e9gia do atual governo de entender as atuais demandas do setor aeroespacial no estado. \u201cEstamos visitando outras empresas em busca de integra\u00e7\u00e3o, apoiando, principalmente, na \u00e1rea de inova\u00e7\u00e3o\u201d, explica Magalh\u00e3es. Para ele, o setor aeroespacial tem grande potencial de crescimento em Minas Gerais. \u201cAl\u00e9m de atrair as empresas para o estado, o governo busca unir academia e as empresas j\u00e1 consolidadas\u201d, afirma.<\/p>\n\n\n\n<p class=\"has-text-color has-background has-very-light-gray-color has-vivid-cyan-blue-background-color wp-block-paragraph\"><strong>VER PRIMEIRO: <\/strong>Receba as not\u00edcias do Aconteceu no Vale em primeira m\u00e3o. Clique em curtir no endere\u00e7o <a href=\"https:\/\/www.facebook.com\/aconteceunovale\" target=\"_blank\" rel=\"noreferrer noopener\">www.facebook.com\/aconteceunovale<\/a>.<\/p>\n","protected":false},"excerpt":{"rendered":"<p>O Governo de Minas Gerais, por meio das secretarias de Estado de Desenvolvimento Econ\u00f4mico (Sede) e da Fazenda (SEF), assinou, na manh\u00e3 desta segunda-feira (2\/9), um protocolo de inten\u00e7\u00f5es com a empresa Pratt &amp; Whitney. A iniciativa muda os rumos do setor aeroespacial no estado e no Brasil, uma vez que a empresa canadense implantar\u00e1, [&hellip;]<\/p>\n","protected":false},"author":1,"featured_media":152132,"comment_status":"open","ping_status":"closed","sticky":false,"template":"","format":"standard","meta":{"amp_status":"","footnotes":""},"categories":[123,28848],"tags":[206457,51191,206458,206459,206461,206462,26146,206460],"class_list":["post-152131","post","type-post","status-publish","format-standard","has-post-thumbnail","hentry","category-gerais","category-mundo","tag-governo-de-minas-assina-protocolo-de-intencoes-com-empresa-do-setor-aeroespacial","tag-governo-de-minas-gerais","tag-pratt-whitney","tag-pratt-whitney-em-minas-gerais","tag-pratt-whitney-em-sao-jose-da-lapa","tag-renato-rafael","tag-sao-jose-da-lapa","tag-unidade-da-pratt-whitney-em-minas-gerais"],"yoast_head":"<!-- This site is optimized with the Yoast SEO plugin v28.3 - https:\/\/yoast.com\/product\/yoast-seo-wordpress\/ -->\n<title>Governo de Minas assina protocolo de inten\u00e7\u00f5es com empresa do setor aeroespacial - Aconteceu no Vale<\/title>\n<meta name=\"robots\" content=\"index, follow, max-snippet:-1, max-image-preview:large, max-video-preview:-1\" \/>\n<link rel=\"canonical\" href=\"https:\/\/aconteceunovale.com.br\/portal\/?p=152131\" \/>\n<meta property=\"og:locale\" content=\"pt_BR\" \/>\n<meta property=\"og:type\" content=\"article\" \/>\n<meta property=\"og:title\" content=\"Governo de Minas assina protocolo de inten\u00e7\u00f5es com empresa do setor aeroespacial - Aconteceu no Vale\" \/>\n<meta property=\"og:description\" content=\"O Governo de Minas Gerais, por meio das secretarias de Estado de Desenvolvimento Econ\u00f4mico (Sede) e da Fazenda (SEF), assinou, na manh\u00e3 desta segunda-feira (2\/9), um protocolo de inten\u00e7\u00f5es com a empresa Pratt &amp; Whitney. A iniciativa muda os rumos do setor aeroespacial no estado e no Brasil, uma vez que a empresa canadense implantar\u00e1, [&hellip;]\" \/>\n<meta property=\"og:url\" content=\"https:\/\/aconteceunovale.com.br\/portal\/?p=152131\" \/>\n<meta property=\"og:site_name\" content=\"Aconteceu no Vale\" \/>\n<meta property=\"article:publisher\" content=\"https:\/\/www.facebook.com\/aconteceunovale\/\" \/>\n<meta property=\"article:published_time\" content=\"2019-09-02T21:02:20+00:00\" \/>\n<meta property=\"article:modified_time\" content=\"2019-09-02T21:02:24+00:00\" \/>\n<meta property=\"og:image\" content=\"https:\/\/aconteceunovale.com.br\/portal\/wp-content\/uploads\/2019\/09\/aeroespacial_mg.jpg\" \/>\n\t<meta property=\"og:image:width\" content=\"675\" \/>\n\t<meta property=\"og:image:height\" content=\"450\" \/>\n\t<meta property=\"og:image:type\" content=\"image\/jpeg\" \/>\n<meta name=\"author\" content=\"Aconteceu no Vale\" \/>\n<meta name=\"twitter:card\" content=\"summary_large_image\" \/>\n<meta name=\"twitter:creator\" content=\"@noticiadosvales\" \/>\n<meta name=\"twitter:site\" content=\"@noticiadosvales\" \/>\n<meta name=\"twitter:label1\" content=\"Escrito por\" \/>\n\t<meta name=\"twitter:data1\" content=\"Aconteceu no Vale\" \/>\n\t<meta name=\"twitter:label2\" content=\"Est. tempo de leitura\" \/>\n\t<meta name=\"twitter:data2\" content=\"3 minutos\" \/>\n<script type=\"application\/ld+json\" class=\"yoast-schema-graph\">{\"@context\":\"https:\\\/\\\/schema.org\",\"@graph\":[{\"@type\":\"Article\",\"@id\":\"https:\\\/\\\/aconteceunovale.com.br\\\/portal\\\/?p=152131#article\",\"isPartOf\":{\"@id\":\"https:\\\/\\\/aconteceunovale.com.br\\\/portal\\\/?p=152131\"},\"author\":{\"name\":\"Aconteceu no Vale\",\"@id\":\"https:\\\/\\\/aconteceunovale.com.br\\\/portal\\\/#\\\/schema\\\/person\\\/633529146f2c94272bef50ac2953d589\"},\"headline\":\"Governo de Minas assina protocolo de inten\u00e7\u00f5es com empresa do setor aeroespacial\",\"datePublished\":\"2019-09-02T21:02:20+00:00\",\"dateModified\":\"2019-09-02T21:02:24+00:00\",\"mainEntityOfPage\":{\"@id\":\"https:\\\/\\\/aconteceunovale.com.br\\\/portal\\\/?p=152131\"},\"wordCount\":532,\"commentCount\":0,\"image\":{\"@id\":\"https:\\\/\\\/aconteceunovale.com.br\\\/portal\\\/?p=152131#primaryimage\"},\"thumbnailUrl\":\"https:\\\/\\\/aconteceunovale.com.br\\\/portal\\\/wp-content\\\/uploads\\\/2019\\\/09\\\/aeroespacial_mg.jpg\",\"keywords\":[\"Governo de Minas assina protocolo de inten\u00e7\u00f5es com empresa do setor aeroespacial\",\"Governo de Minas Gerais\",\"Pratt &amp; Whitney\",\"Pratt &amp; Whitney em Minas Gerais\",\"Pratt &amp; Whitney em S\u00e3o Jos\u00e9 da Lapa\",\"Renato Rafael\",\"S\u00e3o Jos\u00e9 da Lapa\",\"Unidade da Pratt &amp; Whitney em Minas Gerais\"],\"articleSection\":[\"Minas Gerais\",\"Mundo\"],\"inLanguage\":\"pt-BR\",\"potentialAction\":[{\"@type\":\"CommentAction\",\"name\":\"Comment\",\"target\":[\"https:\\\/\\\/aconteceunovale.com.br\\\/portal\\\/?p=152131#respond\"]}]},{\"@type\":\"WebPage\",\"@id\":\"https:\\\/\\\/aconteceunovale.com.br\\\/portal\\\/?p=152131\",\"url\":\"https:\\\/\\\/aconteceunovale.com.br\\\/portal\\\/?p=152131\",\"name\":\"Governo de Minas assina protocolo de inten\u00e7\u00f5es com empresa do setor aeroespacial - Aconteceu no Vale\",\"isPartOf\":{\"@id\":\"https:\\\/\\\/aconteceunovale.com.br\\\/portal\\\/#website\"},\"primaryImageOfPage\":{\"@id\":\"https:\\\/\\\/aconteceunovale.com.br\\\/portal\\\/?p=152131#primaryimage\"},\"image\":{\"@id\":\"https:\\\/\\\/aconteceunovale.com.br\\\/portal\\\/?p=152131#primaryimage\"},\"thumbnailUrl\":\"https:\\\/\\\/aconteceunovale.com.br\\\/portal\\\/wp-content\\\/uploads\\\/2019\\\/09\\\/aeroespacial_mg.jpg\",\"datePublished\":\"2019-09-02T21:02:20+00:00\",\"dateModified\":\"2019-09-02T21:02:24+00:00\",\"author\":{\"@id\":\"https:\\\/\\\/aconteceunovale.com.br\\\/portal\\\/#\\\/schema\\\/person\\\/633529146f2c94272bef50ac2953d589\"},\"breadcrumb\":{\"@id\":\"https:\\\/\\\/aconteceunovale.com.br\\\/portal\\\/?p=152131#breadcrumb\"},\"inLanguage\":\"pt-BR\",\"potentialAction\":[{\"@type\":\"ReadAction\",\"target\":[\"https:\\\/\\\/aconteceunovale.com.br\\\/portal\\\/?p=152131\"]}]},{\"@type\":\"ImageObject\",\"inLanguage\":\"pt-BR\",\"@id\":\"https:\\\/\\\/aconteceunovale.com.br\\\/portal\\\/?p=152131#primaryimage\",\"url\":\"https:\\\/\\\/aconteceunovale.com.br\\\/portal\\\/wp-content\\\/uploads\\\/2019\\\/09\\\/aeroespacial_mg.jpg\",\"contentUrl\":\"https:\\\/\\\/aconteceunovale.com.br\\\/portal\\\/wp-content\\\/uploads\\\/2019\\\/09\\\/aeroespacial_mg.jpg\",\"width\":675,\"height\":450},{\"@type\":\"BreadcrumbList\",\"@id\":\"https:\\\/\\\/aconteceunovale.com.br\\\/portal\\\/?p=152131#breadcrumb\",\"itemListElement\":[{\"@type\":\"ListItem\",\"position\":1,\"name\":\"In\u00edcio\",\"item\":\"https:\\\/\\\/aconteceunovale.com.br\\\/portal\\\/\"},{\"@type\":\"ListItem\",\"position\":2,\"name\":\"Governo de Minas assina protocolo de inten\u00e7\u00f5es com empresa do setor aeroespacial\"}]},{\"@type\":\"WebSite\",\"@id\":\"https:\\\/\\\/aconteceunovale.com.br\\\/portal\\\/#website\",\"url\":\"https:\\\/\\\/aconteceunovale.com.br\\\/portal\\\/\",\"name\":\"Aconteceu no Vale\",\"description\":\"Portal de Not\u00edcias\",\"potentialAction\":[{\"@type\":\"SearchAction\",\"target\":{\"@type\":\"EntryPoint\",\"urlTemplate\":\"https:\\\/\\\/aconteceunovale.com.br\\\/portal\\\/?s={search_term_string}\"},\"query-input\":{\"@type\":\"PropertyValueSpecification\",\"valueRequired\":true,\"valueName\":\"search_term_string\"}}],\"inLanguage\":\"pt-BR\"},{\"@type\":\"Person\",\"@id\":\"https:\\\/\\\/aconteceunovale.com.br\\\/portal\\\/#\\\/schema\\\/person\\\/633529146f2c94272bef50ac2953d589\",\"name\":\"Aconteceu no Vale\",\"description\":\"Equipe de reportagem do Aconteceu no Vale, portal de not\u00edcias do Vale do Jequitinhonha, em Minas Gerais. Cobrimos as 51 cidades do Vale desde 2013. Sugest\u00f5es de pauta e pedidos de corre\u00e7\u00e3o: contato@aconteceunovale.com.br\",\"sameAs\":[\"http:\\\/\\\/www.aconteceunovale.com.br\"],\"url\":\"https:\\\/\\\/aconteceunovale.com.br\\\/portal\\\/?author=1\"}]}<\/script>\n<!-- \/ Yoast SEO plugin. -->","yoast_head_json":{"title":"Governo de Minas assina protocolo de inten\u00e7\u00f5es com empresa do setor aeroespacial - Aconteceu no Vale","robots":{"index":"index","follow":"follow","max-snippet":"max-snippet:-1","max-image-preview":"max-image-preview:large","max-video-preview":"max-video-preview:-1"},"canonical":"https:\/\/aconteceunovale.com.br\/portal\/?p=152131","og_locale":"pt_BR","og_type":"article","og_title":"Governo de Minas assina protocolo de inten\u00e7\u00f5es com empresa do setor aeroespacial - Aconteceu no Vale","og_description":"O Governo de Minas Gerais, por meio das secretarias de Estado de Desenvolvimento Econ\u00f4mico (Sede) e da Fazenda (SEF), assinou, na manh\u00e3 desta segunda-feira (2\/9), um protocolo de inten\u00e7\u00f5es com a empresa Pratt &amp; Whitney. A iniciativa muda os rumos do setor aeroespacial no estado e no Brasil, uma vez que a empresa canadense implantar\u00e1, [&hellip;]","og_url":"https:\/\/aconteceunovale.com.br\/portal\/?p=152131","og_site_name":"Aconteceu no Vale","article_publisher":"https:\/\/www.facebook.com\/aconteceunovale\/","article_published_time":"2019-09-02T21:02:20+00:00","article_modified_time":"2019-09-02T21:02:24+00:00","og_image":[{"width":675,"height":450,"url":"https:\/\/aconteceunovale.com.br\/portal\/wp-content\/uploads\/2019\/09\/aeroespacial_mg.jpg","type":"image\/jpeg"}],"author":"Aconteceu no Vale","twitter_card":"summary_large_image","twitter_creator":"@noticiadosvales","twitter_site":"@noticiadosvales","twitter_misc":{"Escrito por":"Aconteceu no Vale","Est. tempo de leitura":"3 minutos"},"schema":{"@context":"https:\/\/schema.org","@graph":[{"@type":"Article","@id":"https:\/\/aconteceunovale.com.br\/portal\/?p=152131#article","isPartOf":{"@id":"https:\/\/aconteceunovale.com.br\/portal\/?p=152131"},"author":{"name":"Aconteceu no Vale","@id":"https:\/\/aconteceunovale.com.br\/portal\/#\/schema\/person\/633529146f2c94272bef50ac2953d589"},"headline":"Governo de Minas assina protocolo de inten\u00e7\u00f5es com empresa do setor aeroespacial","datePublished":"2019-09-02T21:02:20+00:00","dateModified":"2019-09-02T21:02:24+00:00","mainEntityOfPage":{"@id":"https:\/\/aconteceunovale.com.br\/portal\/?p=152131"},"wordCount":532,"commentCount":0,"image":{"@id":"https:\/\/aconteceunovale.com.br\/portal\/?p=152131#primaryimage"},"thumbnailUrl":"https:\/\/aconteceunovale.com.br\/portal\/wp-content\/uploads\/2019\/09\/aeroespacial_mg.jpg","keywords":["Governo de Minas assina protocolo de inten\u00e7\u00f5es com empresa do setor aeroespacial","Governo de Minas Gerais","Pratt &amp; Whitney","Pratt &amp; Whitney em Minas Gerais","Pratt &amp; Whitney em S\u00e3o Jos\u00e9 da Lapa","Renato Rafael","S\u00e3o Jos\u00e9 da Lapa","Unidade da Pratt &amp; Whitney em Minas Gerais"],"articleSection":["Minas Gerais","Mundo"],"inLanguage":"pt-BR","potentialAction":[{"@type":"CommentAction","name":"Comment","target":["https:\/\/aconteceunovale.com.br\/portal\/?p=152131#respond"]}]},{"@type":"WebPage","@id":"https:\/\/aconteceunovale.com.br\/portal\/?p=152131","url":"https:\/\/aconteceunovale.com.br\/portal\/?p=152131","name":"Governo de Minas assina protocolo de inten\u00e7\u00f5es com empresa do setor aeroespacial - Aconteceu no Vale","isPartOf":{"@id":"https:\/\/aconteceunovale.com.br\/portal\/#website"},"primaryImageOfPage":{"@id":"https:\/\/aconteceunovale.com.br\/portal\/?p=152131#primaryimage"},"image":{"@id":"https:\/\/aconteceunovale.com.br\/portal\/?p=152131#primaryimage"},"thumbnailUrl":"https:\/\/aconteceunovale.com.br\/portal\/wp-content\/uploads\/2019\/09\/aeroespacial_mg.jpg","datePublished":"2019-09-02T21:02:20+00:00","dateModified":"2019-09-02T21:02:24+00:00","author":{"@id":"https:\/\/aconteceunovale.com.br\/portal\/#\/schema\/person\/633529146f2c94272bef50ac2953d589"},"breadcrumb":{"@id":"https:\/\/aconteceunovale.com.br\/portal\/?p=152131#breadcrumb"},"inLanguage":"pt-BR","potentialAction":[{"@type":"ReadAction","target":["https:\/\/aconteceunovale.com.br\/portal\/?p=152131"]}]},{"@type":"ImageObject","inLanguage":"pt-BR","@id":"https:\/\/aconteceunovale.com.br\/portal\/?p=152131#primaryimage","url":"https:\/\/aconteceunovale.com.br\/portal\/wp-content\/uploads\/2019\/09\/aeroespacial_mg.jpg","contentUrl":"https:\/\/aconteceunovale.com.br\/portal\/wp-content\/uploads\/2019\/09\/aeroespacial_mg.jpg","width":675,"height":450},{"@type":"BreadcrumbList","@id":"https:\/\/aconteceunovale.com.br\/portal\/?p=152131#breadcrumb","itemListElement":[{"@type":"ListItem","position":1,"name":"In\u00edcio","item":"https:\/\/aconteceunovale.com.br\/portal\/"},{"@type":"ListItem","position":2,"name":"Governo de Minas assina protocolo de inten\u00e7\u00f5es com empresa do setor aeroespacial"}]},{"@type":"WebSite","@id":"https:\/\/aconteceunovale.com.br\/portal\/#website","url":"https:\/\/aconteceunovale.com.br\/portal\/","name":"Aconteceu no Vale","description":"Portal de Not\u00edcias","potentialAction":[{"@type":"SearchAction","target":{"@type":"EntryPoint","urlTemplate":"https:\/\/aconteceunovale.com.br\/portal\/?s={search_term_string}"},"query-input":{"@type":"PropertyValueSpecification","valueRequired":true,"valueName":"search_term_string"}}],"inLanguage":"pt-BR"},{"@type":"Person","@id":"https:\/\/aconteceunovale.com.br\/portal\/#\/schema\/person\/633529146f2c94272bef50ac2953d589","name":"Aconteceu no Vale","description":"Equipe de reportagem do Aconteceu no Vale, portal de not\u00edcias do Vale do Jequitinhonha, em Minas Gerais. Cobrimos as 51 cidades do Vale desde 2013. Sugest\u00f5es de pauta e pedidos de corre\u00e7\u00e3o: contato@aconteceunovale.com.br","sameAs":["http:\/\/www.aconteceunovale.com.br"],"url":"https:\/\/aconteceunovale.com.br\/portal\/?author=1"}]}},"_links":{"self":[{"href":"https:\/\/aconteceunovale.com.br\/portal\/index.php?rest_route=\/wp\/v2\/posts\/152131","targetHints":{"allow":["GET"]}}],"collection":[{"href":"https:\/\/aconteceunovale.com.br\/portal\/index.php?rest_route=\/wp\/v2\/posts"}],"about":[{"href":"https:\/\/aconteceunovale.com.br\/portal\/index.php?rest_route=\/wp\/v2\/types\/post"}],"author":[{"embeddable":true,"href":"https:\/\/aconteceunovale.com.br\/portal\/index.php?rest_route=\/wp\/v2\/users\/1"}],"replies":[{"embeddable":true,"href":"https:\/\/aconteceunovale.com.br\/portal\/index.php?rest_route=%2Fwp%2Fv2%2Fcomments&post=152131"}],"version-history":[{"count":1,"href":"https:\/\/aconteceunovale.com.br\/portal\/index.php?rest_route=\/wp\/v2\/posts\/152131\/revisions"}],"predecessor-version":[{"id":152133,"href":"https:\/\/aconteceunovale.com.br\/portal\/index.php?rest_route=\/wp\/v2\/posts\/152131\/revisions\/152133"}],"wp:featuredmedia":[{"embeddable":true,"href":"https:\/\/aconteceunovale.com.br\/portal\/index.php?rest_route=\/wp\/v2\/media\/152132"}],"wp:attachment":[{"href":"https:\/\/aconteceunovale.com.br\/portal\/index.php?rest_route=%2Fwp%2Fv2%2Fmedia&parent=152131"}],"wp:term":[{"taxonomy":"category","embeddable":true,"href":"https:\/\/aconteceunovale.com.br\/portal\/index.php?rest_route=%2Fwp%2Fv2%2Fcategories&post=152131"},{"taxonomy":"post_tag","embeddable":true,"href":"https:\/\/aconteceunovale.com.br\/portal\/index.php?rest_route=%2Fwp%2Fv2%2Ftags&post=152131"}],"curies":[{"name":"wp","href":"https:\/\/api.w.org\/{rel}","templated":true}]}}