{"id":152119,"date":"2019-09-02T16:06:22","date_gmt":"2019-09-02T19:06:22","guid":{"rendered":"http:\/\/aconteceunovale.com.br\/portal\/?p=152119"},"modified":"2019-09-02T16:08:20","modified_gmt":"2019-09-02T19:08:20","slug":"colisao-entre-caminhao-e-carro-deixa-tres-feridos-no-norte-de-minas","status":"publish","type":"post","link":"https:\/\/aconteceunovale.com.br\/portal\/?p=152119","title":{"rendered":"Colis\u00e3o entre caminh\u00e3o e carro deixa tr\u00eas feridos no Norte de Minas"},"content":{"rendered":"\n<p class=\"wp-block-paragraph\">Tr\u00eas homens ficaram feridos em um acidente no in\u00edcio da\nnoite de domingo (01\/09\/2019) na BR-122, no trecho entre Montes Claros e\nCapit\u00e3o En\u00e9as, na regi\u00e3o Norte de Minas Gerais. A colis\u00e3o traseira entre um\ncaminh\u00e3o utilizando no transporte de bovinos (sem carga) e um autom\u00f3vel\naconteceu na altura do km 243 da rodovia. <\/p>\n\n\n\n<p class=\"wp-block-paragraph\">Segundo informa\u00e7\u00f5es do Corpo de Bombeiros, ap\u00f3s a batida, o\ncarro foi projetado para fora da pista. O motorista do ve\u00edculo, L.C.S.S, de 42\nanos, e os passageiros M.M.A, de 58, e C.R.D, de 44, sofreram ferimentos leves.\nEles foram socorridos por equipes do Corpo de Bombeiros e do Servi\u00e7o de\nAtendimento M\u00f3vel de Urg\u00eancia (SAMU). O condutor do caminh\u00e3o n\u00e3o ficou ferido.<\/p>\n\n\n\n<p class=\"wp-block-paragraph\">As causas do acidente ser\u00e3o apuradas pelas autoridades locais.<\/p>\n\n\n\n<figure class=\"wp-block-image\"><img loading=\"lazy\" decoding=\"async\" width=\"678\" height=\"438\" src=\"http:\/\/aconteceunovale.com.br\/portal\/wp-content\/uploads\/2019\/09\/acidente_122_2.jpg\" alt=\"\" class=\"wp-image-152121\" srcset=\"https:\/\/aconteceunovale.com.br\/portal\/wp-content\/uploads\/2019\/09\/acidente_122_2.jpg 678w, https:\/\/aconteceunovale.com.br\/portal\/wp-content\/uploads\/2019\/09\/acidente_122_2-300x194.jpg 300w, https:\/\/aconteceunovale.com.br\/portal\/wp-content\/uploads\/2019\/09\/acidente_122_2-650x420.jpg 650w\" sizes=\"auto, (max-width: 678px) 100vw, 678px\" \/><figcaption><em> Foto: Divulga\u00e7\u00e3o \/  BMMG  <\/em><\/figcaption><\/figure>\n\n\n\n<figure class=\"wp-block-image\"><img loading=\"lazy\" decoding=\"async\" width=\"678\" height=\"435\" src=\"http:\/\/aconteceunovale.com.br\/portal\/wp-content\/uploads\/2019\/09\/acidente_122_1.jpg\" alt=\"\" class=\"wp-image-152122\" srcset=\"https:\/\/aconteceunovale.com.br\/portal\/wp-content\/uploads\/2019\/09\/acidente_122_1.jpg 678w, https:\/\/aconteceunovale.com.br\/portal\/wp-content\/uploads\/2019\/09\/acidente_122_1-300x192.jpg 300w, https:\/\/aconteceunovale.com.br\/portal\/wp-content\/uploads\/2019\/09\/acidente_122_1-655x420.jpg 655w\" sizes=\"auto, (max-width: 678px) 100vw, 678px\" \/><figcaption><em>Foto: Divulga\u00e7\u00e3o \/  BMMG <\/em><\/figcaption><\/figure>\n\n\n\n<figure class=\"wp-block-image\"><img loading=\"lazy\" decoding=\"async\" width=\"678\" height=\"448\" src=\"http:\/\/aconteceunovale.com.br\/portal\/wp-content\/uploads\/2019\/09\/acidente_122_3.jpg\" alt=\"\" class=\"wp-image-152120\" srcset=\"https:\/\/aconteceunovale.com.br\/portal\/wp-content\/uploads\/2019\/09\/acidente_122_3.jpg 678w, https:\/\/aconteceunovale.com.br\/portal\/wp-content\/uploads\/2019\/09\/acidente_122_3-300x198.jpg 300w, https:\/\/aconteceunovale.com.br\/portal\/wp-content\/uploads\/2019\/09\/acidente_122_3-636x420.jpg 636w\" sizes=\"auto, (max-width: 678px) 100vw, 678px\" \/><figcaption><em> Foto: Divulga\u00e7\u00e3o \/  BMMG  <\/em><\/figcaption><\/figure>\n\n\n\n<p class=\"has-text-color has-background has-very-light-gray-color has-vivid-cyan-blue-background-color wp-block-paragraph\"><strong>VER PRIMEIRO: <\/strong>Receba as not\u00edcias do Aconteceu no Vale em primeira m\u00e3o. Clique em curtir no endere\u00e7o <a href=\"https:\/\/www.facebook.com\/aconteceunovale\" target=\"_blank\" rel=\"noreferrer noopener\">www.facebook.com\/aconteceunovale<\/a>.<\/p>\n","protected":false},"excerpt":{"rendered":"<p>Tr\u00eas homens ficaram feridos em um acidente no in\u00edcio da noite de domingo (01\/09\/2019) na BR-122, no trecho entre Montes Claros e Capit\u00e3o En\u00e9as, na regi\u00e3o Norte de Minas Gerais. A colis\u00e3o traseira entre um caminh\u00e3o utilizando no transporte de bovinos (sem carga) e um autom\u00f3vel aconteceu na altura do km 243 da rodovia. Segundo [&hellip;]<\/p>\n","protected":false},"author":1,"featured_media":152122,"comment_status":"open","ping_status":"closed","sticky":false,"template":"","format":"standard","meta":{"amp_status":"","footnotes":""},"categories":[1236],"tags":[75892,1433,1429,206442,206443,206444,210],"class_list":["post-152119","post","type-post","status-publish","format-standard","has-post-thumbnail","hentry","category-norte_de_minas","tag-acidente-na-br-122","tag-br-122","tag-capitao-eneas","tag-colisao-entre-caminhao-e-carro-deixa-tres-feridos-entre-montes-claros-e-capitao-eneas","tag-colisao-entre-caminhao-e-carro-deixa-tres-feridos-na-br-122","tag-colisao-entre-caminhao-e-carro-deixa-tres-feridos-no-norte-de-minas","tag-montes-claros"],"yoast_head":"<!-- This site is optimized with the Yoast SEO plugin v28.3 - https:\/\/yoast.com\/product\/yoast-seo-wordpress\/ -->\n<title>Colis\u00e3o entre caminh\u00e3o e carro deixa tr\u00eas feridos no Norte de Minas - Aconteceu no Vale<\/title>\n<meta name=\"robots\" content=\"index, follow, max-snippet:-1, max-image-preview:large, max-video-preview:-1\" \/>\n<link rel=\"canonical\" href=\"https:\/\/aconteceunovale.com.br\/portal\/?p=152119\" \/>\n<meta property=\"og:locale\" content=\"pt_BR\" \/>\n<meta property=\"og:type\" content=\"article\" \/>\n<meta property=\"og:title\" content=\"Colis\u00e3o entre caminh\u00e3o e carro deixa tr\u00eas feridos no Norte de Minas - Aconteceu no Vale\" \/>\n<meta property=\"og:description\" content=\"Tr\u00eas homens ficaram feridos em um acidente no in\u00edcio da noite de domingo (01\/09\/2019) na BR-122, no trecho entre Montes Claros e Capit\u00e3o En\u00e9as, na regi\u00e3o Norte de Minas Gerais. A colis\u00e3o traseira entre um caminh\u00e3o utilizando no transporte de bovinos (sem carga) e um autom\u00f3vel aconteceu na altura do km 243 da rodovia. Segundo [&hellip;]\" \/>\n<meta property=\"og:url\" content=\"https:\/\/aconteceunovale.com.br\/portal\/?p=152119\" \/>\n<meta property=\"og:site_name\" content=\"Aconteceu no Vale\" \/>\n<meta property=\"article:publisher\" content=\"https:\/\/www.facebook.com\/aconteceunovale\/\" \/>\n<meta property=\"article:published_time\" content=\"2019-09-02T19:06:22+00:00\" \/>\n<meta property=\"article:modified_time\" content=\"2019-09-02T19:08:20+00:00\" \/>\n<meta property=\"og:image\" content=\"https:\/\/aconteceunovale.com.br\/portal\/wp-content\/uploads\/2019\/09\/acidente_122_1.jpg\" \/>\n\t<meta property=\"og:image:width\" content=\"678\" \/>\n\t<meta property=\"og:image:height\" content=\"435\" \/>\n\t<meta property=\"og:image:type\" content=\"image\/jpeg\" \/>\n<meta name=\"author\" content=\"Aconteceu no Vale\" \/>\n<meta name=\"twitter:card\" content=\"summary_large_image\" \/>\n<meta name=\"twitter:creator\" content=\"@noticiadosvales\" \/>\n<meta name=\"twitter:site\" content=\"@noticiadosvales\" \/>\n<meta name=\"twitter:label1\" content=\"Escrito por\" \/>\n\t<meta name=\"twitter:data1\" content=\"Aconteceu no Vale\" \/>\n\t<meta name=\"twitter:label2\" content=\"Est. tempo de leitura\" \/>\n\t<meta name=\"twitter:data2\" content=\"1 minuto\" \/>\n<script type=\"application\/ld+json\" class=\"yoast-schema-graph\">{\"@context\":\"https:\\\/\\\/schema.org\",\"@graph\":[{\"@type\":\"Article\",\"@id\":\"https:\\\/\\\/aconteceunovale.com.br\\\/portal\\\/?p=152119#article\",\"isPartOf\":{\"@id\":\"https:\\\/\\\/aconteceunovale.com.br\\\/portal\\\/?p=152119\"},\"author\":{\"name\":\"Aconteceu no Vale\",\"@id\":\"https:\\\/\\\/aconteceunovale.com.br\\\/portal\\\/#\\\/schema\\\/person\\\/633529146f2c94272bef50ac2953d589\"},\"headline\":\"Colis\u00e3o entre caminh\u00e3o e carro deixa tr\u00eas feridos no Norte de Minas\",\"datePublished\":\"2019-09-02T19:06:22+00:00\",\"dateModified\":\"2019-09-02T19:08:20+00:00\",\"mainEntityOfPage\":{\"@id\":\"https:\\\/\\\/aconteceunovale.com.br\\\/portal\\\/?p=152119\"},\"wordCount\":196,\"commentCount\":0,\"image\":{\"@id\":\"https:\\\/\\\/aconteceunovale.com.br\\\/portal\\\/?p=152119#primaryimage\"},\"thumbnailUrl\":\"https:\\\/\\\/aconteceunovale.com.br\\\/portal\\\/wp-content\\\/uploads\\\/2019\\\/09\\\/acidente_122_1.jpg\",\"keywords\":[\"acidente na br-122\",\"br-122\",\"capitao eneas\",\"Colis\u00e3o entre caminh\u00e3o e carro deixa tr\u00eas feridos entre Montes Claros e Capit\u00e3o En\u00e9as\",\"Colis\u00e3o entre caminh\u00e3o e carro deixa tr\u00eas feridos na BR-122\",\"Colis\u00e3o entre caminh\u00e3o e carro deixa tr\u00eas feridos no Norte de Minas\",\"Montes Claros\"],\"articleSection\":[\"Norte de Minas\"],\"inLanguage\":\"pt-BR\",\"potentialAction\":[{\"@type\":\"CommentAction\",\"name\":\"Comment\",\"target\":[\"https:\\\/\\\/aconteceunovale.com.br\\\/portal\\\/?p=152119#respond\"]}]},{\"@type\":\"WebPage\",\"@id\":\"https:\\\/\\\/aconteceunovale.com.br\\\/portal\\\/?p=152119\",\"url\":\"https:\\\/\\\/aconteceunovale.com.br\\\/portal\\\/?p=152119\",\"name\":\"Colis\u00e3o entre caminh\u00e3o e carro deixa tr\u00eas feridos no Norte de Minas - Aconteceu no Vale\",\"isPartOf\":{\"@id\":\"https:\\\/\\\/aconteceunovale.com.br\\\/portal\\\/#website\"},\"primaryImageOfPage\":{\"@id\":\"https:\\\/\\\/aconteceunovale.com.br\\\/portal\\\/?p=152119#primaryimage\"},\"image\":{\"@id\":\"https:\\\/\\\/aconteceunovale.com.br\\\/portal\\\/?p=152119#primaryimage\"},\"thumbnailUrl\":\"https:\\\/\\\/aconteceunovale.com.br\\\/portal\\\/wp-content\\\/uploads\\\/2019\\\/09\\\/acidente_122_1.jpg\",\"datePublished\":\"2019-09-02T19:06:22+00:00\",\"dateModified\":\"2019-09-02T19:08:20+00:00\",\"author\":{\"@id\":\"https:\\\/\\\/aconteceunovale.com.br\\\/portal\\\/#\\\/schema\\\/person\\\/633529146f2c94272bef50ac2953d589\"},\"breadcrumb\":{\"@id\":\"https:\\\/\\\/aconteceunovale.com.br\\\/portal\\\/?p=152119#breadcrumb\"},\"inLanguage\":\"pt-BR\",\"potentialAction\":[{\"@type\":\"ReadAction\",\"target\":[\"https:\\\/\\\/aconteceunovale.com.br\\\/portal\\\/?p=152119\"]}]},{\"@type\":\"ImageObject\",\"inLanguage\":\"pt-BR\",\"@id\":\"https:\\\/\\\/aconteceunovale.com.br\\\/portal\\\/?p=152119#primaryimage\",\"url\":\"https:\\\/\\\/aconteceunovale.com.br\\\/portal\\\/wp-content\\\/uploads\\\/2019\\\/09\\\/acidente_122_1.jpg\",\"contentUrl\":\"https:\\\/\\\/aconteceunovale.com.br\\\/portal\\\/wp-content\\\/uploads\\\/2019\\\/09\\\/acidente_122_1.jpg\",\"width\":678,\"height\":435},{\"@type\":\"BreadcrumbList\",\"@id\":\"https:\\\/\\\/aconteceunovale.com.br\\\/portal\\\/?p=152119#breadcrumb\",\"itemListElement\":[{\"@type\":\"ListItem\",\"position\":1,\"name\":\"In\u00edcio\",\"item\":\"https:\\\/\\\/aconteceunovale.com.br\\\/portal\\\/\"},{\"@type\":\"ListItem\",\"position\":2,\"name\":\"Colis\u00e3o entre caminh\u00e3o e carro deixa tr\u00eas feridos no Norte de Minas\"}]},{\"@type\":\"WebSite\",\"@id\":\"https:\\\/\\\/aconteceunovale.com.br\\\/portal\\\/#website\",\"url\":\"https:\\\/\\\/aconteceunovale.com.br\\\/portal\\\/\",\"name\":\"Aconteceu no Vale\",\"description\":\"Portal de Not\u00edcias\",\"potentialAction\":[{\"@type\":\"SearchAction\",\"target\":{\"@type\":\"EntryPoint\",\"urlTemplate\":\"https:\\\/\\\/aconteceunovale.com.br\\\/portal\\\/?s={search_term_string}\"},\"query-input\":{\"@type\":\"PropertyValueSpecification\",\"valueRequired\":true,\"valueName\":\"search_term_string\"}}],\"inLanguage\":\"pt-BR\"},{\"@type\":\"Person\",\"@id\":\"https:\\\/\\\/aconteceunovale.com.br\\\/portal\\\/#\\\/schema\\\/person\\\/633529146f2c94272bef50ac2953d589\",\"name\":\"Aconteceu no Vale\",\"description\":\"Equipe de reportagem do Aconteceu no Vale, portal de not\u00edcias do Vale do Jequitinhonha, em Minas Gerais. Cobrimos as 51 cidades do Vale desde 2013. Sugest\u00f5es de pauta e pedidos de corre\u00e7\u00e3o: contato@aconteceunovale.com.br\",\"sameAs\":[\"http:\\\/\\\/www.aconteceunovale.com.br\"],\"url\":\"https:\\\/\\\/aconteceunovale.com.br\\\/portal\\\/?author=1\"}]}<\/script>\n<!-- \/ Yoast SEO plugin. -->","yoast_head_json":{"title":"Colis\u00e3o entre caminh\u00e3o e carro deixa tr\u00eas feridos no Norte de Minas - Aconteceu no Vale","robots":{"index":"index","follow":"follow","max-snippet":"max-snippet:-1","max-image-preview":"max-image-preview:large","max-video-preview":"max-video-preview:-1"},"canonical":"https:\/\/aconteceunovale.com.br\/portal\/?p=152119","og_locale":"pt_BR","og_type":"article","og_title":"Colis\u00e3o entre caminh\u00e3o e carro deixa tr\u00eas feridos no Norte de Minas - Aconteceu no Vale","og_description":"Tr\u00eas homens ficaram feridos em um acidente no in\u00edcio da noite de domingo (01\/09\/2019) na BR-122, no trecho entre Montes Claros e Capit\u00e3o En\u00e9as, na regi\u00e3o Norte de Minas Gerais. A colis\u00e3o traseira entre um caminh\u00e3o utilizando no transporte de bovinos (sem carga) e um autom\u00f3vel aconteceu na altura do km 243 da rodovia. Segundo [&hellip;]","og_url":"https:\/\/aconteceunovale.com.br\/portal\/?p=152119","og_site_name":"Aconteceu no Vale","article_publisher":"https:\/\/www.facebook.com\/aconteceunovale\/","article_published_time":"2019-09-02T19:06:22+00:00","article_modified_time":"2019-09-02T19:08:20+00:00","og_image":[{"width":678,"height":435,"url":"https:\/\/aconteceunovale.com.br\/portal\/wp-content\/uploads\/2019\/09\/acidente_122_1.jpg","type":"image\/jpeg"}],"author":"Aconteceu no Vale","twitter_card":"summary_large_image","twitter_creator":"@noticiadosvales","twitter_site":"@noticiadosvales","twitter_misc":{"Escrito por":"Aconteceu no Vale","Est. tempo de leitura":"1 minuto"},"schema":{"@context":"https:\/\/schema.org","@graph":[{"@type":"Article","@id":"https:\/\/aconteceunovale.com.br\/portal\/?p=152119#article","isPartOf":{"@id":"https:\/\/aconteceunovale.com.br\/portal\/?p=152119"},"author":{"name":"Aconteceu no Vale","@id":"https:\/\/aconteceunovale.com.br\/portal\/#\/schema\/person\/633529146f2c94272bef50ac2953d589"},"headline":"Colis\u00e3o entre caminh\u00e3o e carro deixa tr\u00eas feridos no Norte de Minas","datePublished":"2019-09-02T19:06:22+00:00","dateModified":"2019-09-02T19:08:20+00:00","mainEntityOfPage":{"@id":"https:\/\/aconteceunovale.com.br\/portal\/?p=152119"},"wordCount":196,"commentCount":0,"image":{"@id":"https:\/\/aconteceunovale.com.br\/portal\/?p=152119#primaryimage"},"thumbnailUrl":"https:\/\/aconteceunovale.com.br\/portal\/wp-content\/uploads\/2019\/09\/acidente_122_1.jpg","keywords":["acidente na br-122","br-122","capitao eneas","Colis\u00e3o entre caminh\u00e3o e carro deixa tr\u00eas feridos entre Montes Claros e Capit\u00e3o En\u00e9as","Colis\u00e3o entre caminh\u00e3o e carro deixa tr\u00eas feridos na BR-122","Colis\u00e3o entre caminh\u00e3o e carro deixa tr\u00eas feridos no Norte de Minas","Montes Claros"],"articleSection":["Norte de Minas"],"inLanguage":"pt-BR","potentialAction":[{"@type":"CommentAction","name":"Comment","target":["https:\/\/aconteceunovale.com.br\/portal\/?p=152119#respond"]}]},{"@type":"WebPage","@id":"https:\/\/aconteceunovale.com.br\/portal\/?p=152119","url":"https:\/\/aconteceunovale.com.br\/portal\/?p=152119","name":"Colis\u00e3o entre caminh\u00e3o e carro deixa tr\u00eas feridos no Norte de Minas - Aconteceu no Vale","isPartOf":{"@id":"https:\/\/aconteceunovale.com.br\/portal\/#website"},"primaryImageOfPage":{"@id":"https:\/\/aconteceunovale.com.br\/portal\/?p=152119#primaryimage"},"image":{"@id":"https:\/\/aconteceunovale.com.br\/portal\/?p=152119#primaryimage"},"thumbnailUrl":"https:\/\/aconteceunovale.com.br\/portal\/wp-content\/uploads\/2019\/09\/acidente_122_1.jpg","datePublished":"2019-09-02T19:06:22+00:00","dateModified":"2019-09-02T19:08:20+00:00","author":{"@id":"https:\/\/aconteceunovale.com.br\/portal\/#\/schema\/person\/633529146f2c94272bef50ac2953d589"},"breadcrumb":{"@id":"https:\/\/aconteceunovale.com.br\/portal\/?p=152119#breadcrumb"},"inLanguage":"pt-BR","potentialAction":[{"@type":"ReadAction","target":["https:\/\/aconteceunovale.com.br\/portal\/?p=152119"]}]},{"@type":"ImageObject","inLanguage":"pt-BR","@id":"https:\/\/aconteceunovale.com.br\/portal\/?p=152119#primaryimage","url":"https:\/\/aconteceunovale.com.br\/portal\/wp-content\/uploads\/2019\/09\/acidente_122_1.jpg","contentUrl":"https:\/\/aconteceunovale.com.br\/portal\/wp-content\/uploads\/2019\/09\/acidente_122_1.jpg","width":678,"height":435},{"@type":"BreadcrumbList","@id":"https:\/\/aconteceunovale.com.br\/portal\/?p=152119#breadcrumb","itemListElement":[{"@type":"ListItem","position":1,"name":"In\u00edcio","item":"https:\/\/aconteceunovale.com.br\/portal\/"},{"@type":"ListItem","position":2,"name":"Colis\u00e3o entre caminh\u00e3o e carro deixa tr\u00eas feridos no Norte de Minas"}]},{"@type":"WebSite","@id":"https:\/\/aconteceunovale.com.br\/portal\/#website","url":"https:\/\/aconteceunovale.com.br\/portal\/","name":"Aconteceu no Vale","description":"Portal de Not\u00edcias","potentialAction":[{"@type":"SearchAction","target":{"@type":"EntryPoint","urlTemplate":"https:\/\/aconteceunovale.com.br\/portal\/?s={search_term_string}"},"query-input":{"@type":"PropertyValueSpecification","valueRequired":true,"valueName":"search_term_string"}}],"inLanguage":"pt-BR"},{"@type":"Person","@id":"https:\/\/aconteceunovale.com.br\/portal\/#\/schema\/person\/633529146f2c94272bef50ac2953d589","name":"Aconteceu no Vale","description":"Equipe de reportagem do Aconteceu no Vale, portal de not\u00edcias do Vale do Jequitinhonha, em Minas Gerais. Cobrimos as 51 cidades do Vale desde 2013. Sugest\u00f5es de pauta e pedidos de corre\u00e7\u00e3o: contato@aconteceunovale.com.br","sameAs":["http:\/\/www.aconteceunovale.com.br"],"url":"https:\/\/aconteceunovale.com.br\/portal\/?author=1"}]}},"_links":{"self":[{"href":"https:\/\/aconteceunovale.com.br\/portal\/index.php?rest_route=\/wp\/v2\/posts\/152119","targetHints":{"allow":["GET"]}}],"collection":[{"href":"https:\/\/aconteceunovale.com.br\/portal\/index.php?rest_route=\/wp\/v2\/posts"}],"about":[{"href":"https:\/\/aconteceunovale.com.br\/portal\/index.php?rest_route=\/wp\/v2\/types\/post"}],"author":[{"embeddable":true,"href":"https:\/\/aconteceunovale.com.br\/portal\/index.php?rest_route=\/wp\/v2\/users\/1"}],"replies":[{"embeddable":true,"href":"https:\/\/aconteceunovale.com.br\/portal\/index.php?rest_route=%2Fwp%2Fv2%2Fcomments&post=152119"}],"version-history":[{"count":1,"href":"https:\/\/aconteceunovale.com.br\/portal\/index.php?rest_route=\/wp\/v2\/posts\/152119\/revisions"}],"predecessor-version":[{"id":152123,"href":"https:\/\/aconteceunovale.com.br\/portal\/index.php?rest_route=\/wp\/v2\/posts\/152119\/revisions\/152123"}],"wp:featuredmedia":[{"embeddable":true,"href":"https:\/\/aconteceunovale.com.br\/portal\/index.php?rest_route=\/wp\/v2\/media\/152122"}],"wp:attachment":[{"href":"https:\/\/aconteceunovale.com.br\/portal\/index.php?rest_route=%2Fwp%2Fv2%2Fmedia&parent=152119"}],"wp:term":[{"taxonomy":"category","embeddable":true,"href":"https:\/\/aconteceunovale.com.br\/portal\/index.php?rest_route=%2Fwp%2Fv2%2Fcategories&post=152119"},{"taxonomy":"post_tag","embeddable":true,"href":"https:\/\/aconteceunovale.com.br\/portal\/index.php?rest_route=%2Fwp%2Fv2%2Ftags&post=152119"}],"curies":[{"name":"wp","href":"https:\/\/api.w.org\/{rel}","templated":true}]}}