{"id":152117,"date":"2019-09-02T14:50:54","date_gmt":"2019-09-02T17:50:54","guid":{"rendered":"http:\/\/aconteceunovale.com.br\/portal\/?p=152117"},"modified":"2026-08-31T22:55:09","modified_gmt":"2026-09-01T01:55:09","slug":"feira-livre-de-capelinha-funcionara-normalmente-no-feriado-de-7-de-setembro","status":"publish","type":"post","link":"https:\/\/aconteceunovale.com.br\/portal\/?p=152117","title":{"rendered":"Feira Livre de Capelinha funcionar\u00e1 normalmente no feriado de 7 de Setembro"},"content":{"rendered":"\n<p class=\"wp-block-paragraph\">A tradicional Feira Livre de Capelinha funcionar\u00e1\nnormalmente no pr\u00f3ximo s\u00e1bado (07\/09\/2019), no Feriado Nacional do Dia da\nIndepend\u00eancia do Brasil. A informa\u00e7\u00e3o foi confirmada pela Administra\u00e7\u00e3o\nMunicipal em nota divulgada na manh\u00e3 desta segunda-feira (02).<\/p>\n\n\n\n<p class=\"wp-block-paragraph\">Segundo a Prefeitura de Capelinha, o Desfile C\u00edvico de 7 de Setembro\nocorrer\u00e1 em ruas que n\u00e3o afetar\u00e3o o funcionamento da Feira Livre, realizada no\nMercado Municipal. Sendo assim, n\u00e3o haver\u00e1 necessidade de mudan\u00e7a na data para\nque os feirantes comercializem os seus produtos. <\/p>\n\n\n\n<p class=\"wp-block-paragraph\">Ainda segundo a Prefeitura, <em>\u201co trajeto do desfile sair\u00e1 da rua Rio Branco, seguir\u00e1 \u00e0 direita pela rua Governador Valadares (em frente \u00e0 escola Coronel Coelho) e terminar\u00e1 na Pra\u00e7a do Povo, onde haver\u00e1 o cerimonial com autoridades e apresenta\u00e7\u00f5es art\u00edsticas e culturais.\u201d<\/em><\/p>\n\n\n\n<p class=\"has-text-color has-background has-very-light-gray-color has-vivid-cyan-blue-background-color wp-block-paragraph\"><strong>VER PRIMEIRO: <\/strong>Receba as not\u00edcias do Aconteceu no Vale em primeira m\u00e3o. Clique em curtir no endere\u00e7o <a href=\"https:\/\/www.facebook.com\/aconteceunovale\" target=\"_blank\" rel=\"noreferrer noopener\">www.facebook.com\/aconteceunovale<\/a>.<\/p>\n","protected":false},"excerpt":{"rendered":"<p>A tradicional Feira Livre de Capelinha funcionar\u00e1 normalmente no pr\u00f3ximo s\u00e1bado (07\/09\/2019), no Feriado Nacional do Dia da Independ\u00eancia do Brasil. A informa\u00e7\u00e3o foi confirmada pela Administra\u00e7\u00e3o Municipal em nota divulgada na manh\u00e3 desta segunda-feira (02). Segundo a Prefeitura de Capelinha, o Desfile C\u00edvico de 7 de Setembro ocorrer\u00e1 em ruas que n\u00e3o afetar\u00e3o o [&hellip;]<\/p>\n","protected":false},"author":1,"featured_media":80387,"comment_status":"open","ping_status":"closed","sticky":false,"template":"","format":"standard","meta":{"amp_status":"","footnotes":""},"categories":[272535,125,120],"tags":[132,206440,15283,206437,206438,206439],"class_list":["post-152117","post","type-post","status-publish","format-standard","has-post-thumbnail","hentry","category-capelinha","category-noticias","category-jequi","tag-capelinha","tag-feira-de-capelinha","tag-feira-livre-de-capelinha","tag-feira-livre-de-capelinha-no-dia-da-independencia","tag-feira-livre-de-capelinha-no-feriado-de-7-de-setembro","tag-feira-livre-de-capelinha-ocorrera-normalmente-no-feriado-de-7-de-setembro"],"yoast_head":"<!-- This site is optimized with the Yoast SEO plugin v28.3 - https:\/\/yoast.com\/product\/yoast-seo-wordpress\/ -->\n<title>Feira Livre de Capelinha funcionar\u00e1 normalmente no feriado de 7 de Setembro - Aconteceu no Vale<\/title>\n<meta name=\"robots\" content=\"index, follow, max-snippet:-1, max-image-preview:large, max-video-preview:-1\" \/>\n<link rel=\"canonical\" href=\"https:\/\/aconteceunovale.com.br\/portal\/?p=152117\" \/>\n<meta property=\"og:locale\" content=\"pt_BR\" \/>\n<meta property=\"og:type\" content=\"article\" \/>\n<meta property=\"og:title\" content=\"Feira Livre de Capelinha funcionar\u00e1 normalmente no feriado de 7 de Setembro - Aconteceu no Vale\" \/>\n<meta property=\"og:description\" content=\"A tradicional Feira Livre de Capelinha funcionar\u00e1 normalmente no pr\u00f3ximo s\u00e1bado (07\/09\/2019), no Feriado Nacional do Dia da Independ\u00eancia do Brasil. A informa\u00e7\u00e3o foi confirmada pela Administra\u00e7\u00e3o Municipal em nota divulgada na manh\u00e3 desta segunda-feira (02). Segundo a Prefeitura de Capelinha, o Desfile C\u00edvico de 7 de Setembro ocorrer\u00e1 em ruas que n\u00e3o afetar\u00e3o o [&hellip;]\" \/>\n<meta property=\"og:url\" content=\"https:\/\/aconteceunovale.com.br\/portal\/?p=152117\" \/>\n<meta property=\"og:site_name\" content=\"Aconteceu no Vale\" \/>\n<meta property=\"article:publisher\" content=\"https:\/\/www.facebook.com\/aconteceunovale\/\" \/>\n<meta property=\"article:published_time\" content=\"2019-09-02T17:50:54+00:00\" \/>\n<meta property=\"article:modified_time\" content=\"2026-09-01T01:55:09+00:00\" \/>\n<meta property=\"og:image\" content=\"https:\/\/aconteceunovale.com.br\/portal\/wp-content\/uploads\/2016\/02\/feira_capelinha_1.jpg\" \/>\n\t<meta property=\"og:image:width\" content=\"678\" \/>\n\t<meta property=\"og:image:height\" content=\"381\" \/>\n\t<meta property=\"og:image:type\" content=\"image\/jpeg\" \/>\n<meta name=\"author\" content=\"Aconteceu no Vale\" \/>\n<meta name=\"twitter:card\" content=\"summary_large_image\" \/>\n<meta name=\"twitter:creator\" content=\"@noticiadosvales\" \/>\n<meta name=\"twitter:site\" content=\"@noticiadosvales\" \/>\n<meta name=\"twitter:label1\" content=\"Escrito por\" \/>\n\t<meta name=\"twitter:data1\" content=\"Aconteceu no Vale\" \/>\n\t<meta name=\"twitter:label2\" content=\"Est. tempo de leitura\" \/>\n\t<meta name=\"twitter:data2\" content=\"1 minuto\" \/>\n<script type=\"application\/ld+json\" class=\"yoast-schema-graph\">{\"@context\":\"https:\\\/\\\/schema.org\",\"@graph\":[{\"@type\":\"Article\",\"@id\":\"https:\\\/\\\/aconteceunovale.com.br\\\/portal\\\/?p=152117#article\",\"isPartOf\":{\"@id\":\"https:\\\/\\\/aconteceunovale.com.br\\\/portal\\\/?p=152117\"},\"author\":{\"name\":\"Aconteceu no Vale\",\"@id\":\"https:\\\/\\\/aconteceunovale.com.br\\\/portal\\\/#\\\/schema\\\/person\\\/633529146f2c94272bef50ac2953d589\"},\"headline\":\"Feira Livre de Capelinha funcionar\u00e1 normalmente no feriado de 7 de Setembro\",\"datePublished\":\"2019-09-02T17:50:54+00:00\",\"dateModified\":\"2026-09-01T01:55:09+00:00\",\"mainEntityOfPage\":{\"@id\":\"https:\\\/\\\/aconteceunovale.com.br\\\/portal\\\/?p=152117\"},\"wordCount\":166,\"commentCount\":0,\"image\":{\"@id\":\"https:\\\/\\\/aconteceunovale.com.br\\\/portal\\\/?p=152117#primaryimage\"},\"thumbnailUrl\":\"https:\\\/\\\/aconteceunovale.com.br\\\/portal\\\/wp-content\\\/uploads\\\/2016\\\/02\\\/feira_capelinha_1.jpg\",\"keywords\":[\"Capelinha\",\"Feira de Capelinha\",\"feira livre de capelinha\",\"Feira Livre de Capelinha no Dia da Independ\u00eancia\",\"Feira Livre de Capelinha no Feriado de 7 de Setembro\",\"Feira Livre de Capelinha ocorrer\u00e1 normalmente no feriado de 7 de Setembro\"],\"articleSection\":[\"Capelinha\",\"Eventos\",\"Vale do Jequitinhonha\"],\"inLanguage\":\"pt-BR\",\"potentialAction\":[{\"@type\":\"CommentAction\",\"name\":\"Comment\",\"target\":[\"https:\\\/\\\/aconteceunovale.com.br\\\/portal\\\/?p=152117#respond\"]}]},{\"@type\":\"WebPage\",\"@id\":\"https:\\\/\\\/aconteceunovale.com.br\\\/portal\\\/?p=152117\",\"url\":\"https:\\\/\\\/aconteceunovale.com.br\\\/portal\\\/?p=152117\",\"name\":\"Feira Livre de Capelinha funcionar\u00e1 normalmente no feriado de 7 de Setembro - Aconteceu no Vale\",\"isPartOf\":{\"@id\":\"https:\\\/\\\/aconteceunovale.com.br\\\/portal\\\/#website\"},\"primaryImageOfPage\":{\"@id\":\"https:\\\/\\\/aconteceunovale.com.br\\\/portal\\\/?p=152117#primaryimage\"},\"image\":{\"@id\":\"https:\\\/\\\/aconteceunovale.com.br\\\/portal\\\/?p=152117#primaryimage\"},\"thumbnailUrl\":\"https:\\\/\\\/aconteceunovale.com.br\\\/portal\\\/wp-content\\\/uploads\\\/2016\\\/02\\\/feira_capelinha_1.jpg\",\"datePublished\":\"2019-09-02T17:50:54+00:00\",\"dateModified\":\"2026-09-01T01:55:09+00:00\",\"author\":{\"@id\":\"https:\\\/\\\/aconteceunovale.com.br\\\/portal\\\/#\\\/schema\\\/person\\\/633529146f2c94272bef50ac2953d589\"},\"breadcrumb\":{\"@id\":\"https:\\\/\\\/aconteceunovale.com.br\\\/portal\\\/?p=152117#breadcrumb\"},\"inLanguage\":\"pt-BR\",\"potentialAction\":[{\"@type\":\"ReadAction\",\"target\":[\"https:\\\/\\\/aconteceunovale.com.br\\\/portal\\\/?p=152117\"]}]},{\"@type\":\"ImageObject\",\"inLanguage\":\"pt-BR\",\"@id\":\"https:\\\/\\\/aconteceunovale.com.br\\\/portal\\\/?p=152117#primaryimage\",\"url\":\"https:\\\/\\\/aconteceunovale.com.br\\\/portal\\\/wp-content\\\/uploads\\\/2016\\\/02\\\/feira_capelinha_1.jpg\",\"contentUrl\":\"https:\\\/\\\/aconteceunovale.com.br\\\/portal\\\/wp-content\\\/uploads\\\/2016\\\/02\\\/feira_capelinha_1.jpg\",\"width\":678,\"height\":381},{\"@type\":\"BreadcrumbList\",\"@id\":\"https:\\\/\\\/aconteceunovale.com.br\\\/portal\\\/?p=152117#breadcrumb\",\"itemListElement\":[{\"@type\":\"ListItem\",\"position\":1,\"name\":\"In\u00edcio\",\"item\":\"https:\\\/\\\/aconteceunovale.com.br\\\/portal\\\/\"},{\"@type\":\"ListItem\",\"position\":2,\"name\":\"Feira Livre de Capelinha funcionar\u00e1 normalmente no feriado de 7 de Setembro\"}]},{\"@type\":\"WebSite\",\"@id\":\"https:\\\/\\\/aconteceunovale.com.br\\\/portal\\\/#website\",\"url\":\"https:\\\/\\\/aconteceunovale.com.br\\\/portal\\\/\",\"name\":\"Aconteceu no Vale\",\"description\":\"Portal de Not\u00edcias\",\"potentialAction\":[{\"@type\":\"SearchAction\",\"target\":{\"@type\":\"EntryPoint\",\"urlTemplate\":\"https:\\\/\\\/aconteceunovale.com.br\\\/portal\\\/?s={search_term_string}\"},\"query-input\":{\"@type\":\"PropertyValueSpecification\",\"valueRequired\":true,\"valueName\":\"search_term_string\"}}],\"inLanguage\":\"pt-BR\"},{\"@type\":\"Person\",\"@id\":\"https:\\\/\\\/aconteceunovale.com.br\\\/portal\\\/#\\\/schema\\\/person\\\/633529146f2c94272bef50ac2953d589\",\"name\":\"Aconteceu no Vale\",\"description\":\"Equipe de reportagem do Aconteceu no Vale, portal de not\u00edcias do Vale do Jequitinhonha, em Minas Gerais. Cobrimos as 51 cidades do Vale desde 2013. Sugest\u00f5es de pauta e pedidos de corre\u00e7\u00e3o: contato@aconteceunovale.com.br\",\"sameAs\":[\"http:\\\/\\\/www.aconteceunovale.com.br\"],\"url\":\"https:\\\/\\\/aconteceunovale.com.br\\\/portal\\\/?author=1\"}]}<\/script>\n<!-- \/ Yoast SEO plugin. -->","yoast_head_json":{"title":"Feira Livre de Capelinha funcionar\u00e1 normalmente no feriado de 7 de Setembro - Aconteceu no Vale","robots":{"index":"index","follow":"follow","max-snippet":"max-snippet:-1","max-image-preview":"max-image-preview:large","max-video-preview":"max-video-preview:-1"},"canonical":"https:\/\/aconteceunovale.com.br\/portal\/?p=152117","og_locale":"pt_BR","og_type":"article","og_title":"Feira Livre de Capelinha funcionar\u00e1 normalmente no feriado de 7 de Setembro - Aconteceu no Vale","og_description":"A tradicional Feira Livre de Capelinha funcionar\u00e1 normalmente no pr\u00f3ximo s\u00e1bado (07\/09\/2019), no Feriado Nacional do Dia da Independ\u00eancia do Brasil. A informa\u00e7\u00e3o foi confirmada pela Administra\u00e7\u00e3o Municipal em nota divulgada na manh\u00e3 desta segunda-feira (02). Segundo a Prefeitura de Capelinha, o Desfile C\u00edvico de 7 de Setembro ocorrer\u00e1 em ruas que n\u00e3o afetar\u00e3o o [&hellip;]","og_url":"https:\/\/aconteceunovale.com.br\/portal\/?p=152117","og_site_name":"Aconteceu no Vale","article_publisher":"https:\/\/www.facebook.com\/aconteceunovale\/","article_published_time":"2019-09-02T17:50:54+00:00","article_modified_time":"2026-09-01T01:55:09+00:00","og_image":[{"width":678,"height":381,"url":"https:\/\/aconteceunovale.com.br\/portal\/wp-content\/uploads\/2016\/02\/feira_capelinha_1.jpg","type":"image\/jpeg"}],"author":"Aconteceu no Vale","twitter_card":"summary_large_image","twitter_creator":"@noticiadosvales","twitter_site":"@noticiadosvales","twitter_misc":{"Escrito por":"Aconteceu no Vale","Est. tempo de leitura":"1 minuto"},"schema":{"@context":"https:\/\/schema.org","@graph":[{"@type":"Article","@id":"https:\/\/aconteceunovale.com.br\/portal\/?p=152117#article","isPartOf":{"@id":"https:\/\/aconteceunovale.com.br\/portal\/?p=152117"},"author":{"name":"Aconteceu no Vale","@id":"https:\/\/aconteceunovale.com.br\/portal\/#\/schema\/person\/633529146f2c94272bef50ac2953d589"},"headline":"Feira Livre de Capelinha funcionar\u00e1 normalmente no feriado de 7 de Setembro","datePublished":"2019-09-02T17:50:54+00:00","dateModified":"2026-09-01T01:55:09+00:00","mainEntityOfPage":{"@id":"https:\/\/aconteceunovale.com.br\/portal\/?p=152117"},"wordCount":166,"commentCount":0,"image":{"@id":"https:\/\/aconteceunovale.com.br\/portal\/?p=152117#primaryimage"},"thumbnailUrl":"https:\/\/aconteceunovale.com.br\/portal\/wp-content\/uploads\/2016\/02\/feira_capelinha_1.jpg","keywords":["Capelinha","Feira de Capelinha","feira livre de capelinha","Feira Livre de Capelinha no Dia da Independ\u00eancia","Feira Livre de Capelinha no Feriado de 7 de Setembro","Feira Livre de Capelinha ocorrer\u00e1 normalmente no feriado de 7 de Setembro"],"articleSection":["Capelinha","Eventos","Vale do Jequitinhonha"],"inLanguage":"pt-BR","potentialAction":[{"@type":"CommentAction","name":"Comment","target":["https:\/\/aconteceunovale.com.br\/portal\/?p=152117#respond"]}]},{"@type":"WebPage","@id":"https:\/\/aconteceunovale.com.br\/portal\/?p=152117","url":"https:\/\/aconteceunovale.com.br\/portal\/?p=152117","name":"Feira Livre de Capelinha funcionar\u00e1 normalmente no feriado de 7 de Setembro - Aconteceu no Vale","isPartOf":{"@id":"https:\/\/aconteceunovale.com.br\/portal\/#website"},"primaryImageOfPage":{"@id":"https:\/\/aconteceunovale.com.br\/portal\/?p=152117#primaryimage"},"image":{"@id":"https:\/\/aconteceunovale.com.br\/portal\/?p=152117#primaryimage"},"thumbnailUrl":"https:\/\/aconteceunovale.com.br\/portal\/wp-content\/uploads\/2016\/02\/feira_capelinha_1.jpg","datePublished":"2019-09-02T17:50:54+00:00","dateModified":"2026-09-01T01:55:09+00:00","author":{"@id":"https:\/\/aconteceunovale.com.br\/portal\/#\/schema\/person\/633529146f2c94272bef50ac2953d589"},"breadcrumb":{"@id":"https:\/\/aconteceunovale.com.br\/portal\/?p=152117#breadcrumb"},"inLanguage":"pt-BR","potentialAction":[{"@type":"ReadAction","target":["https:\/\/aconteceunovale.com.br\/portal\/?p=152117"]}]},{"@type":"ImageObject","inLanguage":"pt-BR","@id":"https:\/\/aconteceunovale.com.br\/portal\/?p=152117#primaryimage","url":"https:\/\/aconteceunovale.com.br\/portal\/wp-content\/uploads\/2016\/02\/feira_capelinha_1.jpg","contentUrl":"https:\/\/aconteceunovale.com.br\/portal\/wp-content\/uploads\/2016\/02\/feira_capelinha_1.jpg","width":678,"height":381},{"@type":"BreadcrumbList","@id":"https:\/\/aconteceunovale.com.br\/portal\/?p=152117#breadcrumb","itemListElement":[{"@type":"ListItem","position":1,"name":"In\u00edcio","item":"https:\/\/aconteceunovale.com.br\/portal\/"},{"@type":"ListItem","position":2,"name":"Feira Livre de Capelinha funcionar\u00e1 normalmente no feriado de 7 de Setembro"}]},{"@type":"WebSite","@id":"https:\/\/aconteceunovale.com.br\/portal\/#website","url":"https:\/\/aconteceunovale.com.br\/portal\/","name":"Aconteceu no Vale","description":"Portal de Not\u00edcias","potentialAction":[{"@type":"SearchAction","target":{"@type":"EntryPoint","urlTemplate":"https:\/\/aconteceunovale.com.br\/portal\/?s={search_term_string}"},"query-input":{"@type":"PropertyValueSpecification","valueRequired":true,"valueName":"search_term_string"}}],"inLanguage":"pt-BR"},{"@type":"Person","@id":"https:\/\/aconteceunovale.com.br\/portal\/#\/schema\/person\/633529146f2c94272bef50ac2953d589","name":"Aconteceu no Vale","description":"Equipe de reportagem do Aconteceu no Vale, portal de not\u00edcias do Vale do Jequitinhonha, em Minas Gerais. Cobrimos as 51 cidades do Vale desde 2013. Sugest\u00f5es de pauta e pedidos de corre\u00e7\u00e3o: contato@aconteceunovale.com.br","sameAs":["http:\/\/www.aconteceunovale.com.br"],"url":"https:\/\/aconteceunovale.com.br\/portal\/?author=1"}]}},"_links":{"self":[{"href":"https:\/\/aconteceunovale.com.br\/portal\/index.php?rest_route=\/wp\/v2\/posts\/152117","targetHints":{"allow":["GET"]}}],"collection":[{"href":"https:\/\/aconteceunovale.com.br\/portal\/index.php?rest_route=\/wp\/v2\/posts"}],"about":[{"href":"https:\/\/aconteceunovale.com.br\/portal\/index.php?rest_route=\/wp\/v2\/types\/post"}],"author":[{"embeddable":true,"href":"https:\/\/aconteceunovale.com.br\/portal\/index.php?rest_route=\/wp\/v2\/users\/1"}],"replies":[{"embeddable":true,"href":"https:\/\/aconteceunovale.com.br\/portal\/index.php?rest_route=%2Fwp%2Fv2%2Fcomments&post=152117"}],"version-history":[{"count":1,"href":"https:\/\/aconteceunovale.com.br\/portal\/index.php?rest_route=\/wp\/v2\/posts\/152117\/revisions"}],"predecessor-version":[{"id":152118,"href":"https:\/\/aconteceunovale.com.br\/portal\/index.php?rest_route=\/wp\/v2\/posts\/152117\/revisions\/152118"}],"wp:featuredmedia":[{"embeddable":true,"href":"https:\/\/aconteceunovale.com.br\/portal\/index.php?rest_route=\/wp\/v2\/media\/80387"}],"wp:attachment":[{"href":"https:\/\/aconteceunovale.com.br\/portal\/index.php?rest_route=%2Fwp%2Fv2%2Fmedia&parent=152117"}],"wp:term":[{"taxonomy":"category","embeddable":true,"href":"https:\/\/aconteceunovale.com.br\/portal\/index.php?rest_route=%2Fwp%2Fv2%2Fcategories&post=152117"},{"taxonomy":"post_tag","embeddable":true,"href":"https:\/\/aconteceunovale.com.br\/portal\/index.php?rest_route=%2Fwp%2Fv2%2Ftags&post=152117"}],"curies":[{"name":"wp","href":"https:\/\/api.w.org\/{rel}","templated":true}]}}