{"id":152114,"date":"2019-09-02T14:33:56","date_gmt":"2019-09-02T17:33:56","guid":{"rendered":"http:\/\/aconteceunovale.com.br\/portal\/?p=152114"},"modified":"2019-09-02T14:33:58","modified_gmt":"2019-09-02T17:33:58","slug":"turbina-de-aviao-pega-fogo-durante-decolagem-em-juazeiro-do-norte","status":"publish","type":"post","link":"https:\/\/aconteceunovale.com.br\/portal\/?p=152114","title":{"rendered":"Turbina de avi\u00e3o pega fogo durante decolagem em Juazeiro do Norte"},"content":{"rendered":"\n<p class=\"wp-block-paragraph\">A turbina de um avi\u00e3o da Gol Linhas A\u00e9reas (voo G3 1561)\npegou fogo na madrugada desta segunda-feira (02\/09\/2019) durante a decolagem no\naeroporto de Juazeiro do Norte, no Cear\u00e1. A aeronave, que estava com 154\npassageiros, viajaria para S\u00e3o Paulo. Ningu\u00e9m ficou ferido.<\/p>\n\n\n\n<p class=\"wp-block-paragraph\">Em nota, a Gol Linhas A\u00e9reas disse que o voo \u201capresentou uma\nlimita\u00e7\u00e3o t\u00e9cnica pr\u00f3ximo \u00e0 decolagem, tendo que retornar para avalia\u00e7\u00e3o da\nequipe de manuten\u00e7\u00e3o da Companhia\u201d, mas n\u00e3o informou qual a causa da explos\u00e3o.<\/p>\n\n\n\n<p class=\"wp-block-paragraph\">A companhia pediu desculpas pelos transtornos e ressaltou que os clientes receberam aux\u00edlio, tendo suas passagens remarcadas e \u201cacomodados nos pr\u00f3ximos voos da Gol e empresa parceira\u201d.<\/p>\n\n\n\n<p class=\"has-text-color has-background has-very-light-gray-color has-vivid-cyan-blue-background-color wp-block-paragraph\"><strong>VER PRIMEIRO: <\/strong>Receba as not\u00edcias do Aconteceu no Vale em primeira m\u00e3o. Clique em curtir no endere\u00e7o <a href=\"https:\/\/www.facebook.com\/aconteceunovale\" target=\"_blank\" rel=\"noreferrer noopener\">www.facebook.com\/aconteceunovale<\/a>.<\/p>\n","protected":false},"excerpt":{"rendered":"<p>A turbina de um avi\u00e3o da Gol Linhas A\u00e9reas (voo G3 1561) pegou fogo na madrugada desta segunda-feira (02\/09\/2019) durante a decolagem no aeroporto de Juazeiro do Norte, no Cear\u00e1. A aeronave, que estava com 154 passageiros, viajaria para S\u00e3o Paulo. Ningu\u00e9m ficou ferido. Em nota, a Gol Linhas A\u00e9reas disse que o voo \u201capresentou [&hellip;]<\/p>\n","protected":false},"author":1,"featured_media":152116,"comment_status":"open","ping_status":"closed","sticky":false,"template":"","format":"standard","meta":{"amp_status":"","footnotes":""},"categories":[6],"tags":[206436,206433,206434,18809,2382,206432,206431,206430,206435],"class_list":["post-152114","post","type-post","status-publish","format-standard","has-post-thumbnail","hentry","category-br","tag-aviao-da-gol","tag-aviao-da-gol-ceara","tag-aviao-da-gol-juazeiro-do-norte","tag-juazeiro-do-norte","tag-sao-paulo","tag-turbina-de-aviao-ceara","tag-turbina-de-aviao-juazeiro-do-norte","tag-turbina-de-aviao-pega-fogo-durante-decolagem-em-juazeiro-do-norte","tag-voo-g3-1561-da-gol"],"yoast_head":"<!-- This site is optimized with the Yoast SEO plugin v28.3 - https:\/\/yoast.com\/product\/yoast-seo-wordpress\/ -->\n<title>Turbina de avi\u00e3o pega fogo durante decolagem em Juazeiro do Norte - Aconteceu no Vale<\/title>\n<meta name=\"robots\" content=\"index, follow, max-snippet:-1, max-image-preview:large, max-video-preview:-1\" \/>\n<link rel=\"canonical\" href=\"https:\/\/aconteceunovale.com.br\/portal\/?p=152114\" \/>\n<meta property=\"og:locale\" content=\"pt_BR\" \/>\n<meta property=\"og:type\" content=\"article\" \/>\n<meta property=\"og:title\" content=\"Turbina de avi\u00e3o pega fogo durante decolagem em Juazeiro do Norte - Aconteceu no Vale\" \/>\n<meta property=\"og:description\" content=\"A turbina de um avi\u00e3o da Gol Linhas A\u00e9reas (voo G3 1561) pegou fogo na madrugada desta segunda-feira (02\/09\/2019) durante a decolagem no aeroporto de Juazeiro do Norte, no Cear\u00e1. A aeronave, que estava com 154 passageiros, viajaria para S\u00e3o Paulo. Ningu\u00e9m ficou ferido. Em nota, a Gol Linhas A\u00e9reas disse que o voo \u201capresentou [&hellip;]\" \/>\n<meta property=\"og:url\" content=\"https:\/\/aconteceunovale.com.br\/portal\/?p=152114\" \/>\n<meta property=\"og:site_name\" content=\"Aconteceu no Vale\" \/>\n<meta property=\"article:publisher\" content=\"https:\/\/www.facebook.com\/aconteceunovale\/\" \/>\n<meta property=\"article:published_time\" content=\"2019-09-02T17:33:56+00:00\" \/>\n<meta property=\"article:modified_time\" content=\"2019-09-02T17:33:58+00:00\" \/>\n<meta property=\"og:image\" content=\"https:\/\/aconteceunovale.com.br\/portal\/wp-content\/uploads\/2019\/09\/aviao_gol.jpg\" \/>\n\t<meta property=\"og:image:width\" content=\"675\" \/>\n\t<meta property=\"og:image:height\" content=\"450\" \/>\n\t<meta property=\"og:image:type\" content=\"image\/jpeg\" \/>\n<meta name=\"author\" content=\"Aconteceu no Vale\" \/>\n<meta name=\"twitter:card\" content=\"summary_large_image\" \/>\n<meta name=\"twitter:creator\" content=\"@noticiadosvales\" \/>\n<meta name=\"twitter:site\" content=\"@noticiadosvales\" \/>\n<meta name=\"twitter:label1\" content=\"Escrito por\" \/>\n\t<meta name=\"twitter:data1\" content=\"Aconteceu no Vale\" \/>\n\t<meta name=\"twitter:label2\" content=\"Est. tempo de leitura\" \/>\n\t<meta name=\"twitter:data2\" content=\"1 minuto\" \/>\n<script type=\"application\/ld+json\" class=\"yoast-schema-graph\">{\"@context\":\"https:\\\/\\\/schema.org\",\"@graph\":[{\"@type\":\"Article\",\"@id\":\"https:\\\/\\\/aconteceunovale.com.br\\\/portal\\\/?p=152114#article\",\"isPartOf\":{\"@id\":\"https:\\\/\\\/aconteceunovale.com.br\\\/portal\\\/?p=152114\"},\"author\":{\"name\":\"Aconteceu no Vale\",\"@id\":\"https:\\\/\\\/aconteceunovale.com.br\\\/portal\\\/#\\\/schema\\\/person\\\/633529146f2c94272bef50ac2953d589\"},\"headline\":\"Turbina de avi\u00e3o pega fogo durante decolagem em Juazeiro do Norte\",\"datePublished\":\"2019-09-02T17:33:56+00:00\",\"dateModified\":\"2019-09-02T17:33:58+00:00\",\"mainEntityOfPage\":{\"@id\":\"https:\\\/\\\/aconteceunovale.com.br\\\/portal\\\/?p=152114\"},\"wordCount\":153,\"commentCount\":0,\"image\":{\"@id\":\"https:\\\/\\\/aconteceunovale.com.br\\\/portal\\\/?p=152114#primaryimage\"},\"thumbnailUrl\":\"https:\\\/\\\/aconteceunovale.com.br\\\/portal\\\/wp-content\\\/uploads\\\/2019\\\/09\\\/aviao_gol.jpg\",\"keywords\":[\"Avi\u00e3o da Gol\",\"Avi\u00e3o da Gol Cear\u00e1\",\"Avi\u00e3o da Gol Juazeiro do Norte\",\"Juazeiro do Norte\",\"S\u00e3o Paulo\",\"Turbina de avi\u00e3o Cear\u00e1\",\"Turbina de avi\u00e3o Juazeiro do Norte\",\"Turbina de avi\u00e3o pega fogo durante decolagem em Juazeiro do Norte\",\"Voo G3 1561 da Gol\"],\"articleSection\":[\"Brasil\"],\"inLanguage\":\"pt-BR\",\"potentialAction\":[{\"@type\":\"CommentAction\",\"name\":\"Comment\",\"target\":[\"https:\\\/\\\/aconteceunovale.com.br\\\/portal\\\/?p=152114#respond\"]}]},{\"@type\":\"WebPage\",\"@id\":\"https:\\\/\\\/aconteceunovale.com.br\\\/portal\\\/?p=152114\",\"url\":\"https:\\\/\\\/aconteceunovale.com.br\\\/portal\\\/?p=152114\",\"name\":\"Turbina de avi\u00e3o pega fogo durante decolagem em Juazeiro do Norte - Aconteceu no Vale\",\"isPartOf\":{\"@id\":\"https:\\\/\\\/aconteceunovale.com.br\\\/portal\\\/#website\"},\"primaryImageOfPage\":{\"@id\":\"https:\\\/\\\/aconteceunovale.com.br\\\/portal\\\/?p=152114#primaryimage\"},\"image\":{\"@id\":\"https:\\\/\\\/aconteceunovale.com.br\\\/portal\\\/?p=152114#primaryimage\"},\"thumbnailUrl\":\"https:\\\/\\\/aconteceunovale.com.br\\\/portal\\\/wp-content\\\/uploads\\\/2019\\\/09\\\/aviao_gol.jpg\",\"datePublished\":\"2019-09-02T17:33:56+00:00\",\"dateModified\":\"2019-09-02T17:33:58+00:00\",\"author\":{\"@id\":\"https:\\\/\\\/aconteceunovale.com.br\\\/portal\\\/#\\\/schema\\\/person\\\/633529146f2c94272bef50ac2953d589\"},\"breadcrumb\":{\"@id\":\"https:\\\/\\\/aconteceunovale.com.br\\\/portal\\\/?p=152114#breadcrumb\"},\"inLanguage\":\"pt-BR\",\"potentialAction\":[{\"@type\":\"ReadAction\",\"target\":[\"https:\\\/\\\/aconteceunovale.com.br\\\/portal\\\/?p=152114\"]}]},{\"@type\":\"ImageObject\",\"inLanguage\":\"pt-BR\",\"@id\":\"https:\\\/\\\/aconteceunovale.com.br\\\/portal\\\/?p=152114#primaryimage\",\"url\":\"https:\\\/\\\/aconteceunovale.com.br\\\/portal\\\/wp-content\\\/uploads\\\/2019\\\/09\\\/aviao_gol.jpg\",\"contentUrl\":\"https:\\\/\\\/aconteceunovale.com.br\\\/portal\\\/wp-content\\\/uploads\\\/2019\\\/09\\\/aviao_gol.jpg\",\"width\":675,\"height\":450},{\"@type\":\"BreadcrumbList\",\"@id\":\"https:\\\/\\\/aconteceunovale.com.br\\\/portal\\\/?p=152114#breadcrumb\",\"itemListElement\":[{\"@type\":\"ListItem\",\"position\":1,\"name\":\"In\u00edcio\",\"item\":\"https:\\\/\\\/aconteceunovale.com.br\\\/portal\\\/\"},{\"@type\":\"ListItem\",\"position\":2,\"name\":\"Turbina de avi\u00e3o pega fogo durante decolagem em Juazeiro do Norte\"}]},{\"@type\":\"WebSite\",\"@id\":\"https:\\\/\\\/aconteceunovale.com.br\\\/portal\\\/#website\",\"url\":\"https:\\\/\\\/aconteceunovale.com.br\\\/portal\\\/\",\"name\":\"Aconteceu no Vale\",\"description\":\"Portal de Not\u00edcias\",\"potentialAction\":[{\"@type\":\"SearchAction\",\"target\":{\"@type\":\"EntryPoint\",\"urlTemplate\":\"https:\\\/\\\/aconteceunovale.com.br\\\/portal\\\/?s={search_term_string}\"},\"query-input\":{\"@type\":\"PropertyValueSpecification\",\"valueRequired\":true,\"valueName\":\"search_term_string\"}}],\"inLanguage\":\"pt-BR\"},{\"@type\":\"Person\",\"@id\":\"https:\\\/\\\/aconteceunovale.com.br\\\/portal\\\/#\\\/schema\\\/person\\\/633529146f2c94272bef50ac2953d589\",\"name\":\"Aconteceu no Vale\",\"description\":\"Equipe de reportagem do Aconteceu no Vale, portal de not\u00edcias do Vale do Jequitinhonha, em Minas Gerais. Cobrimos as 51 cidades do Vale desde 2013. Sugest\u00f5es de pauta e pedidos de corre\u00e7\u00e3o: contato@aconteceunovale.com.br\",\"sameAs\":[\"http:\\\/\\\/www.aconteceunovale.com.br\"],\"url\":\"https:\\\/\\\/aconteceunovale.com.br\\\/portal\\\/?author=1\"}]}<\/script>\n<!-- \/ Yoast SEO plugin. -->","yoast_head_json":{"title":"Turbina de avi\u00e3o pega fogo durante decolagem em Juazeiro do Norte - Aconteceu no Vale","robots":{"index":"index","follow":"follow","max-snippet":"max-snippet:-1","max-image-preview":"max-image-preview:large","max-video-preview":"max-video-preview:-1"},"canonical":"https:\/\/aconteceunovale.com.br\/portal\/?p=152114","og_locale":"pt_BR","og_type":"article","og_title":"Turbina de avi\u00e3o pega fogo durante decolagem em Juazeiro do Norte - Aconteceu no Vale","og_description":"A turbina de um avi\u00e3o da Gol Linhas A\u00e9reas (voo G3 1561) pegou fogo na madrugada desta segunda-feira (02\/09\/2019) durante a decolagem no aeroporto de Juazeiro do Norte, no Cear\u00e1. A aeronave, que estava com 154 passageiros, viajaria para S\u00e3o Paulo. Ningu\u00e9m ficou ferido. Em nota, a Gol Linhas A\u00e9reas disse que o voo \u201capresentou [&hellip;]","og_url":"https:\/\/aconteceunovale.com.br\/portal\/?p=152114","og_site_name":"Aconteceu no Vale","article_publisher":"https:\/\/www.facebook.com\/aconteceunovale\/","article_published_time":"2019-09-02T17:33:56+00:00","article_modified_time":"2019-09-02T17:33:58+00:00","og_image":[{"width":675,"height":450,"url":"https:\/\/aconteceunovale.com.br\/portal\/wp-content\/uploads\/2019\/09\/aviao_gol.jpg","type":"image\/jpeg"}],"author":"Aconteceu no Vale","twitter_card":"summary_large_image","twitter_creator":"@noticiadosvales","twitter_site":"@noticiadosvales","twitter_misc":{"Escrito por":"Aconteceu no Vale","Est. tempo de leitura":"1 minuto"},"schema":{"@context":"https:\/\/schema.org","@graph":[{"@type":"Article","@id":"https:\/\/aconteceunovale.com.br\/portal\/?p=152114#article","isPartOf":{"@id":"https:\/\/aconteceunovale.com.br\/portal\/?p=152114"},"author":{"name":"Aconteceu no Vale","@id":"https:\/\/aconteceunovale.com.br\/portal\/#\/schema\/person\/633529146f2c94272bef50ac2953d589"},"headline":"Turbina de avi\u00e3o pega fogo durante decolagem em Juazeiro do Norte","datePublished":"2019-09-02T17:33:56+00:00","dateModified":"2019-09-02T17:33:58+00:00","mainEntityOfPage":{"@id":"https:\/\/aconteceunovale.com.br\/portal\/?p=152114"},"wordCount":153,"commentCount":0,"image":{"@id":"https:\/\/aconteceunovale.com.br\/portal\/?p=152114#primaryimage"},"thumbnailUrl":"https:\/\/aconteceunovale.com.br\/portal\/wp-content\/uploads\/2019\/09\/aviao_gol.jpg","keywords":["Avi\u00e3o da Gol","Avi\u00e3o da Gol Cear\u00e1","Avi\u00e3o da Gol Juazeiro do Norte","Juazeiro do Norte","S\u00e3o Paulo","Turbina de avi\u00e3o Cear\u00e1","Turbina de avi\u00e3o Juazeiro do Norte","Turbina de avi\u00e3o pega fogo durante decolagem em Juazeiro do Norte","Voo G3 1561 da Gol"],"articleSection":["Brasil"],"inLanguage":"pt-BR","potentialAction":[{"@type":"CommentAction","name":"Comment","target":["https:\/\/aconteceunovale.com.br\/portal\/?p=152114#respond"]}]},{"@type":"WebPage","@id":"https:\/\/aconteceunovale.com.br\/portal\/?p=152114","url":"https:\/\/aconteceunovale.com.br\/portal\/?p=152114","name":"Turbina de avi\u00e3o pega fogo durante decolagem em Juazeiro do Norte - Aconteceu no Vale","isPartOf":{"@id":"https:\/\/aconteceunovale.com.br\/portal\/#website"},"primaryImageOfPage":{"@id":"https:\/\/aconteceunovale.com.br\/portal\/?p=152114#primaryimage"},"image":{"@id":"https:\/\/aconteceunovale.com.br\/portal\/?p=152114#primaryimage"},"thumbnailUrl":"https:\/\/aconteceunovale.com.br\/portal\/wp-content\/uploads\/2019\/09\/aviao_gol.jpg","datePublished":"2019-09-02T17:33:56+00:00","dateModified":"2019-09-02T17:33:58+00:00","author":{"@id":"https:\/\/aconteceunovale.com.br\/portal\/#\/schema\/person\/633529146f2c94272bef50ac2953d589"},"breadcrumb":{"@id":"https:\/\/aconteceunovale.com.br\/portal\/?p=152114#breadcrumb"},"inLanguage":"pt-BR","potentialAction":[{"@type":"ReadAction","target":["https:\/\/aconteceunovale.com.br\/portal\/?p=152114"]}]},{"@type":"ImageObject","inLanguage":"pt-BR","@id":"https:\/\/aconteceunovale.com.br\/portal\/?p=152114#primaryimage","url":"https:\/\/aconteceunovale.com.br\/portal\/wp-content\/uploads\/2019\/09\/aviao_gol.jpg","contentUrl":"https:\/\/aconteceunovale.com.br\/portal\/wp-content\/uploads\/2019\/09\/aviao_gol.jpg","width":675,"height":450},{"@type":"BreadcrumbList","@id":"https:\/\/aconteceunovale.com.br\/portal\/?p=152114#breadcrumb","itemListElement":[{"@type":"ListItem","position":1,"name":"In\u00edcio","item":"https:\/\/aconteceunovale.com.br\/portal\/"},{"@type":"ListItem","position":2,"name":"Turbina de avi\u00e3o pega fogo durante decolagem em Juazeiro do Norte"}]},{"@type":"WebSite","@id":"https:\/\/aconteceunovale.com.br\/portal\/#website","url":"https:\/\/aconteceunovale.com.br\/portal\/","name":"Aconteceu no Vale","description":"Portal de Not\u00edcias","potentialAction":[{"@type":"SearchAction","target":{"@type":"EntryPoint","urlTemplate":"https:\/\/aconteceunovale.com.br\/portal\/?s={search_term_string}"},"query-input":{"@type":"PropertyValueSpecification","valueRequired":true,"valueName":"search_term_string"}}],"inLanguage":"pt-BR"},{"@type":"Person","@id":"https:\/\/aconteceunovale.com.br\/portal\/#\/schema\/person\/633529146f2c94272bef50ac2953d589","name":"Aconteceu no Vale","description":"Equipe de reportagem do Aconteceu no Vale, portal de not\u00edcias do Vale do Jequitinhonha, em Minas Gerais. Cobrimos as 51 cidades do Vale desde 2013. Sugest\u00f5es de pauta e pedidos de corre\u00e7\u00e3o: contato@aconteceunovale.com.br","sameAs":["http:\/\/www.aconteceunovale.com.br"],"url":"https:\/\/aconteceunovale.com.br\/portal\/?author=1"}]}},"_links":{"self":[{"href":"https:\/\/aconteceunovale.com.br\/portal\/index.php?rest_route=\/wp\/v2\/posts\/152114","targetHints":{"allow":["GET"]}}],"collection":[{"href":"https:\/\/aconteceunovale.com.br\/portal\/index.php?rest_route=\/wp\/v2\/posts"}],"about":[{"href":"https:\/\/aconteceunovale.com.br\/portal\/index.php?rest_route=\/wp\/v2\/types\/post"}],"author":[{"embeddable":true,"href":"https:\/\/aconteceunovale.com.br\/portal\/index.php?rest_route=\/wp\/v2\/users\/1"}],"replies":[{"embeddable":true,"href":"https:\/\/aconteceunovale.com.br\/portal\/index.php?rest_route=%2Fwp%2Fv2%2Fcomments&post=152114"}],"version-history":[{"count":1,"href":"https:\/\/aconteceunovale.com.br\/portal\/index.php?rest_route=\/wp\/v2\/posts\/152114\/revisions"}],"predecessor-version":[{"id":152115,"href":"https:\/\/aconteceunovale.com.br\/portal\/index.php?rest_route=\/wp\/v2\/posts\/152114\/revisions\/152115"}],"wp:featuredmedia":[{"embeddable":true,"href":"https:\/\/aconteceunovale.com.br\/portal\/index.php?rest_route=\/wp\/v2\/media\/152116"}],"wp:attachment":[{"href":"https:\/\/aconteceunovale.com.br\/portal\/index.php?rest_route=%2Fwp%2Fv2%2Fmedia&parent=152114"}],"wp:term":[{"taxonomy":"category","embeddable":true,"href":"https:\/\/aconteceunovale.com.br\/portal\/index.php?rest_route=%2Fwp%2Fv2%2Fcategories&post=152114"},{"taxonomy":"post_tag","embeddable":true,"href":"https:\/\/aconteceunovale.com.br\/portal\/index.php?rest_route=%2Fwp%2Fv2%2Ftags&post=152114"}],"curies":[{"name":"wp","href":"https:\/\/api.w.org\/{rel}","templated":true}]}}