{"id":152107,"date":"2019-09-02T12:28:43","date_gmt":"2019-09-02T15:28:43","guid":{"rendered":"http:\/\/aconteceunovale.com.br\/portal\/?p=152107"},"modified":"2019-09-02T12:28:47","modified_gmt":"2019-09-02T15:28:47","slug":"dois-brasileiros-disputam-titulo-de-melhor-goleiro-do-mundo","status":"publish","type":"post","link":"https:\/\/aconteceunovale.com.br\/portal\/?p=152107","title":{"rendered":"Dois brasileiros disputam t\u00edtulo de melhor goleiro do mundo"},"content":{"rendered":"\n<p class=\"wp-block-paragraph\">Os goleiros brasileiros Alisson Becker, do clube ingl\u00eas Liverpool, e Ederson, do tamb\u00e9m ingl\u00eas Manchester City, est\u00e3o na disputa pelo t\u00edtulo de melhor goleiro do mundo deste ano, no pr\u00eamio da Federa\u00e7\u00e3o Internacional de Futebol (Fifa). Al\u00e9m deles, est\u00e1 na disputa o alem\u00e3o Marc-Andr\u00e9 ter Stegen, que atua no time espanhol Barcelona.<\/p>\n\n\n\n<p class=\"wp-block-paragraph\">Eles n\u00e3o s\u00e3o os \u00fanicos brasileiros a disputar o pr\u00eamio da Fifa. Uma brasileira, Silvia Grecco, concorre ao pr\u00eamio de torcedores, por descrever os jogos do Palmeiras para seu filho, que \u00e9 cego. Ela disputa com o uruguaio Justo S\u00e1nchez, que n\u00e3o perde um jogo do time rival em mem\u00f3ria ao seu filho falecido e os torcedores holandeses, por sua atua\u00e7\u00e3o na Copa do Mundo feminina da Fran\u00e7a.<\/p>\n\n\n\n<p class=\"wp-block-paragraph\">Entre os jogadores de linha, no entanto, nenhum brasileiro. O portugu\u00eas Cristiano Ronaldo e o argentino Lionel Messi disputam o t\u00edtulo com o holand\u00eas Virgil van Dijk. Entre as mulheres, as finalistas s\u00e3o a inglesa Lucy Bronze e as norte-americanas Alex Morgan e Megan Rapinoe. As goleiras que disputam o t\u00edtulo s\u00e3o a chilena Christiane Endler, a sueca Hedvig Lindahl e a holandesa Sari van Veenendaal.<\/p>\n\n\n\n<p class=\"wp-block-paragraph\">H\u00e1 ainda pr\u00eamios para melhores t\u00e9cnicos homens (o espanhol Pep Guardiola, o alem\u00e3o J\u00fcrgen Klopp e o argentino Mauricio Pochettino) e mulheres (a norte-americana Jill Ellis, a inglesa Phil Neville e a holandesa Sarina Wiegman).<\/p>\n\n\n\n<p class=\"wp-block-paragraph\">O pr\u00eamio Pusk\u00e1s, que premia o gol mais bonito do ano, tem como finalistas Messi, o colombiano Juan Fernando Quintero e o h\u00fangaro D\u00e1niel Zs\u00f3ri. Os vencedores ser\u00e3o anunciados em uma cerim\u00f4nia no Teatro alla Scala, em Mil\u00e3o (It\u00e1lia), no pr\u00f3ximo dia 23.<\/p>\n\n\n\n<figure class=\"wp-block-image\"><img loading=\"lazy\" decoding=\"async\" width=\"612\" height=\"450\" src=\"http:\/\/aconteceunovale.com.br\/portal\/wp-content\/uploads\/2019\/09\/alison_br.jpeg\" alt=\"\" class=\"wp-image-152108\" srcset=\"https:\/\/aconteceunovale.com.br\/portal\/wp-content\/uploads\/2019\/09\/alison_br.jpeg 612w, https:\/\/aconteceunovale.com.br\/portal\/wp-content\/uploads\/2019\/09\/alison_br-300x221.jpeg 300w, https:\/\/aconteceunovale.com.br\/portal\/wp-content\/uploads\/2019\/09\/alison_br-80x60.jpeg 80w, https:\/\/aconteceunovale.com.br\/portal\/wp-content\/uploads\/2019\/09\/alison_br-571x420.jpeg 571w\" sizes=\"auto, (max-width: 612px) 100vw, 612px\" \/><figcaption>Alisson, do Liverpool da Inglaterra e da Sele\u00e7\u00e3o Brasileira, disputa o t\u00edtulo de melhor goleiro do mundo deste ano &#8211; Foto: Lucas Figueiredo \/ CBF<\/figcaption><\/figure>\n\n\n\n<p class=\"has-text-color has-background has-very-light-gray-color has-vivid-cyan-blue-background-color wp-block-paragraph\"><strong>VER PRIMEIRO: <\/strong>Receba as not\u00edcias do Aconteceu no Vale em primeira m\u00e3o. Clique em curtir no endere\u00e7o <a href=\"https:\/\/www.facebook.com\/aconteceunovale\" target=\"_blank\" rel=\"noreferrer noopener\">www.facebook.com\/aconteceunovale<\/a>.<\/p>\n","protected":false},"excerpt":{"rendered":"<p>Os goleiros brasileiros Alisson Becker, do clube ingl\u00eas Liverpool, e Ederson, do tamb\u00e9m ingl\u00eas Manchester City, est\u00e3o na disputa pelo t\u00edtulo de melhor goleiro do mundo deste ano, no pr\u00eamio da Federa\u00e7\u00e3o Internacional de Futebol (Fifa). Al\u00e9m deles, est\u00e1 na disputa o alem\u00e3o Marc-Andr\u00e9 ter Stegen, que atua no time espanhol Barcelona. Eles n\u00e3o s\u00e3o [&hellip;]<\/p>\n","protected":false},"author":1,"featured_media":152108,"comment_status":"open","ping_status":"closed","sticky":false,"template":"","format":"standard","meta":{"amp_status":"","footnotes":""},"categories":[6,59,28848],"tags":[206421,206423,206425,206422,206420,87687,206157,206152,206424],"class_list":["post-152107","post","type-post","status-publish","format-standard","has-post-thumbnail","hentry","category-br","category-esportes","category-mundo","tag-alisson-becker","tag-disputa-do-titulo-de-melhor-goleiro-do-mundo","tag-dois-brasileiros-disputam-titulo-de-melhor-goleiro-do-mundo","tag-ederson","tag-ederson-do-manchester-city","tag-fifa","tag-liverpool","tag-manchester-city","tag-melhor-goleiro-do-mundo"],"yoast_head":"<!-- This site is optimized with the Yoast SEO plugin v28.3 - https:\/\/yoast.com\/product\/yoast-seo-wordpress\/ -->\n<title>Dois brasileiros disputam t\u00edtulo de melhor goleiro do mundo - Aconteceu no Vale<\/title>\n<meta name=\"robots\" content=\"index, follow, max-snippet:-1, max-image-preview:large, max-video-preview:-1\" \/>\n<link rel=\"canonical\" href=\"https:\/\/aconteceunovale.com.br\/portal\/?p=152107\" \/>\n<meta property=\"og:locale\" content=\"pt_BR\" \/>\n<meta property=\"og:type\" content=\"article\" \/>\n<meta property=\"og:title\" content=\"Dois brasileiros disputam t\u00edtulo de melhor goleiro do mundo - Aconteceu no Vale\" \/>\n<meta property=\"og:description\" content=\"Os goleiros brasileiros Alisson Becker, do clube ingl\u00eas Liverpool, e Ederson, do tamb\u00e9m ingl\u00eas Manchester City, est\u00e3o na disputa pelo t\u00edtulo de melhor goleiro do mundo deste ano, no pr\u00eamio da Federa\u00e7\u00e3o Internacional de Futebol (Fifa). Al\u00e9m deles, est\u00e1 na disputa o alem\u00e3o Marc-Andr\u00e9 ter Stegen, que atua no time espanhol Barcelona. Eles n\u00e3o s\u00e3o [&hellip;]\" \/>\n<meta property=\"og:url\" content=\"https:\/\/aconteceunovale.com.br\/portal\/?p=152107\" \/>\n<meta property=\"og:site_name\" content=\"Aconteceu no Vale\" \/>\n<meta property=\"article:publisher\" content=\"https:\/\/www.facebook.com\/aconteceunovale\/\" \/>\n<meta property=\"article:published_time\" content=\"2019-09-02T15:28:43+00:00\" \/>\n<meta property=\"article:modified_time\" content=\"2019-09-02T15:28:47+00:00\" \/>\n<meta property=\"og:image\" content=\"https:\/\/aconteceunovale.com.br\/portal\/wp-content\/uploads\/2019\/09\/alison_br.jpeg\" \/>\n\t<meta property=\"og:image:width\" content=\"612\" \/>\n\t<meta property=\"og:image:height\" content=\"450\" \/>\n\t<meta property=\"og:image:type\" content=\"image\/jpeg\" \/>\n<meta name=\"author\" content=\"Aconteceu no Vale\" \/>\n<meta name=\"twitter:card\" content=\"summary_large_image\" \/>\n<meta name=\"twitter:creator\" content=\"@noticiadosvales\" \/>\n<meta name=\"twitter:site\" content=\"@noticiadosvales\" \/>\n<meta name=\"twitter:label1\" content=\"Escrito por\" \/>\n\t<meta name=\"twitter:data1\" content=\"Aconteceu no Vale\" \/>\n\t<meta name=\"twitter:label2\" content=\"Est. tempo de leitura\" \/>\n\t<meta name=\"twitter:data2\" content=\"2 minutos\" \/>\n<script type=\"application\/ld+json\" class=\"yoast-schema-graph\">{\"@context\":\"https:\\\/\\\/schema.org\",\"@graph\":[{\"@type\":\"Article\",\"@id\":\"https:\\\/\\\/aconteceunovale.com.br\\\/portal\\\/?p=152107#article\",\"isPartOf\":{\"@id\":\"https:\\\/\\\/aconteceunovale.com.br\\\/portal\\\/?p=152107\"},\"author\":{\"name\":\"Aconteceu no Vale\",\"@id\":\"https:\\\/\\\/aconteceunovale.com.br\\\/portal\\\/#\\\/schema\\\/person\\\/633529146f2c94272bef50ac2953d589\"},\"headline\":\"Dois brasileiros disputam t\u00edtulo de melhor goleiro do mundo\",\"datePublished\":\"2019-09-02T15:28:43+00:00\",\"dateModified\":\"2019-09-02T15:28:47+00:00\",\"mainEntityOfPage\":{\"@id\":\"https:\\\/\\\/aconteceunovale.com.br\\\/portal\\\/?p=152107\"},\"wordCount\":360,\"commentCount\":0,\"image\":{\"@id\":\"https:\\\/\\\/aconteceunovale.com.br\\\/portal\\\/?p=152107#primaryimage\"},\"thumbnailUrl\":\"https:\\\/\\\/aconteceunovale.com.br\\\/portal\\\/wp-content\\\/uploads\\\/2019\\\/09\\\/alison_br.jpeg\",\"keywords\":[\"Alisson Becker\",\"Disputa do t\u00edtulo de melhor goleiro do mundo\",\"Dois brasileiros disputam t\u00edtulo de melhor goleiro do mundo\",\"Ederson\",\"Ederson do Manchester City\",\"Fifa\",\"Liverpool\",\"Manchester City\",\"Melhor goleiro do mundo\"],\"articleSection\":[\"Brasil\",\"Esportes\",\"Mundo\"],\"inLanguage\":\"pt-BR\",\"potentialAction\":[{\"@type\":\"CommentAction\",\"name\":\"Comment\",\"target\":[\"https:\\\/\\\/aconteceunovale.com.br\\\/portal\\\/?p=152107#respond\"]}]},{\"@type\":\"WebPage\",\"@id\":\"https:\\\/\\\/aconteceunovale.com.br\\\/portal\\\/?p=152107\",\"url\":\"https:\\\/\\\/aconteceunovale.com.br\\\/portal\\\/?p=152107\",\"name\":\"Dois brasileiros disputam t\u00edtulo de melhor goleiro do mundo - Aconteceu no Vale\",\"isPartOf\":{\"@id\":\"https:\\\/\\\/aconteceunovale.com.br\\\/portal\\\/#website\"},\"primaryImageOfPage\":{\"@id\":\"https:\\\/\\\/aconteceunovale.com.br\\\/portal\\\/?p=152107#primaryimage\"},\"image\":{\"@id\":\"https:\\\/\\\/aconteceunovale.com.br\\\/portal\\\/?p=152107#primaryimage\"},\"thumbnailUrl\":\"https:\\\/\\\/aconteceunovale.com.br\\\/portal\\\/wp-content\\\/uploads\\\/2019\\\/09\\\/alison_br.jpeg\",\"datePublished\":\"2019-09-02T15:28:43+00:00\",\"dateModified\":\"2019-09-02T15:28:47+00:00\",\"author\":{\"@id\":\"https:\\\/\\\/aconteceunovale.com.br\\\/portal\\\/#\\\/schema\\\/person\\\/633529146f2c94272bef50ac2953d589\"},\"breadcrumb\":{\"@id\":\"https:\\\/\\\/aconteceunovale.com.br\\\/portal\\\/?p=152107#breadcrumb\"},\"inLanguage\":\"pt-BR\",\"potentialAction\":[{\"@type\":\"ReadAction\",\"target\":[\"https:\\\/\\\/aconteceunovale.com.br\\\/portal\\\/?p=152107\"]}]},{\"@type\":\"ImageObject\",\"inLanguage\":\"pt-BR\",\"@id\":\"https:\\\/\\\/aconteceunovale.com.br\\\/portal\\\/?p=152107#primaryimage\",\"url\":\"https:\\\/\\\/aconteceunovale.com.br\\\/portal\\\/wp-content\\\/uploads\\\/2019\\\/09\\\/alison_br.jpeg\",\"contentUrl\":\"https:\\\/\\\/aconteceunovale.com.br\\\/portal\\\/wp-content\\\/uploads\\\/2019\\\/09\\\/alison_br.jpeg\",\"width\":612,\"height\":450},{\"@type\":\"BreadcrumbList\",\"@id\":\"https:\\\/\\\/aconteceunovale.com.br\\\/portal\\\/?p=152107#breadcrumb\",\"itemListElement\":[{\"@type\":\"ListItem\",\"position\":1,\"name\":\"In\u00edcio\",\"item\":\"https:\\\/\\\/aconteceunovale.com.br\\\/portal\\\/\"},{\"@type\":\"ListItem\",\"position\":2,\"name\":\"Dois brasileiros disputam t\u00edtulo de melhor goleiro do mundo\"}]},{\"@type\":\"WebSite\",\"@id\":\"https:\\\/\\\/aconteceunovale.com.br\\\/portal\\\/#website\",\"url\":\"https:\\\/\\\/aconteceunovale.com.br\\\/portal\\\/\",\"name\":\"Aconteceu no Vale\",\"description\":\"Portal de Not\u00edcias\",\"potentialAction\":[{\"@type\":\"SearchAction\",\"target\":{\"@type\":\"EntryPoint\",\"urlTemplate\":\"https:\\\/\\\/aconteceunovale.com.br\\\/portal\\\/?s={search_term_string}\"},\"query-input\":{\"@type\":\"PropertyValueSpecification\",\"valueRequired\":true,\"valueName\":\"search_term_string\"}}],\"inLanguage\":\"pt-BR\"},{\"@type\":\"Person\",\"@id\":\"https:\\\/\\\/aconteceunovale.com.br\\\/portal\\\/#\\\/schema\\\/person\\\/633529146f2c94272bef50ac2953d589\",\"name\":\"Aconteceu no Vale\",\"description\":\"Equipe de reportagem do Aconteceu no Vale, portal de not\u00edcias do Vale do Jequitinhonha, em Minas Gerais. Cobrimos as 51 cidades do Vale desde 2013. Sugest\u00f5es de pauta e pedidos de corre\u00e7\u00e3o: contato@aconteceunovale.com.br\",\"sameAs\":[\"http:\\\/\\\/www.aconteceunovale.com.br\"],\"url\":\"https:\\\/\\\/aconteceunovale.com.br\\\/portal\\\/?author=1\"}]}<\/script>\n<!-- \/ Yoast SEO plugin. -->","yoast_head_json":{"title":"Dois brasileiros disputam t\u00edtulo de melhor goleiro do mundo - Aconteceu no Vale","robots":{"index":"index","follow":"follow","max-snippet":"max-snippet:-1","max-image-preview":"max-image-preview:large","max-video-preview":"max-video-preview:-1"},"canonical":"https:\/\/aconteceunovale.com.br\/portal\/?p=152107","og_locale":"pt_BR","og_type":"article","og_title":"Dois brasileiros disputam t\u00edtulo de melhor goleiro do mundo - Aconteceu no Vale","og_description":"Os goleiros brasileiros Alisson Becker, do clube ingl\u00eas Liverpool, e Ederson, do tamb\u00e9m ingl\u00eas Manchester City, est\u00e3o na disputa pelo t\u00edtulo de melhor goleiro do mundo deste ano, no pr\u00eamio da Federa\u00e7\u00e3o Internacional de Futebol (Fifa). Al\u00e9m deles, est\u00e1 na disputa o alem\u00e3o Marc-Andr\u00e9 ter Stegen, que atua no time espanhol Barcelona. Eles n\u00e3o s\u00e3o [&hellip;]","og_url":"https:\/\/aconteceunovale.com.br\/portal\/?p=152107","og_site_name":"Aconteceu no Vale","article_publisher":"https:\/\/www.facebook.com\/aconteceunovale\/","article_published_time":"2019-09-02T15:28:43+00:00","article_modified_time":"2019-09-02T15:28:47+00:00","og_image":[{"width":612,"height":450,"url":"https:\/\/aconteceunovale.com.br\/portal\/wp-content\/uploads\/2019\/09\/alison_br.jpeg","type":"image\/jpeg"}],"author":"Aconteceu no Vale","twitter_card":"summary_large_image","twitter_creator":"@noticiadosvales","twitter_site":"@noticiadosvales","twitter_misc":{"Escrito por":"Aconteceu no Vale","Est. tempo de leitura":"2 minutos"},"schema":{"@context":"https:\/\/schema.org","@graph":[{"@type":"Article","@id":"https:\/\/aconteceunovale.com.br\/portal\/?p=152107#article","isPartOf":{"@id":"https:\/\/aconteceunovale.com.br\/portal\/?p=152107"},"author":{"name":"Aconteceu no Vale","@id":"https:\/\/aconteceunovale.com.br\/portal\/#\/schema\/person\/633529146f2c94272bef50ac2953d589"},"headline":"Dois brasileiros disputam t\u00edtulo de melhor goleiro do mundo","datePublished":"2019-09-02T15:28:43+00:00","dateModified":"2019-09-02T15:28:47+00:00","mainEntityOfPage":{"@id":"https:\/\/aconteceunovale.com.br\/portal\/?p=152107"},"wordCount":360,"commentCount":0,"image":{"@id":"https:\/\/aconteceunovale.com.br\/portal\/?p=152107#primaryimage"},"thumbnailUrl":"https:\/\/aconteceunovale.com.br\/portal\/wp-content\/uploads\/2019\/09\/alison_br.jpeg","keywords":["Alisson Becker","Disputa do t\u00edtulo de melhor goleiro do mundo","Dois brasileiros disputam t\u00edtulo de melhor goleiro do mundo","Ederson","Ederson do Manchester City","Fifa","Liverpool","Manchester City","Melhor goleiro do mundo"],"articleSection":["Brasil","Esportes","Mundo"],"inLanguage":"pt-BR","potentialAction":[{"@type":"CommentAction","name":"Comment","target":["https:\/\/aconteceunovale.com.br\/portal\/?p=152107#respond"]}]},{"@type":"WebPage","@id":"https:\/\/aconteceunovale.com.br\/portal\/?p=152107","url":"https:\/\/aconteceunovale.com.br\/portal\/?p=152107","name":"Dois brasileiros disputam t\u00edtulo de melhor goleiro do mundo - Aconteceu no Vale","isPartOf":{"@id":"https:\/\/aconteceunovale.com.br\/portal\/#website"},"primaryImageOfPage":{"@id":"https:\/\/aconteceunovale.com.br\/portal\/?p=152107#primaryimage"},"image":{"@id":"https:\/\/aconteceunovale.com.br\/portal\/?p=152107#primaryimage"},"thumbnailUrl":"https:\/\/aconteceunovale.com.br\/portal\/wp-content\/uploads\/2019\/09\/alison_br.jpeg","datePublished":"2019-09-02T15:28:43+00:00","dateModified":"2019-09-02T15:28:47+00:00","author":{"@id":"https:\/\/aconteceunovale.com.br\/portal\/#\/schema\/person\/633529146f2c94272bef50ac2953d589"},"breadcrumb":{"@id":"https:\/\/aconteceunovale.com.br\/portal\/?p=152107#breadcrumb"},"inLanguage":"pt-BR","potentialAction":[{"@type":"ReadAction","target":["https:\/\/aconteceunovale.com.br\/portal\/?p=152107"]}]},{"@type":"ImageObject","inLanguage":"pt-BR","@id":"https:\/\/aconteceunovale.com.br\/portal\/?p=152107#primaryimage","url":"https:\/\/aconteceunovale.com.br\/portal\/wp-content\/uploads\/2019\/09\/alison_br.jpeg","contentUrl":"https:\/\/aconteceunovale.com.br\/portal\/wp-content\/uploads\/2019\/09\/alison_br.jpeg","width":612,"height":450},{"@type":"BreadcrumbList","@id":"https:\/\/aconteceunovale.com.br\/portal\/?p=152107#breadcrumb","itemListElement":[{"@type":"ListItem","position":1,"name":"In\u00edcio","item":"https:\/\/aconteceunovale.com.br\/portal\/"},{"@type":"ListItem","position":2,"name":"Dois brasileiros disputam t\u00edtulo de melhor goleiro do mundo"}]},{"@type":"WebSite","@id":"https:\/\/aconteceunovale.com.br\/portal\/#website","url":"https:\/\/aconteceunovale.com.br\/portal\/","name":"Aconteceu no Vale","description":"Portal de Not\u00edcias","potentialAction":[{"@type":"SearchAction","target":{"@type":"EntryPoint","urlTemplate":"https:\/\/aconteceunovale.com.br\/portal\/?s={search_term_string}"},"query-input":{"@type":"PropertyValueSpecification","valueRequired":true,"valueName":"search_term_string"}}],"inLanguage":"pt-BR"},{"@type":"Person","@id":"https:\/\/aconteceunovale.com.br\/portal\/#\/schema\/person\/633529146f2c94272bef50ac2953d589","name":"Aconteceu no Vale","description":"Equipe de reportagem do Aconteceu no Vale, portal de not\u00edcias do Vale do Jequitinhonha, em Minas Gerais. Cobrimos as 51 cidades do Vale desde 2013. Sugest\u00f5es de pauta e pedidos de corre\u00e7\u00e3o: contato@aconteceunovale.com.br","sameAs":["http:\/\/www.aconteceunovale.com.br"],"url":"https:\/\/aconteceunovale.com.br\/portal\/?author=1"}]}},"_links":{"self":[{"href":"https:\/\/aconteceunovale.com.br\/portal\/index.php?rest_route=\/wp\/v2\/posts\/152107","targetHints":{"allow":["GET"]}}],"collection":[{"href":"https:\/\/aconteceunovale.com.br\/portal\/index.php?rest_route=\/wp\/v2\/posts"}],"about":[{"href":"https:\/\/aconteceunovale.com.br\/portal\/index.php?rest_route=\/wp\/v2\/types\/post"}],"author":[{"embeddable":true,"href":"https:\/\/aconteceunovale.com.br\/portal\/index.php?rest_route=\/wp\/v2\/users\/1"}],"replies":[{"embeddable":true,"href":"https:\/\/aconteceunovale.com.br\/portal\/index.php?rest_route=%2Fwp%2Fv2%2Fcomments&post=152107"}],"version-history":[{"count":1,"href":"https:\/\/aconteceunovale.com.br\/portal\/index.php?rest_route=\/wp\/v2\/posts\/152107\/revisions"}],"predecessor-version":[{"id":152109,"href":"https:\/\/aconteceunovale.com.br\/portal\/index.php?rest_route=\/wp\/v2\/posts\/152107\/revisions\/152109"}],"wp:featuredmedia":[{"embeddable":true,"href":"https:\/\/aconteceunovale.com.br\/portal\/index.php?rest_route=\/wp\/v2\/media\/152108"}],"wp:attachment":[{"href":"https:\/\/aconteceunovale.com.br\/portal\/index.php?rest_route=%2Fwp%2Fv2%2Fmedia&parent=152107"}],"wp:term":[{"taxonomy":"category","embeddable":true,"href":"https:\/\/aconteceunovale.com.br\/portal\/index.php?rest_route=%2Fwp%2Fv2%2Fcategories&post=152107"},{"taxonomy":"post_tag","embeddable":true,"href":"https:\/\/aconteceunovale.com.br\/portal\/index.php?rest_route=%2Fwp%2Fv2%2Ftags&post=152107"}],"curies":[{"name":"wp","href":"https:\/\/api.w.org\/{rel}","templated":true}]}}