{"id":152102,"date":"2019-09-02T12:20:22","date_gmt":"2019-09-02T15:20:22","guid":{"rendered":"http:\/\/aconteceunovale.com.br\/portal\/?p=152102"},"modified":"2026-09-02T12:13:46","modified_gmt":"2026-09-02T15:13:46","slug":"crianca-morre-afogada-em-aracuai","status":"publish","type":"post","link":"https:\/\/aconteceunovale.com.br\/portal\/?p=152102","title":{"rendered":"Crian\u00e7a morre afogada em Ara\u00e7ua\u00ed"},"content":{"rendered":"\n<p class=\"wp-block-paragraph\">Uma\nmenina de doze anos morreu afogada na tarde deste domingo (01\/09\/2019)&nbsp;no Rio\nAra\u00e7ua\u00ed, em uma regi\u00e3o conhecida como Mateus, no Bairro Juparan\u00e1, em Ara\u00e7ua\u00ed,\nno Vale do Jequitinhonha. A crian\u00e7a, identificada como Nicole Ramalho da\nSilva,&nbsp;morava com a m\u00e3e e outros sete irm\u00e3os na Rua Professora Ana Carmem,\nno Bairro Canoeiro. Ela cursava o 6\u00ba ano do ensino fundamental na Escola\nEstadual Frei Rogato e era uma aluna dedicada.<\/p>\n\n\n\n<p class=\"wp-block-paragraph\">O\nirm\u00e3o de Nicole, Felipe Ramalho, de 21 anos, contou que ela estava&nbsp;no rio\ncom a m\u00e3e, de 38, e uma irm\u00e3 de 20. \u201cAntes de entrar na \u00e1gua, ela fez um v\u00eddeo\nda paisagem e algumas fotos. Depois ela entregou o celular para minha irm\u00e3 e\nsaiu para brincar na \u00e1gua, mas acabou se afogando. Ela chegou a pedir socorro,\nmas n\u00e3o foi poss\u00edvel salv\u00e1-la\u201d, disse o irm\u00e3o.<\/p>\n\n\n\n<p class=\"wp-block-paragraph\">O acidente ocorreu por volta das 16 horas. Uma equipe do Corpo de Bombeiros est\u00e1 no local desde as 8 da manh\u00e3 desta segunda-feira (2) na tentativa de localizar o corpo da crian\u00e7a.<\/p>\n\n\n\n<figure class=\"wp-block-image is-resized\"><img decoding=\"async\" src=\"http:\/\/aconteceunovale.com.br\/portal\/wp-content\/uploads\/2019\/09\/afogamento_aracuai_1.jpg\" alt=\"\" class=\"wp-image-152104\" width=\"625\" srcset=\"https:\/\/aconteceunovale.com.br\/portal\/wp-content\/uploads\/2019\/09\/afogamento_aracuai_1.jpg 640w, https:\/\/aconteceunovale.com.br\/portal\/wp-content\/uploads\/2019\/09\/afogamento_aracuai_1-300x225.jpg 300w, https:\/\/aconteceunovale.com.br\/portal\/wp-content\/uploads\/2019\/09\/afogamento_aracuai_1-80x60.jpg 80w, https:\/\/aconteceunovale.com.br\/portal\/wp-content\/uploads\/2019\/09\/afogamento_aracuai_1-265x198.jpg 265w, https:\/\/aconteceunovale.com.br\/portal\/wp-content\/uploads\/2019\/09\/afogamento_aracuai_1-560x420.jpg 560w\" sizes=\"(max-width: 640px) 100vw, 640px\" \/><figcaption><em>Nicole tinha doze anos &#8211; Foto: Reprodu\u00e7\u00e3o\/Gazeta de Ara\u00e7ua\u00ed<\/em><\/figcaption><\/figure>\n\n\n\n<figure class=\"wp-block-image\"><img loading=\"lazy\" decoding=\"async\" width=\"625\" height=\"450\" src=\"http:\/\/aconteceunovale.com.br\/portal\/wp-content\/uploads\/2019\/09\/afogamento_aracuai_2.jpg\" alt=\"\" class=\"wp-image-152103\" srcset=\"https:\/\/aconteceunovale.com.br\/portal\/wp-content\/uploads\/2019\/09\/afogamento_aracuai_2.jpg 625w, https:\/\/aconteceunovale.com.br\/portal\/wp-content\/uploads\/2019\/09\/afogamento_aracuai_2-300x216.jpg 300w, https:\/\/aconteceunovale.com.br\/portal\/wp-content\/uploads\/2019\/09\/afogamento_aracuai_2-583x420.jpg 583w\" sizes=\"auto, (max-width: 625px) 100vw, 625px\" \/><figcaption><em> Nicole se afogou no Rio Ara\u00e7ua\u00ed &#8211; Foto: Reprodu\u00e7\u00e3o\/Gazeta de Ara\u00e7ua\u00ed<\/em><\/figcaption><\/figure>\n\n\n\n<p class=\"has-text-color has-background has-very-light-gray-color has-vivid-cyan-blue-background-color wp-block-paragraph\"><strong>VER PRIMEIRO: <\/strong>Receba as not\u00edcias do Aconteceu no Vale em primeira m\u00e3o. Clique em curtir no endere\u00e7o <a href=\"https:\/\/www.facebook.com\/aconteceunovale\" target=\"_blank\" rel=\"noreferrer noopener\">www.facebook.com\/aconteceunovale<\/a>.<\/p>\n","protected":false},"excerpt":{"rendered":"<p>Uma menina de doze anos morreu afogada na tarde deste domingo (01\/09\/2019)&nbsp;no Rio Ara\u00e7ua\u00ed, em uma regi\u00e3o conhecida como Mateus, no Bairro Juparan\u00e1, em Ara\u00e7ua\u00ed, no Vale do Jequitinhonha. A crian\u00e7a, identificada como Nicole Ramalho da Silva,&nbsp;morava com a m\u00e3e e outros sete irm\u00e3os na Rua Professora Ana Carmem, no Bairro Canoeiro. Ela cursava o [&hellip;]<\/p>\n","protected":false},"author":1,"featured_media":152103,"comment_status":"open","ping_status":"closed","sticky":false,"template":"","format":"standard","meta":{"amp_status":"","footnotes":""},"categories":[272530,120],"tags":[206419,64920,186,206418,206417],"class_list":["post-152102","post","type-post","status-publish","format-standard","has-post-thumbnail","hentry","category-aracuai","category-jequi","tag-afogada-no-rio-aracuai","tag-afogamento-em-aracuai","tag-aracuai","tag-crianca-morre-afogada-em-aracuai","tag-nicole-ramalho-da-silva"],"yoast_head":"<!-- This site is optimized with the Yoast SEO plugin v28.3 - https:\/\/yoast.com\/product\/yoast-seo-wordpress\/ -->\n<title>Crian\u00e7a morre afogada em Ara\u00e7ua\u00ed - Aconteceu no Vale<\/title>\n<meta name=\"robots\" content=\"index, follow, max-snippet:-1, max-image-preview:large, max-video-preview:-1\" \/>\n<link rel=\"canonical\" href=\"https:\/\/aconteceunovale.com.br\/portal\/?p=152102\" \/>\n<meta property=\"og:locale\" content=\"pt_BR\" \/>\n<meta property=\"og:type\" content=\"article\" \/>\n<meta property=\"og:title\" content=\"Crian\u00e7a morre afogada em Ara\u00e7ua\u00ed - Aconteceu no Vale\" \/>\n<meta property=\"og:description\" content=\"Uma menina de doze anos morreu afogada na tarde deste domingo (01\/09\/2019)&nbsp;no Rio Ara\u00e7ua\u00ed, em uma regi\u00e3o conhecida como Mateus, no Bairro Juparan\u00e1, em Ara\u00e7ua\u00ed, no Vale do Jequitinhonha. A crian\u00e7a, identificada como Nicole Ramalho da Silva,&nbsp;morava com a m\u00e3e e outros sete irm\u00e3os na Rua Professora Ana Carmem, no Bairro Canoeiro. Ela cursava o [&hellip;]\" \/>\n<meta property=\"og:url\" content=\"https:\/\/aconteceunovale.com.br\/portal\/?p=152102\" \/>\n<meta property=\"og:site_name\" content=\"Aconteceu no Vale\" \/>\n<meta property=\"article:publisher\" content=\"https:\/\/www.facebook.com\/aconteceunovale\/\" \/>\n<meta property=\"article:published_time\" content=\"2019-09-02T15:20:22+00:00\" \/>\n<meta property=\"article:modified_time\" content=\"2026-09-02T15:13:46+00:00\" \/>\n<meta property=\"og:image\" content=\"https:\/\/aconteceunovale.com.br\/portal\/wp-content\/uploads\/2019\/09\/afogamento_aracuai_2.jpg\" \/>\n\t<meta property=\"og:image:width\" content=\"625\" \/>\n\t<meta property=\"og:image:height\" content=\"450\" \/>\n\t<meta property=\"og:image:type\" content=\"image\/jpeg\" \/>\n<meta name=\"author\" content=\"Aconteceu no Vale\" \/>\n<meta name=\"twitter:card\" content=\"summary_large_image\" \/>\n<meta name=\"twitter:creator\" content=\"@noticiadosvales\" \/>\n<meta name=\"twitter:site\" content=\"@noticiadosvales\" \/>\n<meta name=\"twitter:label1\" content=\"Escrito por\" \/>\n\t<meta name=\"twitter:data1\" content=\"Aconteceu no Vale\" \/>\n\t<meta name=\"twitter:label2\" content=\"Est. tempo de leitura\" \/>\n\t<meta name=\"twitter:data2\" content=\"1 minuto\" \/>\n<script type=\"application\/ld+json\" class=\"yoast-schema-graph\">{\"@context\":\"https:\\\/\\\/schema.org\",\"@graph\":[{\"@type\":\"Article\",\"@id\":\"https:\\\/\\\/aconteceunovale.com.br\\\/portal\\\/?p=152102#article\",\"isPartOf\":{\"@id\":\"https:\\\/\\\/aconteceunovale.com.br\\\/portal\\\/?p=152102\"},\"author\":{\"name\":\"Aconteceu no Vale\",\"@id\":\"https:\\\/\\\/aconteceunovale.com.br\\\/portal\\\/#\\\/schema\\\/person\\\/633529146f2c94272bef50ac2953d589\"},\"headline\":\"Crian\u00e7a morre afogada em Ara\u00e7ua\u00ed\",\"datePublished\":\"2019-09-02T15:20:22+00:00\",\"dateModified\":\"2026-09-02T15:13:46+00:00\",\"mainEntityOfPage\":{\"@id\":\"https:\\\/\\\/aconteceunovale.com.br\\\/portal\\\/?p=152102\"},\"wordCount\":242,\"commentCount\":0,\"image\":{\"@id\":\"https:\\\/\\\/aconteceunovale.com.br\\\/portal\\\/?p=152102#primaryimage\"},\"thumbnailUrl\":\"https:\\\/\\\/aconteceunovale.com.br\\\/portal\\\/wp-content\\\/uploads\\\/2019\\\/09\\\/afogamento_aracuai_2.jpg\",\"keywords\":[\"Afogada no Rio Ara\u00e7ua\u00ed\",\"afogamento em Ara\u00e7ua\u00ed\",\"Ara\u00e7ua\u00ed\",\"Crian\u00e7a morre afogada em Ara\u00e7ua\u00ed\",\"Nicole Ramalho da Silva\"],\"articleSection\":[\"Ara\u00e7ua\u00ed\",\"Vale do Jequitinhonha\"],\"inLanguage\":\"pt-BR\",\"potentialAction\":[{\"@type\":\"CommentAction\",\"name\":\"Comment\",\"target\":[\"https:\\\/\\\/aconteceunovale.com.br\\\/portal\\\/?p=152102#respond\"]}]},{\"@type\":\"WebPage\",\"@id\":\"https:\\\/\\\/aconteceunovale.com.br\\\/portal\\\/?p=152102\",\"url\":\"https:\\\/\\\/aconteceunovale.com.br\\\/portal\\\/?p=152102\",\"name\":\"Crian\u00e7a morre afogada em Ara\u00e7ua\u00ed - Aconteceu no Vale\",\"isPartOf\":{\"@id\":\"https:\\\/\\\/aconteceunovale.com.br\\\/portal\\\/#website\"},\"primaryImageOfPage\":{\"@id\":\"https:\\\/\\\/aconteceunovale.com.br\\\/portal\\\/?p=152102#primaryimage\"},\"image\":{\"@id\":\"https:\\\/\\\/aconteceunovale.com.br\\\/portal\\\/?p=152102#primaryimage\"},\"thumbnailUrl\":\"https:\\\/\\\/aconteceunovale.com.br\\\/portal\\\/wp-content\\\/uploads\\\/2019\\\/09\\\/afogamento_aracuai_2.jpg\",\"datePublished\":\"2019-09-02T15:20:22+00:00\",\"dateModified\":\"2026-09-02T15:13:46+00:00\",\"author\":{\"@id\":\"https:\\\/\\\/aconteceunovale.com.br\\\/portal\\\/#\\\/schema\\\/person\\\/633529146f2c94272bef50ac2953d589\"},\"breadcrumb\":{\"@id\":\"https:\\\/\\\/aconteceunovale.com.br\\\/portal\\\/?p=152102#breadcrumb\"},\"inLanguage\":\"pt-BR\",\"potentialAction\":[{\"@type\":\"ReadAction\",\"target\":[\"https:\\\/\\\/aconteceunovale.com.br\\\/portal\\\/?p=152102\"]}]},{\"@type\":\"ImageObject\",\"inLanguage\":\"pt-BR\",\"@id\":\"https:\\\/\\\/aconteceunovale.com.br\\\/portal\\\/?p=152102#primaryimage\",\"url\":\"https:\\\/\\\/aconteceunovale.com.br\\\/portal\\\/wp-content\\\/uploads\\\/2019\\\/09\\\/afogamento_aracuai_2.jpg\",\"contentUrl\":\"https:\\\/\\\/aconteceunovale.com.br\\\/portal\\\/wp-content\\\/uploads\\\/2019\\\/09\\\/afogamento_aracuai_2.jpg\",\"width\":625,\"height\":450},{\"@type\":\"BreadcrumbList\",\"@id\":\"https:\\\/\\\/aconteceunovale.com.br\\\/portal\\\/?p=152102#breadcrumb\",\"itemListElement\":[{\"@type\":\"ListItem\",\"position\":1,\"name\":\"In\u00edcio\",\"item\":\"https:\\\/\\\/aconteceunovale.com.br\\\/portal\\\/\"},{\"@type\":\"ListItem\",\"position\":2,\"name\":\"Crian\u00e7a morre afogada em Ara\u00e7ua\u00ed\"}]},{\"@type\":\"WebSite\",\"@id\":\"https:\\\/\\\/aconteceunovale.com.br\\\/portal\\\/#website\",\"url\":\"https:\\\/\\\/aconteceunovale.com.br\\\/portal\\\/\",\"name\":\"Aconteceu no Vale\",\"description\":\"Portal de Not\u00edcias\",\"potentialAction\":[{\"@type\":\"SearchAction\",\"target\":{\"@type\":\"EntryPoint\",\"urlTemplate\":\"https:\\\/\\\/aconteceunovale.com.br\\\/portal\\\/?s={search_term_string}\"},\"query-input\":{\"@type\":\"PropertyValueSpecification\",\"valueRequired\":true,\"valueName\":\"search_term_string\"}}],\"inLanguage\":\"pt-BR\"},{\"@type\":\"Person\",\"@id\":\"https:\\\/\\\/aconteceunovale.com.br\\\/portal\\\/#\\\/schema\\\/person\\\/633529146f2c94272bef50ac2953d589\",\"name\":\"Aconteceu no Vale\",\"description\":\"Equipe de reportagem do Aconteceu no Vale, portal de not\u00edcias do Vale do Jequitinhonha, em Minas Gerais. Cobrimos as 51 cidades do Vale desde 2013. Sugest\u00f5es de pauta e pedidos de corre\u00e7\u00e3o: contato@aconteceunovale.com.br\",\"sameAs\":[\"http:\\\/\\\/www.aconteceunovale.com.br\"],\"url\":\"https:\\\/\\\/aconteceunovale.com.br\\\/portal\\\/?author=1\"}]}<\/script>\n<!-- \/ Yoast SEO plugin. -->","yoast_head_json":{"title":"Crian\u00e7a morre afogada em Ara\u00e7ua\u00ed - Aconteceu no Vale","robots":{"index":"index","follow":"follow","max-snippet":"max-snippet:-1","max-image-preview":"max-image-preview:large","max-video-preview":"max-video-preview:-1"},"canonical":"https:\/\/aconteceunovale.com.br\/portal\/?p=152102","og_locale":"pt_BR","og_type":"article","og_title":"Crian\u00e7a morre afogada em Ara\u00e7ua\u00ed - Aconteceu no Vale","og_description":"Uma menina de doze anos morreu afogada na tarde deste domingo (01\/09\/2019)&nbsp;no Rio Ara\u00e7ua\u00ed, em uma regi\u00e3o conhecida como Mateus, no Bairro Juparan\u00e1, em Ara\u00e7ua\u00ed, no Vale do Jequitinhonha. A crian\u00e7a, identificada como Nicole Ramalho da Silva,&nbsp;morava com a m\u00e3e e outros sete irm\u00e3os na Rua Professora Ana Carmem, no Bairro Canoeiro. Ela cursava o [&hellip;]","og_url":"https:\/\/aconteceunovale.com.br\/portal\/?p=152102","og_site_name":"Aconteceu no Vale","article_publisher":"https:\/\/www.facebook.com\/aconteceunovale\/","article_published_time":"2019-09-02T15:20:22+00:00","article_modified_time":"2026-09-02T15:13:46+00:00","og_image":[{"width":625,"height":450,"url":"https:\/\/aconteceunovale.com.br\/portal\/wp-content\/uploads\/2019\/09\/afogamento_aracuai_2.jpg","type":"image\/jpeg"}],"author":"Aconteceu no Vale","twitter_card":"summary_large_image","twitter_creator":"@noticiadosvales","twitter_site":"@noticiadosvales","twitter_misc":{"Escrito por":"Aconteceu no Vale","Est. tempo de leitura":"1 minuto"},"schema":{"@context":"https:\/\/schema.org","@graph":[{"@type":"Article","@id":"https:\/\/aconteceunovale.com.br\/portal\/?p=152102#article","isPartOf":{"@id":"https:\/\/aconteceunovale.com.br\/portal\/?p=152102"},"author":{"name":"Aconteceu no Vale","@id":"https:\/\/aconteceunovale.com.br\/portal\/#\/schema\/person\/633529146f2c94272bef50ac2953d589"},"headline":"Crian\u00e7a morre afogada em Ara\u00e7ua\u00ed","datePublished":"2019-09-02T15:20:22+00:00","dateModified":"2026-09-02T15:13:46+00:00","mainEntityOfPage":{"@id":"https:\/\/aconteceunovale.com.br\/portal\/?p=152102"},"wordCount":242,"commentCount":0,"image":{"@id":"https:\/\/aconteceunovale.com.br\/portal\/?p=152102#primaryimage"},"thumbnailUrl":"https:\/\/aconteceunovale.com.br\/portal\/wp-content\/uploads\/2019\/09\/afogamento_aracuai_2.jpg","keywords":["Afogada no Rio Ara\u00e7ua\u00ed","afogamento em Ara\u00e7ua\u00ed","Ara\u00e7ua\u00ed","Crian\u00e7a morre afogada em Ara\u00e7ua\u00ed","Nicole Ramalho da Silva"],"articleSection":["Ara\u00e7ua\u00ed","Vale do Jequitinhonha"],"inLanguage":"pt-BR","potentialAction":[{"@type":"CommentAction","name":"Comment","target":["https:\/\/aconteceunovale.com.br\/portal\/?p=152102#respond"]}]},{"@type":"WebPage","@id":"https:\/\/aconteceunovale.com.br\/portal\/?p=152102","url":"https:\/\/aconteceunovale.com.br\/portal\/?p=152102","name":"Crian\u00e7a morre afogada em Ara\u00e7ua\u00ed - Aconteceu no Vale","isPartOf":{"@id":"https:\/\/aconteceunovale.com.br\/portal\/#website"},"primaryImageOfPage":{"@id":"https:\/\/aconteceunovale.com.br\/portal\/?p=152102#primaryimage"},"image":{"@id":"https:\/\/aconteceunovale.com.br\/portal\/?p=152102#primaryimage"},"thumbnailUrl":"https:\/\/aconteceunovale.com.br\/portal\/wp-content\/uploads\/2019\/09\/afogamento_aracuai_2.jpg","datePublished":"2019-09-02T15:20:22+00:00","dateModified":"2026-09-02T15:13:46+00:00","author":{"@id":"https:\/\/aconteceunovale.com.br\/portal\/#\/schema\/person\/633529146f2c94272bef50ac2953d589"},"breadcrumb":{"@id":"https:\/\/aconteceunovale.com.br\/portal\/?p=152102#breadcrumb"},"inLanguage":"pt-BR","potentialAction":[{"@type":"ReadAction","target":["https:\/\/aconteceunovale.com.br\/portal\/?p=152102"]}]},{"@type":"ImageObject","inLanguage":"pt-BR","@id":"https:\/\/aconteceunovale.com.br\/portal\/?p=152102#primaryimage","url":"https:\/\/aconteceunovale.com.br\/portal\/wp-content\/uploads\/2019\/09\/afogamento_aracuai_2.jpg","contentUrl":"https:\/\/aconteceunovale.com.br\/portal\/wp-content\/uploads\/2019\/09\/afogamento_aracuai_2.jpg","width":625,"height":450},{"@type":"BreadcrumbList","@id":"https:\/\/aconteceunovale.com.br\/portal\/?p=152102#breadcrumb","itemListElement":[{"@type":"ListItem","position":1,"name":"In\u00edcio","item":"https:\/\/aconteceunovale.com.br\/portal\/"},{"@type":"ListItem","position":2,"name":"Crian\u00e7a morre afogada em Ara\u00e7ua\u00ed"}]},{"@type":"WebSite","@id":"https:\/\/aconteceunovale.com.br\/portal\/#website","url":"https:\/\/aconteceunovale.com.br\/portal\/","name":"Aconteceu no Vale","description":"Portal de Not\u00edcias","potentialAction":[{"@type":"SearchAction","target":{"@type":"EntryPoint","urlTemplate":"https:\/\/aconteceunovale.com.br\/portal\/?s={search_term_string}"},"query-input":{"@type":"PropertyValueSpecification","valueRequired":true,"valueName":"search_term_string"}}],"inLanguage":"pt-BR"},{"@type":"Person","@id":"https:\/\/aconteceunovale.com.br\/portal\/#\/schema\/person\/633529146f2c94272bef50ac2953d589","name":"Aconteceu no Vale","description":"Equipe de reportagem do Aconteceu no Vale, portal de not\u00edcias do Vale do Jequitinhonha, em Minas Gerais. Cobrimos as 51 cidades do Vale desde 2013. Sugest\u00f5es de pauta e pedidos de corre\u00e7\u00e3o: contato@aconteceunovale.com.br","sameAs":["http:\/\/www.aconteceunovale.com.br"],"url":"https:\/\/aconteceunovale.com.br\/portal\/?author=1"}]}},"_links":{"self":[{"href":"https:\/\/aconteceunovale.com.br\/portal\/index.php?rest_route=\/wp\/v2\/posts\/152102","targetHints":{"allow":["GET"]}}],"collection":[{"href":"https:\/\/aconteceunovale.com.br\/portal\/index.php?rest_route=\/wp\/v2\/posts"}],"about":[{"href":"https:\/\/aconteceunovale.com.br\/portal\/index.php?rest_route=\/wp\/v2\/types\/post"}],"author":[{"embeddable":true,"href":"https:\/\/aconteceunovale.com.br\/portal\/index.php?rest_route=\/wp\/v2\/users\/1"}],"replies":[{"embeddable":true,"href":"https:\/\/aconteceunovale.com.br\/portal\/index.php?rest_route=%2Fwp%2Fv2%2Fcomments&post=152102"}],"version-history":[{"count":2,"href":"https:\/\/aconteceunovale.com.br\/portal\/index.php?rest_route=\/wp\/v2\/posts\/152102\/revisions"}],"predecessor-version":[{"id":152106,"href":"https:\/\/aconteceunovale.com.br\/portal\/index.php?rest_route=\/wp\/v2\/posts\/152102\/revisions\/152106"}],"wp:featuredmedia":[{"embeddable":true,"href":"https:\/\/aconteceunovale.com.br\/portal\/index.php?rest_route=\/wp\/v2\/media\/152103"}],"wp:attachment":[{"href":"https:\/\/aconteceunovale.com.br\/portal\/index.php?rest_route=%2Fwp%2Fv2%2Fmedia&parent=152102"}],"wp:term":[{"taxonomy":"category","embeddable":true,"href":"https:\/\/aconteceunovale.com.br\/portal\/index.php?rest_route=%2Fwp%2Fv2%2Fcategories&post=152102"},{"taxonomy":"post_tag","embeddable":true,"href":"https:\/\/aconteceunovale.com.br\/portal\/index.php?rest_route=%2Fwp%2Fv2%2Ftags&post=152102"}],"curies":[{"name":"wp","href":"https:\/\/api.w.org\/{rel}","templated":true}]}}