{"id":152099,"date":"2019-09-02T12:11:54","date_gmt":"2019-09-02T15:11:54","guid":{"rendered":"http:\/\/aconteceunovale.com.br\/portal\/?p=152099"},"modified":"2026-09-02T12:42:22","modified_gmt":"2026-09-02T15:42:22","slug":"jovem-e-assassinado-a-tiros-em-coronel-murta-no-vale-do-jequitinhonha","status":"publish","type":"post","link":"https:\/\/aconteceunovale.com.br\/portal\/?p=152099","title":{"rendered":"Jovem \u00e9 assassinado a tiros em Coronel Murta, no Vale do Jequitinhonha"},"content":{"rendered":"\n<p class=\"wp-block-paragraph\">Um jovem de 19 anos, identificado como  Kairan Murta Santos, foi assassinado na noite de domingo (01\/09\/2019) no Bairro Maria da Gl\u00f3ria, conhecido como Mutir\u00e3o, na cidade de Coronel Murta, no Vale do Jequitinhonha. At\u00e9 o momento, ningu\u00e9m foi preso.<\/p>\n\n\n\n<p class=\"wp-block-paragraph\">Segundo\na Pol\u00edcia Militar, o crime aconteceu por volta das 19h30, quando o jovem foi\nalvejado pelas costas. Ele chegou a ser socorrido e levado para a Unidade de\nSa\u00fade Carlito Murta, naquela cidade, onde j\u00e1 chegou sem os sinais vitais.\n&nbsp;<\/p>\n\n\n\n<p class=\"wp-block-paragraph\">O\nSargento M\u00e1rcio, do destacamento da PM local, disse que uma guarni\u00e7\u00e3o policial\nfaz rastreamentos desde a noite de domingo. Ele contou que ouviu testemunhas,&nbsp;mas\nat\u00e9 o momento n\u00e3o h\u00e1 suspeitos.<\/p>\n\n\n\n<p class=\"wp-block-paragraph\">\u201cEle\ntinha muitos inimigos e estava recebendo amea\u00e7as por causa das ocorr\u00eancias de\nfurtos\u201d, destacou o policial.<\/p>\n\n\n\n<p class=\"wp-block-paragraph\">O\ncrime ocorreu no final da Rua Para\u00edba. Testemunhas contaram que o jovem estava\nsentado de costas, no meio-fio de uma cal\u00e7ada, conversando com um casal. Uma\nmotocicleta vermelha se aproximou e o passageiro sacou uma arma e atirou nas\ncostas do jovem. Na sequ\u00eancia, os dois ocupantes da moto fugiram em alta\nvelocidade e ainda n\u00e3o foram encontrados.<\/p>\n\n\n\n<p class=\"wp-block-paragraph\">A\nPM informou que o corpo da v\u00edtima foi encaminhado para o Instituto M\u00e9dico Legal\n(IML) de Te\u00f3filo Otoni, no Vale do Mucuri, a cerca de 278 km de Coronel Murta.\nO jovem era solteiro e vivia com a m\u00e3e, mas, ainda segundo a PM, ficava \u00e0s\nvezes com o pai, comerciante em Coronel Murta.<\/p>\n\n\n\n<p class=\"wp-block-paragraph\">A\ninvestiga\u00e7\u00e3o do caso ficar\u00e1 a cargo da Pol\u00edcia Civil que vai apurar as\ncircunst\u00e2ncias do crime.<\/p>\n\n\n\n<p class=\"wp-block-paragraph\">A Pol\u00edcia Militar informou ainda que a v\u00edtima havia sa\u00eddo recentemente da pris\u00e3o, onde cumpria pena por tr\u00e1fico de drogas e posse ilegal de arma de fogo.<\/p>\n\n\n\n<figure class=\"wp-block-image\"><img loading=\"lazy\" decoding=\"async\" width=\"620\" height=\"335\" src=\"http:\/\/aconteceunovale.com.br\/portal\/wp-content\/uploads\/2019\/09\/morto_cm.jpg\" alt=\"\" class=\"wp-image-152100\" srcset=\"https:\/\/aconteceunovale.com.br\/portal\/wp-content\/uploads\/2019\/09\/morto_cm.jpg 620w, https:\/\/aconteceunovale.com.br\/portal\/wp-content\/uploads\/2019\/09\/morto_cm-300x162.jpg 300w\" sizes=\"auto, (max-width: 620px) 100vw, 620px\" \/><figcaption><em>Foto: Reprodu\u00e7\u00e3o \/ Facebook<\/em><\/figcaption><\/figure>\n\n\n\n<p class=\"has-text-color has-background has-very-light-gray-color has-vivid-cyan-blue-background-color wp-block-paragraph\"><strong>VER PRIMEIRO: <\/strong>Receba as not\u00edcias do Aconteceu no Vale em primeira m\u00e3o. Clique em curtir no endere\u00e7o <a href=\"https:\/\/www.facebook.com\/aconteceunovale\" target=\"_blank\" rel=\"noreferrer noopener\">www.facebook.com\/aconteceunovale<\/a>.<\/p>\n","protected":false},"excerpt":{"rendered":"<p>Um jovem de 19 anos, identificado como Kairan Murta Santos, foi assassinado na noite de domingo (01\/09\/2019) no Bairro Maria da Gl\u00f3ria, conhecido como Mutir\u00e3o, na cidade de Coronel Murta, no Vale do Jequitinhonha. At\u00e9 o momento, ningu\u00e9m foi preso. Segundo a Pol\u00edcia Militar, o crime aconteceu por volta das 19h30, quando o jovem foi [&hellip;]<\/p>\n","protected":false},"author":1,"featured_media":110746,"comment_status":"open","ping_status":"closed","sticky":false,"template":"","format":"standard","meta":{"amp_status":"","footnotes":""},"categories":[272540,120],"tags":[155976,483,34560,206416,206415,206414,206413,34564],"class_list":["post-152099","post","type-post","status-publish","format-standard","has-post-thumbnail","hentry","category-coronel-murta","category-jequi","tag-assassinado-em-coronel-murta","tag-coronel-murta","tag-homicidio-em-coronel-murta","tag-jovem-e-assassinado-a-tiros-em-coronel-murta","tag-jovem-morto-em-coronel-murta","tag-kairan-murta","tag-kairan-murta-santos","tag-morto-em-coronel-murta"],"yoast_head":"<!-- This site is optimized with the Yoast SEO plugin v28.3 - https:\/\/yoast.com\/product\/yoast-seo-wordpress\/ -->\n<title>Jovem \u00e9 assassinado a tiros em Coronel Murta, no Vale do Jequitinhonha - Aconteceu no Vale<\/title>\n<meta name=\"robots\" content=\"index, follow, max-snippet:-1, max-image-preview:large, max-video-preview:-1\" \/>\n<link rel=\"canonical\" href=\"https:\/\/aconteceunovale.com.br\/portal\/?p=152099\" \/>\n<meta property=\"og:locale\" content=\"pt_BR\" \/>\n<meta property=\"og:type\" content=\"article\" \/>\n<meta property=\"og:title\" content=\"Jovem \u00e9 assassinado a tiros em Coronel Murta, no Vale do Jequitinhonha - Aconteceu no Vale\" \/>\n<meta property=\"og:description\" content=\"Um jovem de 19 anos, identificado como Kairan Murta Santos, foi assassinado na noite de domingo (01\/09\/2019) no Bairro Maria da Gl\u00f3ria, conhecido como Mutir\u00e3o, na cidade de Coronel Murta, no Vale do Jequitinhonha. At\u00e9 o momento, ningu\u00e9m foi preso. Segundo a Pol\u00edcia Militar, o crime aconteceu por volta das 19h30, quando o jovem foi [&hellip;]\" \/>\n<meta property=\"og:url\" content=\"https:\/\/aconteceunovale.com.br\/portal\/?p=152099\" \/>\n<meta property=\"og:site_name\" content=\"Aconteceu no Vale\" \/>\n<meta property=\"article:publisher\" content=\"https:\/\/www.facebook.com\/aconteceunovale\/\" \/>\n<meta property=\"article:published_time\" content=\"2019-09-02T15:11:54+00:00\" \/>\n<meta property=\"article:modified_time\" content=\"2026-09-02T15:42:22+00:00\" \/>\n<meta property=\"og:image\" content=\"https:\/\/aconteceunovale.com.br\/portal\/wp-content\/uploads\/2017\/03\/coronel_murta.jpg\" \/>\n\t<meta property=\"og:image:width\" content=\"678\" \/>\n\t<meta property=\"og:image:height\" content=\"333\" \/>\n\t<meta property=\"og:image:type\" content=\"image\/jpeg\" \/>\n<meta name=\"author\" content=\"Aconteceu no Vale\" \/>\n<meta name=\"twitter:card\" content=\"summary_large_image\" \/>\n<meta name=\"twitter:creator\" content=\"@noticiadosvales\" \/>\n<meta name=\"twitter:site\" content=\"@noticiadosvales\" \/>\n<meta name=\"twitter:label1\" content=\"Escrito por\" \/>\n\t<meta name=\"twitter:data1\" content=\"Aconteceu no Vale\" \/>\n\t<meta name=\"twitter:label2\" content=\"Est. tempo de leitura\" \/>\n\t<meta name=\"twitter:data2\" content=\"2 minutos\" \/>\n<script type=\"application\/ld+json\" class=\"yoast-schema-graph\">{\"@context\":\"https:\\\/\\\/schema.org\",\"@graph\":[{\"@type\":\"Article\",\"@id\":\"https:\\\/\\\/aconteceunovale.com.br\\\/portal\\\/?p=152099#article\",\"isPartOf\":{\"@id\":\"https:\\\/\\\/aconteceunovale.com.br\\\/portal\\\/?p=152099\"},\"author\":{\"name\":\"Aconteceu no Vale\",\"@id\":\"https:\\\/\\\/aconteceunovale.com.br\\\/portal\\\/#\\\/schema\\\/person\\\/633529146f2c94272bef50ac2953d589\"},\"headline\":\"Jovem \u00e9 assassinado a tiros em Coronel Murta, no Vale do Jequitinhonha\",\"datePublished\":\"2019-09-02T15:11:54+00:00\",\"dateModified\":\"2026-09-02T15:42:22+00:00\",\"mainEntityOfPage\":{\"@id\":\"https:\\\/\\\/aconteceunovale.com.br\\\/portal\\\/?p=152099\"},\"wordCount\":352,\"commentCount\":0,\"image\":{\"@id\":\"https:\\\/\\\/aconteceunovale.com.br\\\/portal\\\/?p=152099#primaryimage\"},\"thumbnailUrl\":\"https:\\\/\\\/aconteceunovale.com.br\\\/portal\\\/wp-content\\\/uploads\\\/2017\\\/03\\\/coronel_murta.jpg\",\"keywords\":[\"Assassinado em Coronel Murta\",\"Coronel Murta\",\"homic\u00eddio em Coronel Murta\",\"Jovem \u00e9 assassinado a tiros em Coronel Murta\",\"Jovem morto em Coronel Murta\",\"Kairan Murta\",\"Kairan Murta Santos\",\"morto em Coronel Murta\"],\"articleSection\":[\"Coronel Murta\",\"Vale do Jequitinhonha\"],\"inLanguage\":\"pt-BR\",\"potentialAction\":[{\"@type\":\"CommentAction\",\"name\":\"Comment\",\"target\":[\"https:\\\/\\\/aconteceunovale.com.br\\\/portal\\\/?p=152099#respond\"]}]},{\"@type\":\"WebPage\",\"@id\":\"https:\\\/\\\/aconteceunovale.com.br\\\/portal\\\/?p=152099\",\"url\":\"https:\\\/\\\/aconteceunovale.com.br\\\/portal\\\/?p=152099\",\"name\":\"Jovem \u00e9 assassinado a tiros em Coronel Murta, no Vale do Jequitinhonha - Aconteceu no Vale\",\"isPartOf\":{\"@id\":\"https:\\\/\\\/aconteceunovale.com.br\\\/portal\\\/#website\"},\"primaryImageOfPage\":{\"@id\":\"https:\\\/\\\/aconteceunovale.com.br\\\/portal\\\/?p=152099#primaryimage\"},\"image\":{\"@id\":\"https:\\\/\\\/aconteceunovale.com.br\\\/portal\\\/?p=152099#primaryimage\"},\"thumbnailUrl\":\"https:\\\/\\\/aconteceunovale.com.br\\\/portal\\\/wp-content\\\/uploads\\\/2017\\\/03\\\/coronel_murta.jpg\",\"datePublished\":\"2019-09-02T15:11:54+00:00\",\"dateModified\":\"2026-09-02T15:42:22+00:00\",\"author\":{\"@id\":\"https:\\\/\\\/aconteceunovale.com.br\\\/portal\\\/#\\\/schema\\\/person\\\/633529146f2c94272bef50ac2953d589\"},\"breadcrumb\":{\"@id\":\"https:\\\/\\\/aconteceunovale.com.br\\\/portal\\\/?p=152099#breadcrumb\"},\"inLanguage\":\"pt-BR\",\"potentialAction\":[{\"@type\":\"ReadAction\",\"target\":[\"https:\\\/\\\/aconteceunovale.com.br\\\/portal\\\/?p=152099\"]}]},{\"@type\":\"ImageObject\",\"inLanguage\":\"pt-BR\",\"@id\":\"https:\\\/\\\/aconteceunovale.com.br\\\/portal\\\/?p=152099#primaryimage\",\"url\":\"https:\\\/\\\/aconteceunovale.com.br\\\/portal\\\/wp-content\\\/uploads\\\/2017\\\/03\\\/coronel_murta.jpg\",\"contentUrl\":\"https:\\\/\\\/aconteceunovale.com.br\\\/portal\\\/wp-content\\\/uploads\\\/2017\\\/03\\\/coronel_murta.jpg\",\"width\":678,\"height\":333},{\"@type\":\"BreadcrumbList\",\"@id\":\"https:\\\/\\\/aconteceunovale.com.br\\\/portal\\\/?p=152099#breadcrumb\",\"itemListElement\":[{\"@type\":\"ListItem\",\"position\":1,\"name\":\"In\u00edcio\",\"item\":\"https:\\\/\\\/aconteceunovale.com.br\\\/portal\\\/\"},{\"@type\":\"ListItem\",\"position\":2,\"name\":\"Jovem \u00e9 assassinado a tiros em Coronel Murta, no Vale do Jequitinhonha\"}]},{\"@type\":\"WebSite\",\"@id\":\"https:\\\/\\\/aconteceunovale.com.br\\\/portal\\\/#website\",\"url\":\"https:\\\/\\\/aconteceunovale.com.br\\\/portal\\\/\",\"name\":\"Aconteceu no Vale\",\"description\":\"Portal de Not\u00edcias\",\"potentialAction\":[{\"@type\":\"SearchAction\",\"target\":{\"@type\":\"EntryPoint\",\"urlTemplate\":\"https:\\\/\\\/aconteceunovale.com.br\\\/portal\\\/?s={search_term_string}\"},\"query-input\":{\"@type\":\"PropertyValueSpecification\",\"valueRequired\":true,\"valueName\":\"search_term_string\"}}],\"inLanguage\":\"pt-BR\"},{\"@type\":\"Person\",\"@id\":\"https:\\\/\\\/aconteceunovale.com.br\\\/portal\\\/#\\\/schema\\\/person\\\/633529146f2c94272bef50ac2953d589\",\"name\":\"Aconteceu no Vale\",\"description\":\"Equipe de reportagem do Aconteceu no Vale, portal de not\u00edcias do Vale do Jequitinhonha, em Minas Gerais. Cobrimos as 51 cidades do Vale desde 2013. Sugest\u00f5es de pauta e pedidos de corre\u00e7\u00e3o: contato@aconteceunovale.com.br\",\"sameAs\":[\"http:\\\/\\\/www.aconteceunovale.com.br\"],\"url\":\"https:\\\/\\\/aconteceunovale.com.br\\\/portal\\\/?author=1\"}]}<\/script>\n<!-- \/ Yoast SEO plugin. -->","yoast_head_json":{"title":"Jovem \u00e9 assassinado a tiros em Coronel Murta, no Vale do Jequitinhonha - Aconteceu no Vale","robots":{"index":"index","follow":"follow","max-snippet":"max-snippet:-1","max-image-preview":"max-image-preview:large","max-video-preview":"max-video-preview:-1"},"canonical":"https:\/\/aconteceunovale.com.br\/portal\/?p=152099","og_locale":"pt_BR","og_type":"article","og_title":"Jovem \u00e9 assassinado a tiros em Coronel Murta, no Vale do Jequitinhonha - Aconteceu no Vale","og_description":"Um jovem de 19 anos, identificado como Kairan Murta Santos, foi assassinado na noite de domingo (01\/09\/2019) no Bairro Maria da Gl\u00f3ria, conhecido como Mutir\u00e3o, na cidade de Coronel Murta, no Vale do Jequitinhonha. At\u00e9 o momento, ningu\u00e9m foi preso. Segundo a Pol\u00edcia Militar, o crime aconteceu por volta das 19h30, quando o jovem foi [&hellip;]","og_url":"https:\/\/aconteceunovale.com.br\/portal\/?p=152099","og_site_name":"Aconteceu no Vale","article_publisher":"https:\/\/www.facebook.com\/aconteceunovale\/","article_published_time":"2019-09-02T15:11:54+00:00","article_modified_time":"2026-09-02T15:42:22+00:00","og_image":[{"width":678,"height":333,"url":"https:\/\/aconteceunovale.com.br\/portal\/wp-content\/uploads\/2017\/03\/coronel_murta.jpg","type":"image\/jpeg"}],"author":"Aconteceu no Vale","twitter_card":"summary_large_image","twitter_creator":"@noticiadosvales","twitter_site":"@noticiadosvales","twitter_misc":{"Escrito por":"Aconteceu no Vale","Est. tempo de leitura":"2 minutos"},"schema":{"@context":"https:\/\/schema.org","@graph":[{"@type":"Article","@id":"https:\/\/aconteceunovale.com.br\/portal\/?p=152099#article","isPartOf":{"@id":"https:\/\/aconteceunovale.com.br\/portal\/?p=152099"},"author":{"name":"Aconteceu no Vale","@id":"https:\/\/aconteceunovale.com.br\/portal\/#\/schema\/person\/633529146f2c94272bef50ac2953d589"},"headline":"Jovem \u00e9 assassinado a tiros em Coronel Murta, no Vale do Jequitinhonha","datePublished":"2019-09-02T15:11:54+00:00","dateModified":"2026-09-02T15:42:22+00:00","mainEntityOfPage":{"@id":"https:\/\/aconteceunovale.com.br\/portal\/?p=152099"},"wordCount":352,"commentCount":0,"image":{"@id":"https:\/\/aconteceunovale.com.br\/portal\/?p=152099#primaryimage"},"thumbnailUrl":"https:\/\/aconteceunovale.com.br\/portal\/wp-content\/uploads\/2017\/03\/coronel_murta.jpg","keywords":["Assassinado em Coronel Murta","Coronel Murta","homic\u00eddio em Coronel Murta","Jovem \u00e9 assassinado a tiros em Coronel Murta","Jovem morto em Coronel Murta","Kairan Murta","Kairan Murta Santos","morto em Coronel Murta"],"articleSection":["Coronel Murta","Vale do Jequitinhonha"],"inLanguage":"pt-BR","potentialAction":[{"@type":"CommentAction","name":"Comment","target":["https:\/\/aconteceunovale.com.br\/portal\/?p=152099#respond"]}]},{"@type":"WebPage","@id":"https:\/\/aconteceunovale.com.br\/portal\/?p=152099","url":"https:\/\/aconteceunovale.com.br\/portal\/?p=152099","name":"Jovem \u00e9 assassinado a tiros em Coronel Murta, no Vale do Jequitinhonha - Aconteceu no Vale","isPartOf":{"@id":"https:\/\/aconteceunovale.com.br\/portal\/#website"},"primaryImageOfPage":{"@id":"https:\/\/aconteceunovale.com.br\/portal\/?p=152099#primaryimage"},"image":{"@id":"https:\/\/aconteceunovale.com.br\/portal\/?p=152099#primaryimage"},"thumbnailUrl":"https:\/\/aconteceunovale.com.br\/portal\/wp-content\/uploads\/2017\/03\/coronel_murta.jpg","datePublished":"2019-09-02T15:11:54+00:00","dateModified":"2026-09-02T15:42:22+00:00","author":{"@id":"https:\/\/aconteceunovale.com.br\/portal\/#\/schema\/person\/633529146f2c94272bef50ac2953d589"},"breadcrumb":{"@id":"https:\/\/aconteceunovale.com.br\/portal\/?p=152099#breadcrumb"},"inLanguage":"pt-BR","potentialAction":[{"@type":"ReadAction","target":["https:\/\/aconteceunovale.com.br\/portal\/?p=152099"]}]},{"@type":"ImageObject","inLanguage":"pt-BR","@id":"https:\/\/aconteceunovale.com.br\/portal\/?p=152099#primaryimage","url":"https:\/\/aconteceunovale.com.br\/portal\/wp-content\/uploads\/2017\/03\/coronel_murta.jpg","contentUrl":"https:\/\/aconteceunovale.com.br\/portal\/wp-content\/uploads\/2017\/03\/coronel_murta.jpg","width":678,"height":333},{"@type":"BreadcrumbList","@id":"https:\/\/aconteceunovale.com.br\/portal\/?p=152099#breadcrumb","itemListElement":[{"@type":"ListItem","position":1,"name":"In\u00edcio","item":"https:\/\/aconteceunovale.com.br\/portal\/"},{"@type":"ListItem","position":2,"name":"Jovem \u00e9 assassinado a tiros em Coronel Murta, no Vale do Jequitinhonha"}]},{"@type":"WebSite","@id":"https:\/\/aconteceunovale.com.br\/portal\/#website","url":"https:\/\/aconteceunovale.com.br\/portal\/","name":"Aconteceu no Vale","description":"Portal de Not\u00edcias","potentialAction":[{"@type":"SearchAction","target":{"@type":"EntryPoint","urlTemplate":"https:\/\/aconteceunovale.com.br\/portal\/?s={search_term_string}"},"query-input":{"@type":"PropertyValueSpecification","valueRequired":true,"valueName":"search_term_string"}}],"inLanguage":"pt-BR"},{"@type":"Person","@id":"https:\/\/aconteceunovale.com.br\/portal\/#\/schema\/person\/633529146f2c94272bef50ac2953d589","name":"Aconteceu no Vale","description":"Equipe de reportagem do Aconteceu no Vale, portal de not\u00edcias do Vale do Jequitinhonha, em Minas Gerais. Cobrimos as 51 cidades do Vale desde 2013. Sugest\u00f5es de pauta e pedidos de corre\u00e7\u00e3o: contato@aconteceunovale.com.br","sameAs":["http:\/\/www.aconteceunovale.com.br"],"url":"https:\/\/aconteceunovale.com.br\/portal\/?author=1"}]}},"_links":{"self":[{"href":"https:\/\/aconteceunovale.com.br\/portal\/index.php?rest_route=\/wp\/v2\/posts\/152099","targetHints":{"allow":["GET"]}}],"collection":[{"href":"https:\/\/aconteceunovale.com.br\/portal\/index.php?rest_route=\/wp\/v2\/posts"}],"about":[{"href":"https:\/\/aconteceunovale.com.br\/portal\/index.php?rest_route=\/wp\/v2\/types\/post"}],"author":[{"embeddable":true,"href":"https:\/\/aconteceunovale.com.br\/portal\/index.php?rest_route=\/wp\/v2\/users\/1"}],"replies":[{"embeddable":true,"href":"https:\/\/aconteceunovale.com.br\/portal\/index.php?rest_route=%2Fwp%2Fv2%2Fcomments&post=152099"}],"version-history":[{"count":1,"href":"https:\/\/aconteceunovale.com.br\/portal\/index.php?rest_route=\/wp\/v2\/posts\/152099\/revisions"}],"predecessor-version":[{"id":152101,"href":"https:\/\/aconteceunovale.com.br\/portal\/index.php?rest_route=\/wp\/v2\/posts\/152099\/revisions\/152101"}],"wp:featuredmedia":[{"embeddable":true,"href":"https:\/\/aconteceunovale.com.br\/portal\/index.php?rest_route=\/wp\/v2\/media\/110746"}],"wp:attachment":[{"href":"https:\/\/aconteceunovale.com.br\/portal\/index.php?rest_route=%2Fwp%2Fv2%2Fmedia&parent=152099"}],"wp:term":[{"taxonomy":"category","embeddable":true,"href":"https:\/\/aconteceunovale.com.br\/portal\/index.php?rest_route=%2Fwp%2Fv2%2Fcategories&post=152099"},{"taxonomy":"post_tag","embeddable":true,"href":"https:\/\/aconteceunovale.com.br\/portal\/index.php?rest_route=%2Fwp%2Fv2%2Ftags&post=152099"}],"curies":[{"name":"wp","href":"https:\/\/api.w.org\/{rel}","templated":true}]}}