{"id":152087,"date":"2019-09-02T10:04:16","date_gmt":"2019-09-02T13:04:16","guid":{"rendered":"http:\/\/aconteceunovale.com.br\/portal\/?p=152087"},"modified":"2019-09-02T10:04:21","modified_gmt":"2019-09-02T13:04:21","slug":"morador-do-vale-do-aco-e-preso-com-183-quilos-de-maconha-na-br-262","status":"publish","type":"post","link":"https:\/\/aconteceunovale.com.br\/portal\/?p=152087","title":{"rendered":"Morador do vale do A\u00e7o \u00e9 preso com 183 quilos de maconha na BR-262"},"content":{"rendered":"\n<p class=\"wp-block-paragraph\">Um morador de Santana do Para\u00edso, no Vale do A\u00e7o, foi preso\nna noite de s\u00e1bado (31\/08\/2019) transportando 183 quilos de maconha em um fundo\nfalso do carro que dirigia em Arax\u00e1 (MG). O ve\u00edculo, licenciado em Tim\u00f3teo\n(MG), foi abordado pela Pol\u00edcia Rodovi\u00e1ria Federal (PRF) na BR-262 e, durante\nas buscas na carroceria, foi localizada a grande quantidade de droga.<\/p>\n\n\n\n<p class=\"wp-block-paragraph\">Um segundo ve\u00edculo dava cobertura a a\u00e7\u00e3o dos criminosos.\nCinco pessoas que estavam nos dois carros foram presas, entre elas, duas\nmulheres. Uma delas relatou que receberia R$ 5 mil para transportar a droga de\nPonta Por\u00e3 (MS) at\u00e9 Po\u00e7os de Caldas (MG). O suspeito do Vale do A\u00e7o contou\nainda que receberia R$ 2 mil pelo \u201ctrabalho\u201d. <\/p>\n\n\n\n<p class=\"wp-block-paragraph\">Em um dos carros estavam duas crian\u00e7as, filhos de um dos detidos. Os presos foram encaminhados \u00e0 Delegacia de Pol\u00edcia Civil de Plant\u00e3o.<\/p>\n\n\n\n<figure class=\"wp-block-image\"><img loading=\"lazy\" decoding=\"async\" width=\"678\" height=\"362\" src=\"http:\/\/aconteceunovale.com.br\/portal\/wp-content\/uploads\/2019\/09\/maconha_araxa.jpg\" alt=\"\" class=\"wp-image-152088\" srcset=\"https:\/\/aconteceunovale.com.br\/portal\/wp-content\/uploads\/2019\/09\/maconha_araxa.jpg 678w, https:\/\/aconteceunovale.com.br\/portal\/wp-content\/uploads\/2019\/09\/maconha_araxa-300x160.jpg 300w\" sizes=\"auto, (max-width: 678px) 100vw, 678px\" \/><figcaption><em>Foto: Divulga\u00e7\u00e3o \/ PRF<\/em><\/figcaption><\/figure>\n\n\n\n<p class=\"has-text-color has-background has-very-light-gray-color has-vivid-cyan-blue-background-color wp-block-paragraph\"><strong>VER PRIMEIRO: <\/strong>Receba as not\u00edcias do Aconteceu no Vale em primeira m\u00e3o. Clique em curtir no endere\u00e7o <a href=\"https:\/\/www.facebook.com\/aconteceunovale\" target=\"_blank\" rel=\"noreferrer noopener\">www.facebook.com\/aconteceunovale<\/a>.<\/p>\n","protected":false},"excerpt":{"rendered":"<p>Um morador de Santana do Para\u00edso, no Vale do A\u00e7o, foi preso na noite de s\u00e1bado (31\/08\/2019) transportando 183 quilos de maconha em um fundo falso do carro que dirigia em Arax\u00e1 (MG). O ve\u00edculo, licenciado em Tim\u00f3teo (MG), foi abordado pela Pol\u00edcia Rodovi\u00e1ria Federal (PRF) na BR-262 e, durante as buscas na carroceria, foi [&hellip;]<\/p>\n","protected":false},"author":4,"featured_media":152088,"comment_status":"open","ping_status":"closed","sticky":false,"template":"","format":"standard","meta":{"amp_status":"","footnotes":""},"categories":[121,123],"tags":[206401,1504,49986,206403,206400,206399,215,8336,206402,2101,1105],"class_list":["post-152087","post","type-post","status-publish","format-standard","has-post-thumbnail","hentry","category-leste","category-gerais","tag-apreensao-de-maconha-em-araxa","tag-araxa","tag-br-262","tag-maconha-apreendida-em-araxa","tag-morador-de-santana-do-paraiso-e-preso-com-183-quilos-de-maconha-na-br-262","tag-morador-do-vale-do-aco-e-preso-com-183-quilos-de-maconha-na-br-262","tag-pocos-de-caldas","tag-ponta-pora","tag-preso-em-araxa","tag-santana-do-paraiso","tag-timoteo"],"yoast_head":"<!-- This site is optimized with the Yoast SEO plugin v28.3 - https:\/\/yoast.com\/product\/yoast-seo-wordpress\/ -->\n<title>Morador do vale do A\u00e7o \u00e9 preso com 183 quilos de maconha na BR-262 - Aconteceu no Vale<\/title>\n<meta name=\"robots\" content=\"index, follow, max-snippet:-1, max-image-preview:large, max-video-preview:-1\" \/>\n<link rel=\"canonical\" href=\"https:\/\/aconteceunovale.com.br\/portal\/?p=152087\" \/>\n<meta property=\"og:locale\" content=\"pt_BR\" \/>\n<meta property=\"og:type\" content=\"article\" \/>\n<meta property=\"og:title\" content=\"Morador do vale do A\u00e7o \u00e9 preso com 183 quilos de maconha na BR-262 - Aconteceu no Vale\" \/>\n<meta property=\"og:description\" content=\"Um morador de Santana do Para\u00edso, no Vale do A\u00e7o, foi preso na noite de s\u00e1bado (31\/08\/2019) transportando 183 quilos de maconha em um fundo falso do carro que dirigia em Arax\u00e1 (MG). O ve\u00edculo, licenciado em Tim\u00f3teo (MG), foi abordado pela Pol\u00edcia Rodovi\u00e1ria Federal (PRF) na BR-262 e, durante as buscas na carroceria, foi [&hellip;]\" \/>\n<meta property=\"og:url\" content=\"https:\/\/aconteceunovale.com.br\/portal\/?p=152087\" \/>\n<meta property=\"og:site_name\" content=\"Aconteceu no Vale\" \/>\n<meta property=\"article:publisher\" content=\"https:\/\/www.facebook.com\/aconteceunovale\/\" \/>\n<meta property=\"article:published_time\" content=\"2019-09-02T13:04:16+00:00\" \/>\n<meta property=\"article:modified_time\" content=\"2019-09-02T13:04:21+00:00\" \/>\n<meta property=\"og:image\" content=\"https:\/\/aconteceunovale.com.br\/portal\/wp-content\/uploads\/2019\/09\/maconha_araxa.jpg\" \/>\n\t<meta property=\"og:image:width\" content=\"678\" \/>\n\t<meta property=\"og:image:height\" content=\"362\" \/>\n\t<meta property=\"og:image:type\" content=\"image\/jpeg\" \/>\n<meta name=\"author\" content=\"Reda\u00e7\u00e3o Aconteceu no Vale\" \/>\n<meta name=\"twitter:card\" content=\"summary_large_image\" \/>\n<meta name=\"twitter:creator\" content=\"@noticiadosvales\" \/>\n<meta name=\"twitter:site\" content=\"@noticiadosvales\" \/>\n<meta name=\"twitter:label1\" content=\"Escrito por\" \/>\n\t<meta name=\"twitter:data1\" content=\"Reda\u00e7\u00e3o Aconteceu no Vale\" \/>\n\t<meta name=\"twitter:label2\" content=\"Est. tempo de leitura\" \/>\n\t<meta name=\"twitter:data2\" content=\"1 minuto\" \/>\n<script type=\"application\/ld+json\" class=\"yoast-schema-graph\">{\"@context\":\"https:\\\/\\\/schema.org\",\"@graph\":[{\"@type\":\"Article\",\"@id\":\"https:\\\/\\\/aconteceunovale.com.br\\\/portal\\\/?p=152087#article\",\"isPartOf\":{\"@id\":\"https:\\\/\\\/aconteceunovale.com.br\\\/portal\\\/?p=152087\"},\"author\":{\"name\":\"Reda\u00e7\u00e3o Aconteceu no Vale\",\"@id\":\"https:\\\/\\\/aconteceunovale.com.br\\\/portal\\\/#\\\/schema\\\/person\\\/7d2f26d1483f8a63de73da1ee0754d35\"},\"headline\":\"Morador do vale do A\u00e7o \u00e9 preso com 183 quilos de maconha na BR-262\",\"datePublished\":\"2019-09-02T13:04:16+00:00\",\"dateModified\":\"2019-09-02T13:04:21+00:00\",\"mainEntityOfPage\":{\"@id\":\"https:\\\/\\\/aconteceunovale.com.br\\\/portal\\\/?p=152087\"},\"wordCount\":192,\"commentCount\":0,\"image\":{\"@id\":\"https:\\\/\\\/aconteceunovale.com.br\\\/portal\\\/?p=152087#primaryimage\"},\"thumbnailUrl\":\"https:\\\/\\\/aconteceunovale.com.br\\\/portal\\\/wp-content\\\/uploads\\\/2019\\\/09\\\/maconha_araxa.jpg\",\"keywords\":[\"Apreens\u00e3o de maconha em Arax\u00e1\",\"Arax\u00e1\",\"BR-262\",\"Maconha apreendida em Arax\u00e1\",\"Morador de Santana do Para\u00edso \u00e9 preso com 183 quilos de maconha na BR-262\",\"Morador do vale do A\u00e7o \u00e9 preso com 183 quilos de maconha na BR-262\",\"Po\u00e7os de Caldas\",\"Ponta Por\u00e3\",\"Preso em Arax\u00e1\",\"Santana do Para\u00edso\",\"Tim\u00f3teo\"],\"articleSection\":[\"Leste de Minas\",\"Minas Gerais\"],\"inLanguage\":\"pt-BR\",\"potentialAction\":[{\"@type\":\"CommentAction\",\"name\":\"Comment\",\"target\":[\"https:\\\/\\\/aconteceunovale.com.br\\\/portal\\\/?p=152087#respond\"]}]},{\"@type\":\"WebPage\",\"@id\":\"https:\\\/\\\/aconteceunovale.com.br\\\/portal\\\/?p=152087\",\"url\":\"https:\\\/\\\/aconteceunovale.com.br\\\/portal\\\/?p=152087\",\"name\":\"Morador do vale do A\u00e7o \u00e9 preso com 183 quilos de maconha na BR-262 - Aconteceu no Vale\",\"isPartOf\":{\"@id\":\"https:\\\/\\\/aconteceunovale.com.br\\\/portal\\\/#website\"},\"primaryImageOfPage\":{\"@id\":\"https:\\\/\\\/aconteceunovale.com.br\\\/portal\\\/?p=152087#primaryimage\"},\"image\":{\"@id\":\"https:\\\/\\\/aconteceunovale.com.br\\\/portal\\\/?p=152087#primaryimage\"},\"thumbnailUrl\":\"https:\\\/\\\/aconteceunovale.com.br\\\/portal\\\/wp-content\\\/uploads\\\/2019\\\/09\\\/maconha_araxa.jpg\",\"datePublished\":\"2019-09-02T13:04:16+00:00\",\"dateModified\":\"2019-09-02T13:04:21+00:00\",\"author\":{\"@id\":\"https:\\\/\\\/aconteceunovale.com.br\\\/portal\\\/#\\\/schema\\\/person\\\/7d2f26d1483f8a63de73da1ee0754d35\"},\"breadcrumb\":{\"@id\":\"https:\\\/\\\/aconteceunovale.com.br\\\/portal\\\/?p=152087#breadcrumb\"},\"inLanguage\":\"pt-BR\",\"potentialAction\":[{\"@type\":\"ReadAction\",\"target\":[\"https:\\\/\\\/aconteceunovale.com.br\\\/portal\\\/?p=152087\"]}]},{\"@type\":\"ImageObject\",\"inLanguage\":\"pt-BR\",\"@id\":\"https:\\\/\\\/aconteceunovale.com.br\\\/portal\\\/?p=152087#primaryimage\",\"url\":\"https:\\\/\\\/aconteceunovale.com.br\\\/portal\\\/wp-content\\\/uploads\\\/2019\\\/09\\\/maconha_araxa.jpg\",\"contentUrl\":\"https:\\\/\\\/aconteceunovale.com.br\\\/portal\\\/wp-content\\\/uploads\\\/2019\\\/09\\\/maconha_araxa.jpg\",\"width\":678,\"height\":362},{\"@type\":\"BreadcrumbList\",\"@id\":\"https:\\\/\\\/aconteceunovale.com.br\\\/portal\\\/?p=152087#breadcrumb\",\"itemListElement\":[{\"@type\":\"ListItem\",\"position\":1,\"name\":\"In\u00edcio\",\"item\":\"https:\\\/\\\/aconteceunovale.com.br\\\/portal\\\/\"},{\"@type\":\"ListItem\",\"position\":2,\"name\":\"Morador do vale do A\u00e7o \u00e9 preso com 183 quilos de maconha na BR-262\"}]},{\"@type\":\"WebSite\",\"@id\":\"https:\\\/\\\/aconteceunovale.com.br\\\/portal\\\/#website\",\"url\":\"https:\\\/\\\/aconteceunovale.com.br\\\/portal\\\/\",\"name\":\"Aconteceu no Vale\",\"description\":\"Portal de Not\u00edcias\",\"potentialAction\":[{\"@type\":\"SearchAction\",\"target\":{\"@type\":\"EntryPoint\",\"urlTemplate\":\"https:\\\/\\\/aconteceunovale.com.br\\\/portal\\\/?s={search_term_string}\"},\"query-input\":{\"@type\":\"PropertyValueSpecification\",\"valueRequired\":true,\"valueName\":\"search_term_string\"}}],\"inLanguage\":\"pt-BR\"},{\"@type\":\"Person\",\"@id\":\"https:\\\/\\\/aconteceunovale.com.br\\\/portal\\\/#\\\/schema\\\/person\\\/7d2f26d1483f8a63de73da1ee0754d35\",\"name\":\"Reda\u00e7\u00e3o Aconteceu no Vale\",\"description\":\"Equipe de reportagem do Aconteceu no Vale, portal de not\u00edcias do Vale do Jequitinhonha, em Minas Gerais. Cobrimos as 51 cidades do Vale desde 2013. Sugest\u00f5es de pauta e pedidos de corre\u00e7\u00e3o: contato@aconteceunovale.com.br\",\"url\":\"https:\\\/\\\/aconteceunovale.com.br\\\/portal\\\/?author=4\"}]}<\/script>\n<!-- \/ Yoast SEO plugin. -->","yoast_head_json":{"title":"Morador do vale do A\u00e7o \u00e9 preso com 183 quilos de maconha na BR-262 - Aconteceu no Vale","robots":{"index":"index","follow":"follow","max-snippet":"max-snippet:-1","max-image-preview":"max-image-preview:large","max-video-preview":"max-video-preview:-1"},"canonical":"https:\/\/aconteceunovale.com.br\/portal\/?p=152087","og_locale":"pt_BR","og_type":"article","og_title":"Morador do vale do A\u00e7o \u00e9 preso com 183 quilos de maconha na BR-262 - Aconteceu no Vale","og_description":"Um morador de Santana do Para\u00edso, no Vale do A\u00e7o, foi preso na noite de s\u00e1bado (31\/08\/2019) transportando 183 quilos de maconha em um fundo falso do carro que dirigia em Arax\u00e1 (MG). O ve\u00edculo, licenciado em Tim\u00f3teo (MG), foi abordado pela Pol\u00edcia Rodovi\u00e1ria Federal (PRF) na BR-262 e, durante as buscas na carroceria, foi [&hellip;]","og_url":"https:\/\/aconteceunovale.com.br\/portal\/?p=152087","og_site_name":"Aconteceu no Vale","article_publisher":"https:\/\/www.facebook.com\/aconteceunovale\/","article_published_time":"2019-09-02T13:04:16+00:00","article_modified_time":"2019-09-02T13:04:21+00:00","og_image":[{"width":678,"height":362,"url":"https:\/\/aconteceunovale.com.br\/portal\/wp-content\/uploads\/2019\/09\/maconha_araxa.jpg","type":"image\/jpeg"}],"author":"Reda\u00e7\u00e3o Aconteceu no Vale","twitter_card":"summary_large_image","twitter_creator":"@noticiadosvales","twitter_site":"@noticiadosvales","twitter_misc":{"Escrito por":"Reda\u00e7\u00e3o Aconteceu no Vale","Est. tempo de leitura":"1 minuto"},"schema":{"@context":"https:\/\/schema.org","@graph":[{"@type":"Article","@id":"https:\/\/aconteceunovale.com.br\/portal\/?p=152087#article","isPartOf":{"@id":"https:\/\/aconteceunovale.com.br\/portal\/?p=152087"},"author":{"name":"Reda\u00e7\u00e3o Aconteceu no Vale","@id":"https:\/\/aconteceunovale.com.br\/portal\/#\/schema\/person\/7d2f26d1483f8a63de73da1ee0754d35"},"headline":"Morador do vale do A\u00e7o \u00e9 preso com 183 quilos de maconha na BR-262","datePublished":"2019-09-02T13:04:16+00:00","dateModified":"2019-09-02T13:04:21+00:00","mainEntityOfPage":{"@id":"https:\/\/aconteceunovale.com.br\/portal\/?p=152087"},"wordCount":192,"commentCount":0,"image":{"@id":"https:\/\/aconteceunovale.com.br\/portal\/?p=152087#primaryimage"},"thumbnailUrl":"https:\/\/aconteceunovale.com.br\/portal\/wp-content\/uploads\/2019\/09\/maconha_araxa.jpg","keywords":["Apreens\u00e3o de maconha em Arax\u00e1","Arax\u00e1","BR-262","Maconha apreendida em Arax\u00e1","Morador de Santana do Para\u00edso \u00e9 preso com 183 quilos de maconha na BR-262","Morador do vale do A\u00e7o \u00e9 preso com 183 quilos de maconha na BR-262","Po\u00e7os de Caldas","Ponta Por\u00e3","Preso em Arax\u00e1","Santana do Para\u00edso","Tim\u00f3teo"],"articleSection":["Leste de Minas","Minas Gerais"],"inLanguage":"pt-BR","potentialAction":[{"@type":"CommentAction","name":"Comment","target":["https:\/\/aconteceunovale.com.br\/portal\/?p=152087#respond"]}]},{"@type":"WebPage","@id":"https:\/\/aconteceunovale.com.br\/portal\/?p=152087","url":"https:\/\/aconteceunovale.com.br\/portal\/?p=152087","name":"Morador do vale do A\u00e7o \u00e9 preso com 183 quilos de maconha na BR-262 - Aconteceu no Vale","isPartOf":{"@id":"https:\/\/aconteceunovale.com.br\/portal\/#website"},"primaryImageOfPage":{"@id":"https:\/\/aconteceunovale.com.br\/portal\/?p=152087#primaryimage"},"image":{"@id":"https:\/\/aconteceunovale.com.br\/portal\/?p=152087#primaryimage"},"thumbnailUrl":"https:\/\/aconteceunovale.com.br\/portal\/wp-content\/uploads\/2019\/09\/maconha_araxa.jpg","datePublished":"2019-09-02T13:04:16+00:00","dateModified":"2019-09-02T13:04:21+00:00","author":{"@id":"https:\/\/aconteceunovale.com.br\/portal\/#\/schema\/person\/7d2f26d1483f8a63de73da1ee0754d35"},"breadcrumb":{"@id":"https:\/\/aconteceunovale.com.br\/portal\/?p=152087#breadcrumb"},"inLanguage":"pt-BR","potentialAction":[{"@type":"ReadAction","target":["https:\/\/aconteceunovale.com.br\/portal\/?p=152087"]}]},{"@type":"ImageObject","inLanguage":"pt-BR","@id":"https:\/\/aconteceunovale.com.br\/portal\/?p=152087#primaryimage","url":"https:\/\/aconteceunovale.com.br\/portal\/wp-content\/uploads\/2019\/09\/maconha_araxa.jpg","contentUrl":"https:\/\/aconteceunovale.com.br\/portal\/wp-content\/uploads\/2019\/09\/maconha_araxa.jpg","width":678,"height":362},{"@type":"BreadcrumbList","@id":"https:\/\/aconteceunovale.com.br\/portal\/?p=152087#breadcrumb","itemListElement":[{"@type":"ListItem","position":1,"name":"In\u00edcio","item":"https:\/\/aconteceunovale.com.br\/portal\/"},{"@type":"ListItem","position":2,"name":"Morador do vale do A\u00e7o \u00e9 preso com 183 quilos de maconha na BR-262"}]},{"@type":"WebSite","@id":"https:\/\/aconteceunovale.com.br\/portal\/#website","url":"https:\/\/aconteceunovale.com.br\/portal\/","name":"Aconteceu no Vale","description":"Portal de Not\u00edcias","potentialAction":[{"@type":"SearchAction","target":{"@type":"EntryPoint","urlTemplate":"https:\/\/aconteceunovale.com.br\/portal\/?s={search_term_string}"},"query-input":{"@type":"PropertyValueSpecification","valueRequired":true,"valueName":"search_term_string"}}],"inLanguage":"pt-BR"},{"@type":"Person","@id":"https:\/\/aconteceunovale.com.br\/portal\/#\/schema\/person\/7d2f26d1483f8a63de73da1ee0754d35","name":"Reda\u00e7\u00e3o Aconteceu no Vale","description":"Equipe de reportagem do Aconteceu no Vale, portal de not\u00edcias do Vale do Jequitinhonha, em Minas Gerais. Cobrimos as 51 cidades do Vale desde 2013. Sugest\u00f5es de pauta e pedidos de corre\u00e7\u00e3o: contato@aconteceunovale.com.br","url":"https:\/\/aconteceunovale.com.br\/portal\/?author=4"}]}},"_links":{"self":[{"href":"https:\/\/aconteceunovale.com.br\/portal\/index.php?rest_route=\/wp\/v2\/posts\/152087","targetHints":{"allow":["GET"]}}],"collection":[{"href":"https:\/\/aconteceunovale.com.br\/portal\/index.php?rest_route=\/wp\/v2\/posts"}],"about":[{"href":"https:\/\/aconteceunovale.com.br\/portal\/index.php?rest_route=\/wp\/v2\/types\/post"}],"author":[{"embeddable":true,"href":"https:\/\/aconteceunovale.com.br\/portal\/index.php?rest_route=\/wp\/v2\/users\/4"}],"replies":[{"embeddable":true,"href":"https:\/\/aconteceunovale.com.br\/portal\/index.php?rest_route=%2Fwp%2Fv2%2Fcomments&post=152087"}],"version-history":[{"count":1,"href":"https:\/\/aconteceunovale.com.br\/portal\/index.php?rest_route=\/wp\/v2\/posts\/152087\/revisions"}],"predecessor-version":[{"id":152089,"href":"https:\/\/aconteceunovale.com.br\/portal\/index.php?rest_route=\/wp\/v2\/posts\/152087\/revisions\/152089"}],"wp:featuredmedia":[{"embeddable":true,"href":"https:\/\/aconteceunovale.com.br\/portal\/index.php?rest_route=\/wp\/v2\/media\/152088"}],"wp:attachment":[{"href":"https:\/\/aconteceunovale.com.br\/portal\/index.php?rest_route=%2Fwp%2Fv2%2Fmedia&parent=152087"}],"wp:term":[{"taxonomy":"category","embeddable":true,"href":"https:\/\/aconteceunovale.com.br\/portal\/index.php?rest_route=%2Fwp%2Fv2%2Fcategories&post=152087"},{"taxonomy":"post_tag","embeddable":true,"href":"https:\/\/aconteceunovale.com.br\/portal\/index.php?rest_route=%2Fwp%2Fv2%2Ftags&post=152087"}],"curies":[{"name":"wp","href":"https:\/\/api.w.org\/{rel}","templated":true}]}}