{"id":152077,"date":"2019-09-02T09:07:28","date_gmt":"2019-09-02T12:07:28","guid":{"rendered":"http:\/\/aconteceunovale.com.br\/portal\/?p=152077"},"modified":"2019-09-02T09:07:29","modified_gmt":"2019-09-02T12:07:29","slug":"homem-e-preso-apos-provocar-incendio-de-grandes-proporcoes-no-vale-do-aco","status":"publish","type":"post","link":"https:\/\/aconteceunovale.com.br\/portal\/?p=152077","title":{"rendered":"Homem \u00e9 preso ap\u00f3s provocar inc\u00eandio de grandes propor\u00e7\u00f5es no Vale do A\u00e7o"},"content":{"rendered":"\n<p class=\"wp-block-paragraph\">Um homem de 55 anos foi preso pela Pol\u00edcia Militar de Meio\nAmbiente suspeito de provocar um inc\u00eandio na zona rural de Iapu, no Vale do A\u00e7o\nmineiro. Os militares compareceram ao C\u00f3rrego da Barreira ap\u00f3s den\u00fancias\nindicarem a ocorr\u00eancia de uma queimada de grandes propor\u00e7\u00f5es na comunidade.<\/p>\n\n\n\n<p class=\"wp-block-paragraph\">Segundo a PM, o suspeito disse que colocou fogo em um mato\nseco no quintal de casa para fazer uma horta e, durante a a\u00e7\u00e3o, uma rajada de\nvento soprou fa\u00edscas para uma \u00e1rea de mata seca nas proximidades.<\/p>\n\n\n\n<p class=\"wp-block-paragraph\">O fogo se alastrou rapidamente e atingiu uma \u00e1rea de aproximadamente\n50 hectares em sete propriedades vizinhas.<\/p>\n\n\n\n<p class=\"wp-block-paragraph\">Embasados no artigo 41 da lei 9.605\/1998, o homem foi preso e encaminhado \u00e0 Delegacia de Pol\u00edcia Civil de Ipatinga para demais provid\u00eancias.<\/p>\n\n\n\n<figure class=\"wp-block-image is-resized\"><img decoding=\"async\" src=\"http:\/\/aconteceunovale.com.br\/portal\/wp-content\/uploads\/2019\/09\/incendio_iapu_1.jpg\" alt=\"\" class=\"wp-image-152078\" width=\"600\" srcset=\"https:\/\/aconteceunovale.com.br\/portal\/wp-content\/uploads\/2019\/09\/incendio_iapu_1.jpg 589w, https:\/\/aconteceunovale.com.br\/portal\/wp-content\/uploads\/2019\/09\/incendio_iapu_1-300x229.jpg 300w, https:\/\/aconteceunovale.com.br\/portal\/wp-content\/uploads\/2019\/09\/incendio_iapu_1-80x60.jpg 80w, https:\/\/aconteceunovale.com.br\/portal\/wp-content\/uploads\/2019\/09\/incendio_iapu_1-550x420.jpg 550w\" sizes=\"(max-width: 589px) 100vw, 589px\" \/><figcaption> <em>Foto: Divulga\u00e7\u00e3o \/ Pol\u00edcia Militar<\/em> <\/figcaption><\/figure>\n\n\n\n<figure class=\"wp-block-image\"><img loading=\"lazy\" decoding=\"async\" width=\"600\" height=\"450\" src=\"http:\/\/aconteceunovale.com.br\/portal\/wp-content\/uploads\/2019\/09\/incendio_iapu_2.jpg\" alt=\"\" class=\"wp-image-152079\" srcset=\"https:\/\/aconteceunovale.com.br\/portal\/wp-content\/uploads\/2019\/09\/incendio_iapu_2.jpg 600w, https:\/\/aconteceunovale.com.br\/portal\/wp-content\/uploads\/2019\/09\/incendio_iapu_2-300x225.jpg 300w, https:\/\/aconteceunovale.com.br\/portal\/wp-content\/uploads\/2019\/09\/incendio_iapu_2-80x60.jpg 80w, https:\/\/aconteceunovale.com.br\/portal\/wp-content\/uploads\/2019\/09\/incendio_iapu_2-265x198.jpg 265w, https:\/\/aconteceunovale.com.br\/portal\/wp-content\/uploads\/2019\/09\/incendio_iapu_2-560x420.jpg 560w\" sizes=\"auto, (max-width: 600px) 100vw, 600px\" \/><figcaption> <em>Foto: Divulga\u00e7\u00e3o \/ Pol\u00edcia Militar<\/em> <\/figcaption><\/figure>\n\n\n\n<figure class=\"wp-block-image is-resized\"><img decoding=\"async\" src=\"http:\/\/aconteceunovale.com.br\/portal\/wp-content\/uploads\/2019\/09\/incendio_iapu_3.jpg\" alt=\"\" class=\"wp-image-152080\" width=\"600\" srcset=\"https:\/\/aconteceunovale.com.br\/portal\/wp-content\/uploads\/2019\/09\/incendio_iapu_3.jpg 591w, https:\/\/aconteceunovale.com.br\/portal\/wp-content\/uploads\/2019\/09\/incendio_iapu_3-300x228.jpg 300w, https:\/\/aconteceunovale.com.br\/portal\/wp-content\/uploads\/2019\/09\/incendio_iapu_3-80x60.jpg 80w, https:\/\/aconteceunovale.com.br\/portal\/wp-content\/uploads\/2019\/09\/incendio_iapu_3-552x420.jpg 552w\" sizes=\"(max-width: 591px) 100vw, 591px\" \/><figcaption><em>Foto: Divulga\u00e7\u00e3o \/ Pol\u00edcia Militar<\/em><\/figcaption><\/figure>\n\n\n\n<p class=\"has-text-color has-background has-very-light-gray-color has-vivid-cyan-blue-background-color wp-block-paragraph\"><strong>VER PRIMEIRO: <\/strong>Receba as not\u00edcias do Aconteceu no Vale em primeira m\u00e3o. Clique em curtir no endere\u00e7o <a href=\"https:\/\/www.facebook.com\/aconteceunovale\" target=\"_blank\" rel=\"noreferrer noopener\">www.facebook.com\/aconteceunovale<\/a>.<\/p>\n","protected":false},"excerpt":{"rendered":"<p>Um homem de 55 anos foi preso pela Pol\u00edcia Militar de Meio Ambiente suspeito de provocar um inc\u00eandio na zona rural de Iapu, no Vale do A\u00e7o mineiro. Os militares compareceram ao C\u00f3rrego da Barreira ap\u00f3s den\u00fancias indicarem a ocorr\u00eancia de uma queimada de grandes propor\u00e7\u00f5es na comunidade. Segundo a PM, o suspeito disse que [&hellip;]<\/p>\n","protected":false},"author":4,"featured_media":152080,"comment_status":"open","ping_status":"closed","sticky":false,"template":"","format":"standard","meta":{"amp_status":"","footnotes":""},"categories":[121],"tags":[206387,206389,1722,206388,206390],"class_list":["post-152077","post","type-post","status-publish","format-standard","has-post-thumbnail","hentry","category-leste","tag-homem-e-preso-apos-provocar-incendio-de-grandes-proporcoes-em-iapu","tag-homem-e-preso-apos-provocar-incendio-de-grandes-proporcoes-no-vale-do-aco","tag-iapu","tag-incendio-em-iapu","tag-preso-por-incendio-em-iapu"],"yoast_head":"<!-- This site is optimized with the Yoast SEO plugin v28.3 - https:\/\/yoast.com\/product\/yoast-seo-wordpress\/ -->\n<title>Homem \u00e9 preso ap\u00f3s provocar inc\u00eandio de grandes propor\u00e7\u00f5es no Vale do A\u00e7o - Aconteceu no Vale<\/title>\n<meta name=\"robots\" content=\"index, follow, max-snippet:-1, max-image-preview:large, max-video-preview:-1\" \/>\n<link rel=\"canonical\" href=\"https:\/\/aconteceunovale.com.br\/portal\/?p=152077\" \/>\n<meta property=\"og:locale\" content=\"pt_BR\" \/>\n<meta property=\"og:type\" content=\"article\" \/>\n<meta property=\"og:title\" content=\"Homem \u00e9 preso ap\u00f3s provocar inc\u00eandio de grandes propor\u00e7\u00f5es no Vale do A\u00e7o - Aconteceu no Vale\" \/>\n<meta property=\"og:description\" content=\"Um homem de 55 anos foi preso pela Pol\u00edcia Militar de Meio Ambiente suspeito de provocar um inc\u00eandio na zona rural de Iapu, no Vale do A\u00e7o mineiro. Os militares compareceram ao C\u00f3rrego da Barreira ap\u00f3s den\u00fancias indicarem a ocorr\u00eancia de uma queimada de grandes propor\u00e7\u00f5es na comunidade. Segundo a PM, o suspeito disse que [&hellip;]\" \/>\n<meta property=\"og:url\" content=\"https:\/\/aconteceunovale.com.br\/portal\/?p=152077\" \/>\n<meta property=\"og:site_name\" content=\"Aconteceu no Vale\" \/>\n<meta property=\"article:publisher\" content=\"https:\/\/www.facebook.com\/aconteceunovale\/\" \/>\n<meta property=\"article:published_time\" content=\"2019-09-02T12:07:28+00:00\" \/>\n<meta property=\"article:modified_time\" content=\"2019-09-02T12:07:29+00:00\" \/>\n<meta property=\"og:image\" content=\"https:\/\/aconteceunovale.com.br\/portal\/wp-content\/uploads\/2019\/09\/incendio_iapu_3.jpg\" \/>\n\t<meta property=\"og:image:width\" content=\"591\" \/>\n\t<meta property=\"og:image:height\" content=\"450\" \/>\n\t<meta property=\"og:image:type\" content=\"image\/jpeg\" \/>\n<meta name=\"author\" content=\"Reda\u00e7\u00e3o Aconteceu no Vale\" \/>\n<meta name=\"twitter:card\" content=\"summary_large_image\" \/>\n<meta name=\"twitter:creator\" content=\"@noticiadosvales\" \/>\n<meta name=\"twitter:site\" content=\"@noticiadosvales\" \/>\n<meta name=\"twitter:label1\" content=\"Escrito por\" \/>\n\t<meta name=\"twitter:data1\" content=\"Reda\u00e7\u00e3o Aconteceu no Vale\" \/>\n\t<meta name=\"twitter:label2\" content=\"Est. tempo de leitura\" \/>\n\t<meta name=\"twitter:data2\" content=\"1 minuto\" \/>\n<script type=\"application\/ld+json\" class=\"yoast-schema-graph\">{\"@context\":\"https:\\\/\\\/schema.org\",\"@graph\":[{\"@type\":\"Article\",\"@id\":\"https:\\\/\\\/aconteceunovale.com.br\\\/portal\\\/?p=152077#article\",\"isPartOf\":{\"@id\":\"https:\\\/\\\/aconteceunovale.com.br\\\/portal\\\/?p=152077\"},\"author\":{\"name\":\"Reda\u00e7\u00e3o Aconteceu no Vale\",\"@id\":\"https:\\\/\\\/aconteceunovale.com.br\\\/portal\\\/#\\\/schema\\\/person\\\/7d2f26d1483f8a63de73da1ee0754d35\"},\"headline\":\"Homem \u00e9 preso ap\u00f3s provocar inc\u00eandio de grandes propor\u00e7\u00f5es no Vale do A\u00e7o\",\"datePublished\":\"2019-09-02T12:07:28+00:00\",\"dateModified\":\"2019-09-02T12:07:29+00:00\",\"mainEntityOfPage\":{\"@id\":\"https:\\\/\\\/aconteceunovale.com.br\\\/portal\\\/?p=152077\"},\"wordCount\":192,\"commentCount\":0,\"image\":{\"@id\":\"https:\\\/\\\/aconteceunovale.com.br\\\/portal\\\/?p=152077#primaryimage\"},\"thumbnailUrl\":\"https:\\\/\\\/aconteceunovale.com.br\\\/portal\\\/wp-content\\\/uploads\\\/2019\\\/09\\\/incendio_iapu_3.jpg\",\"keywords\":[\"Homem \u00e9 preso ap\u00f3s provocar inc\u00eandio de grandes propor\u00e7\u00f5es em Iapu\",\"Homem \u00e9 preso ap\u00f3s provocar inc\u00eandio de grandes propor\u00e7\u00f5es no Vale do A\u00e7o\",\"Iapu\",\"Inc\u00eandio em Iapu\",\"Preso por inc\u00eandio em Iapu\"],\"articleSection\":[\"Leste de Minas\"],\"inLanguage\":\"pt-BR\",\"potentialAction\":[{\"@type\":\"CommentAction\",\"name\":\"Comment\",\"target\":[\"https:\\\/\\\/aconteceunovale.com.br\\\/portal\\\/?p=152077#respond\"]}]},{\"@type\":\"WebPage\",\"@id\":\"https:\\\/\\\/aconteceunovale.com.br\\\/portal\\\/?p=152077\",\"url\":\"https:\\\/\\\/aconteceunovale.com.br\\\/portal\\\/?p=152077\",\"name\":\"Homem \u00e9 preso ap\u00f3s provocar inc\u00eandio de grandes propor\u00e7\u00f5es no Vale do A\u00e7o - Aconteceu no Vale\",\"isPartOf\":{\"@id\":\"https:\\\/\\\/aconteceunovale.com.br\\\/portal\\\/#website\"},\"primaryImageOfPage\":{\"@id\":\"https:\\\/\\\/aconteceunovale.com.br\\\/portal\\\/?p=152077#primaryimage\"},\"image\":{\"@id\":\"https:\\\/\\\/aconteceunovale.com.br\\\/portal\\\/?p=152077#primaryimage\"},\"thumbnailUrl\":\"https:\\\/\\\/aconteceunovale.com.br\\\/portal\\\/wp-content\\\/uploads\\\/2019\\\/09\\\/incendio_iapu_3.jpg\",\"datePublished\":\"2019-09-02T12:07:28+00:00\",\"dateModified\":\"2019-09-02T12:07:29+00:00\",\"author\":{\"@id\":\"https:\\\/\\\/aconteceunovale.com.br\\\/portal\\\/#\\\/schema\\\/person\\\/7d2f26d1483f8a63de73da1ee0754d35\"},\"breadcrumb\":{\"@id\":\"https:\\\/\\\/aconteceunovale.com.br\\\/portal\\\/?p=152077#breadcrumb\"},\"inLanguage\":\"pt-BR\",\"potentialAction\":[{\"@type\":\"ReadAction\",\"target\":[\"https:\\\/\\\/aconteceunovale.com.br\\\/portal\\\/?p=152077\"]}]},{\"@type\":\"ImageObject\",\"inLanguage\":\"pt-BR\",\"@id\":\"https:\\\/\\\/aconteceunovale.com.br\\\/portal\\\/?p=152077#primaryimage\",\"url\":\"https:\\\/\\\/aconteceunovale.com.br\\\/portal\\\/wp-content\\\/uploads\\\/2019\\\/09\\\/incendio_iapu_3.jpg\",\"contentUrl\":\"https:\\\/\\\/aconteceunovale.com.br\\\/portal\\\/wp-content\\\/uploads\\\/2019\\\/09\\\/incendio_iapu_3.jpg\",\"width\":591,\"height\":450},{\"@type\":\"BreadcrumbList\",\"@id\":\"https:\\\/\\\/aconteceunovale.com.br\\\/portal\\\/?p=152077#breadcrumb\",\"itemListElement\":[{\"@type\":\"ListItem\",\"position\":1,\"name\":\"In\u00edcio\",\"item\":\"https:\\\/\\\/aconteceunovale.com.br\\\/portal\\\/\"},{\"@type\":\"ListItem\",\"position\":2,\"name\":\"Homem \u00e9 preso ap\u00f3s provocar inc\u00eandio de grandes propor\u00e7\u00f5es no Vale do A\u00e7o\"}]},{\"@type\":\"WebSite\",\"@id\":\"https:\\\/\\\/aconteceunovale.com.br\\\/portal\\\/#website\",\"url\":\"https:\\\/\\\/aconteceunovale.com.br\\\/portal\\\/\",\"name\":\"Aconteceu no Vale\",\"description\":\"Portal de Not\u00edcias\",\"potentialAction\":[{\"@type\":\"SearchAction\",\"target\":{\"@type\":\"EntryPoint\",\"urlTemplate\":\"https:\\\/\\\/aconteceunovale.com.br\\\/portal\\\/?s={search_term_string}\"},\"query-input\":{\"@type\":\"PropertyValueSpecification\",\"valueRequired\":true,\"valueName\":\"search_term_string\"}}],\"inLanguage\":\"pt-BR\"},{\"@type\":\"Person\",\"@id\":\"https:\\\/\\\/aconteceunovale.com.br\\\/portal\\\/#\\\/schema\\\/person\\\/7d2f26d1483f8a63de73da1ee0754d35\",\"name\":\"Reda\u00e7\u00e3o Aconteceu no Vale\",\"description\":\"Equipe de reportagem do Aconteceu no Vale, portal de not\u00edcias do Vale do Jequitinhonha, em Minas Gerais. Cobrimos as 51 cidades do Vale desde 2013. Sugest\u00f5es de pauta e pedidos de corre\u00e7\u00e3o: contato@aconteceunovale.com.br\",\"url\":\"https:\\\/\\\/aconteceunovale.com.br\\\/portal\\\/?author=4\"}]}<\/script>\n<!-- \/ Yoast SEO plugin. -->","yoast_head_json":{"title":"Homem \u00e9 preso ap\u00f3s provocar inc\u00eandio de grandes propor\u00e7\u00f5es no Vale do A\u00e7o - Aconteceu no Vale","robots":{"index":"index","follow":"follow","max-snippet":"max-snippet:-1","max-image-preview":"max-image-preview:large","max-video-preview":"max-video-preview:-1"},"canonical":"https:\/\/aconteceunovale.com.br\/portal\/?p=152077","og_locale":"pt_BR","og_type":"article","og_title":"Homem \u00e9 preso ap\u00f3s provocar inc\u00eandio de grandes propor\u00e7\u00f5es no Vale do A\u00e7o - Aconteceu no Vale","og_description":"Um homem de 55 anos foi preso pela Pol\u00edcia Militar de Meio Ambiente suspeito de provocar um inc\u00eandio na zona rural de Iapu, no Vale do A\u00e7o mineiro. Os militares compareceram ao C\u00f3rrego da Barreira ap\u00f3s den\u00fancias indicarem a ocorr\u00eancia de uma queimada de grandes propor\u00e7\u00f5es na comunidade. Segundo a PM, o suspeito disse que [&hellip;]","og_url":"https:\/\/aconteceunovale.com.br\/portal\/?p=152077","og_site_name":"Aconteceu no Vale","article_publisher":"https:\/\/www.facebook.com\/aconteceunovale\/","article_published_time":"2019-09-02T12:07:28+00:00","article_modified_time":"2019-09-02T12:07:29+00:00","og_image":[{"width":591,"height":450,"url":"https:\/\/aconteceunovale.com.br\/portal\/wp-content\/uploads\/2019\/09\/incendio_iapu_3.jpg","type":"image\/jpeg"}],"author":"Reda\u00e7\u00e3o Aconteceu no Vale","twitter_card":"summary_large_image","twitter_creator":"@noticiadosvales","twitter_site":"@noticiadosvales","twitter_misc":{"Escrito por":"Reda\u00e7\u00e3o Aconteceu no Vale","Est. tempo de leitura":"1 minuto"},"schema":{"@context":"https:\/\/schema.org","@graph":[{"@type":"Article","@id":"https:\/\/aconteceunovale.com.br\/portal\/?p=152077#article","isPartOf":{"@id":"https:\/\/aconteceunovale.com.br\/portal\/?p=152077"},"author":{"name":"Reda\u00e7\u00e3o Aconteceu no Vale","@id":"https:\/\/aconteceunovale.com.br\/portal\/#\/schema\/person\/7d2f26d1483f8a63de73da1ee0754d35"},"headline":"Homem \u00e9 preso ap\u00f3s provocar inc\u00eandio de grandes propor\u00e7\u00f5es no Vale do A\u00e7o","datePublished":"2019-09-02T12:07:28+00:00","dateModified":"2019-09-02T12:07:29+00:00","mainEntityOfPage":{"@id":"https:\/\/aconteceunovale.com.br\/portal\/?p=152077"},"wordCount":192,"commentCount":0,"image":{"@id":"https:\/\/aconteceunovale.com.br\/portal\/?p=152077#primaryimage"},"thumbnailUrl":"https:\/\/aconteceunovale.com.br\/portal\/wp-content\/uploads\/2019\/09\/incendio_iapu_3.jpg","keywords":["Homem \u00e9 preso ap\u00f3s provocar inc\u00eandio de grandes propor\u00e7\u00f5es em Iapu","Homem \u00e9 preso ap\u00f3s provocar inc\u00eandio de grandes propor\u00e7\u00f5es no Vale do A\u00e7o","Iapu","Inc\u00eandio em Iapu","Preso por inc\u00eandio em Iapu"],"articleSection":["Leste de Minas"],"inLanguage":"pt-BR","potentialAction":[{"@type":"CommentAction","name":"Comment","target":["https:\/\/aconteceunovale.com.br\/portal\/?p=152077#respond"]}]},{"@type":"WebPage","@id":"https:\/\/aconteceunovale.com.br\/portal\/?p=152077","url":"https:\/\/aconteceunovale.com.br\/portal\/?p=152077","name":"Homem \u00e9 preso ap\u00f3s provocar inc\u00eandio de grandes propor\u00e7\u00f5es no Vale do A\u00e7o - Aconteceu no Vale","isPartOf":{"@id":"https:\/\/aconteceunovale.com.br\/portal\/#website"},"primaryImageOfPage":{"@id":"https:\/\/aconteceunovale.com.br\/portal\/?p=152077#primaryimage"},"image":{"@id":"https:\/\/aconteceunovale.com.br\/portal\/?p=152077#primaryimage"},"thumbnailUrl":"https:\/\/aconteceunovale.com.br\/portal\/wp-content\/uploads\/2019\/09\/incendio_iapu_3.jpg","datePublished":"2019-09-02T12:07:28+00:00","dateModified":"2019-09-02T12:07:29+00:00","author":{"@id":"https:\/\/aconteceunovale.com.br\/portal\/#\/schema\/person\/7d2f26d1483f8a63de73da1ee0754d35"},"breadcrumb":{"@id":"https:\/\/aconteceunovale.com.br\/portal\/?p=152077#breadcrumb"},"inLanguage":"pt-BR","potentialAction":[{"@type":"ReadAction","target":["https:\/\/aconteceunovale.com.br\/portal\/?p=152077"]}]},{"@type":"ImageObject","inLanguage":"pt-BR","@id":"https:\/\/aconteceunovale.com.br\/portal\/?p=152077#primaryimage","url":"https:\/\/aconteceunovale.com.br\/portal\/wp-content\/uploads\/2019\/09\/incendio_iapu_3.jpg","contentUrl":"https:\/\/aconteceunovale.com.br\/portal\/wp-content\/uploads\/2019\/09\/incendio_iapu_3.jpg","width":591,"height":450},{"@type":"BreadcrumbList","@id":"https:\/\/aconteceunovale.com.br\/portal\/?p=152077#breadcrumb","itemListElement":[{"@type":"ListItem","position":1,"name":"In\u00edcio","item":"https:\/\/aconteceunovale.com.br\/portal\/"},{"@type":"ListItem","position":2,"name":"Homem \u00e9 preso ap\u00f3s provocar inc\u00eandio de grandes propor\u00e7\u00f5es no Vale do A\u00e7o"}]},{"@type":"WebSite","@id":"https:\/\/aconteceunovale.com.br\/portal\/#website","url":"https:\/\/aconteceunovale.com.br\/portal\/","name":"Aconteceu no Vale","description":"Portal de Not\u00edcias","potentialAction":[{"@type":"SearchAction","target":{"@type":"EntryPoint","urlTemplate":"https:\/\/aconteceunovale.com.br\/portal\/?s={search_term_string}"},"query-input":{"@type":"PropertyValueSpecification","valueRequired":true,"valueName":"search_term_string"}}],"inLanguage":"pt-BR"},{"@type":"Person","@id":"https:\/\/aconteceunovale.com.br\/portal\/#\/schema\/person\/7d2f26d1483f8a63de73da1ee0754d35","name":"Reda\u00e7\u00e3o Aconteceu no Vale","description":"Equipe de reportagem do Aconteceu no Vale, portal de not\u00edcias do Vale do Jequitinhonha, em Minas Gerais. Cobrimos as 51 cidades do Vale desde 2013. Sugest\u00f5es de pauta e pedidos de corre\u00e7\u00e3o: contato@aconteceunovale.com.br","url":"https:\/\/aconteceunovale.com.br\/portal\/?author=4"}]}},"_links":{"self":[{"href":"https:\/\/aconteceunovale.com.br\/portal\/index.php?rest_route=\/wp\/v2\/posts\/152077","targetHints":{"allow":["GET"]}}],"collection":[{"href":"https:\/\/aconteceunovale.com.br\/portal\/index.php?rest_route=\/wp\/v2\/posts"}],"about":[{"href":"https:\/\/aconteceunovale.com.br\/portal\/index.php?rest_route=\/wp\/v2\/types\/post"}],"author":[{"embeddable":true,"href":"https:\/\/aconteceunovale.com.br\/portal\/index.php?rest_route=\/wp\/v2\/users\/4"}],"replies":[{"embeddable":true,"href":"https:\/\/aconteceunovale.com.br\/portal\/index.php?rest_route=%2Fwp%2Fv2%2Fcomments&post=152077"}],"version-history":[{"count":1,"href":"https:\/\/aconteceunovale.com.br\/portal\/index.php?rest_route=\/wp\/v2\/posts\/152077\/revisions"}],"predecessor-version":[{"id":152081,"href":"https:\/\/aconteceunovale.com.br\/portal\/index.php?rest_route=\/wp\/v2\/posts\/152077\/revisions\/152081"}],"wp:featuredmedia":[{"embeddable":true,"href":"https:\/\/aconteceunovale.com.br\/portal\/index.php?rest_route=\/wp\/v2\/media\/152080"}],"wp:attachment":[{"href":"https:\/\/aconteceunovale.com.br\/portal\/index.php?rest_route=%2Fwp%2Fv2%2Fmedia&parent=152077"}],"wp:term":[{"taxonomy":"category","embeddable":true,"href":"https:\/\/aconteceunovale.com.br\/portal\/index.php?rest_route=%2Fwp%2Fv2%2Fcategories&post=152077"},{"taxonomy":"post_tag","embeddable":true,"href":"https:\/\/aconteceunovale.com.br\/portal\/index.php?rest_route=%2Fwp%2Fv2%2Ftags&post=152077"}],"curies":[{"name":"wp","href":"https:\/\/api.w.org\/{rel}","templated":true}]}}