{"id":152069,"date":"2019-09-02T08:41:17","date_gmt":"2019-09-02T11:41:17","guid":{"rendered":"http:\/\/aconteceunovale.com.br\/portal\/?p=152069"},"modified":"2019-09-02T08:41:21","modified_gmt":"2019-09-02T11:41:21","slug":"dorian-deve-atingir-costa-dos-eua-nesta-segunda","status":"publish","type":"post","link":"https:\/\/aconteceunovale.com.br\/portal\/?p=152069","title":{"rendered":"Dorian deve atingir costa dos EUA nesta segunda"},"content":{"rendered":"\n<p class=\"wp-block-paragraph\">O furac\u00e3o Dorian deve atingir hoje (02\/08\/2019) a costa este dos Estados Unidos. A tempestade atingiu ontem (1\u00ba) a categoria cinco, o n\u00edvel m\u00e1ximo da escala. As previs\u00f5es apontam para que afete com intensidade os estados da Florida e da Carolina do Sul. Nas Bahamas, uma morte j\u00e1 foi registrada: um menino de oito anos\u00a0morreu afogado no arquip\u00e9lago\u00a0\u00c1baco (um conjunto de ilhas do arquip\u00e9lago das Bahamas).<\/p>\n\n\n\n<p class=\"wp-block-paragraph\">Os Estados Unidos j\u00e1 emitiram um alerta para a costa Leste, prevenindo as popula\u00e7\u00f5es para aquela que \u00e9 a mais forte tempestade no Atl\u00e2ntico a chegar a terra desde 1935.<\/p>\n\n\n\n<p class=\"wp-block-paragraph\">Domingo, o furac\u00e3o atingiu as Bahamas com ventos que ultrapassaram os 300 quil\u00f4metros por hora, arrancando telhados, virando autom\u00f3veis e derrubando postes de eletricidade. Nas \u00faltimas horas, houve v\u00e1rias inunda\u00e7\u00f5es nas Ilhas \u00c1baco.&nbsp;<\/p>\n\n\n\n<p class=\"wp-block-paragraph\">A irm\u00e3 de um menino que morreu afogado, tamb\u00e9m est\u00e1 desaparecida.&nbsp;&nbsp;<\/p>\n\n\n\n<p class=\"wp-block-paragraph\">No norte do arquip\u00e9lago, os hot\u00e9is fecharam as portas e o governo local montou abrigos em igrejas e escolas.&nbsp;<\/p>\n\n\n\n<p class=\"wp-block-paragraph\">O primeiro-ministro das Bahamas,&nbsp;Hubert Minnis, afirmou que a passagem do furac\u00e3o Dorian foi o pior dia que teve na vida e classificou o evernto como uma \u201ctempestade monstruosa\u201d.&nbsp; O furac\u00e3o Dorian&nbsp;vai &#8220;testar a popula\u00e7\u00e3o de uma forma jamais vista antes&#8221;, disse Minnis.&nbsp;<\/p>\n\n\n\n<p class=\"wp-block-paragraph\">\u201cEste deve ser o dia mais triste e pior da minha vida. Muitos n\u00e3o ouviram o meu aviso [sobre a iminente vinda do furac\u00e3o], muitos ficaram para tr\u00e1s e ainda h\u00e1 pessoas na zona oeste que recusaram partir\u201d, afirmou Hubert Minnis.&nbsp;<\/p>\n\n\n\n<p class=\"wp-block-paragraph\">\u201cS\u00f3 lhes posso dizer que espero que esta n\u00e3o seja a \u00faltima vez que ouvem a minha voz\u201d, acrescentou o primeiro-ministro do arquip\u00e9lago.&nbsp;<\/p>\n\n\n\n<p class=\"wp-block-paragraph\">Cerca de 13 mil casas poder\u00e3o ter sido danificadas ou destru\u00eddas pela for\u00e7a de ventos.&nbsp;<\/p>\n\n\n\n<p class=\"wp-block-paragraph\">&#8220;N\u00e3o temos ainda uma ideia completa do que aconteceu. Mas \u00e9 claro que o furac\u00e3o Dorian teve um impacto catastr\u00f3fico&#8221;, declarou Sune Bulow, chefe do centro de opera\u00e7\u00f5es de emerg\u00eancia da Federa\u00e7\u00e3o Internacional das Sociedades da Cruz Vermelha e do Crescente Vermelho (FICR).<\/p>\n\n\n\n<p class=\"wp-block-paragraph\">Bulow explicou que a organiza\u00e7\u00e3o, com sede em Genebra (Sui\u00e7a) est\u00e1 respondendo \u00e0s &#8220;necessidades de abrigo importantes&#8221;.<\/p>\n\n\n\n<p class=\"wp-block-paragraph\">A popula\u00e7\u00e3o do arquip\u00e9lago caribenho tem ainda necessidade de \u00e1gua pot\u00e1vel, assist\u00eancia sanit\u00e1ria e de apoio econ\u00f3mico a curto prazo.<\/p>\n\n\n\n<p class=\"has-text-color has-background has-very-light-gray-color has-vivid-cyan-blue-background-color wp-block-paragraph\"><strong>VER PRIMEIRO: <\/strong>Receba as not\u00edcias do Aconteceu no Vale em primeira m\u00e3o. Clique em curtir no endere\u00e7o <a href=\"https:\/\/www.facebook.com\/aconteceunovale\" target=\"_blank\" rel=\"noreferrer noopener\">www.facebook.com\/aconteceunovale<\/a>.<\/p>\n","protected":false},"excerpt":{"rendered":"<p>O furac\u00e3o Dorian deve atingir hoje (02\/08\/2019) a costa este dos Estados Unidos. A tempestade atingiu ontem (1\u00ba) a categoria cinco, o n\u00edvel m\u00e1ximo da escala. As previs\u00f5es apontam para que afete com intensidade os estados da Florida e da Carolina do Sul. Nas Bahamas, uma morte j\u00e1 foi registrada: um menino de oito anos\u00a0morreu [&hellip;]<\/p>\n","protected":false},"author":1,"featured_media":152070,"comment_status":"open","ping_status":"closed","sticky":false,"template":"","format":"standard","meta":{"amp_status":"","footnotes":""},"categories":[28848],"tags":[132377,139353,206370,206371,206375,206376,15469,50315,16542,206372,206373,206366,119359,206374],"class_list":["post-152069","post","type-post","status-publish","format-standard","has-post-thumbnail","hentry","category-mundo","tag-bahamas","tag-carolina-do-sul","tag-dorian","tag-dorian-aproxima-se-da-costa-da-florida-e-da-carolina-do-sul","tag-dorian-aproxima-se-dos-estados-unidos","tag-dorian-deve-atingir-costa-dos-eua-nesta-segunda","tag-estados-unidos","tag-eua","tag-florida","tag-furacao-bahamas","tag-furacao-carolina-do-sul","tag-furacao-dorian","tag-furacao-estados-unidos","tag-furacao-florida"],"yoast_head":"<!-- This site is optimized with the Yoast SEO plugin v28.3 - https:\/\/yoast.com\/product\/yoast-seo-wordpress\/ -->\n<title>Dorian deve atingir costa dos EUA nesta segunda - Aconteceu no Vale<\/title>\n<meta name=\"robots\" content=\"index, follow, max-snippet:-1, max-image-preview:large, max-video-preview:-1\" \/>\n<link rel=\"canonical\" href=\"https:\/\/aconteceunovale.com.br\/portal\/?p=152069\" \/>\n<meta property=\"og:locale\" content=\"pt_BR\" \/>\n<meta property=\"og:type\" content=\"article\" \/>\n<meta property=\"og:title\" content=\"Dorian deve atingir costa dos EUA nesta segunda - Aconteceu no Vale\" \/>\n<meta property=\"og:description\" content=\"O furac\u00e3o Dorian deve atingir hoje (02\/08\/2019) a costa este dos Estados Unidos. A tempestade atingiu ontem (1\u00ba) a categoria cinco, o n\u00edvel m\u00e1ximo da escala. As previs\u00f5es apontam para que afete com intensidade os estados da Florida e da Carolina do Sul. Nas Bahamas, uma morte j\u00e1 foi registrada: um menino de oito anos\u00a0morreu [&hellip;]\" \/>\n<meta property=\"og:url\" content=\"https:\/\/aconteceunovale.com.br\/portal\/?p=152069\" \/>\n<meta property=\"og:site_name\" content=\"Aconteceu no Vale\" \/>\n<meta property=\"article:publisher\" content=\"https:\/\/www.facebook.com\/aconteceunovale\/\" \/>\n<meta property=\"article:published_time\" content=\"2019-09-02T11:41:17+00:00\" \/>\n<meta property=\"article:modified_time\" content=\"2019-09-02T11:41:21+00:00\" \/>\n<meta property=\"og:image\" content=\"https:\/\/aconteceunovale.com.br\/portal\/wp-content\/uploads\/2019\/09\/furacao_dorian.jpg\" \/>\n\t<meta property=\"og:image:width\" content=\"768\" \/>\n\t<meta property=\"og:image:height\" content=\"512\" \/>\n\t<meta property=\"og:image:type\" content=\"image\/jpeg\" \/>\n<meta name=\"author\" content=\"Aconteceu no Vale\" \/>\n<meta name=\"twitter:card\" content=\"summary_large_image\" \/>\n<meta name=\"twitter:creator\" content=\"@noticiadosvales\" \/>\n<meta name=\"twitter:site\" content=\"@noticiadosvales\" \/>\n<meta name=\"twitter:label1\" content=\"Escrito por\" \/>\n\t<meta name=\"twitter:data1\" content=\"Aconteceu no Vale\" \/>\n\t<meta name=\"twitter:label2\" content=\"Est. tempo de leitura\" \/>\n\t<meta name=\"twitter:data2\" content=\"2 minutos\" \/>\n<script type=\"application\/ld+json\" class=\"yoast-schema-graph\">{\"@context\":\"https:\\\/\\\/schema.org\",\"@graph\":[{\"@type\":\"Article\",\"@id\":\"https:\\\/\\\/aconteceunovale.com.br\\\/portal\\\/?p=152069#article\",\"isPartOf\":{\"@id\":\"https:\\\/\\\/aconteceunovale.com.br\\\/portal\\\/?p=152069\"},\"author\":{\"name\":\"Aconteceu no Vale\",\"@id\":\"https:\\\/\\\/aconteceunovale.com.br\\\/portal\\\/#\\\/schema\\\/person\\\/633529146f2c94272bef50ac2953d589\"},\"headline\":\"Dorian deve atingir costa dos EUA nesta segunda\",\"datePublished\":\"2019-09-02T11:41:17+00:00\",\"dateModified\":\"2019-09-02T11:41:21+00:00\",\"mainEntityOfPage\":{\"@id\":\"https:\\\/\\\/aconteceunovale.com.br\\\/portal\\\/?p=152069\"},\"wordCount\":441,\"commentCount\":0,\"image\":{\"@id\":\"https:\\\/\\\/aconteceunovale.com.br\\\/portal\\\/?p=152069#primaryimage\"},\"thumbnailUrl\":\"https:\\\/\\\/aconteceunovale.com.br\\\/portal\\\/wp-content\\\/uploads\\\/2019\\\/09\\\/furacao_dorian.jpg\",\"keywords\":[\"Bahamas\",\"Carolina do Sul\",\"Dorian\",\"Dorian aproxima-se da costa da Florida e da Carolina do Sul\",\"Dorian aproxima-se dos Estados Unidos\",\"Dorian deve atingir costa dos EUA nesta segunda\",\"Estados Unidos\",\"EUA\",\"Fl\u00f3rida\",\"Furac\u00e3o Bahamas\",\"Furac\u00e3o Carolina do Sul\",\"Furac\u00e3o Dorian\",\"Furac\u00e3o Estados Unidos\",\"Furac\u00e3o Fl\u00f3rida\"],\"articleSection\":[\"Mundo\"],\"inLanguage\":\"pt-BR\",\"potentialAction\":[{\"@type\":\"CommentAction\",\"name\":\"Comment\",\"target\":[\"https:\\\/\\\/aconteceunovale.com.br\\\/portal\\\/?p=152069#respond\"]}]},{\"@type\":\"WebPage\",\"@id\":\"https:\\\/\\\/aconteceunovale.com.br\\\/portal\\\/?p=152069\",\"url\":\"https:\\\/\\\/aconteceunovale.com.br\\\/portal\\\/?p=152069\",\"name\":\"Dorian deve atingir costa dos EUA nesta segunda - Aconteceu no Vale\",\"isPartOf\":{\"@id\":\"https:\\\/\\\/aconteceunovale.com.br\\\/portal\\\/#website\"},\"primaryImageOfPage\":{\"@id\":\"https:\\\/\\\/aconteceunovale.com.br\\\/portal\\\/?p=152069#primaryimage\"},\"image\":{\"@id\":\"https:\\\/\\\/aconteceunovale.com.br\\\/portal\\\/?p=152069#primaryimage\"},\"thumbnailUrl\":\"https:\\\/\\\/aconteceunovale.com.br\\\/portal\\\/wp-content\\\/uploads\\\/2019\\\/09\\\/furacao_dorian.jpg\",\"datePublished\":\"2019-09-02T11:41:17+00:00\",\"dateModified\":\"2019-09-02T11:41:21+00:00\",\"author\":{\"@id\":\"https:\\\/\\\/aconteceunovale.com.br\\\/portal\\\/#\\\/schema\\\/person\\\/633529146f2c94272bef50ac2953d589\"},\"breadcrumb\":{\"@id\":\"https:\\\/\\\/aconteceunovale.com.br\\\/portal\\\/?p=152069#breadcrumb\"},\"inLanguage\":\"pt-BR\",\"potentialAction\":[{\"@type\":\"ReadAction\",\"target\":[\"https:\\\/\\\/aconteceunovale.com.br\\\/portal\\\/?p=152069\"]}]},{\"@type\":\"ImageObject\",\"inLanguage\":\"pt-BR\",\"@id\":\"https:\\\/\\\/aconteceunovale.com.br\\\/portal\\\/?p=152069#primaryimage\",\"url\":\"https:\\\/\\\/aconteceunovale.com.br\\\/portal\\\/wp-content\\\/uploads\\\/2019\\\/09\\\/furacao_dorian.jpg\",\"contentUrl\":\"https:\\\/\\\/aconteceunovale.com.br\\\/portal\\\/wp-content\\\/uploads\\\/2019\\\/09\\\/furacao_dorian.jpg\",\"width\":768,\"height\":512},{\"@type\":\"BreadcrumbList\",\"@id\":\"https:\\\/\\\/aconteceunovale.com.br\\\/portal\\\/?p=152069#breadcrumb\",\"itemListElement\":[{\"@type\":\"ListItem\",\"position\":1,\"name\":\"In\u00edcio\",\"item\":\"https:\\\/\\\/aconteceunovale.com.br\\\/portal\\\/\"},{\"@type\":\"ListItem\",\"position\":2,\"name\":\"Dorian deve atingir costa dos EUA nesta segunda\"}]},{\"@type\":\"WebSite\",\"@id\":\"https:\\\/\\\/aconteceunovale.com.br\\\/portal\\\/#website\",\"url\":\"https:\\\/\\\/aconteceunovale.com.br\\\/portal\\\/\",\"name\":\"Aconteceu no Vale\",\"description\":\"Portal de Not\u00edcias\",\"potentialAction\":[{\"@type\":\"SearchAction\",\"target\":{\"@type\":\"EntryPoint\",\"urlTemplate\":\"https:\\\/\\\/aconteceunovale.com.br\\\/portal\\\/?s={search_term_string}\"},\"query-input\":{\"@type\":\"PropertyValueSpecification\",\"valueRequired\":true,\"valueName\":\"search_term_string\"}}],\"inLanguage\":\"pt-BR\"},{\"@type\":\"Person\",\"@id\":\"https:\\\/\\\/aconteceunovale.com.br\\\/portal\\\/#\\\/schema\\\/person\\\/633529146f2c94272bef50ac2953d589\",\"name\":\"Aconteceu no Vale\",\"description\":\"Equipe de reportagem do Aconteceu no Vale, portal de not\u00edcias do Vale do Jequitinhonha, em Minas Gerais. Cobrimos as 51 cidades do Vale desde 2013. Sugest\u00f5es de pauta e pedidos de corre\u00e7\u00e3o: contato@aconteceunovale.com.br\",\"sameAs\":[\"http:\\\/\\\/www.aconteceunovale.com.br\"],\"url\":\"https:\\\/\\\/aconteceunovale.com.br\\\/portal\\\/?author=1\"}]}<\/script>\n<!-- \/ Yoast SEO plugin. -->","yoast_head_json":{"title":"Dorian deve atingir costa dos EUA nesta segunda - Aconteceu no Vale","robots":{"index":"index","follow":"follow","max-snippet":"max-snippet:-1","max-image-preview":"max-image-preview:large","max-video-preview":"max-video-preview:-1"},"canonical":"https:\/\/aconteceunovale.com.br\/portal\/?p=152069","og_locale":"pt_BR","og_type":"article","og_title":"Dorian deve atingir costa dos EUA nesta segunda - Aconteceu no Vale","og_description":"O furac\u00e3o Dorian deve atingir hoje (02\/08\/2019) a costa este dos Estados Unidos. A tempestade atingiu ontem (1\u00ba) a categoria cinco, o n\u00edvel m\u00e1ximo da escala. As previs\u00f5es apontam para que afete com intensidade os estados da Florida e da Carolina do Sul. Nas Bahamas, uma morte j\u00e1 foi registrada: um menino de oito anos\u00a0morreu [&hellip;]","og_url":"https:\/\/aconteceunovale.com.br\/portal\/?p=152069","og_site_name":"Aconteceu no Vale","article_publisher":"https:\/\/www.facebook.com\/aconteceunovale\/","article_published_time":"2019-09-02T11:41:17+00:00","article_modified_time":"2019-09-02T11:41:21+00:00","og_image":[{"width":768,"height":512,"url":"https:\/\/aconteceunovale.com.br\/portal\/wp-content\/uploads\/2019\/09\/furacao_dorian.jpg","type":"image\/jpeg"}],"author":"Aconteceu no Vale","twitter_card":"summary_large_image","twitter_creator":"@noticiadosvales","twitter_site":"@noticiadosvales","twitter_misc":{"Escrito por":"Aconteceu no Vale","Est. tempo de leitura":"2 minutos"},"schema":{"@context":"https:\/\/schema.org","@graph":[{"@type":"Article","@id":"https:\/\/aconteceunovale.com.br\/portal\/?p=152069#article","isPartOf":{"@id":"https:\/\/aconteceunovale.com.br\/portal\/?p=152069"},"author":{"name":"Aconteceu no Vale","@id":"https:\/\/aconteceunovale.com.br\/portal\/#\/schema\/person\/633529146f2c94272bef50ac2953d589"},"headline":"Dorian deve atingir costa dos EUA nesta segunda","datePublished":"2019-09-02T11:41:17+00:00","dateModified":"2019-09-02T11:41:21+00:00","mainEntityOfPage":{"@id":"https:\/\/aconteceunovale.com.br\/portal\/?p=152069"},"wordCount":441,"commentCount":0,"image":{"@id":"https:\/\/aconteceunovale.com.br\/portal\/?p=152069#primaryimage"},"thumbnailUrl":"https:\/\/aconteceunovale.com.br\/portal\/wp-content\/uploads\/2019\/09\/furacao_dorian.jpg","keywords":["Bahamas","Carolina do Sul","Dorian","Dorian aproxima-se da costa da Florida e da Carolina do Sul","Dorian aproxima-se dos Estados Unidos","Dorian deve atingir costa dos EUA nesta segunda","Estados Unidos","EUA","Fl\u00f3rida","Furac\u00e3o Bahamas","Furac\u00e3o Carolina do Sul","Furac\u00e3o Dorian","Furac\u00e3o Estados Unidos","Furac\u00e3o Fl\u00f3rida"],"articleSection":["Mundo"],"inLanguage":"pt-BR","potentialAction":[{"@type":"CommentAction","name":"Comment","target":["https:\/\/aconteceunovale.com.br\/portal\/?p=152069#respond"]}]},{"@type":"WebPage","@id":"https:\/\/aconteceunovale.com.br\/portal\/?p=152069","url":"https:\/\/aconteceunovale.com.br\/portal\/?p=152069","name":"Dorian deve atingir costa dos EUA nesta segunda - Aconteceu no Vale","isPartOf":{"@id":"https:\/\/aconteceunovale.com.br\/portal\/#website"},"primaryImageOfPage":{"@id":"https:\/\/aconteceunovale.com.br\/portal\/?p=152069#primaryimage"},"image":{"@id":"https:\/\/aconteceunovale.com.br\/portal\/?p=152069#primaryimage"},"thumbnailUrl":"https:\/\/aconteceunovale.com.br\/portal\/wp-content\/uploads\/2019\/09\/furacao_dorian.jpg","datePublished":"2019-09-02T11:41:17+00:00","dateModified":"2019-09-02T11:41:21+00:00","author":{"@id":"https:\/\/aconteceunovale.com.br\/portal\/#\/schema\/person\/633529146f2c94272bef50ac2953d589"},"breadcrumb":{"@id":"https:\/\/aconteceunovale.com.br\/portal\/?p=152069#breadcrumb"},"inLanguage":"pt-BR","potentialAction":[{"@type":"ReadAction","target":["https:\/\/aconteceunovale.com.br\/portal\/?p=152069"]}]},{"@type":"ImageObject","inLanguage":"pt-BR","@id":"https:\/\/aconteceunovale.com.br\/portal\/?p=152069#primaryimage","url":"https:\/\/aconteceunovale.com.br\/portal\/wp-content\/uploads\/2019\/09\/furacao_dorian.jpg","contentUrl":"https:\/\/aconteceunovale.com.br\/portal\/wp-content\/uploads\/2019\/09\/furacao_dorian.jpg","width":768,"height":512},{"@type":"BreadcrumbList","@id":"https:\/\/aconteceunovale.com.br\/portal\/?p=152069#breadcrumb","itemListElement":[{"@type":"ListItem","position":1,"name":"In\u00edcio","item":"https:\/\/aconteceunovale.com.br\/portal\/"},{"@type":"ListItem","position":2,"name":"Dorian deve atingir costa dos EUA nesta segunda"}]},{"@type":"WebSite","@id":"https:\/\/aconteceunovale.com.br\/portal\/#website","url":"https:\/\/aconteceunovale.com.br\/portal\/","name":"Aconteceu no Vale","description":"Portal de Not\u00edcias","potentialAction":[{"@type":"SearchAction","target":{"@type":"EntryPoint","urlTemplate":"https:\/\/aconteceunovale.com.br\/portal\/?s={search_term_string}"},"query-input":{"@type":"PropertyValueSpecification","valueRequired":true,"valueName":"search_term_string"}}],"inLanguage":"pt-BR"},{"@type":"Person","@id":"https:\/\/aconteceunovale.com.br\/portal\/#\/schema\/person\/633529146f2c94272bef50ac2953d589","name":"Aconteceu no Vale","description":"Equipe de reportagem do Aconteceu no Vale, portal de not\u00edcias do Vale do Jequitinhonha, em Minas Gerais. Cobrimos as 51 cidades do Vale desde 2013. Sugest\u00f5es de pauta e pedidos de corre\u00e7\u00e3o: contato@aconteceunovale.com.br","sameAs":["http:\/\/www.aconteceunovale.com.br"],"url":"https:\/\/aconteceunovale.com.br\/portal\/?author=1"}]}},"_links":{"self":[{"href":"https:\/\/aconteceunovale.com.br\/portal\/index.php?rest_route=\/wp\/v2\/posts\/152069","targetHints":{"allow":["GET"]}}],"collection":[{"href":"https:\/\/aconteceunovale.com.br\/portal\/index.php?rest_route=\/wp\/v2\/posts"}],"about":[{"href":"https:\/\/aconteceunovale.com.br\/portal\/index.php?rest_route=\/wp\/v2\/types\/post"}],"author":[{"embeddable":true,"href":"https:\/\/aconteceunovale.com.br\/portal\/index.php?rest_route=\/wp\/v2\/users\/1"}],"replies":[{"embeddable":true,"href":"https:\/\/aconteceunovale.com.br\/portal\/index.php?rest_route=%2Fwp%2Fv2%2Fcomments&post=152069"}],"version-history":[{"count":1,"href":"https:\/\/aconteceunovale.com.br\/portal\/index.php?rest_route=\/wp\/v2\/posts\/152069\/revisions"}],"predecessor-version":[{"id":152071,"href":"https:\/\/aconteceunovale.com.br\/portal\/index.php?rest_route=\/wp\/v2\/posts\/152069\/revisions\/152071"}],"wp:featuredmedia":[{"embeddable":true,"href":"https:\/\/aconteceunovale.com.br\/portal\/index.php?rest_route=\/wp\/v2\/media\/152070"}],"wp:attachment":[{"href":"https:\/\/aconteceunovale.com.br\/portal\/index.php?rest_route=%2Fwp%2Fv2%2Fmedia&parent=152069"}],"wp:term":[{"taxonomy":"category","embeddable":true,"href":"https:\/\/aconteceunovale.com.br\/portal\/index.php?rest_route=%2Fwp%2Fv2%2Fcategories&post=152069"},{"taxonomy":"post_tag","embeddable":true,"href":"https:\/\/aconteceunovale.com.br\/portal\/index.php?rest_route=%2Fwp%2Fv2%2Ftags&post=152069"}],"curies":[{"name":"wp","href":"https:\/\/api.w.org\/{rel}","templated":true}]}}