{"id":152066,"date":"2019-09-02T00:07:06","date_gmt":"2019-09-02T03:07:06","guid":{"rendered":"http:\/\/aconteceunovale.com.br\/portal\/?p=152066"},"modified":"2019-09-02T00:12:31","modified_gmt":"2019-09-02T03:12:31","slug":"humorista-discute-com-plateia-apos-criticas-a-jair-bolsonaro-em-teofilo-otoni","status":"publish","type":"post","link":"https:\/\/aconteceunovale.com.br\/portal\/?p=152066","title":{"rendered":"Humorista discute com plateia ap\u00f3s cr\u00edticas a Jair Bolsonaro em Te\u00f3filo Otoni"},"content":{"rendered":"\n<p class=\"wp-block-paragraph\">O show do comediante mineiro Gustavo Mendes, famoso por interpretar a ex-presidente Dilma Rousseff, foi interrompido depois de uma discuss\u00e3o com integrantes da plateia e terminou com registro policial na cidade de Te\u00f3filo Otoni, do Vale do Mucuri. <\/p>\n\n\n\n<p class=\"wp-block-paragraph\">Gustavo se apresentava na noite de sexta-feira (30\/08) no Expominas de Te\u00f3filo Otoni quando o show foi interrompido por vaias e cr\u00edticas da plateia, depois de coment\u00e1rios criticando o atual presidente da Rep\u00fablica, Jair Bolsonaro.<\/p>\n\n\n\n<p class=\"wp-block-paragraph\">V\u00eddeos que circulam no Youtube mostram o momento de parte das discuss\u00f5es. Enquanto algumas pessoas vaiam e xingam Gustavo, ele pede que seguran\u00e7as retirem determinadas pessoas da plateia, dizendo que devolveria o dinheiro daquelas pessoas. Espectadores que sa\u00edram do show tamb\u00e9m gravaram alguns momentos do lado de fora do palco, quando muita gente j\u00e1 estava do lado de fora.<\/p>\n\n\n\n<p class=\"wp-block-paragraph\"><strong>Veja o momento das discuss\u00f5es<\/strong><\/p>\n\n\n\n<iframe loading=\"lazy\" width=\"560\" height=\"315\" src=\"https:\/\/www.youtube.com\/embed\/I21rVpmVJZs\" frameborder=\"0\" allow=\"accelerometer; autoplay; encrypted-media; gyroscope; picture-in-picture\" allowfullscreen><\/iframe>\n\n\n\n<p class=\"wp-block-paragraph\">Uma ocorr\u00eancia policial foi registrada sobre a confus\u00e3o, de acordo com a Pol\u00edcia Militar. Segundo a ocorr\u00eancia, os soliciantes revelaram que durante o show o humorista tratou eleitores de Bolsonaro como idiotas, imbecis e med\u00edocres, momento em que essa situa\u00e7\u00e3o gerou atrito verbal da plateia com o artista.<\/p>\n\n\n\n<p class=\"wp-block-paragraph\">Ainda conforme o registro policial, grande parte da plateia deixou o espa\u00e7o destinado aos espectadores e  humorista disse que devolveria o dinheiro daqueles que sa\u00edram. Os policiais conversaram com o produtor de Gustavo, que disse que as cr\u00edticas a personagens fazem parte do show e que ele n\u00e3o ofendeu ningu\u00e9m durante o espet\u00e1culo. N\u00e3o foi poss\u00edvel conversar com o humorista para verificar sua pr\u00f3pria vers\u00e3o dos fatos, conforme a ocorr\u00eancia.<\/p>\n\n\n\n<p class=\"wp-block-paragraph\">Ontem, Gustavo publicou um texto e um v\u00eddeo em suas redes sociais tratando o caso como uma tentativa de censura. &#8220;Parte da plateia, insatisfeita com as piadas sobre Bolsonaro, se sentiu no direito de dizer o que eu posso ou n\u00e3o posso falar nos meus shows. E isso nunca, amiguinhos, nunca vai acontecer, porque isso se chama censura e eu n\u00e3o vou aceitar essa tentativa de intimida\u00e7\u00e3o&#8221;, disse ele.<\/p>\n\n\n\n<p class=\"wp-block-paragraph\"><strong>Veja a \u00edntegra do que disse o humorista Gustavo Mendes<\/strong><\/p>\n\n\n\n<iframe loading=\"lazy\" src=\"https:\/\/www.facebook.com\/plugins\/video.php?href=https%3A%2F%2Fwww.facebook.com%2Fgustavomendesatrevido%2Fvideos%2F2520471571344513%2F&#038;show_text=0&#038;width=560\" width=\"560\" height=\"315\" style=\"border:none;overflow:hidden\" scrolling=\"no\" frameborder=\"0\" allowTransparency=\"true\" allowFullScreen=\"true\"><\/iframe>\n\n\n\n<p class=\"has-text-color has-background has-very-light-gray-color has-vivid-cyan-blue-background-color wp-block-paragraph\"><strong>VER PRIMEIRO: <\/strong>Receba as not\u00edcias do Aconteceu no Vale em primeira m\u00e3o. Clique em curtir no endere\u00e7o <a href=\"https:\/\/www.facebook.com\/aconteceunovale\" target=\"_blank\" rel=\"noreferrer noopener\">www.facebook.com\/aconteceunovale<\/a>.<\/p>\n","protected":false},"excerpt":{"rendered":"<p>O show do comediante mineiro Gustavo Mendes, famoso por interpretar a ex-presidente Dilma Rousseff, foi interrompido depois de uma discuss\u00e3o com integrantes da plateia e terminou com registro policial na cidade de Te\u00f3filo Otoni, do Vale do Mucuri. Gustavo se apresentava na noite de sexta-feira (30\/08) no Expominas de Te\u00f3filo Otoni quando o show foi [&hellip;]<\/p>\n","protected":false},"author":1,"featured_media":152067,"comment_status":"open","ping_status":"closed","sticky":false,"template":"","format":"standard","meta":{"amp_status":"","footnotes":""},"categories":[125,122],"tags":[2162,206365,206364,206362,206363,26436,164],"class_list":["post-152066","post","type-post","status-publish","format-standard","has-post-thumbnail","hentry","category-noticias","category-mucuri","tag-dilma-rousseff","tag-gustavo-mendes","tag-gustavo-mendes-em-teofilo-otoni","tag-humorista-discute-com-plateia-apos-criticas-a-jair-bolsonaro-em-teofilo-otoni","tag-imitador-da-dilma-em-teofilo-otoni","tag-jair-bolsonaro","tag-teofilo-otoni"],"yoast_head":"<!-- This site is optimized with the Yoast SEO plugin v28.3 - https:\/\/yoast.com\/product\/yoast-seo-wordpress\/ -->\n<title>Humorista discute com plateia ap\u00f3s cr\u00edticas a Jair Bolsonaro em Te\u00f3filo Otoni - Aconteceu no Vale<\/title>\n<meta name=\"robots\" content=\"index, follow, max-snippet:-1, max-image-preview:large, max-video-preview:-1\" \/>\n<link rel=\"canonical\" href=\"https:\/\/aconteceunovale.com.br\/portal\/?p=152066\" \/>\n<meta property=\"og:locale\" content=\"pt_BR\" \/>\n<meta property=\"og:type\" content=\"article\" \/>\n<meta property=\"og:title\" content=\"Humorista discute com plateia ap\u00f3s cr\u00edticas a Jair Bolsonaro em Te\u00f3filo Otoni - Aconteceu no Vale\" \/>\n<meta property=\"og:description\" content=\"O show do comediante mineiro Gustavo Mendes, famoso por interpretar a ex-presidente Dilma Rousseff, foi interrompido depois de uma discuss\u00e3o com integrantes da plateia e terminou com registro policial na cidade de Te\u00f3filo Otoni, do Vale do Mucuri. Gustavo se apresentava na noite de sexta-feira (30\/08) no Expominas de Te\u00f3filo Otoni quando o show foi [&hellip;]\" \/>\n<meta property=\"og:url\" content=\"https:\/\/aconteceunovale.com.br\/portal\/?p=152066\" \/>\n<meta property=\"og:site_name\" content=\"Aconteceu no Vale\" \/>\n<meta property=\"article:publisher\" content=\"https:\/\/www.facebook.com\/aconteceunovale\/\" \/>\n<meta property=\"article:published_time\" content=\"2019-09-02T03:07:06+00:00\" \/>\n<meta property=\"article:modified_time\" content=\"2019-09-02T03:12:31+00:00\" \/>\n<meta property=\"og:image\" content=\"https:\/\/aconteceunovale.com.br\/portal\/wp-content\/uploads\/2019\/09\/gustavo_mendes.jpg\" \/>\n\t<meta property=\"og:image:width\" content=\"750\" \/>\n\t<meta property=\"og:image:height\" content=\"450\" \/>\n\t<meta property=\"og:image:type\" content=\"image\/jpeg\" \/>\n<meta name=\"author\" content=\"Aconteceu no Vale\" \/>\n<meta name=\"twitter:card\" content=\"summary_large_image\" \/>\n<meta name=\"twitter:creator\" content=\"@noticiadosvales\" \/>\n<meta name=\"twitter:site\" content=\"@noticiadosvales\" \/>\n<meta name=\"twitter:label1\" content=\"Escrito por\" \/>\n\t<meta name=\"twitter:data1\" content=\"Aconteceu no Vale\" \/>\n\t<meta name=\"twitter:label2\" content=\"Est. tempo de leitura\" \/>\n\t<meta name=\"twitter:data2\" content=\"2 minutos\" \/>\n<script type=\"application\/ld+json\" class=\"yoast-schema-graph\">{\"@context\":\"https:\\\/\\\/schema.org\",\"@graph\":[{\"@type\":\"Article\",\"@id\":\"https:\\\/\\\/aconteceunovale.com.br\\\/portal\\\/?p=152066#article\",\"isPartOf\":{\"@id\":\"https:\\\/\\\/aconteceunovale.com.br\\\/portal\\\/?p=152066\"},\"author\":{\"name\":\"Aconteceu no Vale\",\"@id\":\"https:\\\/\\\/aconteceunovale.com.br\\\/portal\\\/#\\\/schema\\\/person\\\/633529146f2c94272bef50ac2953d589\"},\"headline\":\"Humorista discute com plateia ap\u00f3s cr\u00edticas a Jair Bolsonaro em Te\u00f3filo Otoni\",\"datePublished\":\"2019-09-02T03:07:06+00:00\",\"dateModified\":\"2019-09-02T03:12:31+00:00\",\"mainEntityOfPage\":{\"@id\":\"https:\\\/\\\/aconteceunovale.com.br\\\/portal\\\/?p=152066\"},\"wordCount\":405,\"commentCount\":1,\"image\":{\"@id\":\"https:\\\/\\\/aconteceunovale.com.br\\\/portal\\\/?p=152066#primaryimage\"},\"thumbnailUrl\":\"https:\\\/\\\/aconteceunovale.com.br\\\/portal\\\/wp-content\\\/uploads\\\/2019\\\/09\\\/gustavo_mendes.jpg\",\"keywords\":[\"Dilma Rousseff\",\"Gustavo Mendes\",\"Gustavo Mendes em Te\u00f3filo Otoni\",\"Humorista discute com plateia ap\u00f3s cr\u00edticas a Jair Bolsonaro em Te\u00f3filo Otoni\",\"Imitador da Dilma em Te\u00f3filo Otoni\",\"Jair Bolsonaro\",\"Te\u00f3filo Otoni\"],\"articleSection\":[\"Eventos\",\"Vale do Mucuri\"],\"inLanguage\":\"pt-BR\",\"potentialAction\":[{\"@type\":\"CommentAction\",\"name\":\"Comment\",\"target\":[\"https:\\\/\\\/aconteceunovale.com.br\\\/portal\\\/?p=152066#respond\"]}]},{\"@type\":\"WebPage\",\"@id\":\"https:\\\/\\\/aconteceunovale.com.br\\\/portal\\\/?p=152066\",\"url\":\"https:\\\/\\\/aconteceunovale.com.br\\\/portal\\\/?p=152066\",\"name\":\"Humorista discute com plateia ap\u00f3s cr\u00edticas a Jair Bolsonaro em Te\u00f3filo Otoni - Aconteceu no Vale\",\"isPartOf\":{\"@id\":\"https:\\\/\\\/aconteceunovale.com.br\\\/portal\\\/#website\"},\"primaryImageOfPage\":{\"@id\":\"https:\\\/\\\/aconteceunovale.com.br\\\/portal\\\/?p=152066#primaryimage\"},\"image\":{\"@id\":\"https:\\\/\\\/aconteceunovale.com.br\\\/portal\\\/?p=152066#primaryimage\"},\"thumbnailUrl\":\"https:\\\/\\\/aconteceunovale.com.br\\\/portal\\\/wp-content\\\/uploads\\\/2019\\\/09\\\/gustavo_mendes.jpg\",\"datePublished\":\"2019-09-02T03:07:06+00:00\",\"dateModified\":\"2019-09-02T03:12:31+00:00\",\"author\":{\"@id\":\"https:\\\/\\\/aconteceunovale.com.br\\\/portal\\\/#\\\/schema\\\/person\\\/633529146f2c94272bef50ac2953d589\"},\"breadcrumb\":{\"@id\":\"https:\\\/\\\/aconteceunovale.com.br\\\/portal\\\/?p=152066#breadcrumb\"},\"inLanguage\":\"pt-BR\",\"potentialAction\":[{\"@type\":\"ReadAction\",\"target\":[\"https:\\\/\\\/aconteceunovale.com.br\\\/portal\\\/?p=152066\"]}]},{\"@type\":\"ImageObject\",\"inLanguage\":\"pt-BR\",\"@id\":\"https:\\\/\\\/aconteceunovale.com.br\\\/portal\\\/?p=152066#primaryimage\",\"url\":\"https:\\\/\\\/aconteceunovale.com.br\\\/portal\\\/wp-content\\\/uploads\\\/2019\\\/09\\\/gustavo_mendes.jpg\",\"contentUrl\":\"https:\\\/\\\/aconteceunovale.com.br\\\/portal\\\/wp-content\\\/uploads\\\/2019\\\/09\\\/gustavo_mendes.jpg\",\"width\":750,\"height\":450},{\"@type\":\"BreadcrumbList\",\"@id\":\"https:\\\/\\\/aconteceunovale.com.br\\\/portal\\\/?p=152066#breadcrumb\",\"itemListElement\":[{\"@type\":\"ListItem\",\"position\":1,\"name\":\"In\u00edcio\",\"item\":\"https:\\\/\\\/aconteceunovale.com.br\\\/portal\\\/\"},{\"@type\":\"ListItem\",\"position\":2,\"name\":\"Humorista discute com plateia ap\u00f3s cr\u00edticas a Jair Bolsonaro em Te\u00f3filo Otoni\"}]},{\"@type\":\"WebSite\",\"@id\":\"https:\\\/\\\/aconteceunovale.com.br\\\/portal\\\/#website\",\"url\":\"https:\\\/\\\/aconteceunovale.com.br\\\/portal\\\/\",\"name\":\"Aconteceu no Vale\",\"description\":\"Portal de Not\u00edcias\",\"potentialAction\":[{\"@type\":\"SearchAction\",\"target\":{\"@type\":\"EntryPoint\",\"urlTemplate\":\"https:\\\/\\\/aconteceunovale.com.br\\\/portal\\\/?s={search_term_string}\"},\"query-input\":{\"@type\":\"PropertyValueSpecification\",\"valueRequired\":true,\"valueName\":\"search_term_string\"}}],\"inLanguage\":\"pt-BR\"},{\"@type\":\"Person\",\"@id\":\"https:\\\/\\\/aconteceunovale.com.br\\\/portal\\\/#\\\/schema\\\/person\\\/633529146f2c94272bef50ac2953d589\",\"name\":\"Aconteceu no Vale\",\"description\":\"Equipe de reportagem do Aconteceu no Vale, portal de not\u00edcias do Vale do Jequitinhonha, em Minas Gerais. Cobrimos as 51 cidades do Vale desde 2013. Sugest\u00f5es de pauta e pedidos de corre\u00e7\u00e3o: contato@aconteceunovale.com.br\",\"sameAs\":[\"http:\\\/\\\/www.aconteceunovale.com.br\"],\"url\":\"https:\\\/\\\/aconteceunovale.com.br\\\/portal\\\/?author=1\"}]}<\/script>\n<!-- \/ Yoast SEO plugin. -->","yoast_head_json":{"title":"Humorista discute com plateia ap\u00f3s cr\u00edticas a Jair Bolsonaro em Te\u00f3filo Otoni - Aconteceu no Vale","robots":{"index":"index","follow":"follow","max-snippet":"max-snippet:-1","max-image-preview":"max-image-preview:large","max-video-preview":"max-video-preview:-1"},"canonical":"https:\/\/aconteceunovale.com.br\/portal\/?p=152066","og_locale":"pt_BR","og_type":"article","og_title":"Humorista discute com plateia ap\u00f3s cr\u00edticas a Jair Bolsonaro em Te\u00f3filo Otoni - Aconteceu no Vale","og_description":"O show do comediante mineiro Gustavo Mendes, famoso por interpretar a ex-presidente Dilma Rousseff, foi interrompido depois de uma discuss\u00e3o com integrantes da plateia e terminou com registro policial na cidade de Te\u00f3filo Otoni, do Vale do Mucuri. Gustavo se apresentava na noite de sexta-feira (30\/08) no Expominas de Te\u00f3filo Otoni quando o show foi [&hellip;]","og_url":"https:\/\/aconteceunovale.com.br\/portal\/?p=152066","og_site_name":"Aconteceu no Vale","article_publisher":"https:\/\/www.facebook.com\/aconteceunovale\/","article_published_time":"2019-09-02T03:07:06+00:00","article_modified_time":"2019-09-02T03:12:31+00:00","og_image":[{"width":750,"height":450,"url":"https:\/\/aconteceunovale.com.br\/portal\/wp-content\/uploads\/2019\/09\/gustavo_mendes.jpg","type":"image\/jpeg"}],"author":"Aconteceu no Vale","twitter_card":"summary_large_image","twitter_creator":"@noticiadosvales","twitter_site":"@noticiadosvales","twitter_misc":{"Escrito por":"Aconteceu no Vale","Est. tempo de leitura":"2 minutos"},"schema":{"@context":"https:\/\/schema.org","@graph":[{"@type":"Article","@id":"https:\/\/aconteceunovale.com.br\/portal\/?p=152066#article","isPartOf":{"@id":"https:\/\/aconteceunovale.com.br\/portal\/?p=152066"},"author":{"name":"Aconteceu no Vale","@id":"https:\/\/aconteceunovale.com.br\/portal\/#\/schema\/person\/633529146f2c94272bef50ac2953d589"},"headline":"Humorista discute com plateia ap\u00f3s cr\u00edticas a Jair Bolsonaro em Te\u00f3filo Otoni","datePublished":"2019-09-02T03:07:06+00:00","dateModified":"2019-09-02T03:12:31+00:00","mainEntityOfPage":{"@id":"https:\/\/aconteceunovale.com.br\/portal\/?p=152066"},"wordCount":405,"commentCount":1,"image":{"@id":"https:\/\/aconteceunovale.com.br\/portal\/?p=152066#primaryimage"},"thumbnailUrl":"https:\/\/aconteceunovale.com.br\/portal\/wp-content\/uploads\/2019\/09\/gustavo_mendes.jpg","keywords":["Dilma Rousseff","Gustavo Mendes","Gustavo Mendes em Te\u00f3filo Otoni","Humorista discute com plateia ap\u00f3s cr\u00edticas a Jair Bolsonaro em Te\u00f3filo Otoni","Imitador da Dilma em Te\u00f3filo Otoni","Jair Bolsonaro","Te\u00f3filo Otoni"],"articleSection":["Eventos","Vale do Mucuri"],"inLanguage":"pt-BR","potentialAction":[{"@type":"CommentAction","name":"Comment","target":["https:\/\/aconteceunovale.com.br\/portal\/?p=152066#respond"]}]},{"@type":"WebPage","@id":"https:\/\/aconteceunovale.com.br\/portal\/?p=152066","url":"https:\/\/aconteceunovale.com.br\/portal\/?p=152066","name":"Humorista discute com plateia ap\u00f3s cr\u00edticas a Jair Bolsonaro em Te\u00f3filo Otoni - Aconteceu no Vale","isPartOf":{"@id":"https:\/\/aconteceunovale.com.br\/portal\/#website"},"primaryImageOfPage":{"@id":"https:\/\/aconteceunovale.com.br\/portal\/?p=152066#primaryimage"},"image":{"@id":"https:\/\/aconteceunovale.com.br\/portal\/?p=152066#primaryimage"},"thumbnailUrl":"https:\/\/aconteceunovale.com.br\/portal\/wp-content\/uploads\/2019\/09\/gustavo_mendes.jpg","datePublished":"2019-09-02T03:07:06+00:00","dateModified":"2019-09-02T03:12:31+00:00","author":{"@id":"https:\/\/aconteceunovale.com.br\/portal\/#\/schema\/person\/633529146f2c94272bef50ac2953d589"},"breadcrumb":{"@id":"https:\/\/aconteceunovale.com.br\/portal\/?p=152066#breadcrumb"},"inLanguage":"pt-BR","potentialAction":[{"@type":"ReadAction","target":["https:\/\/aconteceunovale.com.br\/portal\/?p=152066"]}]},{"@type":"ImageObject","inLanguage":"pt-BR","@id":"https:\/\/aconteceunovale.com.br\/portal\/?p=152066#primaryimage","url":"https:\/\/aconteceunovale.com.br\/portal\/wp-content\/uploads\/2019\/09\/gustavo_mendes.jpg","contentUrl":"https:\/\/aconteceunovale.com.br\/portal\/wp-content\/uploads\/2019\/09\/gustavo_mendes.jpg","width":750,"height":450},{"@type":"BreadcrumbList","@id":"https:\/\/aconteceunovale.com.br\/portal\/?p=152066#breadcrumb","itemListElement":[{"@type":"ListItem","position":1,"name":"In\u00edcio","item":"https:\/\/aconteceunovale.com.br\/portal\/"},{"@type":"ListItem","position":2,"name":"Humorista discute com plateia ap\u00f3s cr\u00edticas a Jair Bolsonaro em Te\u00f3filo Otoni"}]},{"@type":"WebSite","@id":"https:\/\/aconteceunovale.com.br\/portal\/#website","url":"https:\/\/aconteceunovale.com.br\/portal\/","name":"Aconteceu no Vale","description":"Portal de Not\u00edcias","potentialAction":[{"@type":"SearchAction","target":{"@type":"EntryPoint","urlTemplate":"https:\/\/aconteceunovale.com.br\/portal\/?s={search_term_string}"},"query-input":{"@type":"PropertyValueSpecification","valueRequired":true,"valueName":"search_term_string"}}],"inLanguage":"pt-BR"},{"@type":"Person","@id":"https:\/\/aconteceunovale.com.br\/portal\/#\/schema\/person\/633529146f2c94272bef50ac2953d589","name":"Aconteceu no Vale","description":"Equipe de reportagem do Aconteceu no Vale, portal de not\u00edcias do Vale do Jequitinhonha, em Minas Gerais. Cobrimos as 51 cidades do Vale desde 2013. Sugest\u00f5es de pauta e pedidos de corre\u00e7\u00e3o: contato@aconteceunovale.com.br","sameAs":["http:\/\/www.aconteceunovale.com.br"],"url":"https:\/\/aconteceunovale.com.br\/portal\/?author=1"}]}},"_links":{"self":[{"href":"https:\/\/aconteceunovale.com.br\/portal\/index.php?rest_route=\/wp\/v2\/posts\/152066","targetHints":{"allow":["GET"]}}],"collection":[{"href":"https:\/\/aconteceunovale.com.br\/portal\/index.php?rest_route=\/wp\/v2\/posts"}],"about":[{"href":"https:\/\/aconteceunovale.com.br\/portal\/index.php?rest_route=\/wp\/v2\/types\/post"}],"author":[{"embeddable":true,"href":"https:\/\/aconteceunovale.com.br\/portal\/index.php?rest_route=\/wp\/v2\/users\/1"}],"replies":[{"embeddable":true,"href":"https:\/\/aconteceunovale.com.br\/portal\/index.php?rest_route=%2Fwp%2Fv2%2Fcomments&post=152066"}],"version-history":[{"count":1,"href":"https:\/\/aconteceunovale.com.br\/portal\/index.php?rest_route=\/wp\/v2\/posts\/152066\/revisions"}],"predecessor-version":[{"id":152068,"href":"https:\/\/aconteceunovale.com.br\/portal\/index.php?rest_route=\/wp\/v2\/posts\/152066\/revisions\/152068"}],"wp:featuredmedia":[{"embeddable":true,"href":"https:\/\/aconteceunovale.com.br\/portal\/index.php?rest_route=\/wp\/v2\/media\/152067"}],"wp:attachment":[{"href":"https:\/\/aconteceunovale.com.br\/portal\/index.php?rest_route=%2Fwp%2Fv2%2Fmedia&parent=152066"}],"wp:term":[{"taxonomy":"category","embeddable":true,"href":"https:\/\/aconteceunovale.com.br\/portal\/index.php?rest_route=%2Fwp%2Fv2%2Fcategories&post=152066"},{"taxonomy":"post_tag","embeddable":true,"href":"https:\/\/aconteceunovale.com.br\/portal\/index.php?rest_route=%2Fwp%2Fv2%2Ftags&post=152066"}],"curies":[{"name":"wp","href":"https:\/\/api.w.org\/{rel}","templated":true}]}}