{"id":152060,"date":"2019-09-01T23:31:00","date_gmt":"2019-09-02T02:31:00","guid":{"rendered":"http:\/\/aconteceunovale.com.br\/portal\/?p=152060"},"modified":"2019-09-01T23:32:27","modified_gmt":"2019-09-02T02:32:27","slug":"jovem-e-morto-a-tiros-em-governador-valadares-2","status":"publish","type":"post","link":"https:\/\/aconteceunovale.com.br\/portal\/?p=152060","title":{"rendered":"Jovem \u00e9 morto a tiros em Governador Valadares"},"content":{"rendered":"\n<p class=\"wp-block-paragraph\">Um jovem de 22 anos foi assassinado a tiros na noite deste\ndomingo (01\/09\/2019) no Bairro Santa Rita, em Governador Valadares, no Vale do\nRio Doce. Informa\u00e7\u00f5es iniciais indicam que F\u00e1bio Teodolino Bazil Filho estava\nna Rua Ant\u00f4nio Trajano quando foi surpreendido por dois homens armados. <\/p>\n\n\n\n<p class=\"wp-block-paragraph\">F\u00e1bio Teodolino foi baleado no peito, perna e bra\u00e7o. Ele foi\nsocorrido pela Pol\u00edcia Militar ao Hospital Municipal de Governador Valadares,\nmas n\u00e3o resistiu aos ferimentos e morreu pouco depois de dar entrada na unidade\nde sa\u00fade. <\/p>\n\n\n\n<p class=\"wp-block-paragraph\">Segundo a PM, o jovem possu\u00eda passagens por tr\u00e1fico e uso de entorpecentes. O corpo foi encaminhado ao Instituto M\u00e9dico Legal (IML) de Governador Valadares. Ningu\u00e9m foi preso at\u00e9 o momento.<\/p>\n\n\n\n<figure class=\"wp-block-image\"><img loading=\"lazy\" decoding=\"async\" width=\"678\" height=\"381\" src=\"http:\/\/aconteceunovale.com.br\/portal\/wp-content\/uploads\/2019\/09\/homicidio_gv.jpg\" alt=\"\" class=\"wp-image-152061\" srcset=\"https:\/\/aconteceunovale.com.br\/portal\/wp-content\/uploads\/2019\/09\/homicidio_gv.jpg 678w, https:\/\/aconteceunovale.com.br\/portal\/wp-content\/uploads\/2019\/09\/homicidio_gv-300x169.jpg 300w\" sizes=\"auto, (max-width: 678px) 100vw, 678px\" \/><figcaption>Foto: Reprodu\u00e7\u00e3o \/ Comando Geral<\/figcaption><\/figure>\n\n\n\n<p class=\"has-text-color has-background has-very-light-gray-color has-vivid-cyan-blue-background-color wp-block-paragraph\"><strong>VER PRIMEIRO: <\/strong>Receba as not\u00edcias do Aconteceu no Vale em primeira m\u00e3o. Clique em curtir no endere\u00e7o <a href=\"https:\/\/www.facebook.com\/aconteceunovale\" target=\"_blank\" rel=\"noreferrer noopener\">www.facebook.com\/aconteceunovale<\/a>.<\/p>\n","protected":false},"excerpt":{"rendered":"<p>Um jovem de 22 anos foi assassinado a tiros na noite deste domingo (01\/09\/2019) no Bairro Santa Rita, em Governador Valadares, no Vale do Rio Doce. Informa\u00e7\u00f5es iniciais indicam que F\u00e1bio Teodolino Bazil Filho estava na Rua Ant\u00f4nio Trajano quando foi surpreendido por dois homens armados. F\u00e1bio Teodolino foi baleado no peito, perna e bra\u00e7o. [&hellip;]<\/p>\n","protected":false},"author":4,"featured_media":152061,"comment_status":"open","ping_status":"closed","sticky":false,"template":"","format":"standard","meta":{"amp_status":"","footnotes":""},"categories":[121],"tags":[44655,206357,247,8180,151196,43038,44656],"class_list":["post-152060","post","type-post","status-publish","format-standard","has-post-thumbnail","hentry","category-leste","tag-assassinado-em-governador-valadares","tag-fabio-teodolino-bazil-filho","tag-governador-valadares","tag-homicidio-em-governador-valadares","tag-jovem-e-morto-a-tiros-em-governador-valadares","tag-morto-em-governador-valadares","tag-violencia-em-governador-valadares"],"yoast_head":"<!-- This site is optimized with the Yoast SEO plugin v28.3 - https:\/\/yoast.com\/product\/yoast-seo-wordpress\/ -->\n<title>Jovem \u00e9 morto a tiros em Governador Valadares - Aconteceu no Vale<\/title>\n<meta name=\"robots\" content=\"index, follow, max-snippet:-1, max-image-preview:large, max-video-preview:-1\" \/>\n<link rel=\"canonical\" href=\"https:\/\/aconteceunovale.com.br\/portal\/?p=152060\" \/>\n<meta property=\"og:locale\" content=\"pt_BR\" \/>\n<meta property=\"og:type\" content=\"article\" \/>\n<meta property=\"og:title\" content=\"Jovem \u00e9 morto a tiros em Governador Valadares - Aconteceu no Vale\" \/>\n<meta property=\"og:description\" content=\"Um jovem de 22 anos foi assassinado a tiros na noite deste domingo (01\/09\/2019) no Bairro Santa Rita, em Governador Valadares, no Vale do Rio Doce. Informa\u00e7\u00f5es iniciais indicam que F\u00e1bio Teodolino Bazil Filho estava na Rua Ant\u00f4nio Trajano quando foi surpreendido por dois homens armados. F\u00e1bio Teodolino foi baleado no peito, perna e bra\u00e7o. [&hellip;]\" \/>\n<meta property=\"og:url\" content=\"https:\/\/aconteceunovale.com.br\/portal\/?p=152060\" \/>\n<meta property=\"og:site_name\" content=\"Aconteceu no Vale\" \/>\n<meta property=\"article:publisher\" content=\"https:\/\/www.facebook.com\/aconteceunovale\/\" \/>\n<meta property=\"article:published_time\" content=\"2019-09-02T02:31:00+00:00\" \/>\n<meta property=\"article:modified_time\" content=\"2019-09-02T02:32:27+00:00\" \/>\n<meta property=\"og:image\" content=\"https:\/\/aconteceunovale.com.br\/portal\/wp-content\/uploads\/2019\/09\/homicidio_gv.jpg\" \/>\n\t<meta property=\"og:image:width\" content=\"678\" \/>\n\t<meta property=\"og:image:height\" content=\"381\" \/>\n\t<meta property=\"og:image:type\" content=\"image\/jpeg\" \/>\n<meta name=\"author\" content=\"Reda\u00e7\u00e3o Aconteceu no Vale\" \/>\n<meta name=\"twitter:card\" content=\"summary_large_image\" \/>\n<meta name=\"twitter:creator\" content=\"@noticiadosvales\" \/>\n<meta name=\"twitter:site\" content=\"@noticiadosvales\" \/>\n<meta name=\"twitter:label1\" content=\"Escrito por\" \/>\n\t<meta name=\"twitter:data1\" content=\"Reda\u00e7\u00e3o Aconteceu no Vale\" \/>\n\t<meta name=\"twitter:label2\" content=\"Est. tempo de leitura\" \/>\n\t<meta name=\"twitter:data2\" content=\"1 minuto\" \/>\n<script type=\"application\/ld+json\" class=\"yoast-schema-graph\">{\"@context\":\"https:\\\/\\\/schema.org\",\"@graph\":[{\"@type\":\"Article\",\"@id\":\"https:\\\/\\\/aconteceunovale.com.br\\\/portal\\\/?p=152060#article\",\"isPartOf\":{\"@id\":\"https:\\\/\\\/aconteceunovale.com.br\\\/portal\\\/?p=152060\"},\"author\":{\"name\":\"Reda\u00e7\u00e3o Aconteceu no Vale\",\"@id\":\"https:\\\/\\\/aconteceunovale.com.br\\\/portal\\\/#\\\/schema\\\/person\\\/7d2f26d1483f8a63de73da1ee0754d35\"},\"headline\":\"Jovem \u00e9 morto a tiros em Governador Valadares\",\"datePublished\":\"2019-09-02T02:31:00+00:00\",\"dateModified\":\"2019-09-02T02:32:27+00:00\",\"mainEntityOfPage\":{\"@id\":\"https:\\\/\\\/aconteceunovale.com.br\\\/portal\\\/?p=152060\"},\"wordCount\":160,\"commentCount\":0,\"image\":{\"@id\":\"https:\\\/\\\/aconteceunovale.com.br\\\/portal\\\/?p=152060#primaryimage\"},\"thumbnailUrl\":\"https:\\\/\\\/aconteceunovale.com.br\\\/portal\\\/wp-content\\\/uploads\\\/2019\\\/09\\\/homicidio_gv.jpg\",\"keywords\":[\"assassinado em Governador Valadares\",\"F\u00e1bio Teodolino Bazil Filho\",\"Governador Valadares\",\"homic\u00eddio em governador valadares\",\"Jovem \u00e9 morto a tiros em Governador Valadares\",\"morto em Governador Valadares\",\"viol\u00eancia em Governador Valadares\"],\"articleSection\":[\"Leste de Minas\"],\"inLanguage\":\"pt-BR\",\"potentialAction\":[{\"@type\":\"CommentAction\",\"name\":\"Comment\",\"target\":[\"https:\\\/\\\/aconteceunovale.com.br\\\/portal\\\/?p=152060#respond\"]}]},{\"@type\":\"WebPage\",\"@id\":\"https:\\\/\\\/aconteceunovale.com.br\\\/portal\\\/?p=152060\",\"url\":\"https:\\\/\\\/aconteceunovale.com.br\\\/portal\\\/?p=152060\",\"name\":\"Jovem \u00e9 morto a tiros em Governador Valadares - Aconteceu no Vale\",\"isPartOf\":{\"@id\":\"https:\\\/\\\/aconteceunovale.com.br\\\/portal\\\/#website\"},\"primaryImageOfPage\":{\"@id\":\"https:\\\/\\\/aconteceunovale.com.br\\\/portal\\\/?p=152060#primaryimage\"},\"image\":{\"@id\":\"https:\\\/\\\/aconteceunovale.com.br\\\/portal\\\/?p=152060#primaryimage\"},\"thumbnailUrl\":\"https:\\\/\\\/aconteceunovale.com.br\\\/portal\\\/wp-content\\\/uploads\\\/2019\\\/09\\\/homicidio_gv.jpg\",\"datePublished\":\"2019-09-02T02:31:00+00:00\",\"dateModified\":\"2019-09-02T02:32:27+00:00\",\"author\":{\"@id\":\"https:\\\/\\\/aconteceunovale.com.br\\\/portal\\\/#\\\/schema\\\/person\\\/7d2f26d1483f8a63de73da1ee0754d35\"},\"breadcrumb\":{\"@id\":\"https:\\\/\\\/aconteceunovale.com.br\\\/portal\\\/?p=152060#breadcrumb\"},\"inLanguage\":\"pt-BR\",\"potentialAction\":[{\"@type\":\"ReadAction\",\"target\":[\"https:\\\/\\\/aconteceunovale.com.br\\\/portal\\\/?p=152060\"]}]},{\"@type\":\"ImageObject\",\"inLanguage\":\"pt-BR\",\"@id\":\"https:\\\/\\\/aconteceunovale.com.br\\\/portal\\\/?p=152060#primaryimage\",\"url\":\"https:\\\/\\\/aconteceunovale.com.br\\\/portal\\\/wp-content\\\/uploads\\\/2019\\\/09\\\/homicidio_gv.jpg\",\"contentUrl\":\"https:\\\/\\\/aconteceunovale.com.br\\\/portal\\\/wp-content\\\/uploads\\\/2019\\\/09\\\/homicidio_gv.jpg\",\"width\":678,\"height\":381},{\"@type\":\"BreadcrumbList\",\"@id\":\"https:\\\/\\\/aconteceunovale.com.br\\\/portal\\\/?p=152060#breadcrumb\",\"itemListElement\":[{\"@type\":\"ListItem\",\"position\":1,\"name\":\"In\u00edcio\",\"item\":\"https:\\\/\\\/aconteceunovale.com.br\\\/portal\\\/\"},{\"@type\":\"ListItem\",\"position\":2,\"name\":\"Jovem \u00e9 morto a tiros em Governador Valadares\"}]},{\"@type\":\"WebSite\",\"@id\":\"https:\\\/\\\/aconteceunovale.com.br\\\/portal\\\/#website\",\"url\":\"https:\\\/\\\/aconteceunovale.com.br\\\/portal\\\/\",\"name\":\"Aconteceu no Vale\",\"description\":\"Portal de Not\u00edcias\",\"potentialAction\":[{\"@type\":\"SearchAction\",\"target\":{\"@type\":\"EntryPoint\",\"urlTemplate\":\"https:\\\/\\\/aconteceunovale.com.br\\\/portal\\\/?s={search_term_string}\"},\"query-input\":{\"@type\":\"PropertyValueSpecification\",\"valueRequired\":true,\"valueName\":\"search_term_string\"}}],\"inLanguage\":\"pt-BR\"},{\"@type\":\"Person\",\"@id\":\"https:\\\/\\\/aconteceunovale.com.br\\\/portal\\\/#\\\/schema\\\/person\\\/7d2f26d1483f8a63de73da1ee0754d35\",\"name\":\"Reda\u00e7\u00e3o Aconteceu no Vale\",\"description\":\"Equipe de reportagem do Aconteceu no Vale, portal de not\u00edcias do Vale do Jequitinhonha, em Minas Gerais. Cobrimos as 51 cidades do Vale desde 2013. Sugest\u00f5es de pauta e pedidos de corre\u00e7\u00e3o: contato@aconteceunovale.com.br\",\"url\":\"https:\\\/\\\/aconteceunovale.com.br\\\/portal\\\/?author=4\"}]}<\/script>\n<!-- \/ Yoast SEO plugin. -->","yoast_head_json":{"title":"Jovem \u00e9 morto a tiros em Governador Valadares - Aconteceu no Vale","robots":{"index":"index","follow":"follow","max-snippet":"max-snippet:-1","max-image-preview":"max-image-preview:large","max-video-preview":"max-video-preview:-1"},"canonical":"https:\/\/aconteceunovale.com.br\/portal\/?p=152060","og_locale":"pt_BR","og_type":"article","og_title":"Jovem \u00e9 morto a tiros em Governador Valadares - Aconteceu no Vale","og_description":"Um jovem de 22 anos foi assassinado a tiros na noite deste domingo (01\/09\/2019) no Bairro Santa Rita, em Governador Valadares, no Vale do Rio Doce. Informa\u00e7\u00f5es iniciais indicam que F\u00e1bio Teodolino Bazil Filho estava na Rua Ant\u00f4nio Trajano quando foi surpreendido por dois homens armados. F\u00e1bio Teodolino foi baleado no peito, perna e bra\u00e7o. [&hellip;]","og_url":"https:\/\/aconteceunovale.com.br\/portal\/?p=152060","og_site_name":"Aconteceu no Vale","article_publisher":"https:\/\/www.facebook.com\/aconteceunovale\/","article_published_time":"2019-09-02T02:31:00+00:00","article_modified_time":"2019-09-02T02:32:27+00:00","og_image":[{"width":678,"height":381,"url":"https:\/\/aconteceunovale.com.br\/portal\/wp-content\/uploads\/2019\/09\/homicidio_gv.jpg","type":"image\/jpeg"}],"author":"Reda\u00e7\u00e3o Aconteceu no Vale","twitter_card":"summary_large_image","twitter_creator":"@noticiadosvales","twitter_site":"@noticiadosvales","twitter_misc":{"Escrito por":"Reda\u00e7\u00e3o Aconteceu no Vale","Est. tempo de leitura":"1 minuto"},"schema":{"@context":"https:\/\/schema.org","@graph":[{"@type":"Article","@id":"https:\/\/aconteceunovale.com.br\/portal\/?p=152060#article","isPartOf":{"@id":"https:\/\/aconteceunovale.com.br\/portal\/?p=152060"},"author":{"name":"Reda\u00e7\u00e3o Aconteceu no Vale","@id":"https:\/\/aconteceunovale.com.br\/portal\/#\/schema\/person\/7d2f26d1483f8a63de73da1ee0754d35"},"headline":"Jovem \u00e9 morto a tiros em Governador Valadares","datePublished":"2019-09-02T02:31:00+00:00","dateModified":"2019-09-02T02:32:27+00:00","mainEntityOfPage":{"@id":"https:\/\/aconteceunovale.com.br\/portal\/?p=152060"},"wordCount":160,"commentCount":0,"image":{"@id":"https:\/\/aconteceunovale.com.br\/portal\/?p=152060#primaryimage"},"thumbnailUrl":"https:\/\/aconteceunovale.com.br\/portal\/wp-content\/uploads\/2019\/09\/homicidio_gv.jpg","keywords":["assassinado em Governador Valadares","F\u00e1bio Teodolino Bazil Filho","Governador Valadares","homic\u00eddio em governador valadares","Jovem \u00e9 morto a tiros em Governador Valadares","morto em Governador Valadares","viol\u00eancia em Governador Valadares"],"articleSection":["Leste de Minas"],"inLanguage":"pt-BR","potentialAction":[{"@type":"CommentAction","name":"Comment","target":["https:\/\/aconteceunovale.com.br\/portal\/?p=152060#respond"]}]},{"@type":"WebPage","@id":"https:\/\/aconteceunovale.com.br\/portal\/?p=152060","url":"https:\/\/aconteceunovale.com.br\/portal\/?p=152060","name":"Jovem \u00e9 morto a tiros em Governador Valadares - Aconteceu no Vale","isPartOf":{"@id":"https:\/\/aconteceunovale.com.br\/portal\/#website"},"primaryImageOfPage":{"@id":"https:\/\/aconteceunovale.com.br\/portal\/?p=152060#primaryimage"},"image":{"@id":"https:\/\/aconteceunovale.com.br\/portal\/?p=152060#primaryimage"},"thumbnailUrl":"https:\/\/aconteceunovale.com.br\/portal\/wp-content\/uploads\/2019\/09\/homicidio_gv.jpg","datePublished":"2019-09-02T02:31:00+00:00","dateModified":"2019-09-02T02:32:27+00:00","author":{"@id":"https:\/\/aconteceunovale.com.br\/portal\/#\/schema\/person\/7d2f26d1483f8a63de73da1ee0754d35"},"breadcrumb":{"@id":"https:\/\/aconteceunovale.com.br\/portal\/?p=152060#breadcrumb"},"inLanguage":"pt-BR","potentialAction":[{"@type":"ReadAction","target":["https:\/\/aconteceunovale.com.br\/portal\/?p=152060"]}]},{"@type":"ImageObject","inLanguage":"pt-BR","@id":"https:\/\/aconteceunovale.com.br\/portal\/?p=152060#primaryimage","url":"https:\/\/aconteceunovale.com.br\/portal\/wp-content\/uploads\/2019\/09\/homicidio_gv.jpg","contentUrl":"https:\/\/aconteceunovale.com.br\/portal\/wp-content\/uploads\/2019\/09\/homicidio_gv.jpg","width":678,"height":381},{"@type":"BreadcrumbList","@id":"https:\/\/aconteceunovale.com.br\/portal\/?p=152060#breadcrumb","itemListElement":[{"@type":"ListItem","position":1,"name":"In\u00edcio","item":"https:\/\/aconteceunovale.com.br\/portal\/"},{"@type":"ListItem","position":2,"name":"Jovem \u00e9 morto a tiros em Governador Valadares"}]},{"@type":"WebSite","@id":"https:\/\/aconteceunovale.com.br\/portal\/#website","url":"https:\/\/aconteceunovale.com.br\/portal\/","name":"Aconteceu no Vale","description":"Portal de Not\u00edcias","potentialAction":[{"@type":"SearchAction","target":{"@type":"EntryPoint","urlTemplate":"https:\/\/aconteceunovale.com.br\/portal\/?s={search_term_string}"},"query-input":{"@type":"PropertyValueSpecification","valueRequired":true,"valueName":"search_term_string"}}],"inLanguage":"pt-BR"},{"@type":"Person","@id":"https:\/\/aconteceunovale.com.br\/portal\/#\/schema\/person\/7d2f26d1483f8a63de73da1ee0754d35","name":"Reda\u00e7\u00e3o Aconteceu no Vale","description":"Equipe de reportagem do Aconteceu no Vale, portal de not\u00edcias do Vale do Jequitinhonha, em Minas Gerais. Cobrimos as 51 cidades do Vale desde 2013. Sugest\u00f5es de pauta e pedidos de corre\u00e7\u00e3o: contato@aconteceunovale.com.br","url":"https:\/\/aconteceunovale.com.br\/portal\/?author=4"}]}},"_links":{"self":[{"href":"https:\/\/aconteceunovale.com.br\/portal\/index.php?rest_route=\/wp\/v2\/posts\/152060","targetHints":{"allow":["GET"]}}],"collection":[{"href":"https:\/\/aconteceunovale.com.br\/portal\/index.php?rest_route=\/wp\/v2\/posts"}],"about":[{"href":"https:\/\/aconteceunovale.com.br\/portal\/index.php?rest_route=\/wp\/v2\/types\/post"}],"author":[{"embeddable":true,"href":"https:\/\/aconteceunovale.com.br\/portal\/index.php?rest_route=\/wp\/v2\/users\/4"}],"replies":[{"embeddable":true,"href":"https:\/\/aconteceunovale.com.br\/portal\/index.php?rest_route=%2Fwp%2Fv2%2Fcomments&post=152060"}],"version-history":[{"count":1,"href":"https:\/\/aconteceunovale.com.br\/portal\/index.php?rest_route=\/wp\/v2\/posts\/152060\/revisions"}],"predecessor-version":[{"id":152062,"href":"https:\/\/aconteceunovale.com.br\/portal\/index.php?rest_route=\/wp\/v2\/posts\/152060\/revisions\/152062"}],"wp:featuredmedia":[{"embeddable":true,"href":"https:\/\/aconteceunovale.com.br\/portal\/index.php?rest_route=\/wp\/v2\/media\/152061"}],"wp:attachment":[{"href":"https:\/\/aconteceunovale.com.br\/portal\/index.php?rest_route=%2Fwp%2Fv2%2Fmedia&parent=152060"}],"wp:term":[{"taxonomy":"category","embeddable":true,"href":"https:\/\/aconteceunovale.com.br\/portal\/index.php?rest_route=%2Fwp%2Fv2%2Fcategories&post=152060"},{"taxonomy":"post_tag","embeddable":true,"href":"https:\/\/aconteceunovale.com.br\/portal\/index.php?rest_route=%2Fwp%2Fv2%2Ftags&post=152060"}],"curies":[{"name":"wp","href":"https:\/\/api.w.org\/{rel}","templated":true}]}}