{"id":152056,"date":"2019-09-01T23:19:56","date_gmt":"2019-09-02T02:19:56","guid":{"rendered":"http:\/\/aconteceunovale.com.br\/portal\/?p=152056"},"modified":"2019-09-01T23:20:11","modified_gmt":"2019-09-02T02:20:11","slug":"ex-vereador-de-governador-valadares-e-detido-apos-se-envolver-em-acidente","status":"publish","type":"post","link":"https:\/\/aconteceunovale.com.br\/portal\/?p=152056","title":{"rendered":"Ex-vereador de Governador Valadares \u00e9 detido ap\u00f3s se envolver em acidente"},"content":{"rendered":"\n<p class=\"wp-block-paragraph\">Um ex-vereador de Governador Valadares, no Vale do Rio Doce,\nfoi detido na madrugada deste domingo (01\/09\/2019) ap\u00f3s se envolver em um\nacidente no cruzamento da Avenida Minas Gerais com a Rua Marechal Floriano, no\nCentro da cidade. De acordo com informa\u00e7\u00f5es registradas pela Pol\u00edcia Militar,\num homem de 43 anos, que conduzia um Fiat Uno, disse que seu ve\u00edculo foi\natingido por VW Golf e que o condutor teria se escondido em um residencial nas\nimedia\u00e7\u00f5es da colis\u00e3o.<\/p>\n\n\n\n<p class=\"wp-block-paragraph\">A equipe policial foi at\u00e9 o residencial e encontrou o ex-vereador,\nde 38 anos, sentado na entrada de um pr\u00e9dio. Inicialmente ele negou os fatos,\nmas acabou confessando que realmente se envolveu no acidente e que teria ido\nat\u00e9 o residencial para pedir socorro.<\/p>\n\n\n\n<p class=\"wp-block-paragraph\">Os dois condutores, conforme a ocorr\u00eancia, apresentavam\nsinais de embriaguez, mas recusaram o teste de etil\u00f4metro. Eles foram\nconduzidos \u00e0 Delegacia de Pol\u00edcia Civil para demais provid\u00eancias. <\/p>\n\n\n\n<p class=\"wp-block-paragraph\">Uma mulher de 42 anos, que estava no Fiat Uno, sofreu um\nferimento na cabe\u00e7a, mas recusou atendimento m\u00e9dico.<\/p>\n\n\n\n<p class=\"wp-block-paragraph\">O carro do ex-vereador est\u00e1 com a documenta\u00e7\u00e3o irregular e, por isso, foi apreendido. As causas do acidente ser\u00e3o apuradas pelas autoridades locais.<\/p>\n\n\n\n<figure class=\"wp-block-image\"><img loading=\"lazy\" decoding=\"async\" width=\"678\" height=\"381\" src=\"http:\/\/aconteceunovale.com.br\/portal\/wp-content\/uploads\/2019\/09\/acidente_gv_1.jpg\" alt=\"\" class=\"wp-image-152057\" srcset=\"https:\/\/aconteceunovale.com.br\/portal\/wp-content\/uploads\/2019\/09\/acidente_gv_1.jpg 678w, https:\/\/aconteceunovale.com.br\/portal\/wp-content\/uploads\/2019\/09\/acidente_gv_1-300x169.jpg 300w\" sizes=\"auto, (max-width: 678px) 100vw, 678px\" \/><figcaption><em>Foto: Reprodu\u00e7\u00e3o \/ Facebook Roberto Higino<\/em><\/figcaption><\/figure>\n\n\n\n<figure class=\"wp-block-image\"><img loading=\"lazy\" decoding=\"async\" width=\"678\" height=\"391\" src=\"http:\/\/aconteceunovale.com.br\/portal\/wp-content\/uploads\/2019\/09\/acidente_gv_2.jpg\" alt=\"\" class=\"wp-image-152058\" srcset=\"https:\/\/aconteceunovale.com.br\/portal\/wp-content\/uploads\/2019\/09\/acidente_gv_2.jpg 678w, https:\/\/aconteceunovale.com.br\/portal\/wp-content\/uploads\/2019\/09\/acidente_gv_2-300x173.jpg 300w\" sizes=\"auto, (max-width: 678px) 100vw, 678px\" \/><figcaption><em> Foto: Reprodu\u00e7\u00e3o \/ Facebook Roberto Higino <\/em><\/figcaption><\/figure>\n\n\n\n<p class=\"has-text-color has-background has-very-light-gray-color has-vivid-cyan-blue-background-color wp-block-paragraph\"><strong>VER PRIMEIRO: <\/strong>Receba as not\u00edcias do Aconteceu no Vale em primeira m\u00e3o. Clique em curtir no endere\u00e7o <a href=\"https:\/\/www.facebook.com\/aconteceunovale\" target=\"_blank\" rel=\"noreferrer noopener\">www.facebook.com\/aconteceunovale<\/a>.<\/p>\n","protected":false},"excerpt":{"rendered":"<p>Um ex-vereador de Governador Valadares, no Vale do Rio Doce, foi detido na madrugada deste domingo (01\/09\/2019) ap\u00f3s se envolver em um acidente no cruzamento da Avenida Minas Gerais com a Rua Marechal Floriano, no Centro da cidade. De acordo com informa\u00e7\u00f5es registradas pela Pol\u00edcia Militar, um homem de 43 anos, que conduzia um Fiat [&hellip;]<\/p>\n","protected":false},"author":1,"featured_media":152058,"comment_status":"open","ping_status":"closed","sticky":false,"template":"","format":"standard","meta":{"amp_status":"","footnotes":""},"categories":[121],"tags":[206356,206352,206355,247,206354],"class_list":["post-152056","post","type-post","status-publish","format-standard","has-post-thumbnail","hentry","category-leste","tag-acidente-com-ex-vereador-de-governador-valadares","tag-ex-vereador-de-governador-valadares-e-detido-apos-se-envolver-em-acidente","tag-ex-vereador-de-governador-valadares-e-preso","tag-governador-valadares","tag-prisao-de-ex-vereador-de-governador-valadares"],"yoast_head":"<!-- This site is optimized with the Yoast SEO plugin v28.3 - https:\/\/yoast.com\/product\/yoast-seo-wordpress\/ -->\n<title>Ex-vereador de Governador Valadares \u00e9 detido ap\u00f3s se envolver em acidente - Aconteceu no Vale<\/title>\n<meta name=\"robots\" content=\"index, follow, max-snippet:-1, max-image-preview:large, max-video-preview:-1\" \/>\n<link rel=\"canonical\" href=\"https:\/\/aconteceunovale.com.br\/portal\/?p=152056\" \/>\n<meta property=\"og:locale\" content=\"pt_BR\" \/>\n<meta property=\"og:type\" content=\"article\" \/>\n<meta property=\"og:title\" content=\"Ex-vereador de Governador Valadares \u00e9 detido ap\u00f3s se envolver em acidente - Aconteceu no Vale\" \/>\n<meta property=\"og:description\" content=\"Um ex-vereador de Governador Valadares, no Vale do Rio Doce, foi detido na madrugada deste domingo (01\/09\/2019) ap\u00f3s se envolver em um acidente no cruzamento da Avenida Minas Gerais com a Rua Marechal Floriano, no Centro da cidade. De acordo com informa\u00e7\u00f5es registradas pela Pol\u00edcia Militar, um homem de 43 anos, que conduzia um Fiat [&hellip;]\" \/>\n<meta property=\"og:url\" content=\"https:\/\/aconteceunovale.com.br\/portal\/?p=152056\" \/>\n<meta property=\"og:site_name\" content=\"Aconteceu no Vale\" \/>\n<meta property=\"article:publisher\" content=\"https:\/\/www.facebook.com\/aconteceunovale\/\" \/>\n<meta property=\"article:published_time\" content=\"2019-09-02T02:19:56+00:00\" \/>\n<meta property=\"article:modified_time\" content=\"2019-09-02T02:20:11+00:00\" \/>\n<meta property=\"og:image\" content=\"https:\/\/aconteceunovale.com.br\/portal\/wp-content\/uploads\/2019\/09\/acidente_gv_2.jpg\" \/>\n\t<meta property=\"og:image:width\" content=\"678\" \/>\n\t<meta property=\"og:image:height\" content=\"391\" \/>\n\t<meta property=\"og:image:type\" content=\"image\/jpeg\" \/>\n<meta name=\"author\" content=\"Aconteceu no Vale\" \/>\n<meta name=\"twitter:card\" content=\"summary_large_image\" \/>\n<meta name=\"twitter:creator\" content=\"@noticiadosvales\" \/>\n<meta name=\"twitter:site\" content=\"@noticiadosvales\" \/>\n<meta name=\"twitter:label1\" content=\"Escrito por\" \/>\n\t<meta name=\"twitter:data1\" content=\"Aconteceu no Vale\" \/>\n\t<meta name=\"twitter:label2\" content=\"Est. tempo de leitura\" \/>\n\t<meta name=\"twitter:data2\" content=\"1 minuto\" \/>\n<script type=\"application\/ld+json\" class=\"yoast-schema-graph\">{\"@context\":\"https:\\\/\\\/schema.org\",\"@graph\":[{\"@type\":\"Article\",\"@id\":\"https:\\\/\\\/aconteceunovale.com.br\\\/portal\\\/?p=152056#article\",\"isPartOf\":{\"@id\":\"https:\\\/\\\/aconteceunovale.com.br\\\/portal\\\/?p=152056\"},\"author\":{\"name\":\"Aconteceu no Vale\",\"@id\":\"https:\\\/\\\/aconteceunovale.com.br\\\/portal\\\/#\\\/schema\\\/person\\\/633529146f2c94272bef50ac2953d589\"},\"headline\":\"Ex-vereador de Governador Valadares \u00e9 detido ap\u00f3s se envolver em acidente\",\"datePublished\":\"2019-09-02T02:19:56+00:00\",\"dateModified\":\"2019-09-02T02:20:11+00:00\",\"mainEntityOfPage\":{\"@id\":\"https:\\\/\\\/aconteceunovale.com.br\\\/portal\\\/?p=152056\"},\"wordCount\":249,\"commentCount\":0,\"image\":{\"@id\":\"https:\\\/\\\/aconteceunovale.com.br\\\/portal\\\/?p=152056#primaryimage\"},\"thumbnailUrl\":\"https:\\\/\\\/aconteceunovale.com.br\\\/portal\\\/wp-content\\\/uploads\\\/2019\\\/09\\\/acidente_gv_2.jpg\",\"keywords\":[\"Acidente com Ex-vereador de Governador Valadares\",\"Ex-vereador de Governador Valadares \u00e9 detido ap\u00f3s se envolver em acidente\",\"Ex-vereador de Governador Valadares \u00e9 preso\",\"Governador Valadares\",\"Pris\u00e3o de Ex-vereador de Governador Valadares\"],\"articleSection\":[\"Leste de Minas\"],\"inLanguage\":\"pt-BR\",\"potentialAction\":[{\"@type\":\"CommentAction\",\"name\":\"Comment\",\"target\":[\"https:\\\/\\\/aconteceunovale.com.br\\\/portal\\\/?p=152056#respond\"]}]},{\"@type\":\"WebPage\",\"@id\":\"https:\\\/\\\/aconteceunovale.com.br\\\/portal\\\/?p=152056\",\"url\":\"https:\\\/\\\/aconteceunovale.com.br\\\/portal\\\/?p=152056\",\"name\":\"Ex-vereador de Governador Valadares \u00e9 detido ap\u00f3s se envolver em acidente - Aconteceu no Vale\",\"isPartOf\":{\"@id\":\"https:\\\/\\\/aconteceunovale.com.br\\\/portal\\\/#website\"},\"primaryImageOfPage\":{\"@id\":\"https:\\\/\\\/aconteceunovale.com.br\\\/portal\\\/?p=152056#primaryimage\"},\"image\":{\"@id\":\"https:\\\/\\\/aconteceunovale.com.br\\\/portal\\\/?p=152056#primaryimage\"},\"thumbnailUrl\":\"https:\\\/\\\/aconteceunovale.com.br\\\/portal\\\/wp-content\\\/uploads\\\/2019\\\/09\\\/acidente_gv_2.jpg\",\"datePublished\":\"2019-09-02T02:19:56+00:00\",\"dateModified\":\"2019-09-02T02:20:11+00:00\",\"author\":{\"@id\":\"https:\\\/\\\/aconteceunovale.com.br\\\/portal\\\/#\\\/schema\\\/person\\\/633529146f2c94272bef50ac2953d589\"},\"breadcrumb\":{\"@id\":\"https:\\\/\\\/aconteceunovale.com.br\\\/portal\\\/?p=152056#breadcrumb\"},\"inLanguage\":\"pt-BR\",\"potentialAction\":[{\"@type\":\"ReadAction\",\"target\":[\"https:\\\/\\\/aconteceunovale.com.br\\\/portal\\\/?p=152056\"]}]},{\"@type\":\"ImageObject\",\"inLanguage\":\"pt-BR\",\"@id\":\"https:\\\/\\\/aconteceunovale.com.br\\\/portal\\\/?p=152056#primaryimage\",\"url\":\"https:\\\/\\\/aconteceunovale.com.br\\\/portal\\\/wp-content\\\/uploads\\\/2019\\\/09\\\/acidente_gv_2.jpg\",\"contentUrl\":\"https:\\\/\\\/aconteceunovale.com.br\\\/portal\\\/wp-content\\\/uploads\\\/2019\\\/09\\\/acidente_gv_2.jpg\",\"width\":678,\"height\":391},{\"@type\":\"BreadcrumbList\",\"@id\":\"https:\\\/\\\/aconteceunovale.com.br\\\/portal\\\/?p=152056#breadcrumb\",\"itemListElement\":[{\"@type\":\"ListItem\",\"position\":1,\"name\":\"In\u00edcio\",\"item\":\"https:\\\/\\\/aconteceunovale.com.br\\\/portal\\\/\"},{\"@type\":\"ListItem\",\"position\":2,\"name\":\"Ex-vereador de Governador Valadares \u00e9 detido ap\u00f3s se envolver em acidente\"}]},{\"@type\":\"WebSite\",\"@id\":\"https:\\\/\\\/aconteceunovale.com.br\\\/portal\\\/#website\",\"url\":\"https:\\\/\\\/aconteceunovale.com.br\\\/portal\\\/\",\"name\":\"Aconteceu no Vale\",\"description\":\"Portal de Not\u00edcias\",\"potentialAction\":[{\"@type\":\"SearchAction\",\"target\":{\"@type\":\"EntryPoint\",\"urlTemplate\":\"https:\\\/\\\/aconteceunovale.com.br\\\/portal\\\/?s={search_term_string}\"},\"query-input\":{\"@type\":\"PropertyValueSpecification\",\"valueRequired\":true,\"valueName\":\"search_term_string\"}}],\"inLanguage\":\"pt-BR\"},{\"@type\":\"Person\",\"@id\":\"https:\\\/\\\/aconteceunovale.com.br\\\/portal\\\/#\\\/schema\\\/person\\\/633529146f2c94272bef50ac2953d589\",\"name\":\"Aconteceu no Vale\",\"description\":\"Equipe de reportagem do Aconteceu no Vale, portal de not\u00edcias do Vale do Jequitinhonha, em Minas Gerais. Cobrimos as 51 cidades do Vale desde 2013. Sugest\u00f5es de pauta e pedidos de corre\u00e7\u00e3o: contato@aconteceunovale.com.br\",\"sameAs\":[\"http:\\\/\\\/www.aconteceunovale.com.br\"],\"url\":\"https:\\\/\\\/aconteceunovale.com.br\\\/portal\\\/?author=1\"}]}<\/script>\n<!-- \/ Yoast SEO plugin. -->","yoast_head_json":{"title":"Ex-vereador de Governador Valadares \u00e9 detido ap\u00f3s se envolver em acidente - Aconteceu no Vale","robots":{"index":"index","follow":"follow","max-snippet":"max-snippet:-1","max-image-preview":"max-image-preview:large","max-video-preview":"max-video-preview:-1"},"canonical":"https:\/\/aconteceunovale.com.br\/portal\/?p=152056","og_locale":"pt_BR","og_type":"article","og_title":"Ex-vereador de Governador Valadares \u00e9 detido ap\u00f3s se envolver em acidente - Aconteceu no Vale","og_description":"Um ex-vereador de Governador Valadares, no Vale do Rio Doce, foi detido na madrugada deste domingo (01\/09\/2019) ap\u00f3s se envolver em um acidente no cruzamento da Avenida Minas Gerais com a Rua Marechal Floriano, no Centro da cidade. De acordo com informa\u00e7\u00f5es registradas pela Pol\u00edcia Militar, um homem de 43 anos, que conduzia um Fiat [&hellip;]","og_url":"https:\/\/aconteceunovale.com.br\/portal\/?p=152056","og_site_name":"Aconteceu no Vale","article_publisher":"https:\/\/www.facebook.com\/aconteceunovale\/","article_published_time":"2019-09-02T02:19:56+00:00","article_modified_time":"2019-09-02T02:20:11+00:00","og_image":[{"width":678,"height":391,"url":"https:\/\/aconteceunovale.com.br\/portal\/wp-content\/uploads\/2019\/09\/acidente_gv_2.jpg","type":"image\/jpeg"}],"author":"Aconteceu no Vale","twitter_card":"summary_large_image","twitter_creator":"@noticiadosvales","twitter_site":"@noticiadosvales","twitter_misc":{"Escrito por":"Aconteceu no Vale","Est. tempo de leitura":"1 minuto"},"schema":{"@context":"https:\/\/schema.org","@graph":[{"@type":"Article","@id":"https:\/\/aconteceunovale.com.br\/portal\/?p=152056#article","isPartOf":{"@id":"https:\/\/aconteceunovale.com.br\/portal\/?p=152056"},"author":{"name":"Aconteceu no Vale","@id":"https:\/\/aconteceunovale.com.br\/portal\/#\/schema\/person\/633529146f2c94272bef50ac2953d589"},"headline":"Ex-vereador de Governador Valadares \u00e9 detido ap\u00f3s se envolver em acidente","datePublished":"2019-09-02T02:19:56+00:00","dateModified":"2019-09-02T02:20:11+00:00","mainEntityOfPage":{"@id":"https:\/\/aconteceunovale.com.br\/portal\/?p=152056"},"wordCount":249,"commentCount":0,"image":{"@id":"https:\/\/aconteceunovale.com.br\/portal\/?p=152056#primaryimage"},"thumbnailUrl":"https:\/\/aconteceunovale.com.br\/portal\/wp-content\/uploads\/2019\/09\/acidente_gv_2.jpg","keywords":["Acidente com Ex-vereador de Governador Valadares","Ex-vereador de Governador Valadares \u00e9 detido ap\u00f3s se envolver em acidente","Ex-vereador de Governador Valadares \u00e9 preso","Governador Valadares","Pris\u00e3o de Ex-vereador de Governador Valadares"],"articleSection":["Leste de Minas"],"inLanguage":"pt-BR","potentialAction":[{"@type":"CommentAction","name":"Comment","target":["https:\/\/aconteceunovale.com.br\/portal\/?p=152056#respond"]}]},{"@type":"WebPage","@id":"https:\/\/aconteceunovale.com.br\/portal\/?p=152056","url":"https:\/\/aconteceunovale.com.br\/portal\/?p=152056","name":"Ex-vereador de Governador Valadares \u00e9 detido ap\u00f3s se envolver em acidente - Aconteceu no Vale","isPartOf":{"@id":"https:\/\/aconteceunovale.com.br\/portal\/#website"},"primaryImageOfPage":{"@id":"https:\/\/aconteceunovale.com.br\/portal\/?p=152056#primaryimage"},"image":{"@id":"https:\/\/aconteceunovale.com.br\/portal\/?p=152056#primaryimage"},"thumbnailUrl":"https:\/\/aconteceunovale.com.br\/portal\/wp-content\/uploads\/2019\/09\/acidente_gv_2.jpg","datePublished":"2019-09-02T02:19:56+00:00","dateModified":"2019-09-02T02:20:11+00:00","author":{"@id":"https:\/\/aconteceunovale.com.br\/portal\/#\/schema\/person\/633529146f2c94272bef50ac2953d589"},"breadcrumb":{"@id":"https:\/\/aconteceunovale.com.br\/portal\/?p=152056#breadcrumb"},"inLanguage":"pt-BR","potentialAction":[{"@type":"ReadAction","target":["https:\/\/aconteceunovale.com.br\/portal\/?p=152056"]}]},{"@type":"ImageObject","inLanguage":"pt-BR","@id":"https:\/\/aconteceunovale.com.br\/portal\/?p=152056#primaryimage","url":"https:\/\/aconteceunovale.com.br\/portal\/wp-content\/uploads\/2019\/09\/acidente_gv_2.jpg","contentUrl":"https:\/\/aconteceunovale.com.br\/portal\/wp-content\/uploads\/2019\/09\/acidente_gv_2.jpg","width":678,"height":391},{"@type":"BreadcrumbList","@id":"https:\/\/aconteceunovale.com.br\/portal\/?p=152056#breadcrumb","itemListElement":[{"@type":"ListItem","position":1,"name":"In\u00edcio","item":"https:\/\/aconteceunovale.com.br\/portal\/"},{"@type":"ListItem","position":2,"name":"Ex-vereador de Governador Valadares \u00e9 detido ap\u00f3s se envolver em acidente"}]},{"@type":"WebSite","@id":"https:\/\/aconteceunovale.com.br\/portal\/#website","url":"https:\/\/aconteceunovale.com.br\/portal\/","name":"Aconteceu no Vale","description":"Portal de Not\u00edcias","potentialAction":[{"@type":"SearchAction","target":{"@type":"EntryPoint","urlTemplate":"https:\/\/aconteceunovale.com.br\/portal\/?s={search_term_string}"},"query-input":{"@type":"PropertyValueSpecification","valueRequired":true,"valueName":"search_term_string"}}],"inLanguage":"pt-BR"},{"@type":"Person","@id":"https:\/\/aconteceunovale.com.br\/portal\/#\/schema\/person\/633529146f2c94272bef50ac2953d589","name":"Aconteceu no Vale","description":"Equipe de reportagem do Aconteceu no Vale, portal de not\u00edcias do Vale do Jequitinhonha, em Minas Gerais. Cobrimos as 51 cidades do Vale desde 2013. Sugest\u00f5es de pauta e pedidos de corre\u00e7\u00e3o: contato@aconteceunovale.com.br","sameAs":["http:\/\/www.aconteceunovale.com.br"],"url":"https:\/\/aconteceunovale.com.br\/portal\/?author=1"}]}},"_links":{"self":[{"href":"https:\/\/aconteceunovale.com.br\/portal\/index.php?rest_route=\/wp\/v2\/posts\/152056","targetHints":{"allow":["GET"]}}],"collection":[{"href":"https:\/\/aconteceunovale.com.br\/portal\/index.php?rest_route=\/wp\/v2\/posts"}],"about":[{"href":"https:\/\/aconteceunovale.com.br\/portal\/index.php?rest_route=\/wp\/v2\/types\/post"}],"author":[{"embeddable":true,"href":"https:\/\/aconteceunovale.com.br\/portal\/index.php?rest_route=\/wp\/v2\/users\/1"}],"replies":[{"embeddable":true,"href":"https:\/\/aconteceunovale.com.br\/portal\/index.php?rest_route=%2Fwp%2Fv2%2Fcomments&post=152056"}],"version-history":[{"count":1,"href":"https:\/\/aconteceunovale.com.br\/portal\/index.php?rest_route=\/wp\/v2\/posts\/152056\/revisions"}],"predecessor-version":[{"id":152059,"href":"https:\/\/aconteceunovale.com.br\/portal\/index.php?rest_route=\/wp\/v2\/posts\/152056\/revisions\/152059"}],"wp:featuredmedia":[{"embeddable":true,"href":"https:\/\/aconteceunovale.com.br\/portal\/index.php?rest_route=\/wp\/v2\/media\/152058"}],"wp:attachment":[{"href":"https:\/\/aconteceunovale.com.br\/portal\/index.php?rest_route=%2Fwp%2Fv2%2Fmedia&parent=152056"}],"wp:term":[{"taxonomy":"category","embeddable":true,"href":"https:\/\/aconteceunovale.com.br\/portal\/index.php?rest_route=%2Fwp%2Fv2%2Fcategories&post=152056"},{"taxonomy":"post_tag","embeddable":true,"href":"https:\/\/aconteceunovale.com.br\/portal\/index.php?rest_route=%2Fwp%2Fv2%2Ftags&post=152056"}],"curies":[{"name":"wp","href":"https:\/\/api.w.org\/{rel}","templated":true}]}}