{"id":152026,"date":"2019-09-01T20:04:44","date_gmt":"2019-09-01T23:04:44","guid":{"rendered":"http:\/\/aconteceunovale.com.br\/portal\/?p=152026"},"modified":"2019-09-01T20:04:46","modified_gmt":"2019-09-01T23:04:46","slug":"juiz-nao-reconhece-vinculo-de-emprego-rural-entre-pai-e-filho-no-vale-do-mucuri","status":"publish","type":"post","link":"https:\/\/aconteceunovale.com.br\/portal\/?p=152026","title":{"rendered":"Juiz n\u00e3o reconhece v\u00ednculo de emprego rural entre pai e filho no Vale do Mucuri"},"content":{"rendered":"\n<p class=\"wp-block-paragraph\">O juiz Ricardo Lu\u00eds Oliveira Tupy, em atua\u00e7\u00e3o na Vara de Trabalho de Nanuque, n\u00e3o reconheceu o v\u00ednculo de emprego entre pai e filho pelo trabalho em uma fazenda localizada na regi\u00e3o do Vale do Mucuri. O filho reivindicava direitos trabalhistas, alegando que, desde 1987, trabalhava na propriedade rural da fam\u00edlia, que tinha como fonte de renda a produ\u00e7\u00e3o de leite. Mas, para o julgador, os elementos apresentados pela defesa fragilizaram a tese do v\u00ednculo empregat\u00edcio.<\/p>\n\n\n\n<p class=\"wp-block-paragraph\">Segundo o magistrado, o autor da a\u00e7\u00e3o teria apenas 12 anos de idade na \u00e9poca que alegou ter come\u00e7ado a trabalhar na fazenda, j\u00e1 que nasceu em 1975. \u201c<em>O v\u00ednculo empregat\u00edcio nessas condi\u00e7\u00f5es \u00e9 vedado pelo ordenamento jur\u00eddico. Nem podemos entender essa situa\u00e7\u00e3o como explora\u00e7\u00e3o de trabalho infantojuvenil, porque n\u00e3o seria razo\u00e1vel pressupor e presumir que o pai dele estivesse descumprido a legisla\u00e7\u00e3o de prote\u00e7\u00e3o ao trabalho e tamb\u00e9m as normas de prote\u00e7\u00e3o dos adolescentes, al\u00e9m de preceitos \u00e9ticos e morais\u201d,&nbsp;<\/em>destacou o juiz.<\/p>\n\n\n\n<p class=\"wp-block-paragraph\">Diante do conjunto probat\u00f3rio, o julgador concluiu que as atividades desempenhadas pelo filho na fazenda foram realizadas sem imposi\u00e7\u00e3o. Essas tarefas, conforme esclareceu, podem ser consideradas como atividades de colabora\u00e7\u00e3o com o ambiente familiar ou de forma\u00e7\u00e3o pessoal. \u201c<em>O pai, propriet\u00e1rio rural, permitia a realiza\u00e7\u00e3o de certas tarefas com o intuito de ensinar ao filho um of\u00edcio, sem o objetivo de v\u00ednculo empregat\u00edcio, mesmo porque tal pactua\u00e7\u00e3o seria il\u00edcita<\/em>\u201d.<\/p>\n\n\n\n<p class=\"wp-block-paragraph\">Em seu depoimento, o filho do produtor rural confessou que investia recursos pr\u00f3prios na fazenda do pai. E que ainda prestava servi\u00e7os, na condi\u00e7\u00e3o de trabalhador aut\u00f4nomo, para outros propriet\u00e1rios, como forma de complementar os valores a serem utilizados nas terras do pai.<\/p>\n\n\n\n<p class=\"wp-block-paragraph\">Assim, para o juiz, ficou evidente a total autonomia do reclamante na gest\u00e3o da fazenda:<em>&nbsp;\u201cEle ficava com toda a produ\u00e7\u00e3o do leite, n\u00e3o repassando qualquer valor ao pai; sendo de fato o propriet\u00e1rio e administrador do empreendimento\u201d<\/em>. J\u00e1 a nora, autora tamb\u00e9m no processo, confessou que era o bra\u00e7o direito do marido, o que evidencia a inexist\u00eancia de subordina\u00e7\u00e3o ao sogro.<\/p>\n\n\n\n<p class=\"wp-block-paragraph\">Ao negar o pedido do autor da a\u00e7\u00e3o, o juiz observou que entre eles havia uma rela\u00e7\u00e3o de coopera\u00e7\u00e3o m\u00fatua decorrente dos la\u00e7os familiares, sem a pactua\u00e7\u00e3o pr\u00e9via e expressa de contrapresta\u00e7\u00e3o fixa e peri\u00f3dica.\u00a0<em>\u201cPodemos cogitar que, misturada \u00e0s rela\u00e7\u00f5es familiares, houve uma parceria ou uma sociedade de fato. E as eventuais pretens\u00f5es dos autores decorrentes dessa situa\u00e7\u00e3o podem ser ministradas em a\u00e7\u00e3o pr\u00f3pria e perante a \u00f3rg\u00e3o competente do Poder Judici\u00e1rio\u201d<\/em>. H\u00e1, nesse caso, recurso pendente de decis\u00e3o no TRT-MG.<\/p>\n\n\n\n<p class=\"has-text-color has-background has-very-light-gray-color has-vivid-red-background-color wp-block-paragraph\"><strong>VER PRIMEIRO: <\/strong>Receba as not\u00edcias do Aconteceu no Vale em primeira m\u00e3o. Clique em curtir no endere\u00e7o <a href=\"https:\/\/www.facebook.com\/aconteceunovale\" target=\"_blank\" rel=\"noreferrer noopener\">www.facebook.com\/aconteceunovale<\/a>.<\/p>\n","protected":false},"excerpt":{"rendered":"<p>O juiz Ricardo Lu\u00eds Oliveira Tupy, em atua\u00e7\u00e3o na Vara de Trabalho de Nanuque, n\u00e3o reconheceu o v\u00ednculo de emprego entre pai e filho pelo trabalho em uma fazenda localizada na regi\u00e3o do Vale do Mucuri. O filho reivindicava direitos trabalhistas, alegando que, desde 1987, trabalhava na propriedade rural da fam\u00edlia, que tinha como fonte [&hellip;]<\/p>\n","protected":false},"author":1,"featured_media":133149,"comment_status":"open","ping_status":"closed","sticky":false,"template":"","format":"standard","meta":{"amp_status":"","footnotes":""},"categories":[40236,122],"tags":[206302,206301,206303,252,206304,206305],"class_list":["post-152026","post","type-post","status-publish","format-standard","has-post-thumbnail","hentry","category-empregos-2","category-mucuri","tag-juiz-nao-reconhece-vinculo-de-emprego-rural-entre-pai-e-filho-em-nanuque","tag-juiz-nao-reconhece-vinculo-de-emprego-rural-entre-pai-e-filho-no-vale-do-mucuri","tag-justica-do-trabalho-de-nanuque","tag-nanuque","tag-vara-do-trabalho-de-nanuque","tag-vinculo-de-emprego-entre-pai-e-filho"],"yoast_head":"<!-- This site is optimized with the Yoast SEO plugin v28.3 - https:\/\/yoast.com\/product\/yoast-seo-wordpress\/ -->\n<title>Juiz n\u00e3o reconhece v\u00ednculo de emprego rural entre pai e filho no Vale do Mucuri - Aconteceu no Vale<\/title>\n<meta name=\"robots\" content=\"index, follow, max-snippet:-1, max-image-preview:large, max-video-preview:-1\" \/>\n<link rel=\"canonical\" href=\"https:\/\/aconteceunovale.com.br\/portal\/?p=152026\" \/>\n<meta property=\"og:locale\" content=\"pt_BR\" \/>\n<meta property=\"og:type\" content=\"article\" \/>\n<meta property=\"og:title\" content=\"Juiz n\u00e3o reconhece v\u00ednculo de emprego rural entre pai e filho no Vale do Mucuri - Aconteceu no Vale\" \/>\n<meta property=\"og:description\" content=\"O juiz Ricardo Lu\u00eds Oliveira Tupy, em atua\u00e7\u00e3o na Vara de Trabalho de Nanuque, n\u00e3o reconheceu o v\u00ednculo de emprego entre pai e filho pelo trabalho em uma fazenda localizada na regi\u00e3o do Vale do Mucuri. O filho reivindicava direitos trabalhistas, alegando que, desde 1987, trabalhava na propriedade rural da fam\u00edlia, que tinha como fonte [&hellip;]\" \/>\n<meta property=\"og:url\" content=\"https:\/\/aconteceunovale.com.br\/portal\/?p=152026\" \/>\n<meta property=\"og:site_name\" content=\"Aconteceu no Vale\" \/>\n<meta property=\"article:publisher\" content=\"https:\/\/www.facebook.com\/aconteceunovale\/\" \/>\n<meta property=\"article:published_time\" content=\"2019-09-01T23:04:44+00:00\" \/>\n<meta property=\"article:modified_time\" content=\"2019-09-01T23:04:46+00:00\" \/>\n<meta property=\"og:image\" content=\"https:\/\/aconteceunovale.com.br\/portal\/wp-content\/uploads\/2018\/06\/ctps_dinheiro.png\" \/>\n\t<meta property=\"og:image:width\" content=\"600\" \/>\n\t<meta property=\"og:image:height\" content=\"314\" \/>\n\t<meta property=\"og:image:type\" content=\"image\/png\" \/>\n<meta name=\"author\" content=\"Aconteceu no Vale\" \/>\n<meta name=\"twitter:card\" content=\"summary_large_image\" \/>\n<meta name=\"twitter:creator\" content=\"@noticiadosvales\" \/>\n<meta name=\"twitter:site\" content=\"@noticiadosvales\" \/>\n<meta name=\"twitter:label1\" content=\"Escrito por\" \/>\n\t<meta name=\"twitter:data1\" content=\"Aconteceu no Vale\" \/>\n\t<meta name=\"twitter:label2\" content=\"Est. tempo de leitura\" \/>\n\t<meta name=\"twitter:data2\" content=\"3 minutos\" \/>\n<script type=\"application\/ld+json\" class=\"yoast-schema-graph\">{\"@context\":\"https:\\\/\\\/schema.org\",\"@graph\":[{\"@type\":\"Article\",\"@id\":\"https:\\\/\\\/aconteceunovale.com.br\\\/portal\\\/?p=152026#article\",\"isPartOf\":{\"@id\":\"https:\\\/\\\/aconteceunovale.com.br\\\/portal\\\/?p=152026\"},\"author\":{\"name\":\"Aconteceu no Vale\",\"@id\":\"https:\\\/\\\/aconteceunovale.com.br\\\/portal\\\/#\\\/schema\\\/person\\\/633529146f2c94272bef50ac2953d589\"},\"headline\":\"Juiz n\u00e3o reconhece v\u00ednculo de emprego rural entre pai e filho no Vale do Mucuri\",\"datePublished\":\"2019-09-01T23:04:44+00:00\",\"dateModified\":\"2019-09-01T23:04:46+00:00\",\"mainEntityOfPage\":{\"@id\":\"https:\\\/\\\/aconteceunovale.com.br\\\/portal\\\/?p=152026\"},\"wordCount\":520,\"commentCount\":0,\"image\":{\"@id\":\"https:\\\/\\\/aconteceunovale.com.br\\\/portal\\\/?p=152026#primaryimage\"},\"thumbnailUrl\":\"https:\\\/\\\/aconteceunovale.com.br\\\/portal\\\/wp-content\\\/uploads\\\/2018\\\/06\\\/ctps_dinheiro.png\",\"keywords\":[\"Juiz n\u00e3o reconhece v\u00ednculo de emprego rural entre pai e filho em Nanuque\",\"Juiz n\u00e3o reconhece v\u00ednculo de emprego rural entre pai e filho no Vale do Mucuri\",\"Justi\u00e7a do Trabalho de Nanuque\",\"Nanuque\",\"Vara do Trabalho de Nanuque\",\"V\u00ednculo de emprego entre pai e filho\"],\"articleSection\":[\"Empregos\",\"Vale do Mucuri\"],\"inLanguage\":\"pt-BR\",\"potentialAction\":[{\"@type\":\"CommentAction\",\"name\":\"Comment\",\"target\":[\"https:\\\/\\\/aconteceunovale.com.br\\\/portal\\\/?p=152026#respond\"]}]},{\"@type\":\"WebPage\",\"@id\":\"https:\\\/\\\/aconteceunovale.com.br\\\/portal\\\/?p=152026\",\"url\":\"https:\\\/\\\/aconteceunovale.com.br\\\/portal\\\/?p=152026\",\"name\":\"Juiz n\u00e3o reconhece v\u00ednculo de emprego rural entre pai e filho no Vale do Mucuri - Aconteceu no Vale\",\"isPartOf\":{\"@id\":\"https:\\\/\\\/aconteceunovale.com.br\\\/portal\\\/#website\"},\"primaryImageOfPage\":{\"@id\":\"https:\\\/\\\/aconteceunovale.com.br\\\/portal\\\/?p=152026#primaryimage\"},\"image\":{\"@id\":\"https:\\\/\\\/aconteceunovale.com.br\\\/portal\\\/?p=152026#primaryimage\"},\"thumbnailUrl\":\"https:\\\/\\\/aconteceunovale.com.br\\\/portal\\\/wp-content\\\/uploads\\\/2018\\\/06\\\/ctps_dinheiro.png\",\"datePublished\":\"2019-09-01T23:04:44+00:00\",\"dateModified\":\"2019-09-01T23:04:46+00:00\",\"author\":{\"@id\":\"https:\\\/\\\/aconteceunovale.com.br\\\/portal\\\/#\\\/schema\\\/person\\\/633529146f2c94272bef50ac2953d589\"},\"breadcrumb\":{\"@id\":\"https:\\\/\\\/aconteceunovale.com.br\\\/portal\\\/?p=152026#breadcrumb\"},\"inLanguage\":\"pt-BR\",\"potentialAction\":[{\"@type\":\"ReadAction\",\"target\":[\"https:\\\/\\\/aconteceunovale.com.br\\\/portal\\\/?p=152026\"]}]},{\"@type\":\"ImageObject\",\"inLanguage\":\"pt-BR\",\"@id\":\"https:\\\/\\\/aconteceunovale.com.br\\\/portal\\\/?p=152026#primaryimage\",\"url\":\"https:\\\/\\\/aconteceunovale.com.br\\\/portal\\\/wp-content\\\/uploads\\\/2018\\\/06\\\/ctps_dinheiro.png\",\"contentUrl\":\"https:\\\/\\\/aconteceunovale.com.br\\\/portal\\\/wp-content\\\/uploads\\\/2018\\\/06\\\/ctps_dinheiro.png\",\"width\":600,\"height\":314},{\"@type\":\"BreadcrumbList\",\"@id\":\"https:\\\/\\\/aconteceunovale.com.br\\\/portal\\\/?p=152026#breadcrumb\",\"itemListElement\":[{\"@type\":\"ListItem\",\"position\":1,\"name\":\"In\u00edcio\",\"item\":\"https:\\\/\\\/aconteceunovale.com.br\\\/portal\\\/\"},{\"@type\":\"ListItem\",\"position\":2,\"name\":\"Juiz n\u00e3o reconhece v\u00ednculo de emprego rural entre pai e filho no Vale do Mucuri\"}]},{\"@type\":\"WebSite\",\"@id\":\"https:\\\/\\\/aconteceunovale.com.br\\\/portal\\\/#website\",\"url\":\"https:\\\/\\\/aconteceunovale.com.br\\\/portal\\\/\",\"name\":\"Aconteceu no Vale\",\"description\":\"Portal de Not\u00edcias\",\"potentialAction\":[{\"@type\":\"SearchAction\",\"target\":{\"@type\":\"EntryPoint\",\"urlTemplate\":\"https:\\\/\\\/aconteceunovale.com.br\\\/portal\\\/?s={search_term_string}\"},\"query-input\":{\"@type\":\"PropertyValueSpecification\",\"valueRequired\":true,\"valueName\":\"search_term_string\"}}],\"inLanguage\":\"pt-BR\"},{\"@type\":\"Person\",\"@id\":\"https:\\\/\\\/aconteceunovale.com.br\\\/portal\\\/#\\\/schema\\\/person\\\/633529146f2c94272bef50ac2953d589\",\"name\":\"Aconteceu no Vale\",\"description\":\"Equipe de reportagem do Aconteceu no Vale, portal de not\u00edcias do Vale do Jequitinhonha, em Minas Gerais. Cobrimos as 51 cidades do Vale desde 2013. Sugest\u00f5es de pauta e pedidos de corre\u00e7\u00e3o: contato@aconteceunovale.com.br\",\"sameAs\":[\"http:\\\/\\\/www.aconteceunovale.com.br\"],\"url\":\"https:\\\/\\\/aconteceunovale.com.br\\\/portal\\\/?author=1\"}]}<\/script>\n<!-- \/ Yoast SEO plugin. -->","yoast_head_json":{"title":"Juiz n\u00e3o reconhece v\u00ednculo de emprego rural entre pai e filho no Vale do Mucuri - Aconteceu no Vale","robots":{"index":"index","follow":"follow","max-snippet":"max-snippet:-1","max-image-preview":"max-image-preview:large","max-video-preview":"max-video-preview:-1"},"canonical":"https:\/\/aconteceunovale.com.br\/portal\/?p=152026","og_locale":"pt_BR","og_type":"article","og_title":"Juiz n\u00e3o reconhece v\u00ednculo de emprego rural entre pai e filho no Vale do Mucuri - Aconteceu no Vale","og_description":"O juiz Ricardo Lu\u00eds Oliveira Tupy, em atua\u00e7\u00e3o na Vara de Trabalho de Nanuque, n\u00e3o reconheceu o v\u00ednculo de emprego entre pai e filho pelo trabalho em uma fazenda localizada na regi\u00e3o do Vale do Mucuri. O filho reivindicava direitos trabalhistas, alegando que, desde 1987, trabalhava na propriedade rural da fam\u00edlia, que tinha como fonte [&hellip;]","og_url":"https:\/\/aconteceunovale.com.br\/portal\/?p=152026","og_site_name":"Aconteceu no Vale","article_publisher":"https:\/\/www.facebook.com\/aconteceunovale\/","article_published_time":"2019-09-01T23:04:44+00:00","article_modified_time":"2019-09-01T23:04:46+00:00","og_image":[{"width":600,"height":314,"url":"https:\/\/aconteceunovale.com.br\/portal\/wp-content\/uploads\/2018\/06\/ctps_dinheiro.png","type":"image\/png"}],"author":"Aconteceu no Vale","twitter_card":"summary_large_image","twitter_creator":"@noticiadosvales","twitter_site":"@noticiadosvales","twitter_misc":{"Escrito por":"Aconteceu no Vale","Est. tempo de leitura":"3 minutos"},"schema":{"@context":"https:\/\/schema.org","@graph":[{"@type":"Article","@id":"https:\/\/aconteceunovale.com.br\/portal\/?p=152026#article","isPartOf":{"@id":"https:\/\/aconteceunovale.com.br\/portal\/?p=152026"},"author":{"name":"Aconteceu no Vale","@id":"https:\/\/aconteceunovale.com.br\/portal\/#\/schema\/person\/633529146f2c94272bef50ac2953d589"},"headline":"Juiz n\u00e3o reconhece v\u00ednculo de emprego rural entre pai e filho no Vale do Mucuri","datePublished":"2019-09-01T23:04:44+00:00","dateModified":"2019-09-01T23:04:46+00:00","mainEntityOfPage":{"@id":"https:\/\/aconteceunovale.com.br\/portal\/?p=152026"},"wordCount":520,"commentCount":0,"image":{"@id":"https:\/\/aconteceunovale.com.br\/portal\/?p=152026#primaryimage"},"thumbnailUrl":"https:\/\/aconteceunovale.com.br\/portal\/wp-content\/uploads\/2018\/06\/ctps_dinheiro.png","keywords":["Juiz n\u00e3o reconhece v\u00ednculo de emprego rural entre pai e filho em Nanuque","Juiz n\u00e3o reconhece v\u00ednculo de emprego rural entre pai e filho no Vale do Mucuri","Justi\u00e7a do Trabalho de Nanuque","Nanuque","Vara do Trabalho de Nanuque","V\u00ednculo de emprego entre pai e filho"],"articleSection":["Empregos","Vale do Mucuri"],"inLanguage":"pt-BR","potentialAction":[{"@type":"CommentAction","name":"Comment","target":["https:\/\/aconteceunovale.com.br\/portal\/?p=152026#respond"]}]},{"@type":"WebPage","@id":"https:\/\/aconteceunovale.com.br\/portal\/?p=152026","url":"https:\/\/aconteceunovale.com.br\/portal\/?p=152026","name":"Juiz n\u00e3o reconhece v\u00ednculo de emprego rural entre pai e filho no Vale do Mucuri - Aconteceu no Vale","isPartOf":{"@id":"https:\/\/aconteceunovale.com.br\/portal\/#website"},"primaryImageOfPage":{"@id":"https:\/\/aconteceunovale.com.br\/portal\/?p=152026#primaryimage"},"image":{"@id":"https:\/\/aconteceunovale.com.br\/portal\/?p=152026#primaryimage"},"thumbnailUrl":"https:\/\/aconteceunovale.com.br\/portal\/wp-content\/uploads\/2018\/06\/ctps_dinheiro.png","datePublished":"2019-09-01T23:04:44+00:00","dateModified":"2019-09-01T23:04:46+00:00","author":{"@id":"https:\/\/aconteceunovale.com.br\/portal\/#\/schema\/person\/633529146f2c94272bef50ac2953d589"},"breadcrumb":{"@id":"https:\/\/aconteceunovale.com.br\/portal\/?p=152026#breadcrumb"},"inLanguage":"pt-BR","potentialAction":[{"@type":"ReadAction","target":["https:\/\/aconteceunovale.com.br\/portal\/?p=152026"]}]},{"@type":"ImageObject","inLanguage":"pt-BR","@id":"https:\/\/aconteceunovale.com.br\/portal\/?p=152026#primaryimage","url":"https:\/\/aconteceunovale.com.br\/portal\/wp-content\/uploads\/2018\/06\/ctps_dinheiro.png","contentUrl":"https:\/\/aconteceunovale.com.br\/portal\/wp-content\/uploads\/2018\/06\/ctps_dinheiro.png","width":600,"height":314},{"@type":"BreadcrumbList","@id":"https:\/\/aconteceunovale.com.br\/portal\/?p=152026#breadcrumb","itemListElement":[{"@type":"ListItem","position":1,"name":"In\u00edcio","item":"https:\/\/aconteceunovale.com.br\/portal\/"},{"@type":"ListItem","position":2,"name":"Juiz n\u00e3o reconhece v\u00ednculo de emprego rural entre pai e filho no Vale do Mucuri"}]},{"@type":"WebSite","@id":"https:\/\/aconteceunovale.com.br\/portal\/#website","url":"https:\/\/aconteceunovale.com.br\/portal\/","name":"Aconteceu no Vale","description":"Portal de Not\u00edcias","potentialAction":[{"@type":"SearchAction","target":{"@type":"EntryPoint","urlTemplate":"https:\/\/aconteceunovale.com.br\/portal\/?s={search_term_string}"},"query-input":{"@type":"PropertyValueSpecification","valueRequired":true,"valueName":"search_term_string"}}],"inLanguage":"pt-BR"},{"@type":"Person","@id":"https:\/\/aconteceunovale.com.br\/portal\/#\/schema\/person\/633529146f2c94272bef50ac2953d589","name":"Aconteceu no Vale","description":"Equipe de reportagem do Aconteceu no Vale, portal de not\u00edcias do Vale do Jequitinhonha, em Minas Gerais. Cobrimos as 51 cidades do Vale desde 2013. Sugest\u00f5es de pauta e pedidos de corre\u00e7\u00e3o: contato@aconteceunovale.com.br","sameAs":["http:\/\/www.aconteceunovale.com.br"],"url":"https:\/\/aconteceunovale.com.br\/portal\/?author=1"}]}},"_links":{"self":[{"href":"https:\/\/aconteceunovale.com.br\/portal\/index.php?rest_route=\/wp\/v2\/posts\/152026","targetHints":{"allow":["GET"]}}],"collection":[{"href":"https:\/\/aconteceunovale.com.br\/portal\/index.php?rest_route=\/wp\/v2\/posts"}],"about":[{"href":"https:\/\/aconteceunovale.com.br\/portal\/index.php?rest_route=\/wp\/v2\/types\/post"}],"author":[{"embeddable":true,"href":"https:\/\/aconteceunovale.com.br\/portal\/index.php?rest_route=\/wp\/v2\/users\/1"}],"replies":[{"embeddable":true,"href":"https:\/\/aconteceunovale.com.br\/portal\/index.php?rest_route=%2Fwp%2Fv2%2Fcomments&post=152026"}],"version-history":[{"count":1,"href":"https:\/\/aconteceunovale.com.br\/portal\/index.php?rest_route=\/wp\/v2\/posts\/152026\/revisions"}],"predecessor-version":[{"id":152027,"href":"https:\/\/aconteceunovale.com.br\/portal\/index.php?rest_route=\/wp\/v2\/posts\/152026\/revisions\/152027"}],"wp:featuredmedia":[{"embeddable":true,"href":"https:\/\/aconteceunovale.com.br\/portal\/index.php?rest_route=\/wp\/v2\/media\/133149"}],"wp:attachment":[{"href":"https:\/\/aconteceunovale.com.br\/portal\/index.php?rest_route=%2Fwp%2Fv2%2Fmedia&parent=152026"}],"wp:term":[{"taxonomy":"category","embeddable":true,"href":"https:\/\/aconteceunovale.com.br\/portal\/index.php?rest_route=%2Fwp%2Fv2%2Fcategories&post=152026"},{"taxonomy":"post_tag","embeddable":true,"href":"https:\/\/aconteceunovale.com.br\/portal\/index.php?rest_route=%2Fwp%2Fv2%2Ftags&post=152026"}],"curies":[{"name":"wp","href":"https:\/\/api.w.org\/{rel}","templated":true}]}}