{"id":152019,"date":"2019-09-01T19:42:50","date_gmt":"2019-09-01T22:42:50","guid":{"rendered":"http:\/\/aconteceunovale.com.br\/portal\/?p=152019"},"modified":"2019-09-01T19:49:32","modified_gmt":"2019-09-01T22:49:32","slug":"empresa-mineira-indenizara-empregado-por-foto-divulgada-em-grupo-de-whatsapp-de-forma-ofensiva","status":"publish","type":"post","link":"https:\/\/aconteceunovale.com.br\/portal\/?p=152019","title":{"rendered":"Empresa mineira indenizar\u00e1 empregado por foto divulgada em grupo de WhatsApp de forma ofensiva"},"content":{"rendered":"\n<p class=\"wp-block-paragraph\">A ju\u00edza&nbsp;Lilian Piovesan Ponssoni, em atua\u00e7\u00e3o na 34\u00aa Vara do Trabalho de Belo Horizonte,&nbsp;condenou&nbsp;uma empresa de varejo aliment\u00edcio a pagar&nbsp;indeniza\u00e7\u00e3o por danos morais de&nbsp;R$ 3 mil&nbsp;a&nbsp;um&nbsp;empregado que teve&nbsp;uma foto&nbsp;divulgada pelo&nbsp;superior hier\u00e1rquico, sem autoriza\u00e7\u00e3o,&nbsp;em grupo&nbsp;virtual de comunica\u00e7\u00e3o&nbsp;integrado por&nbsp;outros empregados.&nbsp;Para a magistrada, ficou claro&nbsp;que a inten\u00e7\u00e3o do chefe foi macular a imagem do trabalhador perante os colegas de trabalho.&nbsp;&nbsp;<\/p>\n\n\n\n<p class=\"wp-block-paragraph\">A fotografia&nbsp;era do autor, em frente \u00e0 loja onde trabalhavam, mexendo com o celular.&nbsp;Uma testemunha disse que&nbsp;viu&nbsp;a imagem&nbsp;postada pelo superior hier\u00e1rquico&nbsp;no grupo de trabalho&nbsp;e&nbsp;tamb\u00e9m&nbsp;ouviu coment\u00e1rios&nbsp;de colegas&nbsp;a&nbsp;respeito.&nbsp;Segundo ela,&nbsp;o chefe escreveu&nbsp;que&nbsp;\u201c<em>aquilo&nbsp;n\u00e3o era exemplo de funcion\u00e1rio<\/em>\u201d. Ocorre, contudo, que&nbsp;o&nbsp;empregado&nbsp;estava&nbsp;em seu&nbsp;hor\u00e1rio de almo\u00e7o quando a foto foi tirada.&nbsp;De acordo com a testemunha,&nbsp;o&nbsp;superior&nbsp;hier\u00e1rquico&nbsp;tinha o costume de&nbsp;tirar fotos de outros empregados e postar no grupo,&nbsp;o&nbsp;que&nbsp;disse j\u00e1 ter visto e presenciado.&nbsp;<\/p>\n\n\n\n<p class=\"wp-block-paragraph\">Diante desse contexto, a julgadora entendeu que o&nbsp;trabalhador&nbsp;conseguiu demonstrar&nbsp;que teve sua imagem exposta,&nbsp;sem&nbsp;autoriza\u00e7\u00e3o, por superior hier\u00e1rquico,&nbsp;com objetivo de causar preju\u00edzos.&nbsp;A decis\u00e3o&nbsp;se reportou ao entendimento contido na&nbsp;S\u00famula n\u00ba 403&nbsp;do STJ, segundo a qual:&nbsp;<em>\u201cIndepende de prova do preju\u00edzo a indeniza\u00e7\u00e3o pela publica\u00e7\u00e3o n\u00e3o autorizada da imagem de pessoa com fins econ\u00f4micos ou comerciais\u201d<\/em>.&nbsp;A indeniza\u00e7\u00e3o por danos morais foi fixada&nbsp;em&nbsp;R$ 3 mil,&nbsp;levando&nbsp;em considera\u00e7\u00e3o&nbsp;as particularidades do caso concreto,&nbsp;princ\u00edpios da razoabilidade e da proporcionalidade, al\u00e9m de&nbsp;par\u00e2metros estipulados pelo artigo&nbsp;223-G da CLT, inclu\u00eddo pela Lei&nbsp;n\u00ba&nbsp;13.467\/17.<\/p>\n\n\n\n<p class=\"wp-block-paragraph\">H\u00e1 recurso aguardando julgamento no TRT mineiro.<\/p>\n\n\n\n<p class=\"has-text-color has-background has-very-light-gray-color has-vivid-red-background-color wp-block-paragraph\"><strong>VER PRIMEIRO: <\/strong>Receba as not\u00edcias do Aconteceu no Vale em primeira m\u00e3o. Clique em curtir no endere\u00e7o <a href=\"https:\/\/www.facebook.com\/aconteceunovale\" target=\"_blank\" rel=\"noreferrer noopener\">www.facebook.com\/aconteceunovale<\/a>.<\/p>\n","protected":false},"excerpt":{"rendered":"<p>A ju\u00edza&nbsp;Lilian Piovesan Ponssoni, em atua\u00e7\u00e3o na 34\u00aa Vara do Trabalho de Belo Horizonte,&nbsp;condenou&nbsp;uma empresa de varejo aliment\u00edcio a pagar&nbsp;indeniza\u00e7\u00e3o por danos morais de&nbsp;R$ 3 mil&nbsp;a&nbsp;um&nbsp;empregado que teve&nbsp;uma foto&nbsp;divulgada pelo&nbsp;superior hier\u00e1rquico, sem autoriza\u00e7\u00e3o,&nbsp;em grupo&nbsp;virtual de comunica\u00e7\u00e3o&nbsp;integrado por&nbsp;outros empregados.&nbsp;Para a magistrada, ficou claro&nbsp;que a inten\u00e7\u00e3o do chefe foi macular a imagem do trabalhador perante os colegas [&hellip;]<\/p>\n","protected":false},"author":1,"featured_media":75468,"comment_status":"open","ping_status":"closed","sticky":false,"template":"","format":"standard","meta":{"amp_status":"","footnotes":""},"categories":[40236,123],"tags":[194,1017,206297,206295,206296,206292,206294,206293],"class_list":["post-152019","post","type-post","status-publish","format-standard","has-post-thumbnail","hentry","category-empregos-2","category-gerais","tag-belo-horizonte","tag-bh","tag-empresa-mineira-indenizara-empregado-por-foto-divulgada-em-grupo-de-whatsapp-de-forma-ofensiva","tag-foto-divulgada-na-internet","tag-indenizacao-por-foto-divulgada-na-internet","tag-juiza-lilian-piovesan-ponssoni","tag-lilian-piovesan-ponssoni","tag-vara-do-trabalho-de-belo-horizonte"],"yoast_head":"<!-- This site is optimized with the Yoast SEO plugin v28.3 - https:\/\/yoast.com\/product\/yoast-seo-wordpress\/ -->\n<title>Empresa mineira indenizar\u00e1 empregado por foto divulgada em grupo de WhatsApp de forma ofensiva - Aconteceu no Vale<\/title>\n<meta name=\"robots\" content=\"index, follow, max-snippet:-1, max-image-preview:large, max-video-preview:-1\" \/>\n<link rel=\"canonical\" href=\"https:\/\/aconteceunovale.com.br\/portal\/?p=152019\" \/>\n<meta property=\"og:locale\" content=\"pt_BR\" \/>\n<meta property=\"og:type\" content=\"article\" \/>\n<meta property=\"og:title\" content=\"Empresa mineira indenizar\u00e1 empregado por foto divulgada em grupo de WhatsApp de forma ofensiva - Aconteceu no Vale\" \/>\n<meta property=\"og:description\" content=\"A ju\u00edza&nbsp;Lilian Piovesan Ponssoni, em atua\u00e7\u00e3o na 34\u00aa Vara do Trabalho de Belo Horizonte,&nbsp;condenou&nbsp;uma empresa de varejo aliment\u00edcio a pagar&nbsp;indeniza\u00e7\u00e3o por danos morais de&nbsp;R$ 3 mil&nbsp;a&nbsp;um&nbsp;empregado que teve&nbsp;uma foto&nbsp;divulgada pelo&nbsp;superior hier\u00e1rquico, sem autoriza\u00e7\u00e3o,&nbsp;em grupo&nbsp;virtual de comunica\u00e7\u00e3o&nbsp;integrado por&nbsp;outros empregados.&nbsp;Para a magistrada, ficou claro&nbsp;que a inten\u00e7\u00e3o do chefe foi macular a imagem do trabalhador perante os colegas [&hellip;]\" \/>\n<meta property=\"og:url\" content=\"https:\/\/aconteceunovale.com.br\/portal\/?p=152019\" \/>\n<meta property=\"og:site_name\" content=\"Aconteceu no Vale\" \/>\n<meta property=\"article:publisher\" content=\"https:\/\/www.facebook.com\/aconteceunovale\/\" \/>\n<meta property=\"article:published_time\" content=\"2019-09-01T22:42:50+00:00\" \/>\n<meta property=\"article:modified_time\" content=\"2019-09-01T22:49:32+00:00\" \/>\n<meta property=\"og:image\" content=\"https:\/\/aconteceunovale.com.br\/portal\/wp-content\/uploads\/2015\/12\/celular_internet.jpg\" \/>\n\t<meta property=\"og:image:width\" content=\"678\" \/>\n\t<meta property=\"og:image:height\" content=\"352\" \/>\n\t<meta property=\"og:image:type\" content=\"image\/jpeg\" \/>\n<meta name=\"author\" content=\"Aconteceu no Vale\" \/>\n<meta name=\"twitter:card\" content=\"summary_large_image\" \/>\n<meta name=\"twitter:creator\" content=\"@noticiadosvales\" \/>\n<meta name=\"twitter:site\" content=\"@noticiadosvales\" \/>\n<meta name=\"twitter:label1\" content=\"Escrito por\" \/>\n\t<meta name=\"twitter:data1\" content=\"Aconteceu no Vale\" \/>\n\t<meta name=\"twitter:label2\" content=\"Est. tempo de leitura\" \/>\n\t<meta name=\"twitter:data2\" content=\"2 minutos\" \/>\n<script type=\"application\/ld+json\" class=\"yoast-schema-graph\">{\"@context\":\"https:\\\/\\\/schema.org\",\"@graph\":[{\"@type\":\"Article\",\"@id\":\"https:\\\/\\\/aconteceunovale.com.br\\\/portal\\\/?p=152019#article\",\"isPartOf\":{\"@id\":\"https:\\\/\\\/aconteceunovale.com.br\\\/portal\\\/?p=152019\"},\"author\":{\"name\":\"Aconteceu no Vale\",\"@id\":\"https:\\\/\\\/aconteceunovale.com.br\\\/portal\\\/#\\\/schema\\\/person\\\/633529146f2c94272bef50ac2953d589\"},\"headline\":\"Empresa mineira indenizar\u00e1 empregado por foto divulgada em grupo de WhatsApp de forma ofensiva\",\"datePublished\":\"2019-09-01T22:42:50+00:00\",\"dateModified\":\"2019-09-01T22:49:32+00:00\",\"mainEntityOfPage\":{\"@id\":\"https:\\\/\\\/aconteceunovale.com.br\\\/portal\\\/?p=152019\"},\"wordCount\":414,\"commentCount\":0,\"image\":{\"@id\":\"https:\\\/\\\/aconteceunovale.com.br\\\/portal\\\/?p=152019#primaryimage\"},\"thumbnailUrl\":\"https:\\\/\\\/aconteceunovale.com.br\\\/portal\\\/wp-content\\\/uploads\\\/2015\\\/12\\\/celular_internet.jpg\",\"keywords\":[\"Belo Horizonte\",\"bh\",\"Empresa mineira indenizar\u00e1 empregado por foto divulgada em grupo de WhatsApp de forma ofensiva\",\"Foto divulgada na internet\",\"Indeniza\u00e7\u00e3o por foto divulgada na internet\",\"Ju\u00edza Lilian Piovesan Ponssoni\",\"Lilian Piovesan Ponssoni\",\"Vara do Trabalho de Belo Horizonte\"],\"articleSection\":[\"Empregos\",\"Minas Gerais\"],\"inLanguage\":\"pt-BR\",\"potentialAction\":[{\"@type\":\"CommentAction\",\"name\":\"Comment\",\"target\":[\"https:\\\/\\\/aconteceunovale.com.br\\\/portal\\\/?p=152019#respond\"]}]},{\"@type\":\"WebPage\",\"@id\":\"https:\\\/\\\/aconteceunovale.com.br\\\/portal\\\/?p=152019\",\"url\":\"https:\\\/\\\/aconteceunovale.com.br\\\/portal\\\/?p=152019\",\"name\":\"Empresa mineira indenizar\u00e1 empregado por foto divulgada em grupo de WhatsApp de forma ofensiva - Aconteceu no Vale\",\"isPartOf\":{\"@id\":\"https:\\\/\\\/aconteceunovale.com.br\\\/portal\\\/#website\"},\"primaryImageOfPage\":{\"@id\":\"https:\\\/\\\/aconteceunovale.com.br\\\/portal\\\/?p=152019#primaryimage\"},\"image\":{\"@id\":\"https:\\\/\\\/aconteceunovale.com.br\\\/portal\\\/?p=152019#primaryimage\"},\"thumbnailUrl\":\"https:\\\/\\\/aconteceunovale.com.br\\\/portal\\\/wp-content\\\/uploads\\\/2015\\\/12\\\/celular_internet.jpg\",\"datePublished\":\"2019-09-01T22:42:50+00:00\",\"dateModified\":\"2019-09-01T22:49:32+00:00\",\"author\":{\"@id\":\"https:\\\/\\\/aconteceunovale.com.br\\\/portal\\\/#\\\/schema\\\/person\\\/633529146f2c94272bef50ac2953d589\"},\"breadcrumb\":{\"@id\":\"https:\\\/\\\/aconteceunovale.com.br\\\/portal\\\/?p=152019#breadcrumb\"},\"inLanguage\":\"pt-BR\",\"potentialAction\":[{\"@type\":\"ReadAction\",\"target\":[\"https:\\\/\\\/aconteceunovale.com.br\\\/portal\\\/?p=152019\"]}]},{\"@type\":\"ImageObject\",\"inLanguage\":\"pt-BR\",\"@id\":\"https:\\\/\\\/aconteceunovale.com.br\\\/portal\\\/?p=152019#primaryimage\",\"url\":\"https:\\\/\\\/aconteceunovale.com.br\\\/portal\\\/wp-content\\\/uploads\\\/2015\\\/12\\\/celular_internet.jpg\",\"contentUrl\":\"https:\\\/\\\/aconteceunovale.com.br\\\/portal\\\/wp-content\\\/uploads\\\/2015\\\/12\\\/celular_internet.jpg\",\"width\":678,\"height\":352},{\"@type\":\"BreadcrumbList\",\"@id\":\"https:\\\/\\\/aconteceunovale.com.br\\\/portal\\\/?p=152019#breadcrumb\",\"itemListElement\":[{\"@type\":\"ListItem\",\"position\":1,\"name\":\"In\u00edcio\",\"item\":\"https:\\\/\\\/aconteceunovale.com.br\\\/portal\\\/\"},{\"@type\":\"ListItem\",\"position\":2,\"name\":\"Empresa mineira indenizar\u00e1 empregado por foto divulgada em grupo de WhatsApp de forma ofensiva\"}]},{\"@type\":\"WebSite\",\"@id\":\"https:\\\/\\\/aconteceunovale.com.br\\\/portal\\\/#website\",\"url\":\"https:\\\/\\\/aconteceunovale.com.br\\\/portal\\\/\",\"name\":\"Aconteceu no Vale\",\"description\":\"Portal de Not\u00edcias\",\"potentialAction\":[{\"@type\":\"SearchAction\",\"target\":{\"@type\":\"EntryPoint\",\"urlTemplate\":\"https:\\\/\\\/aconteceunovale.com.br\\\/portal\\\/?s={search_term_string}\"},\"query-input\":{\"@type\":\"PropertyValueSpecification\",\"valueRequired\":true,\"valueName\":\"search_term_string\"}}],\"inLanguage\":\"pt-BR\"},{\"@type\":\"Person\",\"@id\":\"https:\\\/\\\/aconteceunovale.com.br\\\/portal\\\/#\\\/schema\\\/person\\\/633529146f2c94272bef50ac2953d589\",\"name\":\"Aconteceu no Vale\",\"description\":\"Equipe de reportagem do Aconteceu no Vale, portal de not\u00edcias do Vale do Jequitinhonha, em Minas Gerais. Cobrimos as 51 cidades do Vale desde 2013. Sugest\u00f5es de pauta e pedidos de corre\u00e7\u00e3o: contato@aconteceunovale.com.br\",\"sameAs\":[\"http:\\\/\\\/www.aconteceunovale.com.br\"],\"url\":\"https:\\\/\\\/aconteceunovale.com.br\\\/portal\\\/?author=1\"}]}<\/script>\n<!-- \/ Yoast SEO plugin. -->","yoast_head_json":{"title":"Empresa mineira indenizar\u00e1 empregado por foto divulgada em grupo de WhatsApp de forma ofensiva - Aconteceu no Vale","robots":{"index":"index","follow":"follow","max-snippet":"max-snippet:-1","max-image-preview":"max-image-preview:large","max-video-preview":"max-video-preview:-1"},"canonical":"https:\/\/aconteceunovale.com.br\/portal\/?p=152019","og_locale":"pt_BR","og_type":"article","og_title":"Empresa mineira indenizar\u00e1 empregado por foto divulgada em grupo de WhatsApp de forma ofensiva - Aconteceu no Vale","og_description":"A ju\u00edza&nbsp;Lilian Piovesan Ponssoni, em atua\u00e7\u00e3o na 34\u00aa Vara do Trabalho de Belo Horizonte,&nbsp;condenou&nbsp;uma empresa de varejo aliment\u00edcio a pagar&nbsp;indeniza\u00e7\u00e3o por danos morais de&nbsp;R$ 3 mil&nbsp;a&nbsp;um&nbsp;empregado que teve&nbsp;uma foto&nbsp;divulgada pelo&nbsp;superior hier\u00e1rquico, sem autoriza\u00e7\u00e3o,&nbsp;em grupo&nbsp;virtual de comunica\u00e7\u00e3o&nbsp;integrado por&nbsp;outros empregados.&nbsp;Para a magistrada, ficou claro&nbsp;que a inten\u00e7\u00e3o do chefe foi macular a imagem do trabalhador perante os colegas [&hellip;]","og_url":"https:\/\/aconteceunovale.com.br\/portal\/?p=152019","og_site_name":"Aconteceu no Vale","article_publisher":"https:\/\/www.facebook.com\/aconteceunovale\/","article_published_time":"2019-09-01T22:42:50+00:00","article_modified_time":"2019-09-01T22:49:32+00:00","og_image":[{"width":678,"height":352,"url":"https:\/\/aconteceunovale.com.br\/portal\/wp-content\/uploads\/2015\/12\/celular_internet.jpg","type":"image\/jpeg"}],"author":"Aconteceu no Vale","twitter_card":"summary_large_image","twitter_creator":"@noticiadosvales","twitter_site":"@noticiadosvales","twitter_misc":{"Escrito por":"Aconteceu no Vale","Est. tempo de leitura":"2 minutos"},"schema":{"@context":"https:\/\/schema.org","@graph":[{"@type":"Article","@id":"https:\/\/aconteceunovale.com.br\/portal\/?p=152019#article","isPartOf":{"@id":"https:\/\/aconteceunovale.com.br\/portal\/?p=152019"},"author":{"name":"Aconteceu no Vale","@id":"https:\/\/aconteceunovale.com.br\/portal\/#\/schema\/person\/633529146f2c94272bef50ac2953d589"},"headline":"Empresa mineira indenizar\u00e1 empregado por foto divulgada em grupo de WhatsApp de forma ofensiva","datePublished":"2019-09-01T22:42:50+00:00","dateModified":"2019-09-01T22:49:32+00:00","mainEntityOfPage":{"@id":"https:\/\/aconteceunovale.com.br\/portal\/?p=152019"},"wordCount":414,"commentCount":0,"image":{"@id":"https:\/\/aconteceunovale.com.br\/portal\/?p=152019#primaryimage"},"thumbnailUrl":"https:\/\/aconteceunovale.com.br\/portal\/wp-content\/uploads\/2015\/12\/celular_internet.jpg","keywords":["Belo Horizonte","bh","Empresa mineira indenizar\u00e1 empregado por foto divulgada em grupo de WhatsApp de forma ofensiva","Foto divulgada na internet","Indeniza\u00e7\u00e3o por foto divulgada na internet","Ju\u00edza Lilian Piovesan Ponssoni","Lilian Piovesan Ponssoni","Vara do Trabalho de Belo Horizonte"],"articleSection":["Empregos","Minas Gerais"],"inLanguage":"pt-BR","potentialAction":[{"@type":"CommentAction","name":"Comment","target":["https:\/\/aconteceunovale.com.br\/portal\/?p=152019#respond"]}]},{"@type":"WebPage","@id":"https:\/\/aconteceunovale.com.br\/portal\/?p=152019","url":"https:\/\/aconteceunovale.com.br\/portal\/?p=152019","name":"Empresa mineira indenizar\u00e1 empregado por foto divulgada em grupo de WhatsApp de forma ofensiva - Aconteceu no Vale","isPartOf":{"@id":"https:\/\/aconteceunovale.com.br\/portal\/#website"},"primaryImageOfPage":{"@id":"https:\/\/aconteceunovale.com.br\/portal\/?p=152019#primaryimage"},"image":{"@id":"https:\/\/aconteceunovale.com.br\/portal\/?p=152019#primaryimage"},"thumbnailUrl":"https:\/\/aconteceunovale.com.br\/portal\/wp-content\/uploads\/2015\/12\/celular_internet.jpg","datePublished":"2019-09-01T22:42:50+00:00","dateModified":"2019-09-01T22:49:32+00:00","author":{"@id":"https:\/\/aconteceunovale.com.br\/portal\/#\/schema\/person\/633529146f2c94272bef50ac2953d589"},"breadcrumb":{"@id":"https:\/\/aconteceunovale.com.br\/portal\/?p=152019#breadcrumb"},"inLanguage":"pt-BR","potentialAction":[{"@type":"ReadAction","target":["https:\/\/aconteceunovale.com.br\/portal\/?p=152019"]}]},{"@type":"ImageObject","inLanguage":"pt-BR","@id":"https:\/\/aconteceunovale.com.br\/portal\/?p=152019#primaryimage","url":"https:\/\/aconteceunovale.com.br\/portal\/wp-content\/uploads\/2015\/12\/celular_internet.jpg","contentUrl":"https:\/\/aconteceunovale.com.br\/portal\/wp-content\/uploads\/2015\/12\/celular_internet.jpg","width":678,"height":352},{"@type":"BreadcrumbList","@id":"https:\/\/aconteceunovale.com.br\/portal\/?p=152019#breadcrumb","itemListElement":[{"@type":"ListItem","position":1,"name":"In\u00edcio","item":"https:\/\/aconteceunovale.com.br\/portal\/"},{"@type":"ListItem","position":2,"name":"Empresa mineira indenizar\u00e1 empregado por foto divulgada em grupo de WhatsApp de forma ofensiva"}]},{"@type":"WebSite","@id":"https:\/\/aconteceunovale.com.br\/portal\/#website","url":"https:\/\/aconteceunovale.com.br\/portal\/","name":"Aconteceu no Vale","description":"Portal de Not\u00edcias","potentialAction":[{"@type":"SearchAction","target":{"@type":"EntryPoint","urlTemplate":"https:\/\/aconteceunovale.com.br\/portal\/?s={search_term_string}"},"query-input":{"@type":"PropertyValueSpecification","valueRequired":true,"valueName":"search_term_string"}}],"inLanguage":"pt-BR"},{"@type":"Person","@id":"https:\/\/aconteceunovale.com.br\/portal\/#\/schema\/person\/633529146f2c94272bef50ac2953d589","name":"Aconteceu no Vale","description":"Equipe de reportagem do Aconteceu no Vale, portal de not\u00edcias do Vale do Jequitinhonha, em Minas Gerais. Cobrimos as 51 cidades do Vale desde 2013. Sugest\u00f5es de pauta e pedidos de corre\u00e7\u00e3o: contato@aconteceunovale.com.br","sameAs":["http:\/\/www.aconteceunovale.com.br"],"url":"https:\/\/aconteceunovale.com.br\/portal\/?author=1"}]}},"_links":{"self":[{"href":"https:\/\/aconteceunovale.com.br\/portal\/index.php?rest_route=\/wp\/v2\/posts\/152019","targetHints":{"allow":["GET"]}}],"collection":[{"href":"https:\/\/aconteceunovale.com.br\/portal\/index.php?rest_route=\/wp\/v2\/posts"}],"about":[{"href":"https:\/\/aconteceunovale.com.br\/portal\/index.php?rest_route=\/wp\/v2\/types\/post"}],"author":[{"embeddable":true,"href":"https:\/\/aconteceunovale.com.br\/portal\/index.php?rest_route=\/wp\/v2\/users\/1"}],"replies":[{"embeddable":true,"href":"https:\/\/aconteceunovale.com.br\/portal\/index.php?rest_route=%2Fwp%2Fv2%2Fcomments&post=152019"}],"version-history":[{"count":1,"href":"https:\/\/aconteceunovale.com.br\/portal\/index.php?rest_route=\/wp\/v2\/posts\/152019\/revisions"}],"predecessor-version":[{"id":152020,"href":"https:\/\/aconteceunovale.com.br\/portal\/index.php?rest_route=\/wp\/v2\/posts\/152019\/revisions\/152020"}],"wp:featuredmedia":[{"embeddable":true,"href":"https:\/\/aconteceunovale.com.br\/portal\/index.php?rest_route=\/wp\/v2\/media\/75468"}],"wp:attachment":[{"href":"https:\/\/aconteceunovale.com.br\/portal\/index.php?rest_route=%2Fwp%2Fv2%2Fmedia&parent=152019"}],"wp:term":[{"taxonomy":"category","embeddable":true,"href":"https:\/\/aconteceunovale.com.br\/portal\/index.php?rest_route=%2Fwp%2Fv2%2Fcategories&post=152019"},{"taxonomy":"post_tag","embeddable":true,"href":"https:\/\/aconteceunovale.com.br\/portal\/index.php?rest_route=%2Fwp%2Fv2%2Ftags&post=152019"}],"curies":[{"name":"wp","href":"https:\/\/api.w.org\/{rel}","templated":true}]}}