{"id":152016,"date":"2019-09-01T19:32:26","date_gmt":"2019-09-01T22:32:26","guid":{"rendered":"http:\/\/aconteceunovale.com.br\/portal\/?p=152016"},"modified":"2019-09-01T19:34:12","modified_gmt":"2019-09-01T22:34:12","slug":"fazendeiros-sao-condenados-por-manter-trabalhador-em-situacao-analoga-a-de-escravo-no-norte-de-minas","status":"publish","type":"post","link":"https:\/\/aconteceunovale.com.br\/portal\/?p=152016","title":{"rendered":"Fazendeiros s\u00e3o condenados por manter trabalhador em situa\u00e7\u00e3o an\u00e1loga \u00e0 de escravo no Norte de Minas"},"content":{"rendered":"\n<p class=\"wp-block-paragraph\">Mesmo ap\u00f3s 131 anos da assinatura da Lei \u00c1urea, ainda \u00e9 comum encontrar no Brasil a pr\u00e1tica de trabalho an\u00e1logo \u00e0 escravid\u00e3o. Em uma fazenda localizada na cidade de V\u00e1rzea da Palma, no Norte de Minas Gerais, tr\u00eas propriet\u00e1rios de uma carvoaria foram condenados a pagar R$ 10 mil de indeniza\u00e7\u00e3o por danos morais a empregado que era mantido em condi\u00e7\u00e3o degradante de trabalho, an\u00e1loga \u00e0 de escravo.<\/p>\n\n\n\n<p class=\"wp-block-paragraph\">O profissional prestou servi\u00e7o na carvoaria por seis meses e, ao propor a\u00e7\u00e3o judicial, alegou que estava submetido a um ambiente de trabalho inseguro: sem condi\u00e7\u00f5es adequadas para uso dos banheiros e para alimenta\u00e7\u00e3o, sem receber equipamentos de prote\u00e7\u00e3o e sal\u00e1rio, e, ainda, sem ter assinada a Carteira de Trabalho e Previd\u00eancia Social (CTPS). Diante da situa\u00e7\u00e3o degradante, que se estendia tamb\u00e9m aos demais trabalhadores, a carvoaria foi alvo de fiscaliza\u00e7\u00e3o e de a\u00e7\u00e3o civil p\u00fablica ajuizada pelo Minist\u00e9rio P\u00fablico do Trabalho contra os propriet\u00e1rios.<\/p>\n\n\n\n<p class=\"wp-block-paragraph\">Um carvoeiro ouvido pelo MPT afirmou que estava vivendo uma \u201cvida de cachorro\u201d;&nbsp;<em>\u201c<\/em>que estava sem receber alimenta\u00e7\u00e3o digna na fazenda e o acerto<em>\u201d<\/em>. Outra testemunha confirmou que, desde o in\u00edcio dos trabalhos, n\u00e3o recebia sal\u00e1rios, equipamentos de prote\u00e7\u00e3o e \u00e1gua pot\u00e1vel. E que, nos \u00faltimos dias, estava usando \u00e1gua de chuva para beber, tomar banho e at\u00e9 cozinhar.<\/p>\n\n\n\n<p class=\"wp-block-paragraph\">Diante da falta de \u00e1gua, um empregado contou que eles j\u00e1 ficaram sem fazer refei\u00e7\u00e3o, que era preparada no alojamento em condi\u00e7\u00f5es prec\u00e1rias de higiene. O sanit\u00e1rio tamb\u00e9m era outro problema na carvoaria. Os empregados alegaram que, como n\u00e3o existia banheiro em funcionamento, eram obrigados a fazer suas necessidades fisiol\u00f3gicas no campo. Um depoente alegou ao MPT que s\u00f3 n\u00e3o foi embora do servi\u00e7o pelo receio de nunca receber as verbas trabalhistas atrasadas.<\/p>\n\n\n\n<p class=\"wp-block-paragraph\"><strong>Decis\u00e3o &#8211;\u00a0<\/strong>Em primeiro grau, o ju\u00edzo da Vara do Trabalho de Pirapora julgou procedente o pedido do trabalhador de rescis\u00e3o indireta do contrato de trabalho, com o pagamento das verbas rescis\u00f3rias devidas. Mas, inconformado, um dos propriet\u00e1rios da carvoaria recorreu, contestando t\u00f3picos como o dano moral. Por\u00e9m, diante do conjunto de provas, o juiz convocado da Terceira Turma do TRT-MG, Delane Marcolino Ferreira, relator no processo, manteve a decis\u00e3o recorrida no tocante \u00e0 indeniza\u00e7\u00e3o de R$ 10 mil. Em sua decis\u00e3o, o relator levou em considera\u00e7\u00e3o o alcance da les\u00e3o, a gravidade da culpa e o car\u00e1ter pedag\u00f3gico da medida. Pelos documentos apresentados no processo, o magistrado concluiu que houve sim conduta lesiva por parte dos fazendeiros.<\/p>\n\n\n\n<p class=\"has-text-color has-background has-very-light-gray-color has-vivid-red-background-color wp-block-paragraph\"><strong>VER PRIMEIRO: <\/strong>Receba as not\u00edcias do Aconteceu no Vale em primeira m\u00e3o. Clique em curtir no endere\u00e7o <a href=\"https:\/\/www.facebook.com\/aconteceunovale\" target=\"_blank\" rel=\"noreferrer noopener\">www.facebook.com\/aconteceunovale<\/a>.<\/p>\n","protected":false},"excerpt":{"rendered":"<p>Mesmo ap\u00f3s 131 anos da assinatura da Lei \u00c1urea, ainda \u00e9 comum encontrar no Brasil a pr\u00e1tica de trabalho an\u00e1logo \u00e0 escravid\u00e3o. Em uma fazenda localizada na cidade de V\u00e1rzea da Palma, no Norte de Minas Gerais, tr\u00eas propriet\u00e1rios de uma carvoaria foram condenados a pagar R$ 10 mil de indeniza\u00e7\u00e3o por danos morais a [&hellip;]<\/p>\n","protected":false},"author":1,"featured_media":97696,"comment_status":"open","ping_status":"closed","sticky":false,"template":"","format":"standard","meta":{"amp_status":"","footnotes":""},"categories":[40236,1236],"tags":[136180,206289,1018,206290,179501,128066,86212,254,206288,63697,206291,1340],"class_list":["post-152016","post","type-post","status-publish","format-standard","has-post-thumbnail","hentry","category-empregos-2","category-norte_de_minas","tag-ctps","tag-delane-marcolino-ferreira","tag-destaque","tag-fazendeiros-sao-condenados-por-manter-trabalhador-em-situacao-analoga-a-de-escravo-no-norte-de-minas","tag-lei-aurea","tag-ministerio-publico-do-trabalho","tag-mpt","tag-pirapora","tag-trabalho-analogo-a-escravidao-em-varzea-da-palma","tag-trt-mg","tag-vara-do-trabalho-de-pirapora","tag-varzea-da-palma"],"yoast_head":"<!-- This site is optimized with the Yoast SEO plugin v28.3 - https:\/\/yoast.com\/product\/yoast-seo-wordpress\/ -->\n<title>Fazendeiros s\u00e3o condenados por manter trabalhador em situa\u00e7\u00e3o an\u00e1loga \u00e0 de escravo no Norte de Minas - Aconteceu no Vale<\/title>\n<meta name=\"robots\" content=\"index, follow, max-snippet:-1, max-image-preview:large, max-video-preview:-1\" \/>\n<link rel=\"canonical\" href=\"https:\/\/aconteceunovale.com.br\/portal\/?p=152016\" \/>\n<meta property=\"og:locale\" content=\"pt_BR\" \/>\n<meta property=\"og:type\" content=\"article\" \/>\n<meta property=\"og:title\" content=\"Fazendeiros s\u00e3o condenados por manter trabalhador em situa\u00e7\u00e3o an\u00e1loga \u00e0 de escravo no Norte de Minas - Aconteceu no Vale\" \/>\n<meta property=\"og:description\" content=\"Mesmo ap\u00f3s 131 anos da assinatura da Lei \u00c1urea, ainda \u00e9 comum encontrar no Brasil a pr\u00e1tica de trabalho an\u00e1logo \u00e0 escravid\u00e3o. Em uma fazenda localizada na cidade de V\u00e1rzea da Palma, no Norte de Minas Gerais, tr\u00eas propriet\u00e1rios de uma carvoaria foram condenados a pagar R$ 10 mil de indeniza\u00e7\u00e3o por danos morais a [&hellip;]\" \/>\n<meta property=\"og:url\" content=\"https:\/\/aconteceunovale.com.br\/portal\/?p=152016\" \/>\n<meta property=\"og:site_name\" content=\"Aconteceu no Vale\" \/>\n<meta property=\"article:publisher\" content=\"https:\/\/www.facebook.com\/aconteceunovale\/\" \/>\n<meta property=\"article:published_time\" content=\"2019-09-01T22:32:26+00:00\" \/>\n<meta property=\"article:modified_time\" content=\"2019-09-01T22:34:12+00:00\" \/>\n<meta property=\"og:image\" content=\"https:\/\/aconteceunovale.com.br\/portal\/wp-content\/uploads\/2016\/09\/operacao_carvoarias_4.jpg\" \/>\n\t<meta property=\"og:image:width\" content=\"600\" \/>\n\t<meta property=\"og:image:height\" content=\"450\" \/>\n\t<meta property=\"og:image:type\" content=\"image\/jpeg\" \/>\n<meta name=\"author\" content=\"Aconteceu no Vale\" \/>\n<meta name=\"twitter:card\" content=\"summary_large_image\" \/>\n<meta name=\"twitter:creator\" content=\"@noticiadosvales\" \/>\n<meta name=\"twitter:site\" content=\"@noticiadosvales\" \/>\n<meta name=\"twitter:label1\" content=\"Escrito por\" \/>\n\t<meta name=\"twitter:data1\" content=\"Aconteceu no Vale\" \/>\n\t<meta name=\"twitter:label2\" content=\"Est. tempo de leitura\" \/>\n\t<meta name=\"twitter:data2\" content=\"2 minutos\" \/>\n<script type=\"application\/ld+json\" class=\"yoast-schema-graph\">{\"@context\":\"https:\\\/\\\/schema.org\",\"@graph\":[{\"@type\":\"Article\",\"@id\":\"https:\\\/\\\/aconteceunovale.com.br\\\/portal\\\/?p=152016#article\",\"isPartOf\":{\"@id\":\"https:\\\/\\\/aconteceunovale.com.br\\\/portal\\\/?p=152016\"},\"author\":{\"name\":\"Aconteceu no Vale\",\"@id\":\"https:\\\/\\\/aconteceunovale.com.br\\\/portal\\\/#\\\/schema\\\/person\\\/633529146f2c94272bef50ac2953d589\"},\"headline\":\"Fazendeiros s\u00e3o condenados por manter trabalhador em situa\u00e7\u00e3o an\u00e1loga \u00e0 de escravo no Norte de Minas\",\"datePublished\":\"2019-09-01T22:32:26+00:00\",\"dateModified\":\"2019-09-01T22:34:12+00:00\",\"mainEntityOfPage\":{\"@id\":\"https:\\\/\\\/aconteceunovale.com.br\\\/portal\\\/?p=152016\"},\"wordCount\":493,\"commentCount\":0,\"image\":{\"@id\":\"https:\\\/\\\/aconteceunovale.com.br\\\/portal\\\/?p=152016#primaryimage\"},\"thumbnailUrl\":\"https:\\\/\\\/aconteceunovale.com.br\\\/portal\\\/wp-content\\\/uploads\\\/2016\\\/09\\\/operacao_carvoarias_4.jpg\",\"keywords\":[\"CTPS\",\"Delane Marcolino Ferreira\",\"destaque\",\"Fazendeiros s\u00e3o condenados por manter trabalhador em situa\u00e7\u00e3o an\u00e1loga \u00e0 de escravo no Norte de Minas\",\"Lei \u00c1urea\",\"Minist\u00e9rio P\u00fablico do Trabalho\",\"MPT\",\"Pirapora\",\"Trabalho an\u00e1logo \u00e0 escravid\u00e3o em V\u00e1rzea da Palma\",\"TRT-MG\",\"Vara do Trabalho de Pirapora\",\"v\u00e1rzea da palma\"],\"articleSection\":[\"Empregos\",\"Norte de Minas\"],\"inLanguage\":\"pt-BR\",\"potentialAction\":[{\"@type\":\"CommentAction\",\"name\":\"Comment\",\"target\":[\"https:\\\/\\\/aconteceunovale.com.br\\\/portal\\\/?p=152016#respond\"]}]},{\"@type\":\"WebPage\",\"@id\":\"https:\\\/\\\/aconteceunovale.com.br\\\/portal\\\/?p=152016\",\"url\":\"https:\\\/\\\/aconteceunovale.com.br\\\/portal\\\/?p=152016\",\"name\":\"Fazendeiros s\u00e3o condenados por manter trabalhador em situa\u00e7\u00e3o an\u00e1loga \u00e0 de escravo no Norte de Minas - Aconteceu no Vale\",\"isPartOf\":{\"@id\":\"https:\\\/\\\/aconteceunovale.com.br\\\/portal\\\/#website\"},\"primaryImageOfPage\":{\"@id\":\"https:\\\/\\\/aconteceunovale.com.br\\\/portal\\\/?p=152016#primaryimage\"},\"image\":{\"@id\":\"https:\\\/\\\/aconteceunovale.com.br\\\/portal\\\/?p=152016#primaryimage\"},\"thumbnailUrl\":\"https:\\\/\\\/aconteceunovale.com.br\\\/portal\\\/wp-content\\\/uploads\\\/2016\\\/09\\\/operacao_carvoarias_4.jpg\",\"datePublished\":\"2019-09-01T22:32:26+00:00\",\"dateModified\":\"2019-09-01T22:34:12+00:00\",\"author\":{\"@id\":\"https:\\\/\\\/aconteceunovale.com.br\\\/portal\\\/#\\\/schema\\\/person\\\/633529146f2c94272bef50ac2953d589\"},\"breadcrumb\":{\"@id\":\"https:\\\/\\\/aconteceunovale.com.br\\\/portal\\\/?p=152016#breadcrumb\"},\"inLanguage\":\"pt-BR\",\"potentialAction\":[{\"@type\":\"ReadAction\",\"target\":[\"https:\\\/\\\/aconteceunovale.com.br\\\/portal\\\/?p=152016\"]}]},{\"@type\":\"ImageObject\",\"inLanguage\":\"pt-BR\",\"@id\":\"https:\\\/\\\/aconteceunovale.com.br\\\/portal\\\/?p=152016#primaryimage\",\"url\":\"https:\\\/\\\/aconteceunovale.com.br\\\/portal\\\/wp-content\\\/uploads\\\/2016\\\/09\\\/operacao_carvoarias_4.jpg\",\"contentUrl\":\"https:\\\/\\\/aconteceunovale.com.br\\\/portal\\\/wp-content\\\/uploads\\\/2016\\\/09\\\/operacao_carvoarias_4.jpg\",\"width\":600,\"height\":450},{\"@type\":\"BreadcrumbList\",\"@id\":\"https:\\\/\\\/aconteceunovale.com.br\\\/portal\\\/?p=152016#breadcrumb\",\"itemListElement\":[{\"@type\":\"ListItem\",\"position\":1,\"name\":\"In\u00edcio\",\"item\":\"https:\\\/\\\/aconteceunovale.com.br\\\/portal\\\/\"},{\"@type\":\"ListItem\",\"position\":2,\"name\":\"Fazendeiros s\u00e3o condenados por manter trabalhador em situa\u00e7\u00e3o an\u00e1loga \u00e0 de escravo no Norte de Minas\"}]},{\"@type\":\"WebSite\",\"@id\":\"https:\\\/\\\/aconteceunovale.com.br\\\/portal\\\/#website\",\"url\":\"https:\\\/\\\/aconteceunovale.com.br\\\/portal\\\/\",\"name\":\"Aconteceu no Vale\",\"description\":\"Portal de Not\u00edcias\",\"potentialAction\":[{\"@type\":\"SearchAction\",\"target\":{\"@type\":\"EntryPoint\",\"urlTemplate\":\"https:\\\/\\\/aconteceunovale.com.br\\\/portal\\\/?s={search_term_string}\"},\"query-input\":{\"@type\":\"PropertyValueSpecification\",\"valueRequired\":true,\"valueName\":\"search_term_string\"}}],\"inLanguage\":\"pt-BR\"},{\"@type\":\"Person\",\"@id\":\"https:\\\/\\\/aconteceunovale.com.br\\\/portal\\\/#\\\/schema\\\/person\\\/633529146f2c94272bef50ac2953d589\",\"name\":\"Aconteceu no Vale\",\"description\":\"Equipe de reportagem do Aconteceu no Vale, portal de not\u00edcias do Vale do Jequitinhonha, em Minas Gerais. Cobrimos as 51 cidades do Vale desde 2013. Sugest\u00f5es de pauta e pedidos de corre\u00e7\u00e3o: contato@aconteceunovale.com.br\",\"sameAs\":[\"http:\\\/\\\/www.aconteceunovale.com.br\"],\"url\":\"https:\\\/\\\/aconteceunovale.com.br\\\/portal\\\/?author=1\"}]}<\/script>\n<!-- \/ Yoast SEO plugin. -->","yoast_head_json":{"title":"Fazendeiros s\u00e3o condenados por manter trabalhador em situa\u00e7\u00e3o an\u00e1loga \u00e0 de escravo no Norte de Minas - Aconteceu no Vale","robots":{"index":"index","follow":"follow","max-snippet":"max-snippet:-1","max-image-preview":"max-image-preview:large","max-video-preview":"max-video-preview:-1"},"canonical":"https:\/\/aconteceunovale.com.br\/portal\/?p=152016","og_locale":"pt_BR","og_type":"article","og_title":"Fazendeiros s\u00e3o condenados por manter trabalhador em situa\u00e7\u00e3o an\u00e1loga \u00e0 de escravo no Norte de Minas - Aconteceu no Vale","og_description":"Mesmo ap\u00f3s 131 anos da assinatura da Lei \u00c1urea, ainda \u00e9 comum encontrar no Brasil a pr\u00e1tica de trabalho an\u00e1logo \u00e0 escravid\u00e3o. Em uma fazenda localizada na cidade de V\u00e1rzea da Palma, no Norte de Minas Gerais, tr\u00eas propriet\u00e1rios de uma carvoaria foram condenados a pagar R$ 10 mil de indeniza\u00e7\u00e3o por danos morais a [&hellip;]","og_url":"https:\/\/aconteceunovale.com.br\/portal\/?p=152016","og_site_name":"Aconteceu no Vale","article_publisher":"https:\/\/www.facebook.com\/aconteceunovale\/","article_published_time":"2019-09-01T22:32:26+00:00","article_modified_time":"2019-09-01T22:34:12+00:00","og_image":[{"width":600,"height":450,"url":"https:\/\/aconteceunovale.com.br\/portal\/wp-content\/uploads\/2016\/09\/operacao_carvoarias_4.jpg","type":"image\/jpeg"}],"author":"Aconteceu no Vale","twitter_card":"summary_large_image","twitter_creator":"@noticiadosvales","twitter_site":"@noticiadosvales","twitter_misc":{"Escrito por":"Aconteceu no Vale","Est. tempo de leitura":"2 minutos"},"schema":{"@context":"https:\/\/schema.org","@graph":[{"@type":"Article","@id":"https:\/\/aconteceunovale.com.br\/portal\/?p=152016#article","isPartOf":{"@id":"https:\/\/aconteceunovale.com.br\/portal\/?p=152016"},"author":{"name":"Aconteceu no Vale","@id":"https:\/\/aconteceunovale.com.br\/portal\/#\/schema\/person\/633529146f2c94272bef50ac2953d589"},"headline":"Fazendeiros s\u00e3o condenados por manter trabalhador em situa\u00e7\u00e3o an\u00e1loga \u00e0 de escravo no Norte de Minas","datePublished":"2019-09-01T22:32:26+00:00","dateModified":"2019-09-01T22:34:12+00:00","mainEntityOfPage":{"@id":"https:\/\/aconteceunovale.com.br\/portal\/?p=152016"},"wordCount":493,"commentCount":0,"image":{"@id":"https:\/\/aconteceunovale.com.br\/portal\/?p=152016#primaryimage"},"thumbnailUrl":"https:\/\/aconteceunovale.com.br\/portal\/wp-content\/uploads\/2016\/09\/operacao_carvoarias_4.jpg","keywords":["CTPS","Delane Marcolino Ferreira","destaque","Fazendeiros s\u00e3o condenados por manter trabalhador em situa\u00e7\u00e3o an\u00e1loga \u00e0 de escravo no Norte de Minas","Lei \u00c1urea","Minist\u00e9rio P\u00fablico do Trabalho","MPT","Pirapora","Trabalho an\u00e1logo \u00e0 escravid\u00e3o em V\u00e1rzea da Palma","TRT-MG","Vara do Trabalho de Pirapora","v\u00e1rzea da palma"],"articleSection":["Empregos","Norte de Minas"],"inLanguage":"pt-BR","potentialAction":[{"@type":"CommentAction","name":"Comment","target":["https:\/\/aconteceunovale.com.br\/portal\/?p=152016#respond"]}]},{"@type":"WebPage","@id":"https:\/\/aconteceunovale.com.br\/portal\/?p=152016","url":"https:\/\/aconteceunovale.com.br\/portal\/?p=152016","name":"Fazendeiros s\u00e3o condenados por manter trabalhador em situa\u00e7\u00e3o an\u00e1loga \u00e0 de escravo no Norte de Minas - Aconteceu no Vale","isPartOf":{"@id":"https:\/\/aconteceunovale.com.br\/portal\/#website"},"primaryImageOfPage":{"@id":"https:\/\/aconteceunovale.com.br\/portal\/?p=152016#primaryimage"},"image":{"@id":"https:\/\/aconteceunovale.com.br\/portal\/?p=152016#primaryimage"},"thumbnailUrl":"https:\/\/aconteceunovale.com.br\/portal\/wp-content\/uploads\/2016\/09\/operacao_carvoarias_4.jpg","datePublished":"2019-09-01T22:32:26+00:00","dateModified":"2019-09-01T22:34:12+00:00","author":{"@id":"https:\/\/aconteceunovale.com.br\/portal\/#\/schema\/person\/633529146f2c94272bef50ac2953d589"},"breadcrumb":{"@id":"https:\/\/aconteceunovale.com.br\/portal\/?p=152016#breadcrumb"},"inLanguage":"pt-BR","potentialAction":[{"@type":"ReadAction","target":["https:\/\/aconteceunovale.com.br\/portal\/?p=152016"]}]},{"@type":"ImageObject","inLanguage":"pt-BR","@id":"https:\/\/aconteceunovale.com.br\/portal\/?p=152016#primaryimage","url":"https:\/\/aconteceunovale.com.br\/portal\/wp-content\/uploads\/2016\/09\/operacao_carvoarias_4.jpg","contentUrl":"https:\/\/aconteceunovale.com.br\/portal\/wp-content\/uploads\/2016\/09\/operacao_carvoarias_4.jpg","width":600,"height":450},{"@type":"BreadcrumbList","@id":"https:\/\/aconteceunovale.com.br\/portal\/?p=152016#breadcrumb","itemListElement":[{"@type":"ListItem","position":1,"name":"In\u00edcio","item":"https:\/\/aconteceunovale.com.br\/portal\/"},{"@type":"ListItem","position":2,"name":"Fazendeiros s\u00e3o condenados por manter trabalhador em situa\u00e7\u00e3o an\u00e1loga \u00e0 de escravo no Norte de Minas"}]},{"@type":"WebSite","@id":"https:\/\/aconteceunovale.com.br\/portal\/#website","url":"https:\/\/aconteceunovale.com.br\/portal\/","name":"Aconteceu no Vale","description":"Portal de Not\u00edcias","potentialAction":[{"@type":"SearchAction","target":{"@type":"EntryPoint","urlTemplate":"https:\/\/aconteceunovale.com.br\/portal\/?s={search_term_string}"},"query-input":{"@type":"PropertyValueSpecification","valueRequired":true,"valueName":"search_term_string"}}],"inLanguage":"pt-BR"},{"@type":"Person","@id":"https:\/\/aconteceunovale.com.br\/portal\/#\/schema\/person\/633529146f2c94272bef50ac2953d589","name":"Aconteceu no Vale","description":"Equipe de reportagem do Aconteceu no Vale, portal de not\u00edcias do Vale do Jequitinhonha, em Minas Gerais. Cobrimos as 51 cidades do Vale desde 2013. Sugest\u00f5es de pauta e pedidos de corre\u00e7\u00e3o: contato@aconteceunovale.com.br","sameAs":["http:\/\/www.aconteceunovale.com.br"],"url":"https:\/\/aconteceunovale.com.br\/portal\/?author=1"}]}},"_links":{"self":[{"href":"https:\/\/aconteceunovale.com.br\/portal\/index.php?rest_route=\/wp\/v2\/posts\/152016","targetHints":{"allow":["GET"]}}],"collection":[{"href":"https:\/\/aconteceunovale.com.br\/portal\/index.php?rest_route=\/wp\/v2\/posts"}],"about":[{"href":"https:\/\/aconteceunovale.com.br\/portal\/index.php?rest_route=\/wp\/v2\/types\/post"}],"author":[{"embeddable":true,"href":"https:\/\/aconteceunovale.com.br\/portal\/index.php?rest_route=\/wp\/v2\/users\/1"}],"replies":[{"embeddable":true,"href":"https:\/\/aconteceunovale.com.br\/portal\/index.php?rest_route=%2Fwp%2Fv2%2Fcomments&post=152016"}],"version-history":[{"count":2,"href":"https:\/\/aconteceunovale.com.br\/portal\/index.php?rest_route=\/wp\/v2\/posts\/152016\/revisions"}],"predecessor-version":[{"id":152018,"href":"https:\/\/aconteceunovale.com.br\/portal\/index.php?rest_route=\/wp\/v2\/posts\/152016\/revisions\/152018"}],"wp:featuredmedia":[{"embeddable":true,"href":"https:\/\/aconteceunovale.com.br\/portal\/index.php?rest_route=\/wp\/v2\/media\/97696"}],"wp:attachment":[{"href":"https:\/\/aconteceunovale.com.br\/portal\/index.php?rest_route=%2Fwp%2Fv2%2Fmedia&parent=152016"}],"wp:term":[{"taxonomy":"category","embeddable":true,"href":"https:\/\/aconteceunovale.com.br\/portal\/index.php?rest_route=%2Fwp%2Fv2%2Fcategories&post=152016"},{"taxonomy":"post_tag","embeddable":true,"href":"https:\/\/aconteceunovale.com.br\/portal\/index.php?rest_route=%2Fwp%2Fv2%2Ftags&post=152016"}],"curies":[{"name":"wp","href":"https:\/\/api.w.org\/{rel}","templated":true}]}}