{"id":151997,"date":"2019-09-01T12:07:23","date_gmt":"2019-09-01T15:07:23","guid":{"rendered":"http:\/\/aconteceunovale.com.br\/portal\/?p=151997"},"modified":"2019-09-01T12:12:11","modified_gmt":"2019-09-01T15:12:11","slug":"acidente-entre-moto-e-caminhao-deixa-um-morto-no-municipio-de-conceicao-do-mato-dentro","status":"publish","type":"post","link":"https:\/\/aconteceunovale.com.br\/portal\/?p=151997","title":{"rendered":"Acidente entre moto e caminh\u00e3o deixa um morto no munic\u00edpio de Concei\u00e7\u00e3o do Mato Dentro"},"content":{"rendered":"\n<p class=\"wp-block-paragraph\">Um homem de 33 anos morreu em um acidente em Itacolomi, munic\u00edpio de Concei\u00e7\u00e3o do Mato Dentro (MG), na manh\u00e3 de s\u00e1bado (31\/08\/2019). Segundo a Pol\u00edcia Militar, um caminh\u00e3o realizava entregas em com\u00e9rcios do distrito e, ao passar pela rua Pedro Peixoto, em uma curva para acessar outra via, o motorista foi surpreendido pela motocicleta na dire\u00e7\u00e3o contr\u00e1ria. <\/p>\n\n\n\n<p class=\"wp-block-paragraph\">Alberto M\u00e1rio Santana acabou colidindo lateralmente no caminh\u00e3o. O motorista parou e prestou socorro, levando o motociclista em um carro particular at\u00e9 a Unidade de Pronto Atendimento (UPA) de Concei\u00e7\u00e3o do Mato Dentro, mas o homem morreu pouco depois de dar entrada na casa de sa\u00fade. <\/p>\n\n\n\n<p class=\"wp-block-paragraph\">Ainda segundo a Pol\u00edcia Militar, Alberto n\u00e3o possu\u00eda habilita\u00e7\u00e3o para conduzir motocicleta. O ve\u00edculo foi removido. <\/p>\n\n\n\n<p class=\"wp-block-paragraph\">O corpo foi encaminhado ao Instituto M\u00e9dico Legal (IML) de Diamantina e, ap\u00f3s exames, liberado aos familiares. As causas do acidente ser\u00e3o apuradas.<\/p>\n","protected":false},"excerpt":{"rendered":"<p>Um homem de 33 anos morreu em um acidente em Itacolomi, munic\u00edpio de Concei\u00e7\u00e3o do Mato Dentro (MG), na manh\u00e3 de s\u00e1bado (31\/08\/2019). Segundo a Pol\u00edcia Militar, um caminh\u00e3o realizava entregas em com\u00e9rcios do distrito e, ao passar pela rua Pedro Peixoto, em uma curva para acessar outra via, o motorista foi surpreendido pela motocicleta [&hellip;]<\/p>\n","protected":false},"author":4,"featured_media":151866,"comment_status":"open","ping_status":"closed","sticky":false,"template":"","format":"standard","meta":{"amp_status":"","footnotes":""},"categories":[123],"tags":[25213,206281,206282,206283,628,76445],"class_list":["post-151997","post","type-post","status-publish","format-standard","has-post-thumbnail","hentry","category-gerais","tag-acidente-em-conceicao-do-mato-dentro","tag-acidente-em-itacolomi","tag-acidente-entre-moto-e-caminhao-deixa-um-morto-no-municipio-de-conceicao-do-mato-dentro","tag-alberto-mario-santana","tag-conceicao-do-mato-dentro","tag-itacolomi"],"yoast_head":"<!-- This site is optimized with the Yoast SEO plugin v28.3 - https:\/\/yoast.com\/product\/yoast-seo-wordpress\/ -->\n<title>Acidente entre moto e caminh\u00e3o deixa um morto no munic\u00edpio de Concei\u00e7\u00e3o do Mato Dentro - Aconteceu no Vale<\/title>\n<meta name=\"robots\" content=\"index, follow, max-snippet:-1, max-image-preview:large, max-video-preview:-1\" \/>\n<link rel=\"canonical\" href=\"https:\/\/aconteceunovale.com.br\/portal\/?p=151997\" \/>\n<meta property=\"og:locale\" content=\"pt_BR\" \/>\n<meta property=\"og:type\" content=\"article\" \/>\n<meta property=\"og:title\" content=\"Acidente entre moto e caminh\u00e3o deixa um morto no munic\u00edpio de Concei\u00e7\u00e3o do Mato Dentro - Aconteceu no Vale\" \/>\n<meta property=\"og:description\" content=\"Um homem de 33 anos morreu em um acidente em Itacolomi, munic\u00edpio de Concei\u00e7\u00e3o do Mato Dentro (MG), na manh\u00e3 de s\u00e1bado (31\/08\/2019). Segundo a Pol\u00edcia Militar, um caminh\u00e3o realizava entregas em com\u00e9rcios do distrito e, ao passar pela rua Pedro Peixoto, em uma curva para acessar outra via, o motorista foi surpreendido pela motocicleta [&hellip;]\" \/>\n<meta property=\"og:url\" content=\"https:\/\/aconteceunovale.com.br\/portal\/?p=151997\" \/>\n<meta property=\"og:site_name\" content=\"Aconteceu no Vale\" \/>\n<meta property=\"article:publisher\" content=\"https:\/\/www.facebook.com\/aconteceunovale\/\" \/>\n<meta property=\"article:published_time\" content=\"2019-09-01T15:07:23+00:00\" \/>\n<meta property=\"article:modified_time\" content=\"2019-09-01T15:12:11+00:00\" \/>\n<meta property=\"og:image\" content=\"https:\/\/aconteceunovale.com.br\/portal\/wp-content\/uploads\/2019\/08\/plantao_giroflex.jpg\" \/>\n\t<meta property=\"og:image:width\" content=\"678\" \/>\n\t<meta property=\"og:image:height\" content=\"430\" \/>\n\t<meta property=\"og:image:type\" content=\"image\/jpeg\" \/>\n<meta name=\"author\" content=\"Reda\u00e7\u00e3o Aconteceu no Vale\" \/>\n<meta name=\"twitter:card\" content=\"summary_large_image\" \/>\n<meta name=\"twitter:creator\" content=\"@noticiadosvales\" \/>\n<meta name=\"twitter:site\" content=\"@noticiadosvales\" \/>\n<meta name=\"twitter:label1\" content=\"Escrito por\" \/>\n\t<meta name=\"twitter:data1\" content=\"Reda\u00e7\u00e3o Aconteceu no Vale\" \/>\n\t<meta name=\"twitter:label2\" content=\"Est. tempo de leitura\" \/>\n\t<meta name=\"twitter:data2\" content=\"1 minuto\" \/>\n<script type=\"application\/ld+json\" class=\"yoast-schema-graph\">{\"@context\":\"https:\\\/\\\/schema.org\",\"@graph\":[{\"@type\":\"Article\",\"@id\":\"https:\\\/\\\/aconteceunovale.com.br\\\/portal\\\/?p=151997#article\",\"isPartOf\":{\"@id\":\"https:\\\/\\\/aconteceunovale.com.br\\\/portal\\\/?p=151997\"},\"author\":{\"name\":\"Reda\u00e7\u00e3o Aconteceu no Vale\",\"@id\":\"https:\\\/\\\/aconteceunovale.com.br\\\/portal\\\/#\\\/schema\\\/person\\\/7d2f26d1483f8a63de73da1ee0754d35\"},\"headline\":\"Acidente entre moto e caminh\u00e3o deixa um morto no munic\u00edpio de Concei\u00e7\u00e3o do Mato Dentro\",\"datePublished\":\"2019-09-01T15:07:23+00:00\",\"dateModified\":\"2019-09-01T15:12:11+00:00\",\"mainEntityOfPage\":{\"@id\":\"https:\\\/\\\/aconteceunovale.com.br\\\/portal\\\/?p=151997\"},\"wordCount\":179,\"commentCount\":0,\"image\":{\"@id\":\"https:\\\/\\\/aconteceunovale.com.br\\\/portal\\\/?p=151997#primaryimage\"},\"thumbnailUrl\":\"https:\\\/\\\/aconteceunovale.com.br\\\/portal\\\/wp-content\\\/uploads\\\/2019\\\/08\\\/plantao_giroflex.jpg\",\"keywords\":[\"acidente em concei\u00e7\u00e3o do mato dentro\",\"Acidente em Itacolomi\",\"Acidente entre moto e caminh\u00e3o deixa um morto no munic\u00edpio de Concei\u00e7\u00e3o do Mato Dentro\",\"Alberto M\u00e1rio Santana\",\"Concei\u00e7\u00e3o do Mato Dentro\",\"Itacolomi\"],\"articleSection\":[\"Minas Gerais\"],\"inLanguage\":\"pt-BR\",\"potentialAction\":[{\"@type\":\"CommentAction\",\"name\":\"Comment\",\"target\":[\"https:\\\/\\\/aconteceunovale.com.br\\\/portal\\\/?p=151997#respond\"]}]},{\"@type\":\"WebPage\",\"@id\":\"https:\\\/\\\/aconteceunovale.com.br\\\/portal\\\/?p=151997\",\"url\":\"https:\\\/\\\/aconteceunovale.com.br\\\/portal\\\/?p=151997\",\"name\":\"Acidente entre moto e caminh\u00e3o deixa um morto no munic\u00edpio de Concei\u00e7\u00e3o do Mato Dentro - Aconteceu no Vale\",\"isPartOf\":{\"@id\":\"https:\\\/\\\/aconteceunovale.com.br\\\/portal\\\/#website\"},\"primaryImageOfPage\":{\"@id\":\"https:\\\/\\\/aconteceunovale.com.br\\\/portal\\\/?p=151997#primaryimage\"},\"image\":{\"@id\":\"https:\\\/\\\/aconteceunovale.com.br\\\/portal\\\/?p=151997#primaryimage\"},\"thumbnailUrl\":\"https:\\\/\\\/aconteceunovale.com.br\\\/portal\\\/wp-content\\\/uploads\\\/2019\\\/08\\\/plantao_giroflex.jpg\",\"datePublished\":\"2019-09-01T15:07:23+00:00\",\"dateModified\":\"2019-09-01T15:12:11+00:00\",\"author\":{\"@id\":\"https:\\\/\\\/aconteceunovale.com.br\\\/portal\\\/#\\\/schema\\\/person\\\/7d2f26d1483f8a63de73da1ee0754d35\"},\"breadcrumb\":{\"@id\":\"https:\\\/\\\/aconteceunovale.com.br\\\/portal\\\/?p=151997#breadcrumb\"},\"inLanguage\":\"pt-BR\",\"potentialAction\":[{\"@type\":\"ReadAction\",\"target\":[\"https:\\\/\\\/aconteceunovale.com.br\\\/portal\\\/?p=151997\"]}]},{\"@type\":\"ImageObject\",\"inLanguage\":\"pt-BR\",\"@id\":\"https:\\\/\\\/aconteceunovale.com.br\\\/portal\\\/?p=151997#primaryimage\",\"url\":\"https:\\\/\\\/aconteceunovale.com.br\\\/portal\\\/wp-content\\\/uploads\\\/2019\\\/08\\\/plantao_giroflex.jpg\",\"contentUrl\":\"https:\\\/\\\/aconteceunovale.com.br\\\/portal\\\/wp-content\\\/uploads\\\/2019\\\/08\\\/plantao_giroflex.jpg\",\"width\":678,\"height\":430},{\"@type\":\"BreadcrumbList\",\"@id\":\"https:\\\/\\\/aconteceunovale.com.br\\\/portal\\\/?p=151997#breadcrumb\",\"itemListElement\":[{\"@type\":\"ListItem\",\"position\":1,\"name\":\"In\u00edcio\",\"item\":\"https:\\\/\\\/aconteceunovale.com.br\\\/portal\\\/\"},{\"@type\":\"ListItem\",\"position\":2,\"name\":\"Acidente entre moto e caminh\u00e3o deixa um morto no munic\u00edpio de Concei\u00e7\u00e3o do Mato Dentro\"}]},{\"@type\":\"WebSite\",\"@id\":\"https:\\\/\\\/aconteceunovale.com.br\\\/portal\\\/#website\",\"url\":\"https:\\\/\\\/aconteceunovale.com.br\\\/portal\\\/\",\"name\":\"Aconteceu no Vale\",\"description\":\"Portal de Not\u00edcias\",\"potentialAction\":[{\"@type\":\"SearchAction\",\"target\":{\"@type\":\"EntryPoint\",\"urlTemplate\":\"https:\\\/\\\/aconteceunovale.com.br\\\/portal\\\/?s={search_term_string}\"},\"query-input\":{\"@type\":\"PropertyValueSpecification\",\"valueRequired\":true,\"valueName\":\"search_term_string\"}}],\"inLanguage\":\"pt-BR\"},{\"@type\":\"Person\",\"@id\":\"https:\\\/\\\/aconteceunovale.com.br\\\/portal\\\/#\\\/schema\\\/person\\\/7d2f26d1483f8a63de73da1ee0754d35\",\"name\":\"Reda\u00e7\u00e3o Aconteceu no Vale\",\"description\":\"Equipe de reportagem do Aconteceu no Vale, portal de not\u00edcias do Vale do Jequitinhonha, em Minas Gerais. Cobrimos as 51 cidades do Vale desde 2013. Sugest\u00f5es de pauta e pedidos de corre\u00e7\u00e3o: contato@aconteceunovale.com.br\",\"url\":\"https:\\\/\\\/aconteceunovale.com.br\\\/portal\\\/?author=4\"}]}<\/script>\n<!-- \/ Yoast SEO plugin. -->","yoast_head_json":{"title":"Acidente entre moto e caminh\u00e3o deixa um morto no munic\u00edpio de Concei\u00e7\u00e3o do Mato Dentro - Aconteceu no Vale","robots":{"index":"index","follow":"follow","max-snippet":"max-snippet:-1","max-image-preview":"max-image-preview:large","max-video-preview":"max-video-preview:-1"},"canonical":"https:\/\/aconteceunovale.com.br\/portal\/?p=151997","og_locale":"pt_BR","og_type":"article","og_title":"Acidente entre moto e caminh\u00e3o deixa um morto no munic\u00edpio de Concei\u00e7\u00e3o do Mato Dentro - Aconteceu no Vale","og_description":"Um homem de 33 anos morreu em um acidente em Itacolomi, munic\u00edpio de Concei\u00e7\u00e3o do Mato Dentro (MG), na manh\u00e3 de s\u00e1bado (31\/08\/2019). Segundo a Pol\u00edcia Militar, um caminh\u00e3o realizava entregas em com\u00e9rcios do distrito e, ao passar pela rua Pedro Peixoto, em uma curva para acessar outra via, o motorista foi surpreendido pela motocicleta [&hellip;]","og_url":"https:\/\/aconteceunovale.com.br\/portal\/?p=151997","og_site_name":"Aconteceu no Vale","article_publisher":"https:\/\/www.facebook.com\/aconteceunovale\/","article_published_time":"2019-09-01T15:07:23+00:00","article_modified_time":"2019-09-01T15:12:11+00:00","og_image":[{"width":678,"height":430,"url":"https:\/\/aconteceunovale.com.br\/portal\/wp-content\/uploads\/2019\/08\/plantao_giroflex.jpg","type":"image\/jpeg"}],"author":"Reda\u00e7\u00e3o Aconteceu no Vale","twitter_card":"summary_large_image","twitter_creator":"@noticiadosvales","twitter_site":"@noticiadosvales","twitter_misc":{"Escrito por":"Reda\u00e7\u00e3o Aconteceu no Vale","Est. tempo de leitura":"1 minuto"},"schema":{"@context":"https:\/\/schema.org","@graph":[{"@type":"Article","@id":"https:\/\/aconteceunovale.com.br\/portal\/?p=151997#article","isPartOf":{"@id":"https:\/\/aconteceunovale.com.br\/portal\/?p=151997"},"author":{"name":"Reda\u00e7\u00e3o Aconteceu no Vale","@id":"https:\/\/aconteceunovale.com.br\/portal\/#\/schema\/person\/7d2f26d1483f8a63de73da1ee0754d35"},"headline":"Acidente entre moto e caminh\u00e3o deixa um morto no munic\u00edpio de Concei\u00e7\u00e3o do Mato Dentro","datePublished":"2019-09-01T15:07:23+00:00","dateModified":"2019-09-01T15:12:11+00:00","mainEntityOfPage":{"@id":"https:\/\/aconteceunovale.com.br\/portal\/?p=151997"},"wordCount":179,"commentCount":0,"image":{"@id":"https:\/\/aconteceunovale.com.br\/portal\/?p=151997#primaryimage"},"thumbnailUrl":"https:\/\/aconteceunovale.com.br\/portal\/wp-content\/uploads\/2019\/08\/plantao_giroflex.jpg","keywords":["acidente em concei\u00e7\u00e3o do mato dentro","Acidente em Itacolomi","Acidente entre moto e caminh\u00e3o deixa um morto no munic\u00edpio de Concei\u00e7\u00e3o do Mato Dentro","Alberto M\u00e1rio Santana","Concei\u00e7\u00e3o do Mato Dentro","Itacolomi"],"articleSection":["Minas Gerais"],"inLanguage":"pt-BR","potentialAction":[{"@type":"CommentAction","name":"Comment","target":["https:\/\/aconteceunovale.com.br\/portal\/?p=151997#respond"]}]},{"@type":"WebPage","@id":"https:\/\/aconteceunovale.com.br\/portal\/?p=151997","url":"https:\/\/aconteceunovale.com.br\/portal\/?p=151997","name":"Acidente entre moto e caminh\u00e3o deixa um morto no munic\u00edpio de Concei\u00e7\u00e3o do Mato Dentro - Aconteceu no Vale","isPartOf":{"@id":"https:\/\/aconteceunovale.com.br\/portal\/#website"},"primaryImageOfPage":{"@id":"https:\/\/aconteceunovale.com.br\/portal\/?p=151997#primaryimage"},"image":{"@id":"https:\/\/aconteceunovale.com.br\/portal\/?p=151997#primaryimage"},"thumbnailUrl":"https:\/\/aconteceunovale.com.br\/portal\/wp-content\/uploads\/2019\/08\/plantao_giroflex.jpg","datePublished":"2019-09-01T15:07:23+00:00","dateModified":"2019-09-01T15:12:11+00:00","author":{"@id":"https:\/\/aconteceunovale.com.br\/portal\/#\/schema\/person\/7d2f26d1483f8a63de73da1ee0754d35"},"breadcrumb":{"@id":"https:\/\/aconteceunovale.com.br\/portal\/?p=151997#breadcrumb"},"inLanguage":"pt-BR","potentialAction":[{"@type":"ReadAction","target":["https:\/\/aconteceunovale.com.br\/portal\/?p=151997"]}]},{"@type":"ImageObject","inLanguage":"pt-BR","@id":"https:\/\/aconteceunovale.com.br\/portal\/?p=151997#primaryimage","url":"https:\/\/aconteceunovale.com.br\/portal\/wp-content\/uploads\/2019\/08\/plantao_giroflex.jpg","contentUrl":"https:\/\/aconteceunovale.com.br\/portal\/wp-content\/uploads\/2019\/08\/plantao_giroflex.jpg","width":678,"height":430},{"@type":"BreadcrumbList","@id":"https:\/\/aconteceunovale.com.br\/portal\/?p=151997#breadcrumb","itemListElement":[{"@type":"ListItem","position":1,"name":"In\u00edcio","item":"https:\/\/aconteceunovale.com.br\/portal\/"},{"@type":"ListItem","position":2,"name":"Acidente entre moto e caminh\u00e3o deixa um morto no munic\u00edpio de Concei\u00e7\u00e3o do Mato Dentro"}]},{"@type":"WebSite","@id":"https:\/\/aconteceunovale.com.br\/portal\/#website","url":"https:\/\/aconteceunovale.com.br\/portal\/","name":"Aconteceu no Vale","description":"Portal de Not\u00edcias","potentialAction":[{"@type":"SearchAction","target":{"@type":"EntryPoint","urlTemplate":"https:\/\/aconteceunovale.com.br\/portal\/?s={search_term_string}"},"query-input":{"@type":"PropertyValueSpecification","valueRequired":true,"valueName":"search_term_string"}}],"inLanguage":"pt-BR"},{"@type":"Person","@id":"https:\/\/aconteceunovale.com.br\/portal\/#\/schema\/person\/7d2f26d1483f8a63de73da1ee0754d35","name":"Reda\u00e7\u00e3o Aconteceu no Vale","description":"Equipe de reportagem do Aconteceu no Vale, portal de not\u00edcias do Vale do Jequitinhonha, em Minas Gerais. Cobrimos as 51 cidades do Vale desde 2013. Sugest\u00f5es de pauta e pedidos de corre\u00e7\u00e3o: contato@aconteceunovale.com.br","url":"https:\/\/aconteceunovale.com.br\/portal\/?author=4"}]}},"_links":{"self":[{"href":"https:\/\/aconteceunovale.com.br\/portal\/index.php?rest_route=\/wp\/v2\/posts\/151997","targetHints":{"allow":["GET"]}}],"collection":[{"href":"https:\/\/aconteceunovale.com.br\/portal\/index.php?rest_route=\/wp\/v2\/posts"}],"about":[{"href":"https:\/\/aconteceunovale.com.br\/portal\/index.php?rest_route=\/wp\/v2\/types\/post"}],"author":[{"embeddable":true,"href":"https:\/\/aconteceunovale.com.br\/portal\/index.php?rest_route=\/wp\/v2\/users\/4"}],"replies":[{"embeddable":true,"href":"https:\/\/aconteceunovale.com.br\/portal\/index.php?rest_route=%2Fwp%2Fv2%2Fcomments&post=151997"}],"version-history":[{"count":1,"href":"https:\/\/aconteceunovale.com.br\/portal\/index.php?rest_route=\/wp\/v2\/posts\/151997\/revisions"}],"predecessor-version":[{"id":151998,"href":"https:\/\/aconteceunovale.com.br\/portal\/index.php?rest_route=\/wp\/v2\/posts\/151997\/revisions\/151998"}],"wp:featuredmedia":[{"embeddable":true,"href":"https:\/\/aconteceunovale.com.br\/portal\/index.php?rest_route=\/wp\/v2\/media\/151866"}],"wp:attachment":[{"href":"https:\/\/aconteceunovale.com.br\/portal\/index.php?rest_route=%2Fwp%2Fv2%2Fmedia&parent=151997"}],"wp:term":[{"taxonomy":"category","embeddable":true,"href":"https:\/\/aconteceunovale.com.br\/portal\/index.php?rest_route=%2Fwp%2Fv2%2Fcategories&post=151997"},{"taxonomy":"post_tag","embeddable":true,"href":"https:\/\/aconteceunovale.com.br\/portal\/index.php?rest_route=%2Fwp%2Fv2%2Ftags&post=151997"}],"curies":[{"name":"wp","href":"https:\/\/api.w.org\/{rel}","templated":true}]}}