{"id":151992,"date":"2019-09-01T11:42:47","date_gmt":"2019-09-01T14:42:47","guid":{"rendered":"http:\/\/aconteceunovale.com.br\/portal\/?p=151992"},"modified":"2019-09-01T11:57:52","modified_gmt":"2019-09-01T14:57:52","slug":"duas-pessoas-morrem-em-acidentes-no-leste-de-minas","status":"publish","type":"post","link":"https:\/\/aconteceunovale.com.br\/portal\/?p=151992","title":{"rendered":"Duas pessoas morrem em acidentes no Leste de Minas"},"content":{"rendered":"\n<p class=\"wp-block-paragraph\">Um homem de 46 anos morreu em um acidente na madrugada de s\u00e1bado (31\/08\/2019) na LMG-758, em A\u00e7ucena, no Leste de Minas Gerais. Darli da Mota Couto, que residia em Imb\u00e9 de Minas, conduzia um caminh\u00e3o carregado de madeira e ficou preso \u00e0s ferragens do ve\u00edculo ap\u00f3s o tombamento. <\/p>\n\n\n\n<p class=\"wp-block-paragraph\">Bombeiros foram acionados e retiraram a v\u00edtima das ferragens. O corpo foi encaminhado ao Instituto M\u00e9dico Legal (IML) de Ipatinga. As causas do acidente ser\u00e3o apuradas.<\/p>\n\n\n\n<p class=\"wp-block-paragraph\"><img loading=\"lazy\" decoding=\"async\" width=\"600\" height=\"462\" class=\"wp-image-151993\" style=\"width: 600px;\" src=\"http:\/\/aconteceunovale.com.br\/portal\/wp-content\/uploads\/2019\/09\/acidente_acucena.jpg\" alt=\"\" srcset=\"https:\/\/aconteceunovale.com.br\/portal\/wp-content\/uploads\/2019\/09\/acidente_acucena.jpg 585w, https:\/\/aconteceunovale.com.br\/portal\/wp-content\/uploads\/2019\/09\/acidente_acucena-300x231.jpg 300w, https:\/\/aconteceunovale.com.br\/portal\/wp-content\/uploads\/2019\/09\/acidente_acucena-546x420.jpg 546w\" sizes=\"auto, (max-width: 600px) 100vw, 600px\" \/><em>Foto: Reprodu\u00e7\u00e3o \/ WhatsApp<\/em><\/p>\n\n\n\n<p class=\"wp-block-paragraph\"><strong>Acidente em Inhapim<\/strong><\/p>\n\n\n\n<p class=\"wp-block-paragraph\">Em outro acidente, na LMG-823, em Inhapim, um idoso de 78 anos morreu ap\u00f3s o ve\u00edculo que conduzia bater na canaleta e cair em uma ribanceira de aproximadamente cinco metros. A ocorr\u00eancia foi registrada na madrugada de s\u00e1bado (31\/08).<\/p>\n\n\n\n<p class=\"wp-block-paragraph\">Geralsino Francisco da Rocha foi socorrido com vida e encaminhado \u00e0 uma unidade de sa\u00fade em Inhapim, mas n\u00e3o resistiu aos ferimentos e veio a \u00f3bito. O corpo foi levado para o IML de Caratinga.<\/p>\n","protected":false},"excerpt":{"rendered":"<p>Um homem de 46 anos morreu em um acidente na madrugada de s\u00e1bado (31\/08\/2019) na LMG-758, em A\u00e7ucena, no Leste de Minas Gerais. Darli da Mota Couto, que residia em Imb\u00e9 de Minas, conduzia um caminh\u00e3o carregado de madeira e ficou preso \u00e0s ferragens do ve\u00edculo ap\u00f3s o tombamento. Bombeiros foram acionados e retiraram a [&hellip;]<\/p>\n","protected":false},"author":4,"featured_media":151993,"comment_status":"open","ping_status":"closed","sticky":false,"template":"","format":"standard","meta":{"amp_status":"","footnotes":""},"categories":[121],"tags":[203751,159665,25047,56043,971,237,206275,206274,206276,295,296,201],"class_list":["post-151992","post","type-post","status-publish","format-standard","has-post-thumbnail","hentry","category-leste","tag-acidente-com-caminhao-em-acucena","tag-acidente-com-carro-em-inhapim","tag-acidente-em-acucena","tag-acidente-em-inhapim","tag-acucena","tag-caratinga","tag-darli-da-mota-couto","tag-duas-pessoas-morrem-em-acidentes-no-leste-de-minas","tag-geralsino-francisco-da-rocha","tag-imbe-de-minas","tag-inhapim","tag-ipatinga"],"yoast_head":"<!-- This site is optimized with the Yoast SEO plugin v28.3 - https:\/\/yoast.com\/product\/yoast-seo-wordpress\/ -->\n<title>Duas pessoas morrem em acidentes no Leste de Minas - Aconteceu no Vale<\/title>\n<meta name=\"robots\" content=\"index, follow, max-snippet:-1, max-image-preview:large, max-video-preview:-1\" \/>\n<link rel=\"canonical\" href=\"https:\/\/aconteceunovale.com.br\/portal\/?p=151992\" \/>\n<meta property=\"og:locale\" content=\"pt_BR\" \/>\n<meta property=\"og:type\" content=\"article\" \/>\n<meta property=\"og:title\" content=\"Duas pessoas morrem em acidentes no Leste de Minas - Aconteceu no Vale\" \/>\n<meta property=\"og:description\" content=\"Um homem de 46 anos morreu em um acidente na madrugada de s\u00e1bado (31\/08\/2019) na LMG-758, em A\u00e7ucena, no Leste de Minas Gerais. Darli da Mota Couto, que residia em Imb\u00e9 de Minas, conduzia um caminh\u00e3o carregado de madeira e ficou preso \u00e0s ferragens do ve\u00edculo ap\u00f3s o tombamento. Bombeiros foram acionados e retiraram a [&hellip;]\" \/>\n<meta property=\"og:url\" content=\"https:\/\/aconteceunovale.com.br\/portal\/?p=151992\" \/>\n<meta property=\"og:site_name\" content=\"Aconteceu no Vale\" \/>\n<meta property=\"article:publisher\" content=\"https:\/\/www.facebook.com\/aconteceunovale\/\" \/>\n<meta property=\"article:published_time\" content=\"2019-09-01T14:42:47+00:00\" \/>\n<meta property=\"article:modified_time\" content=\"2019-09-01T14:57:52+00:00\" \/>\n<meta property=\"og:image\" content=\"https:\/\/aconteceunovale.com.br\/portal\/wp-content\/uploads\/2019\/09\/acidente_acucena.jpg\" \/>\n\t<meta property=\"og:image:width\" content=\"585\" \/>\n\t<meta property=\"og:image:height\" content=\"450\" \/>\n\t<meta property=\"og:image:type\" content=\"image\/jpeg\" \/>\n<meta name=\"author\" content=\"Reda\u00e7\u00e3o Aconteceu no Vale\" \/>\n<meta name=\"twitter:card\" content=\"summary_large_image\" \/>\n<meta name=\"twitter:creator\" content=\"@noticiadosvales\" \/>\n<meta name=\"twitter:site\" content=\"@noticiadosvales\" \/>\n<meta name=\"twitter:label1\" content=\"Escrito por\" \/>\n\t<meta name=\"twitter:data1\" content=\"Reda\u00e7\u00e3o Aconteceu no Vale\" \/>\n\t<meta name=\"twitter:label2\" content=\"Est. tempo de leitura\" \/>\n\t<meta name=\"twitter:data2\" content=\"1 minuto\" \/>\n<script type=\"application\/ld+json\" class=\"yoast-schema-graph\">{\"@context\":\"https:\\\/\\\/schema.org\",\"@graph\":[{\"@type\":\"Article\",\"@id\":\"https:\\\/\\\/aconteceunovale.com.br\\\/portal\\\/?p=151992#article\",\"isPartOf\":{\"@id\":\"https:\\\/\\\/aconteceunovale.com.br\\\/portal\\\/?p=151992\"},\"author\":{\"name\":\"Reda\u00e7\u00e3o Aconteceu no Vale\",\"@id\":\"https:\\\/\\\/aconteceunovale.com.br\\\/portal\\\/#\\\/schema\\\/person\\\/7d2f26d1483f8a63de73da1ee0754d35\"},\"headline\":\"Duas pessoas morrem em acidentes no Leste de Minas\",\"datePublished\":\"2019-09-01T14:42:47+00:00\",\"dateModified\":\"2019-09-01T14:57:52+00:00\",\"mainEntityOfPage\":{\"@id\":\"https:\\\/\\\/aconteceunovale.com.br\\\/portal\\\/?p=151992\"},\"wordCount\":174,\"commentCount\":0,\"image\":{\"@id\":\"https:\\\/\\\/aconteceunovale.com.br\\\/portal\\\/?p=151992#primaryimage\"},\"thumbnailUrl\":\"https:\\\/\\\/aconteceunovale.com.br\\\/portal\\\/wp-content\\\/uploads\\\/2019\\\/09\\\/acidente_acucena.jpg\",\"keywords\":[\"Acidente com caminh\u00e3o em A\u00e7ucena\",\"Acidente com carro em Inhapim\",\"acidente em A\u00e7ucena\",\"acidente em Inhapim\",\"A\u00e7ucena\",\"Caratinga\",\"Darli da Mota Couto\",\"Duas pessoas morrem em acidentes no Leste de Minas\",\"Geralsino Francisco da Rocha\",\"Imb\u00e9 de Minas\",\"Inhapim\",\"Ipatinga\"],\"articleSection\":[\"Leste de Minas\"],\"inLanguage\":\"pt-BR\",\"potentialAction\":[{\"@type\":\"CommentAction\",\"name\":\"Comment\",\"target\":[\"https:\\\/\\\/aconteceunovale.com.br\\\/portal\\\/?p=151992#respond\"]}]},{\"@type\":\"WebPage\",\"@id\":\"https:\\\/\\\/aconteceunovale.com.br\\\/portal\\\/?p=151992\",\"url\":\"https:\\\/\\\/aconteceunovale.com.br\\\/portal\\\/?p=151992\",\"name\":\"Duas pessoas morrem em acidentes no Leste de Minas - Aconteceu no Vale\",\"isPartOf\":{\"@id\":\"https:\\\/\\\/aconteceunovale.com.br\\\/portal\\\/#website\"},\"primaryImageOfPage\":{\"@id\":\"https:\\\/\\\/aconteceunovale.com.br\\\/portal\\\/?p=151992#primaryimage\"},\"image\":{\"@id\":\"https:\\\/\\\/aconteceunovale.com.br\\\/portal\\\/?p=151992#primaryimage\"},\"thumbnailUrl\":\"https:\\\/\\\/aconteceunovale.com.br\\\/portal\\\/wp-content\\\/uploads\\\/2019\\\/09\\\/acidente_acucena.jpg\",\"datePublished\":\"2019-09-01T14:42:47+00:00\",\"dateModified\":\"2019-09-01T14:57:52+00:00\",\"author\":{\"@id\":\"https:\\\/\\\/aconteceunovale.com.br\\\/portal\\\/#\\\/schema\\\/person\\\/7d2f26d1483f8a63de73da1ee0754d35\"},\"breadcrumb\":{\"@id\":\"https:\\\/\\\/aconteceunovale.com.br\\\/portal\\\/?p=151992#breadcrumb\"},\"inLanguage\":\"pt-BR\",\"potentialAction\":[{\"@type\":\"ReadAction\",\"target\":[\"https:\\\/\\\/aconteceunovale.com.br\\\/portal\\\/?p=151992\"]}]},{\"@type\":\"ImageObject\",\"inLanguage\":\"pt-BR\",\"@id\":\"https:\\\/\\\/aconteceunovale.com.br\\\/portal\\\/?p=151992#primaryimage\",\"url\":\"https:\\\/\\\/aconteceunovale.com.br\\\/portal\\\/wp-content\\\/uploads\\\/2019\\\/09\\\/acidente_acucena.jpg\",\"contentUrl\":\"https:\\\/\\\/aconteceunovale.com.br\\\/portal\\\/wp-content\\\/uploads\\\/2019\\\/09\\\/acidente_acucena.jpg\",\"width\":585,\"height\":450},{\"@type\":\"BreadcrumbList\",\"@id\":\"https:\\\/\\\/aconteceunovale.com.br\\\/portal\\\/?p=151992#breadcrumb\",\"itemListElement\":[{\"@type\":\"ListItem\",\"position\":1,\"name\":\"In\u00edcio\",\"item\":\"https:\\\/\\\/aconteceunovale.com.br\\\/portal\\\/\"},{\"@type\":\"ListItem\",\"position\":2,\"name\":\"Duas pessoas morrem em acidentes no Leste de Minas\"}]},{\"@type\":\"WebSite\",\"@id\":\"https:\\\/\\\/aconteceunovale.com.br\\\/portal\\\/#website\",\"url\":\"https:\\\/\\\/aconteceunovale.com.br\\\/portal\\\/\",\"name\":\"Aconteceu no Vale\",\"description\":\"Portal de Not\u00edcias\",\"potentialAction\":[{\"@type\":\"SearchAction\",\"target\":{\"@type\":\"EntryPoint\",\"urlTemplate\":\"https:\\\/\\\/aconteceunovale.com.br\\\/portal\\\/?s={search_term_string}\"},\"query-input\":{\"@type\":\"PropertyValueSpecification\",\"valueRequired\":true,\"valueName\":\"search_term_string\"}}],\"inLanguage\":\"pt-BR\"},{\"@type\":\"Person\",\"@id\":\"https:\\\/\\\/aconteceunovale.com.br\\\/portal\\\/#\\\/schema\\\/person\\\/7d2f26d1483f8a63de73da1ee0754d35\",\"name\":\"Reda\u00e7\u00e3o Aconteceu no Vale\",\"description\":\"Equipe de reportagem do Aconteceu no Vale, portal de not\u00edcias do Vale do Jequitinhonha, em Minas Gerais. Cobrimos as 51 cidades do Vale desde 2013. Sugest\u00f5es de pauta e pedidos de corre\u00e7\u00e3o: contato@aconteceunovale.com.br\",\"url\":\"https:\\\/\\\/aconteceunovale.com.br\\\/portal\\\/?author=4\"}]}<\/script>\n<!-- \/ Yoast SEO plugin. -->","yoast_head_json":{"title":"Duas pessoas morrem em acidentes no Leste de Minas - Aconteceu no Vale","robots":{"index":"index","follow":"follow","max-snippet":"max-snippet:-1","max-image-preview":"max-image-preview:large","max-video-preview":"max-video-preview:-1"},"canonical":"https:\/\/aconteceunovale.com.br\/portal\/?p=151992","og_locale":"pt_BR","og_type":"article","og_title":"Duas pessoas morrem em acidentes no Leste de Minas - Aconteceu no Vale","og_description":"Um homem de 46 anos morreu em um acidente na madrugada de s\u00e1bado (31\/08\/2019) na LMG-758, em A\u00e7ucena, no Leste de Minas Gerais. Darli da Mota Couto, que residia em Imb\u00e9 de Minas, conduzia um caminh\u00e3o carregado de madeira e ficou preso \u00e0s ferragens do ve\u00edculo ap\u00f3s o tombamento. Bombeiros foram acionados e retiraram a [&hellip;]","og_url":"https:\/\/aconteceunovale.com.br\/portal\/?p=151992","og_site_name":"Aconteceu no Vale","article_publisher":"https:\/\/www.facebook.com\/aconteceunovale\/","article_published_time":"2019-09-01T14:42:47+00:00","article_modified_time":"2019-09-01T14:57:52+00:00","og_image":[{"width":585,"height":450,"url":"https:\/\/aconteceunovale.com.br\/portal\/wp-content\/uploads\/2019\/09\/acidente_acucena.jpg","type":"image\/jpeg"}],"author":"Reda\u00e7\u00e3o Aconteceu no Vale","twitter_card":"summary_large_image","twitter_creator":"@noticiadosvales","twitter_site":"@noticiadosvales","twitter_misc":{"Escrito por":"Reda\u00e7\u00e3o Aconteceu no Vale","Est. tempo de leitura":"1 minuto"},"schema":{"@context":"https:\/\/schema.org","@graph":[{"@type":"Article","@id":"https:\/\/aconteceunovale.com.br\/portal\/?p=151992#article","isPartOf":{"@id":"https:\/\/aconteceunovale.com.br\/portal\/?p=151992"},"author":{"name":"Reda\u00e7\u00e3o Aconteceu no Vale","@id":"https:\/\/aconteceunovale.com.br\/portal\/#\/schema\/person\/7d2f26d1483f8a63de73da1ee0754d35"},"headline":"Duas pessoas morrem em acidentes no Leste de Minas","datePublished":"2019-09-01T14:42:47+00:00","dateModified":"2019-09-01T14:57:52+00:00","mainEntityOfPage":{"@id":"https:\/\/aconteceunovale.com.br\/portal\/?p=151992"},"wordCount":174,"commentCount":0,"image":{"@id":"https:\/\/aconteceunovale.com.br\/portal\/?p=151992#primaryimage"},"thumbnailUrl":"https:\/\/aconteceunovale.com.br\/portal\/wp-content\/uploads\/2019\/09\/acidente_acucena.jpg","keywords":["Acidente com caminh\u00e3o em A\u00e7ucena","Acidente com carro em Inhapim","acidente em A\u00e7ucena","acidente em Inhapim","A\u00e7ucena","Caratinga","Darli da Mota Couto","Duas pessoas morrem em acidentes no Leste de Minas","Geralsino Francisco da Rocha","Imb\u00e9 de Minas","Inhapim","Ipatinga"],"articleSection":["Leste de Minas"],"inLanguage":"pt-BR","potentialAction":[{"@type":"CommentAction","name":"Comment","target":["https:\/\/aconteceunovale.com.br\/portal\/?p=151992#respond"]}]},{"@type":"WebPage","@id":"https:\/\/aconteceunovale.com.br\/portal\/?p=151992","url":"https:\/\/aconteceunovale.com.br\/portal\/?p=151992","name":"Duas pessoas morrem em acidentes no Leste de Minas - Aconteceu no Vale","isPartOf":{"@id":"https:\/\/aconteceunovale.com.br\/portal\/#website"},"primaryImageOfPage":{"@id":"https:\/\/aconteceunovale.com.br\/portal\/?p=151992#primaryimage"},"image":{"@id":"https:\/\/aconteceunovale.com.br\/portal\/?p=151992#primaryimage"},"thumbnailUrl":"https:\/\/aconteceunovale.com.br\/portal\/wp-content\/uploads\/2019\/09\/acidente_acucena.jpg","datePublished":"2019-09-01T14:42:47+00:00","dateModified":"2019-09-01T14:57:52+00:00","author":{"@id":"https:\/\/aconteceunovale.com.br\/portal\/#\/schema\/person\/7d2f26d1483f8a63de73da1ee0754d35"},"breadcrumb":{"@id":"https:\/\/aconteceunovale.com.br\/portal\/?p=151992#breadcrumb"},"inLanguage":"pt-BR","potentialAction":[{"@type":"ReadAction","target":["https:\/\/aconteceunovale.com.br\/portal\/?p=151992"]}]},{"@type":"ImageObject","inLanguage":"pt-BR","@id":"https:\/\/aconteceunovale.com.br\/portal\/?p=151992#primaryimage","url":"https:\/\/aconteceunovale.com.br\/portal\/wp-content\/uploads\/2019\/09\/acidente_acucena.jpg","contentUrl":"https:\/\/aconteceunovale.com.br\/portal\/wp-content\/uploads\/2019\/09\/acidente_acucena.jpg","width":585,"height":450},{"@type":"BreadcrumbList","@id":"https:\/\/aconteceunovale.com.br\/portal\/?p=151992#breadcrumb","itemListElement":[{"@type":"ListItem","position":1,"name":"In\u00edcio","item":"https:\/\/aconteceunovale.com.br\/portal\/"},{"@type":"ListItem","position":2,"name":"Duas pessoas morrem em acidentes no Leste de Minas"}]},{"@type":"WebSite","@id":"https:\/\/aconteceunovale.com.br\/portal\/#website","url":"https:\/\/aconteceunovale.com.br\/portal\/","name":"Aconteceu no Vale","description":"Portal de Not\u00edcias","potentialAction":[{"@type":"SearchAction","target":{"@type":"EntryPoint","urlTemplate":"https:\/\/aconteceunovale.com.br\/portal\/?s={search_term_string}"},"query-input":{"@type":"PropertyValueSpecification","valueRequired":true,"valueName":"search_term_string"}}],"inLanguage":"pt-BR"},{"@type":"Person","@id":"https:\/\/aconteceunovale.com.br\/portal\/#\/schema\/person\/7d2f26d1483f8a63de73da1ee0754d35","name":"Reda\u00e7\u00e3o Aconteceu no Vale","description":"Equipe de reportagem do Aconteceu no Vale, portal de not\u00edcias do Vale do Jequitinhonha, em Minas Gerais. Cobrimos as 51 cidades do Vale desde 2013. Sugest\u00f5es de pauta e pedidos de corre\u00e7\u00e3o: contato@aconteceunovale.com.br","url":"https:\/\/aconteceunovale.com.br\/portal\/?author=4"}]}},"_links":{"self":[{"href":"https:\/\/aconteceunovale.com.br\/portal\/index.php?rest_route=\/wp\/v2\/posts\/151992","targetHints":{"allow":["GET"]}}],"collection":[{"href":"https:\/\/aconteceunovale.com.br\/portal\/index.php?rest_route=\/wp\/v2\/posts"}],"about":[{"href":"https:\/\/aconteceunovale.com.br\/portal\/index.php?rest_route=\/wp\/v2\/types\/post"}],"author":[{"embeddable":true,"href":"https:\/\/aconteceunovale.com.br\/portal\/index.php?rest_route=\/wp\/v2\/users\/4"}],"replies":[{"embeddable":true,"href":"https:\/\/aconteceunovale.com.br\/portal\/index.php?rest_route=%2Fwp%2Fv2%2Fcomments&post=151992"}],"version-history":[{"count":1,"href":"https:\/\/aconteceunovale.com.br\/portal\/index.php?rest_route=\/wp\/v2\/posts\/151992\/revisions"}],"predecessor-version":[{"id":151994,"href":"https:\/\/aconteceunovale.com.br\/portal\/index.php?rest_route=\/wp\/v2\/posts\/151992\/revisions\/151994"}],"wp:featuredmedia":[{"embeddable":true,"href":"https:\/\/aconteceunovale.com.br\/portal\/index.php?rest_route=\/wp\/v2\/media\/151993"}],"wp:attachment":[{"href":"https:\/\/aconteceunovale.com.br\/portal\/index.php?rest_route=%2Fwp%2Fv2%2Fmedia&parent=151992"}],"wp:term":[{"taxonomy":"category","embeddable":true,"href":"https:\/\/aconteceunovale.com.br\/portal\/index.php?rest_route=%2Fwp%2Fv2%2Fcategories&post=151992"},{"taxonomy":"post_tag","embeddable":true,"href":"https:\/\/aconteceunovale.com.br\/portal\/index.php?rest_route=%2Fwp%2Fv2%2Ftags&post=151992"}],"curies":[{"name":"wp","href":"https:\/\/api.w.org\/{rel}","templated":true}]}}