{"id":151990,"date":"2019-09-01T10:29:55","date_gmt":"2019-09-01T13:29:55","guid":{"rendered":"http:\/\/aconteceunovale.com.br\/portal\/?p=151990"},"modified":"2019-09-01T10:29:57","modified_gmt":"2019-09-01T13:29:57","slug":"entenda-os-sintomas-riscos-e-tratamento-do-sarampo","status":"publish","type":"post","link":"https:\/\/aconteceunovale.com.br\/portal\/?p=151990","title":{"rendered":"Entenda os sintomas, riscos e tratamento do Sarampo"},"content":{"rendered":"\n<p class=\"wp-block-paragraph\">Com 2,3 mil casos confirmados de sarampo  nos \u00faltimos tr\u00eas meses, o Brasil vive um surto da doen\u00e7a. O epicentro da epidemia est\u00e1 localizado no estado de S\u00e3o Paulo, onde foram confirmados uma morte e 2.299 casos \u2013 98% do total.<\/p>\n\n\n\n<p class=\"wp-block-paragraph\">Em seguida v\u00eam Rio de Janeiro (12), Pernambuco (5), Santa Catarina (4) e Distrito Federal (3), al\u00e9m de oito estados com um caso cada: Bahia, Paran\u00e1, Maranh\u00e3o, Rio Grande do Norte, Esp\u00edrito Santo, Sergipe, Goi\u00e1s e Piau\u00ed.<\/p>\n\n\n\n<p class=\"wp-block-paragraph\">Diante da evolu\u00e7\u00e3o do surto no pa\u00eds, o Minist\u00e9rio da Sa\u00fade anunciou esta semana a aquisi\u00e7\u00e3o de mais 18,7 milh\u00f5es de doses de vacina contra o sarampo. O governo tem intensificado a imuniza\u00e7\u00e3o com foco em crian\u00e7as de at\u00e9 1 ano e adultos jovens.<\/p>\n\n\n\n<p class=\"wp-block-paragraph\">Neste m\u00eas, o governo anunciou ainda uma nova recomenda\u00e7\u00e3o para imuniza\u00e7\u00e3o de crian\u00e7as. No intuito de conter o avan\u00e7o da doen\u00e7a, o Minist\u00e9rio da Sa\u00fade recomenda que crian\u00e7as entre seis meses e 1 ano  recebam uma dose extra da vacina, com uma imuniza\u00e7\u00e3o denominada \u201cdose zero\u201d. A iniciativa visa a diminuir a incid\u00eancia nesta faixa et\u00e1ria \u2013 grupo com maior presen\u00e7a proporcional de casos, com 38,3 em cada 100 mil habitantes, contra uma m\u00e9dia geral de 4,10 em cada 100 mil habitantes.<\/p>\n\n\n\n<p class=\"wp-block-paragraph\">Em entrevista \u00e0 R\u00e1dio Nacional da Amaz\u00f4nia, a pediatra intensivista e especialista em sa\u00fade da crian\u00e7a e do adolescente Roberta Esteves Vieira de Castro explicou que o sarampo \u00e9 uma doen\u00e7a viral grave e altamente contagiosa e que os sintomas iniciais s\u00e3o parecidos com os de um resfriado comum.<\/p>\n\n\n\n<p class=\"wp-block-paragraph\">A m\u00e9dica destacou que a \u00fanica forma de preven\u00e7\u00e3o \u00e9 a vacina\u00e7\u00e3o. <\/p>\n\n\n\n<p class=\"wp-block-paragraph\">Confira abaixo os principais trechos da entrevista:<\/p>\n\n\n\n<p class=\"wp-block-paragraph\"><strong>O que \u00e9 o sarampo?<\/strong><\/p>\n\n\n\n<p class=\"wp-block-paragraph\">O sarampo \u00e9 uma doen\u00e7a viral grave e altamente contagiosa que pode evoluir para complica\u00e7\u00f5es e levar \u00e0 morte. \u00c9 transmitido por um v\u00edrus. Os primeiros sintomas s\u00e3o febre, tosse, coriza, como se fosse um resfriado comum. O paciente pode ter perda de apetite e apresentar conjuntivite, com olhos vermelhos, lacrimejantes e fotofobia.<\/p>\n\n\n\n<p class=\"wp-block-paragraph\">Surgem manchas vermelhas na pele. Essas erup\u00e7\u00f5es come\u00e7am no rosto, na regi\u00e3o atr\u00e1s da orelha, e v\u00e3o se espalhando pelo corpo. O paciente tamb\u00e9m pode sentir dor de garganta.<\/p>\n\n\n\n<p class=\"wp-block-paragraph\">A maioria dos pacientes come\u00e7a a se sentir melhor depois de dois dias do in\u00edcio da erup\u00e7\u00e3o cut\u00e2nea. Depois de tr\u00eas a quatro dias, as manchas come\u00e7am a ficar mais castanhas e tendem a desaparecer. A pele pode descamar como se fosse uma queimadura de sol. Muitos ainda t\u00eam tosse por uma ou duas semanas.<\/p>\n\n\n\n<p class=\"wp-block-paragraph\">A grande preocupa\u00e7\u00e3o \u00e9 que o sarampo, em crian\u00e7as pequenas e pacientes imunocomprometidos, pode levar a complica\u00e7\u00f5es. A diarreia \u00e9 a complica\u00e7\u00e3o mais comum, mas outras podem aparecer como otite m\u00e9dia aguda, pneumonia, hepatite e, at\u00e9 mesmo, encefalite.<\/p>\n\n\n\n<p class=\"wp-block-paragraph\">A maioria dos casos de mortes decorrem de complica\u00e7\u00f5es no trato respirat\u00f3rio ou de encefalite.<\/p>\n\n\n\n<p class=\"wp-block-paragraph\"><strong>Como o sarampo \u00e9 transmitido?<\/strong><\/p>\n\n\n\n<p class=\"wp-block-paragraph\">A transmiss\u00e3o ocorre no contato de pessoa para pessoa e pela propaga\u00e7\u00e3o no ar. As got\u00edculas de secre\u00e7\u00f5es respirat\u00f3rias de um paciente que tem sarampo podem permanecer no ar por at\u00e9 duas horas, ou seja, a doen\u00e7a pode ser transmitida em espa\u00e7o p\u00fablico mesmo que n\u00e3o haja contato de uma pessoa com outra. Grandes surtos t\u00eam ocorrido em locais de aglomera\u00e7\u00e3o como escolas, clubes, aeroportos, shoppings.<\/p>\n\n\n\n<p class=\"wp-block-paragraph\">A pessoa que tem sarampo pode come\u00e7ar a transmitir a doen\u00e7a cerca de cinco dias antes de aparecerem as manchas na pele. Al\u00e9m disso, ela continua transmitindo o v\u00edrus quatro dias depois de as erup\u00e7\u00f5es terem desaparecido.<\/p>\n\n\n\n<p class=\"wp-block-paragraph\"><strong>Como \u00e9 a preven\u00e7\u00e3o?<\/strong><\/p>\n\n\n\n<p class=\"wp-block-paragraph\">A vacina \u00e9 a \u00fanica forma de preven\u00e7\u00e3o. Para combater o avan\u00e7o do sarampo no pa\u00eds, o Minist\u00e9rio da Sa\u00fade recomenda uma \u201cdose zero\u201d, para crian\u00e7as de 6 meses a 11 meses e 29 dias. \u00c9 considerada uma dose extra que n\u00e3o substitui as vacinas do calend\u00e1rio nacional de vacina\u00e7\u00e3o \u2013 a primeira dose aos 12 meses e uma segunda dose aos 15 meses.<\/p>\n\n\n\n<p class=\"wp-block-paragraph\">Se um paciente tomou apenas uma dose at\u00e9 os 29 anos, precisa completar o esquema vacinal com uma segunda dose.<\/p>\n\n\n\n<p class=\"wp-block-paragraph\">Se a pessoa n\u00e3o tomou nenhuma dose, perdeu o cart\u00e3o de vacina\u00e7\u00e3o ou n\u00e3o se lembra se tomou a vacina, o ideal \u00e9 que ela procure um posto de sa\u00fade. Se ela tiver de 1 a 29 anos, precisa tomar duas doses da vacina, com intervalo de 30 dias entre elas. Se tiver de 30 a 49 anos, tem de tomar apenas uma dose.<\/p>\n\n\n\n<p class=\"wp-block-paragraph\"><strong>Qual o tratamento?<\/strong><\/p>\n\n\n\n<p class=\"wp-block-paragraph\">N\u00e3o existe tratamento espec\u00edfico para o sarampo. \u00c9 necess\u00e1rio que o paciente fa\u00e7a repouso e beba bastante l\u00edquido para evitar a desidrata\u00e7\u00e3o. Como \u00e9 uma virose, o tratamento \u00e9 de suporte e tem apenas o objetivo de melhorar o conforto do paciente.<\/p>\n","protected":false},"excerpt":{"rendered":"<p>Com 2,3 mil casos confirmados de sarampo nos \u00faltimos tr\u00eas meses, o Brasil vive um surto da doen\u00e7a. O epicentro da epidemia est\u00e1 localizado no estado de S\u00e3o Paulo, onde foram confirmados uma morte e 2.299 casos \u2013 98% do total. Em seguida v\u00eam Rio de Janeiro (12), Pernambuco (5), Santa Catarina (4) e Distrito [&hellip;]<\/p>\n","protected":false},"author":1,"featured_media":134014,"comment_status":"open","ping_status":"closed","sticky":false,"template":"","format":"standard","meta":{"amp_status":"","footnotes":""},"categories":[6,40242],"tags":[206272,206268,206271,206269,206273,22077,183646,201069,183647,206270],"class_list":["post-151990","post","type-post","status-publish","format-standard","has-post-thumbnail","hentry","category-br","category-saude-2","tag-como-o-sarampo-e-transmitido","tag-entenda-os-sintomas-do-sarampo","tag-epidemia-de-sarampo-no-brasil","tag-riscos-do-sarampo","tag-roberta-esteves-vieira-de-castro","tag-sarampo","tag-sarampo-no-brasil","tag-sintomas-do-sarampo","tag-surto-de-sarampo-no-brasil","tag-tratamento-do-sarampo"],"yoast_head":"<!-- This site is optimized with the Yoast SEO plugin v28.3 - https:\/\/yoast.com\/product\/yoast-seo-wordpress\/ -->\n<title>Entenda os sintomas, riscos e tratamento do Sarampo - Aconteceu no Vale<\/title>\n<meta name=\"robots\" content=\"index, follow, max-snippet:-1, max-image-preview:large, max-video-preview:-1\" \/>\n<link rel=\"canonical\" href=\"https:\/\/aconteceunovale.com.br\/portal\/?p=151990\" \/>\n<meta property=\"og:locale\" content=\"pt_BR\" \/>\n<meta property=\"og:type\" content=\"article\" \/>\n<meta property=\"og:title\" content=\"Entenda os sintomas, riscos e tratamento do Sarampo - Aconteceu no Vale\" \/>\n<meta property=\"og:description\" content=\"Com 2,3 mil casos confirmados de sarampo nos \u00faltimos tr\u00eas meses, o Brasil vive um surto da doen\u00e7a. O epicentro da epidemia est\u00e1 localizado no estado de S\u00e3o Paulo, onde foram confirmados uma morte e 2.299 casos \u2013 98% do total. Em seguida v\u00eam Rio de Janeiro (12), Pernambuco (5), Santa Catarina (4) e Distrito [&hellip;]\" \/>\n<meta property=\"og:url\" content=\"https:\/\/aconteceunovale.com.br\/portal\/?p=151990\" \/>\n<meta property=\"og:site_name\" content=\"Aconteceu no Vale\" \/>\n<meta property=\"article:publisher\" content=\"https:\/\/www.facebook.com\/aconteceunovale\/\" \/>\n<meta property=\"article:published_time\" content=\"2019-09-01T13:29:55+00:00\" \/>\n<meta property=\"article:modified_time\" content=\"2019-09-01T13:29:57+00:00\" \/>\n<meta property=\"og:image\" content=\"https:\/\/aconteceunovale.com.br\/portal\/wp-content\/uploads\/2018\/08\/sarampo.jpg\" \/>\n\t<meta property=\"og:image:width\" content=\"678\" \/>\n\t<meta property=\"og:image:height\" content=\"381\" \/>\n\t<meta property=\"og:image:type\" content=\"image\/jpeg\" \/>\n<meta name=\"author\" content=\"Aconteceu no Vale\" \/>\n<meta name=\"twitter:card\" content=\"summary_large_image\" \/>\n<meta name=\"twitter:creator\" content=\"@noticiadosvales\" \/>\n<meta name=\"twitter:site\" content=\"@noticiadosvales\" \/>\n<meta name=\"twitter:label1\" content=\"Escrito por\" \/>\n\t<meta name=\"twitter:data1\" content=\"Aconteceu no Vale\" \/>\n\t<meta name=\"twitter:label2\" content=\"Est. tempo de leitura\" \/>\n\t<meta name=\"twitter:data2\" content=\"4 minutos\" \/>\n<script type=\"application\/ld+json\" class=\"yoast-schema-graph\">{\"@context\":\"https:\\\/\\\/schema.org\",\"@graph\":[{\"@type\":\"Article\",\"@id\":\"https:\\\/\\\/aconteceunovale.com.br\\\/portal\\\/?p=151990#article\",\"isPartOf\":{\"@id\":\"https:\\\/\\\/aconteceunovale.com.br\\\/portal\\\/?p=151990\"},\"author\":{\"name\":\"Aconteceu no Vale\",\"@id\":\"https:\\\/\\\/aconteceunovale.com.br\\\/portal\\\/#\\\/schema\\\/person\\\/633529146f2c94272bef50ac2953d589\"},\"headline\":\"Entenda os sintomas, riscos e tratamento do Sarampo\",\"datePublished\":\"2019-09-01T13:29:55+00:00\",\"dateModified\":\"2019-09-01T13:29:57+00:00\",\"mainEntityOfPage\":{\"@id\":\"https:\\\/\\\/aconteceunovale.com.br\\\/portal\\\/?p=151990\"},\"wordCount\":835,\"commentCount\":0,\"image\":{\"@id\":\"https:\\\/\\\/aconteceunovale.com.br\\\/portal\\\/?p=151990#primaryimage\"},\"thumbnailUrl\":\"https:\\\/\\\/aconteceunovale.com.br\\\/portal\\\/wp-content\\\/uploads\\\/2018\\\/08\\\/sarampo.jpg\",\"keywords\":[\"Como o sarampo \u00e9 transmitido?\",\"Entenda os sintomas do Sarampo\",\"Epidemia de sarampo no Brasil\",\"Riscos do Sarampo\",\"Roberta Esteves Vieira de Castro\",\"Sarampo\",\"Sarampo no Brasil\",\"Sintomas do Sarampo\",\"Surto de sarampo no Brasil\",\"Tratamento do Sarampo\"],\"articleSection\":[\"Brasil\",\"Sa\u00fade\"],\"inLanguage\":\"pt-BR\",\"potentialAction\":[{\"@type\":\"CommentAction\",\"name\":\"Comment\",\"target\":[\"https:\\\/\\\/aconteceunovale.com.br\\\/portal\\\/?p=151990#respond\"]}]},{\"@type\":\"WebPage\",\"@id\":\"https:\\\/\\\/aconteceunovale.com.br\\\/portal\\\/?p=151990\",\"url\":\"https:\\\/\\\/aconteceunovale.com.br\\\/portal\\\/?p=151990\",\"name\":\"Entenda os sintomas, riscos e tratamento do Sarampo - Aconteceu no Vale\",\"isPartOf\":{\"@id\":\"https:\\\/\\\/aconteceunovale.com.br\\\/portal\\\/#website\"},\"primaryImageOfPage\":{\"@id\":\"https:\\\/\\\/aconteceunovale.com.br\\\/portal\\\/?p=151990#primaryimage\"},\"image\":{\"@id\":\"https:\\\/\\\/aconteceunovale.com.br\\\/portal\\\/?p=151990#primaryimage\"},\"thumbnailUrl\":\"https:\\\/\\\/aconteceunovale.com.br\\\/portal\\\/wp-content\\\/uploads\\\/2018\\\/08\\\/sarampo.jpg\",\"datePublished\":\"2019-09-01T13:29:55+00:00\",\"dateModified\":\"2019-09-01T13:29:57+00:00\",\"author\":{\"@id\":\"https:\\\/\\\/aconteceunovale.com.br\\\/portal\\\/#\\\/schema\\\/person\\\/633529146f2c94272bef50ac2953d589\"},\"breadcrumb\":{\"@id\":\"https:\\\/\\\/aconteceunovale.com.br\\\/portal\\\/?p=151990#breadcrumb\"},\"inLanguage\":\"pt-BR\",\"potentialAction\":[{\"@type\":\"ReadAction\",\"target\":[\"https:\\\/\\\/aconteceunovale.com.br\\\/portal\\\/?p=151990\"]}]},{\"@type\":\"ImageObject\",\"inLanguage\":\"pt-BR\",\"@id\":\"https:\\\/\\\/aconteceunovale.com.br\\\/portal\\\/?p=151990#primaryimage\",\"url\":\"https:\\\/\\\/aconteceunovale.com.br\\\/portal\\\/wp-content\\\/uploads\\\/2018\\\/08\\\/sarampo.jpg\",\"contentUrl\":\"https:\\\/\\\/aconteceunovale.com.br\\\/portal\\\/wp-content\\\/uploads\\\/2018\\\/08\\\/sarampo.jpg\",\"width\":678,\"height\":381},{\"@type\":\"BreadcrumbList\",\"@id\":\"https:\\\/\\\/aconteceunovale.com.br\\\/portal\\\/?p=151990#breadcrumb\",\"itemListElement\":[{\"@type\":\"ListItem\",\"position\":1,\"name\":\"In\u00edcio\",\"item\":\"https:\\\/\\\/aconteceunovale.com.br\\\/portal\\\/\"},{\"@type\":\"ListItem\",\"position\":2,\"name\":\"Entenda os sintomas, riscos e tratamento do Sarampo\"}]},{\"@type\":\"WebSite\",\"@id\":\"https:\\\/\\\/aconteceunovale.com.br\\\/portal\\\/#website\",\"url\":\"https:\\\/\\\/aconteceunovale.com.br\\\/portal\\\/\",\"name\":\"Aconteceu no Vale\",\"description\":\"Portal de Not\u00edcias\",\"potentialAction\":[{\"@type\":\"SearchAction\",\"target\":{\"@type\":\"EntryPoint\",\"urlTemplate\":\"https:\\\/\\\/aconteceunovale.com.br\\\/portal\\\/?s={search_term_string}\"},\"query-input\":{\"@type\":\"PropertyValueSpecification\",\"valueRequired\":true,\"valueName\":\"search_term_string\"}}],\"inLanguage\":\"pt-BR\"},{\"@type\":\"Person\",\"@id\":\"https:\\\/\\\/aconteceunovale.com.br\\\/portal\\\/#\\\/schema\\\/person\\\/633529146f2c94272bef50ac2953d589\",\"name\":\"Aconteceu no Vale\",\"description\":\"Equipe de reportagem do Aconteceu no Vale, portal de not\u00edcias do Vale do Jequitinhonha, em Minas Gerais. Cobrimos as 51 cidades do Vale desde 2013. Sugest\u00f5es de pauta e pedidos de corre\u00e7\u00e3o: contato@aconteceunovale.com.br\",\"sameAs\":[\"http:\\\/\\\/www.aconteceunovale.com.br\"],\"url\":\"https:\\\/\\\/aconteceunovale.com.br\\\/portal\\\/?author=1\"}]}<\/script>\n<!-- \/ Yoast SEO plugin. -->","yoast_head_json":{"title":"Entenda os sintomas, riscos e tratamento do Sarampo - Aconteceu no Vale","robots":{"index":"index","follow":"follow","max-snippet":"max-snippet:-1","max-image-preview":"max-image-preview:large","max-video-preview":"max-video-preview:-1"},"canonical":"https:\/\/aconteceunovale.com.br\/portal\/?p=151990","og_locale":"pt_BR","og_type":"article","og_title":"Entenda os sintomas, riscos e tratamento do Sarampo - Aconteceu no Vale","og_description":"Com 2,3 mil casos confirmados de sarampo nos \u00faltimos tr\u00eas meses, o Brasil vive um surto da doen\u00e7a. O epicentro da epidemia est\u00e1 localizado no estado de S\u00e3o Paulo, onde foram confirmados uma morte e 2.299 casos \u2013 98% do total. Em seguida v\u00eam Rio de Janeiro (12), Pernambuco (5), Santa Catarina (4) e Distrito [&hellip;]","og_url":"https:\/\/aconteceunovale.com.br\/portal\/?p=151990","og_site_name":"Aconteceu no Vale","article_publisher":"https:\/\/www.facebook.com\/aconteceunovale\/","article_published_time":"2019-09-01T13:29:55+00:00","article_modified_time":"2019-09-01T13:29:57+00:00","og_image":[{"width":678,"height":381,"url":"https:\/\/aconteceunovale.com.br\/portal\/wp-content\/uploads\/2018\/08\/sarampo.jpg","type":"image\/jpeg"}],"author":"Aconteceu no Vale","twitter_card":"summary_large_image","twitter_creator":"@noticiadosvales","twitter_site":"@noticiadosvales","twitter_misc":{"Escrito por":"Aconteceu no Vale","Est. tempo de leitura":"4 minutos"},"schema":{"@context":"https:\/\/schema.org","@graph":[{"@type":"Article","@id":"https:\/\/aconteceunovale.com.br\/portal\/?p=151990#article","isPartOf":{"@id":"https:\/\/aconteceunovale.com.br\/portal\/?p=151990"},"author":{"name":"Aconteceu no Vale","@id":"https:\/\/aconteceunovale.com.br\/portal\/#\/schema\/person\/633529146f2c94272bef50ac2953d589"},"headline":"Entenda os sintomas, riscos e tratamento do Sarampo","datePublished":"2019-09-01T13:29:55+00:00","dateModified":"2019-09-01T13:29:57+00:00","mainEntityOfPage":{"@id":"https:\/\/aconteceunovale.com.br\/portal\/?p=151990"},"wordCount":835,"commentCount":0,"image":{"@id":"https:\/\/aconteceunovale.com.br\/portal\/?p=151990#primaryimage"},"thumbnailUrl":"https:\/\/aconteceunovale.com.br\/portal\/wp-content\/uploads\/2018\/08\/sarampo.jpg","keywords":["Como o sarampo \u00e9 transmitido?","Entenda os sintomas do Sarampo","Epidemia de sarampo no Brasil","Riscos do Sarampo","Roberta Esteves Vieira de Castro","Sarampo","Sarampo no Brasil","Sintomas do Sarampo","Surto de sarampo no Brasil","Tratamento do Sarampo"],"articleSection":["Brasil","Sa\u00fade"],"inLanguage":"pt-BR","potentialAction":[{"@type":"CommentAction","name":"Comment","target":["https:\/\/aconteceunovale.com.br\/portal\/?p=151990#respond"]}]},{"@type":"WebPage","@id":"https:\/\/aconteceunovale.com.br\/portal\/?p=151990","url":"https:\/\/aconteceunovale.com.br\/portal\/?p=151990","name":"Entenda os sintomas, riscos e tratamento do Sarampo - Aconteceu no Vale","isPartOf":{"@id":"https:\/\/aconteceunovale.com.br\/portal\/#website"},"primaryImageOfPage":{"@id":"https:\/\/aconteceunovale.com.br\/portal\/?p=151990#primaryimage"},"image":{"@id":"https:\/\/aconteceunovale.com.br\/portal\/?p=151990#primaryimage"},"thumbnailUrl":"https:\/\/aconteceunovale.com.br\/portal\/wp-content\/uploads\/2018\/08\/sarampo.jpg","datePublished":"2019-09-01T13:29:55+00:00","dateModified":"2019-09-01T13:29:57+00:00","author":{"@id":"https:\/\/aconteceunovale.com.br\/portal\/#\/schema\/person\/633529146f2c94272bef50ac2953d589"},"breadcrumb":{"@id":"https:\/\/aconteceunovale.com.br\/portal\/?p=151990#breadcrumb"},"inLanguage":"pt-BR","potentialAction":[{"@type":"ReadAction","target":["https:\/\/aconteceunovale.com.br\/portal\/?p=151990"]}]},{"@type":"ImageObject","inLanguage":"pt-BR","@id":"https:\/\/aconteceunovale.com.br\/portal\/?p=151990#primaryimage","url":"https:\/\/aconteceunovale.com.br\/portal\/wp-content\/uploads\/2018\/08\/sarampo.jpg","contentUrl":"https:\/\/aconteceunovale.com.br\/portal\/wp-content\/uploads\/2018\/08\/sarampo.jpg","width":678,"height":381},{"@type":"BreadcrumbList","@id":"https:\/\/aconteceunovale.com.br\/portal\/?p=151990#breadcrumb","itemListElement":[{"@type":"ListItem","position":1,"name":"In\u00edcio","item":"https:\/\/aconteceunovale.com.br\/portal\/"},{"@type":"ListItem","position":2,"name":"Entenda os sintomas, riscos e tratamento do Sarampo"}]},{"@type":"WebSite","@id":"https:\/\/aconteceunovale.com.br\/portal\/#website","url":"https:\/\/aconteceunovale.com.br\/portal\/","name":"Aconteceu no Vale","description":"Portal de Not\u00edcias","potentialAction":[{"@type":"SearchAction","target":{"@type":"EntryPoint","urlTemplate":"https:\/\/aconteceunovale.com.br\/portal\/?s={search_term_string}"},"query-input":{"@type":"PropertyValueSpecification","valueRequired":true,"valueName":"search_term_string"}}],"inLanguage":"pt-BR"},{"@type":"Person","@id":"https:\/\/aconteceunovale.com.br\/portal\/#\/schema\/person\/633529146f2c94272bef50ac2953d589","name":"Aconteceu no Vale","description":"Equipe de reportagem do Aconteceu no Vale, portal de not\u00edcias do Vale do Jequitinhonha, em Minas Gerais. Cobrimos as 51 cidades do Vale desde 2013. Sugest\u00f5es de pauta e pedidos de corre\u00e7\u00e3o: contato@aconteceunovale.com.br","sameAs":["http:\/\/www.aconteceunovale.com.br"],"url":"https:\/\/aconteceunovale.com.br\/portal\/?author=1"}]}},"_links":{"self":[{"href":"https:\/\/aconteceunovale.com.br\/portal\/index.php?rest_route=\/wp\/v2\/posts\/151990","targetHints":{"allow":["GET"]}}],"collection":[{"href":"https:\/\/aconteceunovale.com.br\/portal\/index.php?rest_route=\/wp\/v2\/posts"}],"about":[{"href":"https:\/\/aconteceunovale.com.br\/portal\/index.php?rest_route=\/wp\/v2\/types\/post"}],"author":[{"embeddable":true,"href":"https:\/\/aconteceunovale.com.br\/portal\/index.php?rest_route=\/wp\/v2\/users\/1"}],"replies":[{"embeddable":true,"href":"https:\/\/aconteceunovale.com.br\/portal\/index.php?rest_route=%2Fwp%2Fv2%2Fcomments&post=151990"}],"version-history":[{"count":1,"href":"https:\/\/aconteceunovale.com.br\/portal\/index.php?rest_route=\/wp\/v2\/posts\/151990\/revisions"}],"predecessor-version":[{"id":151991,"href":"https:\/\/aconteceunovale.com.br\/portal\/index.php?rest_route=\/wp\/v2\/posts\/151990\/revisions\/151991"}],"wp:featuredmedia":[{"embeddable":true,"href":"https:\/\/aconteceunovale.com.br\/portal\/index.php?rest_route=\/wp\/v2\/media\/134014"}],"wp:attachment":[{"href":"https:\/\/aconteceunovale.com.br\/portal\/index.php?rest_route=%2Fwp%2Fv2%2Fmedia&parent=151990"}],"wp:term":[{"taxonomy":"category","embeddable":true,"href":"https:\/\/aconteceunovale.com.br\/portal\/index.php?rest_route=%2Fwp%2Fv2%2Fcategories&post=151990"},{"taxonomy":"post_tag","embeddable":true,"href":"https:\/\/aconteceunovale.com.br\/portal\/index.php?rest_route=%2Fwp%2Fv2%2Ftags&post=151990"}],"curies":[{"name":"wp","href":"https:\/\/api.w.org\/{rel}","templated":true}]}}