{"id":151986,"date":"2019-09-01T10:23:40","date_gmt":"2019-09-01T13:23:40","guid":{"rendered":"http:\/\/aconteceunovale.com.br\/portal\/?p=151986"},"modified":"2019-09-01T10:23:42","modified_gmt":"2019-09-01T13:23:42","slug":"donald-trump-lanca-comando-espacial-dos-estados-unidos","status":"publish","type":"post","link":"https:\/\/aconteceunovale.com.br\/portal\/?p=151986","title":{"rendered":"Donald Trump lan\u00e7a Comando Espacial dos Estados Unidos"},"content":{"rendered":"\n<p class=\"wp-block-paragraph\">O presidente dos Estados Unidos, Donald Trump, lan\u00e7ou o novo Comando Espacial dos Estados Unidos, estabelecido pelo Pent\u00e1gono para manter o dom\u00ednio americano na \u00faltima e definitiva fronteira militar. O&nbsp;<em>SpaceCom<\/em>&nbsp;cria no espa\u00e7o um novo palco de combates, principalmente com a utiliza\u00e7\u00e3o de sat\u00e9lites e aeronaves de grande altitude.<\/p>\n\n\n\n<p class=\"wp-block-paragraph\">&#8220;Este \u00e9 um dia marcante, em que reconhecemos a centralidade do espa\u00e7o na defesa e seguran\u00e7a da Am\u00e9rica&#8221;, disse ele. O novo comando dever\u00e1 &#8220;assegurar que a superioridade no espa\u00e7o jamais seja questionada ou amea\u00e7ada&#8221;.<\/p>\n\n\n\n<p class=\"wp-block-paragraph\">&#8220;Os perigos para o nosso pa\u00eds evoluem constantemente, e n\u00f3s tamb\u00e9m devemos evoluir&#8221;, afirmou Trump. &#8220;Nossos advers\u00e1rios j\u00e1 armam a \u00f3rbita terrestre com novas tecnologias que visam sat\u00e9lites americanos fundamentais tanto nas opera\u00e7\u00f5es nos campos de batalha quanto em nosso modo de vida em casa.&#8221;<\/p>\n\n\n\n<p class=\"wp-block-paragraph\">&#8220;Nossa liberdade de operar no espa\u00e7o \u00e9 tamb\u00e9m essencial para detectar e destruir qualquer m\u00edssil lan\u00e7ado contra os EUA&#8221;, acrescentou. A For\u00e7a A\u00e9rea americana j\u00e1 realiza opera\u00e7\u00f5es bal\u00edsticas no espa\u00e7o, que ser\u00e3o agora refor\u00e7adas pelo&nbsp;<em>SpaceCom<\/em>. O novo \u00f3rg\u00e3o de defesa promover\u00e1 sistemas especializados e treinamentos para futuros combates no espa\u00e7o.<\/p>\n\n\n\n<h2 class=\"wp-block-heading\">Amea\u00e7as<\/h2>\n\n\n\n<p class=\"wp-block-paragraph\">Chefes das For\u00e7as Armadas do pa\u00eds alertam que China e a R\u00fassia representam amea\u00e7as crescentes ao dom\u00ednio americano no espa\u00e7o. O general da For\u00e7a A\u00e9rea John Raymond, que vai coordenar o novo comando, disse que as duas na\u00e7\u00f5es rivais j\u00e1 destinam grandes somas para suas opera\u00e7\u00f5es espaciais, as quais, em caso de conflito, seriam capazes de comprometer a superioridade americana.<\/p>\n\n\n\n<p class=\"wp-block-paragraph\">As agress\u00f5es variam de interfer\u00eancias nas comunica\u00e7\u00f5es e em sat\u00e9lites de GPS at\u00e9 ataques de m\u00edsseis lan\u00e7ados a partir do solo para destruir sat\u00e9lites, como demonstrou a China em 2007.<\/p>\n\n\n\n<p class=\"wp-block-paragraph\">&#8220;Estamos num ponto de inflex\u00e3o estrat\u00e9gico em que n\u00e3o h\u00e1 nada que fa\u00e7amos como for\u00e7a conjunta de coaliz\u00e3o que n\u00e3o seja viabilizado a partir do espa\u00e7o&#8221;, disse Raymond. &#8220;Estou convencido de que o espa\u00e7o \u00e9 um dom\u00ednio de combates de guerra. Estou convencido de que nosso modo de vida e nosso modo de guerrear dependem das capacidades espaciais.&#8221;<\/p>\n\n\n\n<p class=\"wp-block-paragraph\">Na verdade, Trump possu\u00eda ambi\u00e7\u00f5es maiores em termos de guerra espacial. Em junho de 2018 ele ordenou a cria\u00e7\u00e3o da For\u00e7a Espacial (<em>Space Force<\/em>), que se tornaria um bra\u00e7o das For\u00e7as Armadas, assim como o Ex\u00e9rcito, Marinha, Guarda Costeira, os Marines e a For\u00e7a A\u00e9rea.<\/p>\n","protected":false},"excerpt":{"rendered":"<p>O presidente dos Estados Unidos, Donald Trump, lan\u00e7ou o novo Comando Espacial dos Estados Unidos, estabelecido pelo Pent\u00e1gono para manter o dom\u00ednio americano na \u00faltima e definitiva fronteira militar. O&nbsp;SpaceCom&nbsp;cria no espa\u00e7o um novo palco de combates, principalmente com a utiliza\u00e7\u00e3o de sat\u00e9lites e aeronaves de grande altitude. &#8220;Este \u00e9 um dia marcante, em que [&hellip;]<\/p>\n","protected":false},"author":1,"featured_media":149527,"comment_status":"open","ping_status":"closed","sticky":false,"template":"","format":"standard","meta":{"amp_status":"","footnotes":""},"categories":[28848],"tags":[206261,206262,79020,206264,15469,50315,15835,206263,95908],"class_list":["post-151986","post","type-post","status-publish","format-standard","has-post-thumbnail","hentry","category-mundo","tag-comando-espacial-dos-estados-unidos","tag-comando-espacial-dos-eua","tag-donald-trump","tag-donald-trump-lanca-comando-espacial-dos-estados-unidos","tag-estados-unidos","tag-eua","tag-presidente-dos-estados-unidos","tag-spacecom","tag-trump"],"yoast_head":"<!-- This site is optimized with the Yoast SEO plugin v28.3 - https:\/\/yoast.com\/product\/yoast-seo-wordpress\/ -->\n<title>Donald Trump lan\u00e7a Comando Espacial dos Estados Unidos - Aconteceu no Vale<\/title>\n<meta name=\"robots\" content=\"index, follow, max-snippet:-1, max-image-preview:large, max-video-preview:-1\" \/>\n<link rel=\"canonical\" href=\"https:\/\/aconteceunovale.com.br\/portal\/?p=151986\" \/>\n<meta property=\"og:locale\" content=\"pt_BR\" \/>\n<meta property=\"og:type\" content=\"article\" \/>\n<meta property=\"og:title\" content=\"Donald Trump lan\u00e7a Comando Espacial dos Estados Unidos - Aconteceu no Vale\" \/>\n<meta property=\"og:description\" content=\"O presidente dos Estados Unidos, Donald Trump, lan\u00e7ou o novo Comando Espacial dos Estados Unidos, estabelecido pelo Pent\u00e1gono para manter o dom\u00ednio americano na \u00faltima e definitiva fronteira militar. O&nbsp;SpaceCom&nbsp;cria no espa\u00e7o um novo palco de combates, principalmente com a utiliza\u00e7\u00e3o de sat\u00e9lites e aeronaves de grande altitude. &#8220;Este \u00e9 um dia marcante, em que [&hellip;]\" \/>\n<meta property=\"og:url\" content=\"https:\/\/aconteceunovale.com.br\/portal\/?p=151986\" \/>\n<meta property=\"og:site_name\" content=\"Aconteceu no Vale\" \/>\n<meta property=\"article:publisher\" content=\"https:\/\/www.facebook.com\/aconteceunovale\/\" \/>\n<meta property=\"article:published_time\" content=\"2019-09-01T13:23:40+00:00\" \/>\n<meta property=\"article:modified_time\" content=\"2019-09-01T13:23:42+00:00\" \/>\n<meta property=\"og:image\" content=\"https:\/\/aconteceunovale.com.br\/portal\/wp-content\/uploads\/2019\/07\/trump.jpg\" \/>\n\t<meta property=\"og:image:width\" content=\"675\" \/>\n\t<meta property=\"og:image:height\" content=\"450\" \/>\n\t<meta property=\"og:image:type\" content=\"image\/jpeg\" \/>\n<meta name=\"author\" content=\"Aconteceu no Vale\" \/>\n<meta name=\"twitter:card\" content=\"summary_large_image\" \/>\n<meta name=\"twitter:creator\" content=\"@noticiadosvales\" \/>\n<meta name=\"twitter:site\" content=\"@noticiadosvales\" \/>\n<meta name=\"twitter:label1\" content=\"Escrito por\" \/>\n\t<meta name=\"twitter:data1\" content=\"Aconteceu no Vale\" \/>\n\t<meta name=\"twitter:label2\" content=\"Est. tempo de leitura\" \/>\n\t<meta name=\"twitter:data2\" content=\"2 minutos\" \/>\n<script type=\"application\/ld+json\" class=\"yoast-schema-graph\">{\"@context\":\"https:\\\/\\\/schema.org\",\"@graph\":[{\"@type\":\"Article\",\"@id\":\"https:\\\/\\\/aconteceunovale.com.br\\\/portal\\\/?p=151986#article\",\"isPartOf\":{\"@id\":\"https:\\\/\\\/aconteceunovale.com.br\\\/portal\\\/?p=151986\"},\"author\":{\"name\":\"Aconteceu no Vale\",\"@id\":\"https:\\\/\\\/aconteceunovale.com.br\\\/portal\\\/#\\\/schema\\\/person\\\/633529146f2c94272bef50ac2953d589\"},\"headline\":\"Donald Trump lan\u00e7a Comando Espacial dos Estados Unidos\",\"datePublished\":\"2019-09-01T13:23:40+00:00\",\"dateModified\":\"2019-09-01T13:23:42+00:00\",\"mainEntityOfPage\":{\"@id\":\"https:\\\/\\\/aconteceunovale.com.br\\\/portal\\\/?p=151986\"},\"wordCount\":449,\"commentCount\":0,\"image\":{\"@id\":\"https:\\\/\\\/aconteceunovale.com.br\\\/portal\\\/?p=151986#primaryimage\"},\"thumbnailUrl\":\"https:\\\/\\\/aconteceunovale.com.br\\\/portal\\\/wp-content\\\/uploads\\\/2019\\\/07\\\/trump.jpg\",\"keywords\":[\"Comando Espacial dos Estados Unidos\",\"Comando Espacial dos EUA\",\"Donald Trump\",\"Donald Trump lan\u00e7a Comando Espacial dos Estados Unidos\",\"Estados Unidos\",\"EUA\",\"presidente dos Estados Unidos\",\"SpaceCom\",\"Trump\"],\"articleSection\":[\"Mundo\"],\"inLanguage\":\"pt-BR\",\"potentialAction\":[{\"@type\":\"CommentAction\",\"name\":\"Comment\",\"target\":[\"https:\\\/\\\/aconteceunovale.com.br\\\/portal\\\/?p=151986#respond\"]}]},{\"@type\":\"WebPage\",\"@id\":\"https:\\\/\\\/aconteceunovale.com.br\\\/portal\\\/?p=151986\",\"url\":\"https:\\\/\\\/aconteceunovale.com.br\\\/portal\\\/?p=151986\",\"name\":\"Donald Trump lan\u00e7a Comando Espacial dos Estados Unidos - Aconteceu no Vale\",\"isPartOf\":{\"@id\":\"https:\\\/\\\/aconteceunovale.com.br\\\/portal\\\/#website\"},\"primaryImageOfPage\":{\"@id\":\"https:\\\/\\\/aconteceunovale.com.br\\\/portal\\\/?p=151986#primaryimage\"},\"image\":{\"@id\":\"https:\\\/\\\/aconteceunovale.com.br\\\/portal\\\/?p=151986#primaryimage\"},\"thumbnailUrl\":\"https:\\\/\\\/aconteceunovale.com.br\\\/portal\\\/wp-content\\\/uploads\\\/2019\\\/07\\\/trump.jpg\",\"datePublished\":\"2019-09-01T13:23:40+00:00\",\"dateModified\":\"2019-09-01T13:23:42+00:00\",\"author\":{\"@id\":\"https:\\\/\\\/aconteceunovale.com.br\\\/portal\\\/#\\\/schema\\\/person\\\/633529146f2c94272bef50ac2953d589\"},\"breadcrumb\":{\"@id\":\"https:\\\/\\\/aconteceunovale.com.br\\\/portal\\\/?p=151986#breadcrumb\"},\"inLanguage\":\"pt-BR\",\"potentialAction\":[{\"@type\":\"ReadAction\",\"target\":[\"https:\\\/\\\/aconteceunovale.com.br\\\/portal\\\/?p=151986\"]}]},{\"@type\":\"ImageObject\",\"inLanguage\":\"pt-BR\",\"@id\":\"https:\\\/\\\/aconteceunovale.com.br\\\/portal\\\/?p=151986#primaryimage\",\"url\":\"https:\\\/\\\/aconteceunovale.com.br\\\/portal\\\/wp-content\\\/uploads\\\/2019\\\/07\\\/trump.jpg\",\"contentUrl\":\"https:\\\/\\\/aconteceunovale.com.br\\\/portal\\\/wp-content\\\/uploads\\\/2019\\\/07\\\/trump.jpg\",\"width\":675,\"height\":450},{\"@type\":\"BreadcrumbList\",\"@id\":\"https:\\\/\\\/aconteceunovale.com.br\\\/portal\\\/?p=151986#breadcrumb\",\"itemListElement\":[{\"@type\":\"ListItem\",\"position\":1,\"name\":\"In\u00edcio\",\"item\":\"https:\\\/\\\/aconteceunovale.com.br\\\/portal\\\/\"},{\"@type\":\"ListItem\",\"position\":2,\"name\":\"Donald Trump lan\u00e7a Comando Espacial dos Estados Unidos\"}]},{\"@type\":\"WebSite\",\"@id\":\"https:\\\/\\\/aconteceunovale.com.br\\\/portal\\\/#website\",\"url\":\"https:\\\/\\\/aconteceunovale.com.br\\\/portal\\\/\",\"name\":\"Aconteceu no Vale\",\"description\":\"Portal de Not\u00edcias\",\"potentialAction\":[{\"@type\":\"SearchAction\",\"target\":{\"@type\":\"EntryPoint\",\"urlTemplate\":\"https:\\\/\\\/aconteceunovale.com.br\\\/portal\\\/?s={search_term_string}\"},\"query-input\":{\"@type\":\"PropertyValueSpecification\",\"valueRequired\":true,\"valueName\":\"search_term_string\"}}],\"inLanguage\":\"pt-BR\"},{\"@type\":\"Person\",\"@id\":\"https:\\\/\\\/aconteceunovale.com.br\\\/portal\\\/#\\\/schema\\\/person\\\/633529146f2c94272bef50ac2953d589\",\"name\":\"Aconteceu no Vale\",\"description\":\"Equipe de reportagem do Aconteceu no Vale, portal de not\u00edcias do Vale do Jequitinhonha, em Minas Gerais. Cobrimos as 51 cidades do Vale desde 2013. Sugest\u00f5es de pauta e pedidos de corre\u00e7\u00e3o: contato@aconteceunovale.com.br\",\"sameAs\":[\"http:\\\/\\\/www.aconteceunovale.com.br\"],\"url\":\"https:\\\/\\\/aconteceunovale.com.br\\\/portal\\\/?author=1\"}]}<\/script>\n<!-- \/ Yoast SEO plugin. -->","yoast_head_json":{"title":"Donald Trump lan\u00e7a Comando Espacial dos Estados Unidos - Aconteceu no Vale","robots":{"index":"index","follow":"follow","max-snippet":"max-snippet:-1","max-image-preview":"max-image-preview:large","max-video-preview":"max-video-preview:-1"},"canonical":"https:\/\/aconteceunovale.com.br\/portal\/?p=151986","og_locale":"pt_BR","og_type":"article","og_title":"Donald Trump lan\u00e7a Comando Espacial dos Estados Unidos - Aconteceu no Vale","og_description":"O presidente dos Estados Unidos, Donald Trump, lan\u00e7ou o novo Comando Espacial dos Estados Unidos, estabelecido pelo Pent\u00e1gono para manter o dom\u00ednio americano na \u00faltima e definitiva fronteira militar. O&nbsp;SpaceCom&nbsp;cria no espa\u00e7o um novo palco de combates, principalmente com a utiliza\u00e7\u00e3o de sat\u00e9lites e aeronaves de grande altitude. &#8220;Este \u00e9 um dia marcante, em que [&hellip;]","og_url":"https:\/\/aconteceunovale.com.br\/portal\/?p=151986","og_site_name":"Aconteceu no Vale","article_publisher":"https:\/\/www.facebook.com\/aconteceunovale\/","article_published_time":"2019-09-01T13:23:40+00:00","article_modified_time":"2019-09-01T13:23:42+00:00","og_image":[{"width":675,"height":450,"url":"https:\/\/aconteceunovale.com.br\/portal\/wp-content\/uploads\/2019\/07\/trump.jpg","type":"image\/jpeg"}],"author":"Aconteceu no Vale","twitter_card":"summary_large_image","twitter_creator":"@noticiadosvales","twitter_site":"@noticiadosvales","twitter_misc":{"Escrito por":"Aconteceu no Vale","Est. tempo de leitura":"2 minutos"},"schema":{"@context":"https:\/\/schema.org","@graph":[{"@type":"Article","@id":"https:\/\/aconteceunovale.com.br\/portal\/?p=151986#article","isPartOf":{"@id":"https:\/\/aconteceunovale.com.br\/portal\/?p=151986"},"author":{"name":"Aconteceu no Vale","@id":"https:\/\/aconteceunovale.com.br\/portal\/#\/schema\/person\/633529146f2c94272bef50ac2953d589"},"headline":"Donald Trump lan\u00e7a Comando Espacial dos Estados Unidos","datePublished":"2019-09-01T13:23:40+00:00","dateModified":"2019-09-01T13:23:42+00:00","mainEntityOfPage":{"@id":"https:\/\/aconteceunovale.com.br\/portal\/?p=151986"},"wordCount":449,"commentCount":0,"image":{"@id":"https:\/\/aconteceunovale.com.br\/portal\/?p=151986#primaryimage"},"thumbnailUrl":"https:\/\/aconteceunovale.com.br\/portal\/wp-content\/uploads\/2019\/07\/trump.jpg","keywords":["Comando Espacial dos Estados Unidos","Comando Espacial dos EUA","Donald Trump","Donald Trump lan\u00e7a Comando Espacial dos Estados Unidos","Estados Unidos","EUA","presidente dos Estados Unidos","SpaceCom","Trump"],"articleSection":["Mundo"],"inLanguage":"pt-BR","potentialAction":[{"@type":"CommentAction","name":"Comment","target":["https:\/\/aconteceunovale.com.br\/portal\/?p=151986#respond"]}]},{"@type":"WebPage","@id":"https:\/\/aconteceunovale.com.br\/portal\/?p=151986","url":"https:\/\/aconteceunovale.com.br\/portal\/?p=151986","name":"Donald Trump lan\u00e7a Comando Espacial dos Estados Unidos - Aconteceu no Vale","isPartOf":{"@id":"https:\/\/aconteceunovale.com.br\/portal\/#website"},"primaryImageOfPage":{"@id":"https:\/\/aconteceunovale.com.br\/portal\/?p=151986#primaryimage"},"image":{"@id":"https:\/\/aconteceunovale.com.br\/portal\/?p=151986#primaryimage"},"thumbnailUrl":"https:\/\/aconteceunovale.com.br\/portal\/wp-content\/uploads\/2019\/07\/trump.jpg","datePublished":"2019-09-01T13:23:40+00:00","dateModified":"2019-09-01T13:23:42+00:00","author":{"@id":"https:\/\/aconteceunovale.com.br\/portal\/#\/schema\/person\/633529146f2c94272bef50ac2953d589"},"breadcrumb":{"@id":"https:\/\/aconteceunovale.com.br\/portal\/?p=151986#breadcrumb"},"inLanguage":"pt-BR","potentialAction":[{"@type":"ReadAction","target":["https:\/\/aconteceunovale.com.br\/portal\/?p=151986"]}]},{"@type":"ImageObject","inLanguage":"pt-BR","@id":"https:\/\/aconteceunovale.com.br\/portal\/?p=151986#primaryimage","url":"https:\/\/aconteceunovale.com.br\/portal\/wp-content\/uploads\/2019\/07\/trump.jpg","contentUrl":"https:\/\/aconteceunovale.com.br\/portal\/wp-content\/uploads\/2019\/07\/trump.jpg","width":675,"height":450},{"@type":"BreadcrumbList","@id":"https:\/\/aconteceunovale.com.br\/portal\/?p=151986#breadcrumb","itemListElement":[{"@type":"ListItem","position":1,"name":"In\u00edcio","item":"https:\/\/aconteceunovale.com.br\/portal\/"},{"@type":"ListItem","position":2,"name":"Donald Trump lan\u00e7a Comando Espacial dos Estados Unidos"}]},{"@type":"WebSite","@id":"https:\/\/aconteceunovale.com.br\/portal\/#website","url":"https:\/\/aconteceunovale.com.br\/portal\/","name":"Aconteceu no Vale","description":"Portal de Not\u00edcias","potentialAction":[{"@type":"SearchAction","target":{"@type":"EntryPoint","urlTemplate":"https:\/\/aconteceunovale.com.br\/portal\/?s={search_term_string}"},"query-input":{"@type":"PropertyValueSpecification","valueRequired":true,"valueName":"search_term_string"}}],"inLanguage":"pt-BR"},{"@type":"Person","@id":"https:\/\/aconteceunovale.com.br\/portal\/#\/schema\/person\/633529146f2c94272bef50ac2953d589","name":"Aconteceu no Vale","description":"Equipe de reportagem do Aconteceu no Vale, portal de not\u00edcias do Vale do Jequitinhonha, em Minas Gerais. Cobrimos as 51 cidades do Vale desde 2013. Sugest\u00f5es de pauta e pedidos de corre\u00e7\u00e3o: contato@aconteceunovale.com.br","sameAs":["http:\/\/www.aconteceunovale.com.br"],"url":"https:\/\/aconteceunovale.com.br\/portal\/?author=1"}]}},"_links":{"self":[{"href":"https:\/\/aconteceunovale.com.br\/portal\/index.php?rest_route=\/wp\/v2\/posts\/151986","targetHints":{"allow":["GET"]}}],"collection":[{"href":"https:\/\/aconteceunovale.com.br\/portal\/index.php?rest_route=\/wp\/v2\/posts"}],"about":[{"href":"https:\/\/aconteceunovale.com.br\/portal\/index.php?rest_route=\/wp\/v2\/types\/post"}],"author":[{"embeddable":true,"href":"https:\/\/aconteceunovale.com.br\/portal\/index.php?rest_route=\/wp\/v2\/users\/1"}],"replies":[{"embeddable":true,"href":"https:\/\/aconteceunovale.com.br\/portal\/index.php?rest_route=%2Fwp%2Fv2%2Fcomments&post=151986"}],"version-history":[{"count":1,"href":"https:\/\/aconteceunovale.com.br\/portal\/index.php?rest_route=\/wp\/v2\/posts\/151986\/revisions"}],"predecessor-version":[{"id":151987,"href":"https:\/\/aconteceunovale.com.br\/portal\/index.php?rest_route=\/wp\/v2\/posts\/151986\/revisions\/151987"}],"wp:featuredmedia":[{"embeddable":true,"href":"https:\/\/aconteceunovale.com.br\/portal\/index.php?rest_route=\/wp\/v2\/media\/149527"}],"wp:attachment":[{"href":"https:\/\/aconteceunovale.com.br\/portal\/index.php?rest_route=%2Fwp%2Fv2%2Fmedia&parent=151986"}],"wp:term":[{"taxonomy":"category","embeddable":true,"href":"https:\/\/aconteceunovale.com.br\/portal\/index.php?rest_route=%2Fwp%2Fv2%2Fcategories&post=151986"},{"taxonomy":"post_tag","embeddable":true,"href":"https:\/\/aconteceunovale.com.br\/portal\/index.php?rest_route=%2Fwp%2Fv2%2Ftags&post=151986"}],"curies":[{"name":"wp","href":"https:\/\/api.w.org\/{rel}","templated":true}]}}