{"id":151963,"date":"2019-08-30T18:53:58","date_gmt":"2019-08-30T21:53:58","guid":{"rendered":"http:\/\/aconteceunovale.com.br\/portal\/?p=151963"},"modified":"2019-08-30T18:53:59","modified_gmt":"2019-08-30T21:53:59","slug":"fundacao-abre-inscricoes-para-atuar-no-mg-transplantes-de-ipatinga","status":"publish","type":"post","link":"https:\/\/aconteceunovale.com.br\/portal\/?p=151963","title":{"rendered":"Funda\u00e7\u00e3o abre inscri\u00e7\u00f5es para atuar no MG Transplantes de Ipatinga"},"content":{"rendered":"\n<p class=\"wp-block-paragraph\">A\u00a0Funda\u00e7\u00e3o Hospitalar do Estado de Minas Gerais (Fhemig)\u00a0informa que estar\u00e3o abertas, das 9h do dia 2 de setembro de 2019, at\u00e9 \u00e0s 17h do dia 4 de setembro de 2019 (hor\u00e1rio de Bras\u00edlia), inscri\u00e7\u00f5es no s\u00edtio eletr\u00f4nico\u00a0<a href=\"http:\/\/www.fhemig.mg.gov.br\/\">http:\/\/www.fhemig.mg.gov.br<\/a>\u00a0para cadastramento de curr\u00edculos, visando forma\u00e7\u00e3o de quadro de cadastro reserva para a fun\u00e7\u00e3o de Enfermeiro para atuar no MG Transplantes, na regi\u00e3o do Vale do A\u00e7o, Ipatinga. <\/p>\n","protected":false},"excerpt":{"rendered":"<p>A\u00a0Funda\u00e7\u00e3o Hospitalar do Estado de Minas Gerais (Fhemig)\u00a0informa que estar\u00e3o abertas, das 9h do dia 2 de setembro de 2019, at\u00e9 \u00e0s 17h do dia 4 de setembro de 2019 (hor\u00e1rio de Bras\u00edlia), inscri\u00e7\u00f5es no s\u00edtio eletr\u00f4nico\u00a0http:\/\/www.fhemig.mg.gov.br\u00a0para cadastramento de curr\u00edculos, visando forma\u00e7\u00e3o de quadro de cadastro reserva para a fun\u00e7\u00e3o de Enfermeiro para atuar no [&hellip;]<\/p>\n","protected":false},"author":1,"featured_media":151964,"comment_status":"open","ping_status":"closed","sticky":false,"template":"","format":"standard","meta":{"amp_status":"","footnotes":""},"categories":[40236,121],"tags":[43886,33185,206242,41752,206241,206243,147402],"class_list":["post-151963","post","type-post","status-publish","format-standard","has-post-thumbnail","hentry","category-empregos-2","category-leste","tag-emprego-em-ipatinga","tag-fhemig","tag-fundacao-abre-inscricoes-para-atuar-no-mg-transplantes-de-ipatinga","tag-fundacao-hospitalar-do-estado-de-minas-gerais","tag-mg-transplantes-de-ipatinga","tag-oportunidade-em-ipatinga","tag-vagas-em-ipatinga"],"yoast_head":"<!-- This site is optimized with the Yoast SEO plugin v28.3 - https:\/\/yoast.com\/product\/yoast-seo-wordpress\/ -->\n<title>Funda\u00e7\u00e3o abre inscri\u00e7\u00f5es para atuar no MG Transplantes de Ipatinga - Aconteceu no Vale<\/title>\n<meta name=\"robots\" content=\"index, follow, max-snippet:-1, max-image-preview:large, max-video-preview:-1\" \/>\n<link rel=\"canonical\" href=\"https:\/\/aconteceunovale.com.br\/portal\/?p=151963\" \/>\n<meta property=\"og:locale\" content=\"pt_BR\" \/>\n<meta property=\"og:type\" content=\"article\" \/>\n<meta property=\"og:title\" content=\"Funda\u00e7\u00e3o abre inscri\u00e7\u00f5es para atuar no MG Transplantes de Ipatinga - Aconteceu no Vale\" \/>\n<meta property=\"og:description\" content=\"A\u00a0Funda\u00e7\u00e3o Hospitalar do Estado de Minas Gerais (Fhemig)\u00a0informa que estar\u00e3o abertas, das 9h do dia 2 de setembro de 2019, at\u00e9 \u00e0s 17h do dia 4 de setembro de 2019 (hor\u00e1rio de Bras\u00edlia), inscri\u00e7\u00f5es no s\u00edtio eletr\u00f4nico\u00a0http:\/\/www.fhemig.mg.gov.br\u00a0para cadastramento de curr\u00edculos, visando forma\u00e7\u00e3o de quadro de cadastro reserva para a fun\u00e7\u00e3o de Enfermeiro para atuar no [&hellip;]\" \/>\n<meta property=\"og:url\" content=\"https:\/\/aconteceunovale.com.br\/portal\/?p=151963\" \/>\n<meta property=\"og:site_name\" content=\"Aconteceu no Vale\" \/>\n<meta property=\"article:publisher\" content=\"https:\/\/www.facebook.com\/aconteceunovale\/\" \/>\n<meta property=\"article:published_time\" content=\"2019-08-30T21:53:58+00:00\" \/>\n<meta property=\"article:modified_time\" content=\"2019-08-30T21:53:59+00:00\" \/>\n<meta property=\"og:image\" content=\"https:\/\/aconteceunovale.com.br\/portal\/wp-content\/uploads\/2019\/08\/mg_transplantes.jpg\" \/>\n\t<meta property=\"og:image:width\" content=\"504\" \/>\n\t<meta property=\"og:image:height\" content=\"333\" \/>\n\t<meta property=\"og:image:type\" content=\"image\/jpeg\" \/>\n<meta name=\"author\" content=\"Aconteceu no Vale\" \/>\n<meta name=\"twitter:card\" content=\"summary_large_image\" \/>\n<meta name=\"twitter:creator\" content=\"@noticiadosvales\" \/>\n<meta name=\"twitter:site\" content=\"@noticiadosvales\" \/>\n<meta name=\"twitter:label1\" content=\"Escrito por\" \/>\n\t<meta name=\"twitter:data1\" content=\"Aconteceu no Vale\" \/>\n<script type=\"application\/ld+json\" class=\"yoast-schema-graph\">{\"@context\":\"https:\\\/\\\/schema.org\",\"@graph\":[{\"@type\":\"Article\",\"@id\":\"https:\\\/\\\/aconteceunovale.com.br\\\/portal\\\/?p=151963#article\",\"isPartOf\":{\"@id\":\"https:\\\/\\\/aconteceunovale.com.br\\\/portal\\\/?p=151963\"},\"author\":{\"name\":\"Aconteceu no Vale\",\"@id\":\"https:\\\/\\\/aconteceunovale.com.br\\\/portal\\\/#\\\/schema\\\/person\\\/633529146f2c94272bef50ac2953d589\"},\"headline\":\"Funda\u00e7\u00e3o abre inscri\u00e7\u00f5es para atuar no MG Transplantes de Ipatinga\",\"datePublished\":\"2019-08-30T21:53:58+00:00\",\"dateModified\":\"2019-08-30T21:53:59+00:00\",\"mainEntityOfPage\":{\"@id\":\"https:\\\/\\\/aconteceunovale.com.br\\\/portal\\\/?p=151963\"},\"wordCount\":93,\"commentCount\":0,\"image\":{\"@id\":\"https:\\\/\\\/aconteceunovale.com.br\\\/portal\\\/?p=151963#primaryimage\"},\"thumbnailUrl\":\"https:\\\/\\\/aconteceunovale.com.br\\\/portal\\\/wp-content\\\/uploads\\\/2019\\\/08\\\/mg_transplantes.jpg\",\"keywords\":[\"emprego em Ipatinga\",\"Fhemig\",\"Funda\u00e7\u00e3o abre inscri\u00e7\u00f5es para atuar no MG Transplantes de Ipatinga\",\"Funda\u00e7\u00e3o Hospitalar do Estado de Minas Gerais\",\"MG Transplantes de Ipatinga\",\"Oportunidade em Ipatinga\",\"Vagas em Ipatinga\"],\"articleSection\":[\"Empregos\",\"Leste de Minas\"],\"inLanguage\":\"pt-BR\",\"potentialAction\":[{\"@type\":\"CommentAction\",\"name\":\"Comment\",\"target\":[\"https:\\\/\\\/aconteceunovale.com.br\\\/portal\\\/?p=151963#respond\"]}]},{\"@type\":\"WebPage\",\"@id\":\"https:\\\/\\\/aconteceunovale.com.br\\\/portal\\\/?p=151963\",\"url\":\"https:\\\/\\\/aconteceunovale.com.br\\\/portal\\\/?p=151963\",\"name\":\"Funda\u00e7\u00e3o abre inscri\u00e7\u00f5es para atuar no MG Transplantes de Ipatinga - Aconteceu no Vale\",\"isPartOf\":{\"@id\":\"https:\\\/\\\/aconteceunovale.com.br\\\/portal\\\/#website\"},\"primaryImageOfPage\":{\"@id\":\"https:\\\/\\\/aconteceunovale.com.br\\\/portal\\\/?p=151963#primaryimage\"},\"image\":{\"@id\":\"https:\\\/\\\/aconteceunovale.com.br\\\/portal\\\/?p=151963#primaryimage\"},\"thumbnailUrl\":\"https:\\\/\\\/aconteceunovale.com.br\\\/portal\\\/wp-content\\\/uploads\\\/2019\\\/08\\\/mg_transplantes.jpg\",\"datePublished\":\"2019-08-30T21:53:58+00:00\",\"dateModified\":\"2019-08-30T21:53:59+00:00\",\"author\":{\"@id\":\"https:\\\/\\\/aconteceunovale.com.br\\\/portal\\\/#\\\/schema\\\/person\\\/633529146f2c94272bef50ac2953d589\"},\"breadcrumb\":{\"@id\":\"https:\\\/\\\/aconteceunovale.com.br\\\/portal\\\/?p=151963#breadcrumb\"},\"inLanguage\":\"pt-BR\",\"potentialAction\":[{\"@type\":\"ReadAction\",\"target\":[\"https:\\\/\\\/aconteceunovale.com.br\\\/portal\\\/?p=151963\"]}]},{\"@type\":\"ImageObject\",\"inLanguage\":\"pt-BR\",\"@id\":\"https:\\\/\\\/aconteceunovale.com.br\\\/portal\\\/?p=151963#primaryimage\",\"url\":\"https:\\\/\\\/aconteceunovale.com.br\\\/portal\\\/wp-content\\\/uploads\\\/2019\\\/08\\\/mg_transplantes.jpg\",\"contentUrl\":\"https:\\\/\\\/aconteceunovale.com.br\\\/portal\\\/wp-content\\\/uploads\\\/2019\\\/08\\\/mg_transplantes.jpg\",\"width\":504,\"height\":333},{\"@type\":\"BreadcrumbList\",\"@id\":\"https:\\\/\\\/aconteceunovale.com.br\\\/portal\\\/?p=151963#breadcrumb\",\"itemListElement\":[{\"@type\":\"ListItem\",\"position\":1,\"name\":\"In\u00edcio\",\"item\":\"https:\\\/\\\/aconteceunovale.com.br\\\/portal\\\/\"},{\"@type\":\"ListItem\",\"position\":2,\"name\":\"Funda\u00e7\u00e3o abre inscri\u00e7\u00f5es para atuar no MG Transplantes de Ipatinga\"}]},{\"@type\":\"WebSite\",\"@id\":\"https:\\\/\\\/aconteceunovale.com.br\\\/portal\\\/#website\",\"url\":\"https:\\\/\\\/aconteceunovale.com.br\\\/portal\\\/\",\"name\":\"Aconteceu no Vale\",\"description\":\"Portal de Not\u00edcias\",\"potentialAction\":[{\"@type\":\"SearchAction\",\"target\":{\"@type\":\"EntryPoint\",\"urlTemplate\":\"https:\\\/\\\/aconteceunovale.com.br\\\/portal\\\/?s={search_term_string}\"},\"query-input\":{\"@type\":\"PropertyValueSpecification\",\"valueRequired\":true,\"valueName\":\"search_term_string\"}}],\"inLanguage\":\"pt-BR\"},{\"@type\":\"Person\",\"@id\":\"https:\\\/\\\/aconteceunovale.com.br\\\/portal\\\/#\\\/schema\\\/person\\\/633529146f2c94272bef50ac2953d589\",\"name\":\"Aconteceu no Vale\",\"description\":\"Equipe de reportagem do Aconteceu no Vale, portal de not\u00edcias do Vale do Jequitinhonha, em Minas Gerais. Cobrimos as 51 cidades do Vale desde 2013. Sugest\u00f5es de pauta e pedidos de corre\u00e7\u00e3o: contato@aconteceunovale.com.br\",\"sameAs\":[\"http:\\\/\\\/www.aconteceunovale.com.br\"],\"url\":\"https:\\\/\\\/aconteceunovale.com.br\\\/portal\\\/?author=1\"}]}<\/script>\n<!-- \/ Yoast SEO plugin. -->","yoast_head_json":{"title":"Funda\u00e7\u00e3o abre inscri\u00e7\u00f5es para atuar no MG Transplantes de Ipatinga - Aconteceu no Vale","robots":{"index":"index","follow":"follow","max-snippet":"max-snippet:-1","max-image-preview":"max-image-preview:large","max-video-preview":"max-video-preview:-1"},"canonical":"https:\/\/aconteceunovale.com.br\/portal\/?p=151963","og_locale":"pt_BR","og_type":"article","og_title":"Funda\u00e7\u00e3o abre inscri\u00e7\u00f5es para atuar no MG Transplantes de Ipatinga - Aconteceu no Vale","og_description":"A\u00a0Funda\u00e7\u00e3o Hospitalar do Estado de Minas Gerais (Fhemig)\u00a0informa que estar\u00e3o abertas, das 9h do dia 2 de setembro de 2019, at\u00e9 \u00e0s 17h do dia 4 de setembro de 2019 (hor\u00e1rio de Bras\u00edlia), inscri\u00e7\u00f5es no s\u00edtio eletr\u00f4nico\u00a0http:\/\/www.fhemig.mg.gov.br\u00a0para cadastramento de curr\u00edculos, visando forma\u00e7\u00e3o de quadro de cadastro reserva para a fun\u00e7\u00e3o de Enfermeiro para atuar no [&hellip;]","og_url":"https:\/\/aconteceunovale.com.br\/portal\/?p=151963","og_site_name":"Aconteceu no Vale","article_publisher":"https:\/\/www.facebook.com\/aconteceunovale\/","article_published_time":"2019-08-30T21:53:58+00:00","article_modified_time":"2019-08-30T21:53:59+00:00","og_image":[{"width":504,"height":333,"url":"https:\/\/aconteceunovale.com.br\/portal\/wp-content\/uploads\/2019\/08\/mg_transplantes.jpg","type":"image\/jpeg"}],"author":"Aconteceu no Vale","twitter_card":"summary_large_image","twitter_creator":"@noticiadosvales","twitter_site":"@noticiadosvales","twitter_misc":{"Escrito por":"Aconteceu no Vale"},"schema":{"@context":"https:\/\/schema.org","@graph":[{"@type":"Article","@id":"https:\/\/aconteceunovale.com.br\/portal\/?p=151963#article","isPartOf":{"@id":"https:\/\/aconteceunovale.com.br\/portal\/?p=151963"},"author":{"name":"Aconteceu no Vale","@id":"https:\/\/aconteceunovale.com.br\/portal\/#\/schema\/person\/633529146f2c94272bef50ac2953d589"},"headline":"Funda\u00e7\u00e3o abre inscri\u00e7\u00f5es para atuar no MG Transplantes de Ipatinga","datePublished":"2019-08-30T21:53:58+00:00","dateModified":"2019-08-30T21:53:59+00:00","mainEntityOfPage":{"@id":"https:\/\/aconteceunovale.com.br\/portal\/?p=151963"},"wordCount":93,"commentCount":0,"image":{"@id":"https:\/\/aconteceunovale.com.br\/portal\/?p=151963#primaryimage"},"thumbnailUrl":"https:\/\/aconteceunovale.com.br\/portal\/wp-content\/uploads\/2019\/08\/mg_transplantes.jpg","keywords":["emprego em Ipatinga","Fhemig","Funda\u00e7\u00e3o abre inscri\u00e7\u00f5es para atuar no MG Transplantes de Ipatinga","Funda\u00e7\u00e3o Hospitalar do Estado de Minas Gerais","MG Transplantes de Ipatinga","Oportunidade em Ipatinga","Vagas em Ipatinga"],"articleSection":["Empregos","Leste de Minas"],"inLanguage":"pt-BR","potentialAction":[{"@type":"CommentAction","name":"Comment","target":["https:\/\/aconteceunovale.com.br\/portal\/?p=151963#respond"]}]},{"@type":"WebPage","@id":"https:\/\/aconteceunovale.com.br\/portal\/?p=151963","url":"https:\/\/aconteceunovale.com.br\/portal\/?p=151963","name":"Funda\u00e7\u00e3o abre inscri\u00e7\u00f5es para atuar no MG Transplantes de Ipatinga - Aconteceu no Vale","isPartOf":{"@id":"https:\/\/aconteceunovale.com.br\/portal\/#website"},"primaryImageOfPage":{"@id":"https:\/\/aconteceunovale.com.br\/portal\/?p=151963#primaryimage"},"image":{"@id":"https:\/\/aconteceunovale.com.br\/portal\/?p=151963#primaryimage"},"thumbnailUrl":"https:\/\/aconteceunovale.com.br\/portal\/wp-content\/uploads\/2019\/08\/mg_transplantes.jpg","datePublished":"2019-08-30T21:53:58+00:00","dateModified":"2019-08-30T21:53:59+00:00","author":{"@id":"https:\/\/aconteceunovale.com.br\/portal\/#\/schema\/person\/633529146f2c94272bef50ac2953d589"},"breadcrumb":{"@id":"https:\/\/aconteceunovale.com.br\/portal\/?p=151963#breadcrumb"},"inLanguage":"pt-BR","potentialAction":[{"@type":"ReadAction","target":["https:\/\/aconteceunovale.com.br\/portal\/?p=151963"]}]},{"@type":"ImageObject","inLanguage":"pt-BR","@id":"https:\/\/aconteceunovale.com.br\/portal\/?p=151963#primaryimage","url":"https:\/\/aconteceunovale.com.br\/portal\/wp-content\/uploads\/2019\/08\/mg_transplantes.jpg","contentUrl":"https:\/\/aconteceunovale.com.br\/portal\/wp-content\/uploads\/2019\/08\/mg_transplantes.jpg","width":504,"height":333},{"@type":"BreadcrumbList","@id":"https:\/\/aconteceunovale.com.br\/portal\/?p=151963#breadcrumb","itemListElement":[{"@type":"ListItem","position":1,"name":"In\u00edcio","item":"https:\/\/aconteceunovale.com.br\/portal\/"},{"@type":"ListItem","position":2,"name":"Funda\u00e7\u00e3o abre inscri\u00e7\u00f5es para atuar no MG Transplantes de Ipatinga"}]},{"@type":"WebSite","@id":"https:\/\/aconteceunovale.com.br\/portal\/#website","url":"https:\/\/aconteceunovale.com.br\/portal\/","name":"Aconteceu no Vale","description":"Portal de Not\u00edcias","potentialAction":[{"@type":"SearchAction","target":{"@type":"EntryPoint","urlTemplate":"https:\/\/aconteceunovale.com.br\/portal\/?s={search_term_string}"},"query-input":{"@type":"PropertyValueSpecification","valueRequired":true,"valueName":"search_term_string"}}],"inLanguage":"pt-BR"},{"@type":"Person","@id":"https:\/\/aconteceunovale.com.br\/portal\/#\/schema\/person\/633529146f2c94272bef50ac2953d589","name":"Aconteceu no Vale","description":"Equipe de reportagem do Aconteceu no Vale, portal de not\u00edcias do Vale do Jequitinhonha, em Minas Gerais. Cobrimos as 51 cidades do Vale desde 2013. Sugest\u00f5es de pauta e pedidos de corre\u00e7\u00e3o: contato@aconteceunovale.com.br","sameAs":["http:\/\/www.aconteceunovale.com.br"],"url":"https:\/\/aconteceunovale.com.br\/portal\/?author=1"}]}},"_links":{"self":[{"href":"https:\/\/aconteceunovale.com.br\/portal\/index.php?rest_route=\/wp\/v2\/posts\/151963","targetHints":{"allow":["GET"]}}],"collection":[{"href":"https:\/\/aconteceunovale.com.br\/portal\/index.php?rest_route=\/wp\/v2\/posts"}],"about":[{"href":"https:\/\/aconteceunovale.com.br\/portal\/index.php?rest_route=\/wp\/v2\/types\/post"}],"author":[{"embeddable":true,"href":"https:\/\/aconteceunovale.com.br\/portal\/index.php?rest_route=\/wp\/v2\/users\/1"}],"replies":[{"embeddable":true,"href":"https:\/\/aconteceunovale.com.br\/portal\/index.php?rest_route=%2Fwp%2Fv2%2Fcomments&post=151963"}],"version-history":[{"count":1,"href":"https:\/\/aconteceunovale.com.br\/portal\/index.php?rest_route=\/wp\/v2\/posts\/151963\/revisions"}],"predecessor-version":[{"id":151965,"href":"https:\/\/aconteceunovale.com.br\/portal\/index.php?rest_route=\/wp\/v2\/posts\/151963\/revisions\/151965"}],"wp:featuredmedia":[{"embeddable":true,"href":"https:\/\/aconteceunovale.com.br\/portal\/index.php?rest_route=\/wp\/v2\/media\/151964"}],"wp:attachment":[{"href":"https:\/\/aconteceunovale.com.br\/portal\/index.php?rest_route=%2Fwp%2Fv2%2Fmedia&parent=151963"}],"wp:term":[{"taxonomy":"category","embeddable":true,"href":"https:\/\/aconteceunovale.com.br\/portal\/index.php?rest_route=%2Fwp%2Fv2%2Fcategories&post=151963"},{"taxonomy":"post_tag","embeddable":true,"href":"https:\/\/aconteceunovale.com.br\/portal\/index.php?rest_route=%2Fwp%2Fv2%2Ftags&post=151963"}],"curies":[{"name":"wp","href":"https:\/\/api.w.org\/{rel}","templated":true}]}}