{"id":151958,"date":"2019-08-30T17:36:40","date_gmt":"2019-08-30T20:36:40","guid":{"rendered":"http:\/\/aconteceunovale.com.br\/portal\/?p=151958"},"modified":"2019-08-30T17:39:25","modified_gmt":"2019-08-30T20:39:25","slug":"agencia-nacional-suspende-51-planos-de-saude-a-partir-de-6-de-setembro","status":"publish","type":"post","link":"https:\/\/aconteceunovale.com.br\/portal\/?p=151958","title":{"rendered":"Ag\u00eancia Nacional suspende 51 planos de sa\u00fade a partir de 6 de setembro"},"content":{"rendered":"\n<p class=\"wp-block-paragraph\">A Ag\u00eancia Nacional de Sa\u00fade Suplementar (ANS) divulgou, hoje (30), uma lista com 51 planos de sa\u00fade oferecidos por dez operadoras que ter\u00e3o a comercializa\u00e7\u00e3o suspensa a partir do dia 6 de setembro. A medida \u00e9 decorrente das reclama\u00e7\u00f5es enviadas pelos consumidores nos meses de abril, maio e junho. Foram relatadas negativas de coberturas e descumprimentos dos prazos m\u00e1ximos para realiza\u00e7\u00e3o de consultas, exames e cirurgias.<\/p>\n\n\n\n<p class=\"wp-block-paragraph\">A an\u00e1lise das queixas se d\u00e1 dentro do programa de monitoramento da garantia de atendimento, cujo objetivo \u00e9 exigir que as operadoras assegurem aos usu\u00e1rios o acesso aos procedimentos previstos em contrato. Para que a comercializa\u00e7\u00e3o possa ser retomada, ser\u00e1 preciso melhorar a qualidade do servi\u00e7o para as 278,6 mil pessoas vinculadas atualmente aos 51 planos. Novos clientes n\u00e3o poder\u00e3o ser aceitos enquanto a ANS manter a suspens\u00e3o.<\/p>\n\n\n\n<p class=\"wp-block-paragraph\">A Agemed e Assist\u00eancia M\u00e9dica Infantil (AMI) s\u00e3o as duas operadoras mais afetadas. Cada uma ficar\u00e1 impedida de comercializar 14 planos.<\/p>\n\n\n\n<p class=\"wp-block-paragraph\">A ANS, no entanto, liberou a venda de 28 planos de sa\u00fade de 11 operadoras. Eles haviam sido suspensos em avalia\u00e7\u00f5es anteriores do programa de monitoramento da garantia de atendimento.<\/p>\n\n\n\n<p class=\"wp-block-paragraph\"><a href=\"http:\/\/www.ans.gov.br\/aans\/noticias-ans\/consumidor\/5128-ans-divulga-lista-de-planos-que-terao-comercializacao-suspensa-devido-a-reclamacoes\" target=\"_blank\" rel=\"noreferrer noopener\" aria-label=\" (abre numa nova aba)\">A ANS mostra em seu site a lista completa<\/a>\u00a0dos planos liberados e suspensos. Tamb\u00e9m\u00a0<a rel=\"noreferrer noopener\" href=\"http:\/\/www.ans.gov.br\/planos-de-saude-e-operadoras\/informacoes-e-avaliacoes-de-operadoras\/monitoramento-de-garantia-de-atendimento\" target=\"_blank\">\u00e9 poss\u00edvel consultar informa\u00e7\u00f5es do monitoramento<\/a>\u00a0de cada operadora, conferindo o hist\u00f3rico e verificando se ela j\u00e1 foi afetada em alguma avalia\u00e7\u00e3o passada. H\u00e1 ainda uma classifica\u00e7\u00e3o das empresas conforme o desempenho no programa de monitoramento.<\/p>\n","protected":false},"excerpt":{"rendered":"<p>A Ag\u00eancia Nacional de Sa\u00fade Suplementar (ANS) divulgou, hoje (30), uma lista com 51 planos de sa\u00fade oferecidos por dez operadoras que ter\u00e3o a comercializa\u00e7\u00e3o suspensa a partir do dia 6 de setembro. A medida \u00e9 decorrente das reclama\u00e7\u00f5es enviadas pelos consumidores nos meses de abril, maio e junho. Foram relatadas negativas de coberturas e [&hellip;]<\/p>\n","protected":false},"author":1,"featured_media":65623,"comment_status":"open","ping_status":"closed","sticky":false,"template":"","format":"standard","meta":{"amp_status":"","footnotes":""},"categories":[6,40242],"tags":[206236,22751,22750,22773,152629],"class_list":["post-151958","post","type-post","status-publish","format-standard","has-post-thumbnail","hentry","category-br","category-saude-2","tag-agencia-nacional-suspende-51-planos-de-saude-a-partir-de-6-de-setembro","tag-ans","tag-planos-de-saude","tag-planos-de-saude-suspensos","tag-planos-suspensos-pela-ans"],"yoast_head":"<!-- This site is optimized with the Yoast SEO plugin v28.3 - https:\/\/yoast.com\/product\/yoast-seo-wordpress\/ -->\n<title>Ag\u00eancia Nacional suspende 51 planos de sa\u00fade a partir de 6 de setembro - Aconteceu no Vale<\/title>\n<meta name=\"robots\" content=\"index, follow, max-snippet:-1, max-image-preview:large, max-video-preview:-1\" \/>\n<link rel=\"canonical\" href=\"https:\/\/aconteceunovale.com.br\/portal\/?p=151958\" \/>\n<meta property=\"og:locale\" content=\"pt_BR\" \/>\n<meta property=\"og:type\" content=\"article\" \/>\n<meta property=\"og:title\" content=\"Ag\u00eancia Nacional suspende 51 planos de sa\u00fade a partir de 6 de setembro - Aconteceu no Vale\" \/>\n<meta property=\"og:description\" content=\"A Ag\u00eancia Nacional de Sa\u00fade Suplementar (ANS) divulgou, hoje (30), uma lista com 51 planos de sa\u00fade oferecidos por dez operadoras que ter\u00e3o a comercializa\u00e7\u00e3o suspensa a partir do dia 6 de setembro. A medida \u00e9 decorrente das reclama\u00e7\u00f5es enviadas pelos consumidores nos meses de abril, maio e junho. Foram relatadas negativas de coberturas e [&hellip;]\" \/>\n<meta property=\"og:url\" content=\"https:\/\/aconteceunovale.com.br\/portal\/?p=151958\" \/>\n<meta property=\"og:site_name\" content=\"Aconteceu no Vale\" \/>\n<meta property=\"article:publisher\" content=\"https:\/\/www.facebook.com\/aconteceunovale\/\" \/>\n<meta property=\"article:published_time\" content=\"2019-08-30T20:36:40+00:00\" \/>\n<meta property=\"article:modified_time\" content=\"2019-08-30T20:39:25+00:00\" \/>\n<meta property=\"og:image\" content=\"https:\/\/aconteceunovale.com.br\/portal\/wp-content\/uploads\/2015\/08\/plano_de_saude.jpg\" \/>\n\t<meta property=\"og:image:width\" content=\"678\" \/>\n\t<meta property=\"og:image:height\" content=\"398\" \/>\n\t<meta property=\"og:image:type\" content=\"image\/jpeg\" \/>\n<meta name=\"author\" content=\"Aconteceu no Vale\" \/>\n<meta name=\"twitter:card\" content=\"summary_large_image\" \/>\n<meta name=\"twitter:creator\" content=\"@noticiadosvales\" \/>\n<meta name=\"twitter:site\" content=\"@noticiadosvales\" \/>\n<meta name=\"twitter:label1\" content=\"Escrito por\" \/>\n\t<meta name=\"twitter:data1\" content=\"Aconteceu no Vale\" \/>\n\t<meta name=\"twitter:label2\" content=\"Est. tempo de leitura\" \/>\n\t<meta name=\"twitter:data2\" content=\"1 minuto\" \/>\n<script type=\"application\/ld+json\" class=\"yoast-schema-graph\">{\"@context\":\"https:\\\/\\\/schema.org\",\"@graph\":[{\"@type\":\"Article\",\"@id\":\"https:\\\/\\\/aconteceunovale.com.br\\\/portal\\\/?p=151958#article\",\"isPartOf\":{\"@id\":\"https:\\\/\\\/aconteceunovale.com.br\\\/portal\\\/?p=151958\"},\"author\":{\"name\":\"Aconteceu no Vale\",\"@id\":\"https:\\\/\\\/aconteceunovale.com.br\\\/portal\\\/#\\\/schema\\\/person\\\/633529146f2c94272bef50ac2953d589\"},\"headline\":\"Ag\u00eancia Nacional suspende 51 planos de sa\u00fade a partir de 6 de setembro\",\"datePublished\":\"2019-08-30T20:36:40+00:00\",\"dateModified\":\"2019-08-30T20:39:25+00:00\",\"mainEntityOfPage\":{\"@id\":\"https:\\\/\\\/aconteceunovale.com.br\\\/portal\\\/?p=151958\"},\"wordCount\":264,\"commentCount\":0,\"image\":{\"@id\":\"https:\\\/\\\/aconteceunovale.com.br\\\/portal\\\/?p=151958#primaryimage\"},\"thumbnailUrl\":\"https:\\\/\\\/aconteceunovale.com.br\\\/portal\\\/wp-content\\\/uploads\\\/2015\\\/08\\\/plano_de_saude.jpg\",\"keywords\":[\"Ag\u00eancia Nacional suspende 51 planos de sa\u00fade a partir de 6 de setembro\",\"ANS\",\"planos de sa\u00fade\",\"planos de sa\u00fade suspensos\",\"Planos suspensos pela ANS\"],\"articleSection\":[\"Brasil\",\"Sa\u00fade\"],\"inLanguage\":\"pt-BR\",\"potentialAction\":[{\"@type\":\"CommentAction\",\"name\":\"Comment\",\"target\":[\"https:\\\/\\\/aconteceunovale.com.br\\\/portal\\\/?p=151958#respond\"]}]},{\"@type\":\"WebPage\",\"@id\":\"https:\\\/\\\/aconteceunovale.com.br\\\/portal\\\/?p=151958\",\"url\":\"https:\\\/\\\/aconteceunovale.com.br\\\/portal\\\/?p=151958\",\"name\":\"Ag\u00eancia Nacional suspende 51 planos de sa\u00fade a partir de 6 de setembro - Aconteceu no Vale\",\"isPartOf\":{\"@id\":\"https:\\\/\\\/aconteceunovale.com.br\\\/portal\\\/#website\"},\"primaryImageOfPage\":{\"@id\":\"https:\\\/\\\/aconteceunovale.com.br\\\/portal\\\/?p=151958#primaryimage\"},\"image\":{\"@id\":\"https:\\\/\\\/aconteceunovale.com.br\\\/portal\\\/?p=151958#primaryimage\"},\"thumbnailUrl\":\"https:\\\/\\\/aconteceunovale.com.br\\\/portal\\\/wp-content\\\/uploads\\\/2015\\\/08\\\/plano_de_saude.jpg\",\"datePublished\":\"2019-08-30T20:36:40+00:00\",\"dateModified\":\"2019-08-30T20:39:25+00:00\",\"author\":{\"@id\":\"https:\\\/\\\/aconteceunovale.com.br\\\/portal\\\/#\\\/schema\\\/person\\\/633529146f2c94272bef50ac2953d589\"},\"breadcrumb\":{\"@id\":\"https:\\\/\\\/aconteceunovale.com.br\\\/portal\\\/?p=151958#breadcrumb\"},\"inLanguage\":\"pt-BR\",\"potentialAction\":[{\"@type\":\"ReadAction\",\"target\":[\"https:\\\/\\\/aconteceunovale.com.br\\\/portal\\\/?p=151958\"]}]},{\"@type\":\"ImageObject\",\"inLanguage\":\"pt-BR\",\"@id\":\"https:\\\/\\\/aconteceunovale.com.br\\\/portal\\\/?p=151958#primaryimage\",\"url\":\"https:\\\/\\\/aconteceunovale.com.br\\\/portal\\\/wp-content\\\/uploads\\\/2015\\\/08\\\/plano_de_saude.jpg\",\"contentUrl\":\"https:\\\/\\\/aconteceunovale.com.br\\\/portal\\\/wp-content\\\/uploads\\\/2015\\\/08\\\/plano_de_saude.jpg\",\"width\":678,\"height\":398},{\"@type\":\"BreadcrumbList\",\"@id\":\"https:\\\/\\\/aconteceunovale.com.br\\\/portal\\\/?p=151958#breadcrumb\",\"itemListElement\":[{\"@type\":\"ListItem\",\"position\":1,\"name\":\"In\u00edcio\",\"item\":\"https:\\\/\\\/aconteceunovale.com.br\\\/portal\\\/\"},{\"@type\":\"ListItem\",\"position\":2,\"name\":\"Ag\u00eancia Nacional suspende 51 planos de sa\u00fade a partir de 6 de setembro\"}]},{\"@type\":\"WebSite\",\"@id\":\"https:\\\/\\\/aconteceunovale.com.br\\\/portal\\\/#website\",\"url\":\"https:\\\/\\\/aconteceunovale.com.br\\\/portal\\\/\",\"name\":\"Aconteceu no Vale\",\"description\":\"Portal de Not\u00edcias\",\"potentialAction\":[{\"@type\":\"SearchAction\",\"target\":{\"@type\":\"EntryPoint\",\"urlTemplate\":\"https:\\\/\\\/aconteceunovale.com.br\\\/portal\\\/?s={search_term_string}\"},\"query-input\":{\"@type\":\"PropertyValueSpecification\",\"valueRequired\":true,\"valueName\":\"search_term_string\"}}],\"inLanguage\":\"pt-BR\"},{\"@type\":\"Person\",\"@id\":\"https:\\\/\\\/aconteceunovale.com.br\\\/portal\\\/#\\\/schema\\\/person\\\/633529146f2c94272bef50ac2953d589\",\"name\":\"Aconteceu no Vale\",\"description\":\"Equipe de reportagem do Aconteceu no Vale, portal de not\u00edcias do Vale do Jequitinhonha, em Minas Gerais. Cobrimos as 51 cidades do Vale desde 2013. Sugest\u00f5es de pauta e pedidos de corre\u00e7\u00e3o: contato@aconteceunovale.com.br\",\"sameAs\":[\"http:\\\/\\\/www.aconteceunovale.com.br\"],\"url\":\"https:\\\/\\\/aconteceunovale.com.br\\\/portal\\\/?author=1\"}]}<\/script>\n<!-- \/ Yoast SEO plugin. -->","yoast_head_json":{"title":"Ag\u00eancia Nacional suspende 51 planos de sa\u00fade a partir de 6 de setembro - Aconteceu no Vale","robots":{"index":"index","follow":"follow","max-snippet":"max-snippet:-1","max-image-preview":"max-image-preview:large","max-video-preview":"max-video-preview:-1"},"canonical":"https:\/\/aconteceunovale.com.br\/portal\/?p=151958","og_locale":"pt_BR","og_type":"article","og_title":"Ag\u00eancia Nacional suspende 51 planos de sa\u00fade a partir de 6 de setembro - Aconteceu no Vale","og_description":"A Ag\u00eancia Nacional de Sa\u00fade Suplementar (ANS) divulgou, hoje (30), uma lista com 51 planos de sa\u00fade oferecidos por dez operadoras que ter\u00e3o a comercializa\u00e7\u00e3o suspensa a partir do dia 6 de setembro. A medida \u00e9 decorrente das reclama\u00e7\u00f5es enviadas pelos consumidores nos meses de abril, maio e junho. Foram relatadas negativas de coberturas e [&hellip;]","og_url":"https:\/\/aconteceunovale.com.br\/portal\/?p=151958","og_site_name":"Aconteceu no Vale","article_publisher":"https:\/\/www.facebook.com\/aconteceunovale\/","article_published_time":"2019-08-30T20:36:40+00:00","article_modified_time":"2019-08-30T20:39:25+00:00","og_image":[{"width":678,"height":398,"url":"https:\/\/aconteceunovale.com.br\/portal\/wp-content\/uploads\/2015\/08\/plano_de_saude.jpg","type":"image\/jpeg"}],"author":"Aconteceu no Vale","twitter_card":"summary_large_image","twitter_creator":"@noticiadosvales","twitter_site":"@noticiadosvales","twitter_misc":{"Escrito por":"Aconteceu no Vale","Est. tempo de leitura":"1 minuto"},"schema":{"@context":"https:\/\/schema.org","@graph":[{"@type":"Article","@id":"https:\/\/aconteceunovale.com.br\/portal\/?p=151958#article","isPartOf":{"@id":"https:\/\/aconteceunovale.com.br\/portal\/?p=151958"},"author":{"name":"Aconteceu no Vale","@id":"https:\/\/aconteceunovale.com.br\/portal\/#\/schema\/person\/633529146f2c94272bef50ac2953d589"},"headline":"Ag\u00eancia Nacional suspende 51 planos de sa\u00fade a partir de 6 de setembro","datePublished":"2019-08-30T20:36:40+00:00","dateModified":"2019-08-30T20:39:25+00:00","mainEntityOfPage":{"@id":"https:\/\/aconteceunovale.com.br\/portal\/?p=151958"},"wordCount":264,"commentCount":0,"image":{"@id":"https:\/\/aconteceunovale.com.br\/portal\/?p=151958#primaryimage"},"thumbnailUrl":"https:\/\/aconteceunovale.com.br\/portal\/wp-content\/uploads\/2015\/08\/plano_de_saude.jpg","keywords":["Ag\u00eancia Nacional suspende 51 planos de sa\u00fade a partir de 6 de setembro","ANS","planos de sa\u00fade","planos de sa\u00fade suspensos","Planos suspensos pela ANS"],"articleSection":["Brasil","Sa\u00fade"],"inLanguage":"pt-BR","potentialAction":[{"@type":"CommentAction","name":"Comment","target":["https:\/\/aconteceunovale.com.br\/portal\/?p=151958#respond"]}]},{"@type":"WebPage","@id":"https:\/\/aconteceunovale.com.br\/portal\/?p=151958","url":"https:\/\/aconteceunovale.com.br\/portal\/?p=151958","name":"Ag\u00eancia Nacional suspende 51 planos de sa\u00fade a partir de 6 de setembro - Aconteceu no Vale","isPartOf":{"@id":"https:\/\/aconteceunovale.com.br\/portal\/#website"},"primaryImageOfPage":{"@id":"https:\/\/aconteceunovale.com.br\/portal\/?p=151958#primaryimage"},"image":{"@id":"https:\/\/aconteceunovale.com.br\/portal\/?p=151958#primaryimage"},"thumbnailUrl":"https:\/\/aconteceunovale.com.br\/portal\/wp-content\/uploads\/2015\/08\/plano_de_saude.jpg","datePublished":"2019-08-30T20:36:40+00:00","dateModified":"2019-08-30T20:39:25+00:00","author":{"@id":"https:\/\/aconteceunovale.com.br\/portal\/#\/schema\/person\/633529146f2c94272bef50ac2953d589"},"breadcrumb":{"@id":"https:\/\/aconteceunovale.com.br\/portal\/?p=151958#breadcrumb"},"inLanguage":"pt-BR","potentialAction":[{"@type":"ReadAction","target":["https:\/\/aconteceunovale.com.br\/portal\/?p=151958"]}]},{"@type":"ImageObject","inLanguage":"pt-BR","@id":"https:\/\/aconteceunovale.com.br\/portal\/?p=151958#primaryimage","url":"https:\/\/aconteceunovale.com.br\/portal\/wp-content\/uploads\/2015\/08\/plano_de_saude.jpg","contentUrl":"https:\/\/aconteceunovale.com.br\/portal\/wp-content\/uploads\/2015\/08\/plano_de_saude.jpg","width":678,"height":398},{"@type":"BreadcrumbList","@id":"https:\/\/aconteceunovale.com.br\/portal\/?p=151958#breadcrumb","itemListElement":[{"@type":"ListItem","position":1,"name":"In\u00edcio","item":"https:\/\/aconteceunovale.com.br\/portal\/"},{"@type":"ListItem","position":2,"name":"Ag\u00eancia Nacional suspende 51 planos de sa\u00fade a partir de 6 de setembro"}]},{"@type":"WebSite","@id":"https:\/\/aconteceunovale.com.br\/portal\/#website","url":"https:\/\/aconteceunovale.com.br\/portal\/","name":"Aconteceu no Vale","description":"Portal de Not\u00edcias","potentialAction":[{"@type":"SearchAction","target":{"@type":"EntryPoint","urlTemplate":"https:\/\/aconteceunovale.com.br\/portal\/?s={search_term_string}"},"query-input":{"@type":"PropertyValueSpecification","valueRequired":true,"valueName":"search_term_string"}}],"inLanguage":"pt-BR"},{"@type":"Person","@id":"https:\/\/aconteceunovale.com.br\/portal\/#\/schema\/person\/633529146f2c94272bef50ac2953d589","name":"Aconteceu no Vale","description":"Equipe de reportagem do Aconteceu no Vale, portal de not\u00edcias do Vale do Jequitinhonha, em Minas Gerais. Cobrimos as 51 cidades do Vale desde 2013. Sugest\u00f5es de pauta e pedidos de corre\u00e7\u00e3o: contato@aconteceunovale.com.br","sameAs":["http:\/\/www.aconteceunovale.com.br"],"url":"https:\/\/aconteceunovale.com.br\/portal\/?author=1"}]}},"_links":{"self":[{"href":"https:\/\/aconteceunovale.com.br\/portal\/index.php?rest_route=\/wp\/v2\/posts\/151958","targetHints":{"allow":["GET"]}}],"collection":[{"href":"https:\/\/aconteceunovale.com.br\/portal\/index.php?rest_route=\/wp\/v2\/posts"}],"about":[{"href":"https:\/\/aconteceunovale.com.br\/portal\/index.php?rest_route=\/wp\/v2\/types\/post"}],"author":[{"embeddable":true,"href":"https:\/\/aconteceunovale.com.br\/portal\/index.php?rest_route=\/wp\/v2\/users\/1"}],"replies":[{"embeddable":true,"href":"https:\/\/aconteceunovale.com.br\/portal\/index.php?rest_route=%2Fwp%2Fv2%2Fcomments&post=151958"}],"version-history":[{"count":1,"href":"https:\/\/aconteceunovale.com.br\/portal\/index.php?rest_route=\/wp\/v2\/posts\/151958\/revisions"}],"predecessor-version":[{"id":151959,"href":"https:\/\/aconteceunovale.com.br\/portal\/index.php?rest_route=\/wp\/v2\/posts\/151958\/revisions\/151959"}],"wp:featuredmedia":[{"embeddable":true,"href":"https:\/\/aconteceunovale.com.br\/portal\/index.php?rest_route=\/wp\/v2\/media\/65623"}],"wp:attachment":[{"href":"https:\/\/aconteceunovale.com.br\/portal\/index.php?rest_route=%2Fwp%2Fv2%2Fmedia&parent=151958"}],"wp:term":[{"taxonomy":"category","embeddable":true,"href":"https:\/\/aconteceunovale.com.br\/portal\/index.php?rest_route=%2Fwp%2Fv2%2Fcategories&post=151958"},{"taxonomy":"post_tag","embeddable":true,"href":"https:\/\/aconteceunovale.com.br\/portal\/index.php?rest_route=%2Fwp%2Fv2%2Ftags&post=151958"}],"curies":[{"name":"wp","href":"https:\/\/api.w.org\/{rel}","templated":true}]}}