{"id":151950,"date":"2019-08-30T17:22:23","date_gmt":"2019-08-30T20:22:23","guid":{"rendered":"http:\/\/aconteceunovale.com.br\/portal\/?p=151950"},"modified":"2019-08-30T17:23:20","modified_gmt":"2019-08-30T20:23:20","slug":"151950","status":"publish","type":"post","link":"https:\/\/aconteceunovale.com.br\/portal\/?p=151950","title":{"rendered":"Zema assina protocolo de investimentos de R$ 523 milh\u00f5es em energia fotovoltaica em Minas Gerais"},"content":{"rendered":"\n<p class=\"wp-block-paragraph\">O governador Romeu Zema assinou nesta sexta-feira (30\/8), na Cidade Administrativa, em Belo Horizonte, protocolo de inten\u00e7\u00e3o com a empresa Mori Energia Holding S.A para a implanta\u00e7\u00e3o de usinas fotovoltaicas no estado. Ao todo, ser\u00e3o investidos R$ 523 milh\u00f5es na instala\u00e7\u00e3o de 32 usinas em 17 munic\u00edpios do Norte de Minas. A expectativa \u00e9 de que sejam gerados mais de 1.500 empregos diretos durante a fase de constru\u00e7\u00e3o dos empreendimentos.<\/p>\n\n\n\n<p class=\"wp-block-paragraph\">Zema ressaltou a import\u00e2ncia deste tipo de projeto e o resgate da confian\u00e7a dos investidores em Minas. \u201cFico satisfeito em nos consolidarmos cada vez mais como o primeiro lugar na gera\u00e7\u00e3o de energia fotovoltaica aqui no Brasil. Tenho certeza que essa grande quantidade adicional de energia gerada a m\u00e9dio e longo prazo vai tornar o pre\u00e7o competitivo e n\u00f3s vamos ter condi\u00e7\u00f5es de atrair muitas ind\u00fastrias aqui para o estado&#8221;, afirmou o governador.<\/p>\n\n\n\n<p class=\"wp-block-paragraph\">Um dos planos estrat\u00e9gicos de desenvolvimento de Minas, segundo o governador, passa pela expans\u00e3o da oferta de energias renov\u00e1veis. Al\u00e9m disso, ele tamb\u00e9m destacou a mudan\u00e7a na gest\u00e3o da Cemig para conseguir realizar novos investimentos e atender as demandas dos investidores. A Cemig \u00e9 parceira da Mori em alguns dos empreendimentos.<\/p>\n\n\n\n<p class=\"wp-block-paragraph\">\u201cN\u00f3s queremos que Minas, da mesma maneira que \u00e9 considerada a caixa d\u2019\u00e1gua do Brasil em termos de reservat\u00f3rios, tamb\u00e9m tenhamos essa quantidade de usinas fotovoltaicas, j\u00e1 que o nosso \u00edndice de insola\u00e7\u00e3o, principalmente no Norte do Estado, \u00e9 muito alto\u201d, finalizou o governador.<\/p>\n\n\n\n<p class=\"wp-block-paragraph\">O secret\u00e1rio de Desenvolvimento Econ\u00f4mico, Vitor de Mendon\u00e7a, destacou o trabalho do governo para facilitar a atra\u00e7\u00e3o de empresas para Minas Gerais e o potencial de crescimento do setor energ\u00e9tico.<\/p>\n\n\n\n<p class=\"wp-block-paragraph\">\u201cA produ\u00e7\u00e3o de energia solar ainda representa um por centro na matriz energ\u00e9tica brasileira. Acreditamos ser este o momento ideal para o governo investir na atra\u00e7\u00e3o destas empresas, uma vez que Minas tem uma das maiores capacidades de energia no mundo\u201d, disse.<\/p>\n\n\n\n<p class=\"wp-block-paragraph\">Bruno Ken Taniwaki Shiraga, diretor de Suprimentos da Mori, refor\u00e7ou o apoio do governo para a concretiza\u00e7\u00e3o do projeto. \u201cDesde o in\u00edcio quando a gente decidiu investir em Minas n\u00f3s contamos o apoio do governo. Estamos investindo milh\u00f5es no estado, no maior projeto de gera\u00e7\u00e3o distribu\u00edda do Brasil. \u00c9 muito importante esse momento para a gente\u201d, afirmou.<\/p>\n\n\n\n<p class=\"wp-block-paragraph\"><img loading=\"lazy\" decoding=\"async\" width=\"600\" height=\"401\" class=\"wp-image-151951\" style=\"width: 600px;\" src=\"http:\/\/aconteceunovale.com.br\/portal\/wp-content\/uploads\/2019\/08\/assinatura_zema-1.jpg\" alt=\"\" srcset=\"https:\/\/aconteceunovale.com.br\/portal\/wp-content\/uploads\/2019\/08\/assinatura_zema-1.jpg 674w, https:\/\/aconteceunovale.com.br\/portal\/wp-content\/uploads\/2019\/08\/assinatura_zema-1-300x200.jpg 300w, https:\/\/aconteceunovale.com.br\/portal\/wp-content\/uploads\/2019\/08\/assinatura_zema-1-629x420.jpg 629w\" sizes=\"auto, (max-width: 600px) 100vw, 600px\" \/><em>Foto: Gil Leonardi\/Imprensa MG<\/em><\/p>\n\n\n\n<p class=\"wp-block-paragraph\"><strong>A empresa<\/strong><\/p>\n\n\n\n<p class=\"wp-block-paragraph\">A Mori \u00e9 uma empresa de energia fundada em 2012 oferecendo solu\u00e7\u00f5es de efici\u00eancia energ\u00e9tica em geral, como sistemas de aquecimento solares e substitui\u00e7\u00e3o de l\u00e2mpadas convencionais por l\u00e2mpadas de LED. Ao longo de sua trajet\u00f3ria, a gera\u00e7\u00e3o fotovoltaica de energia el\u00e9trica se tornou o principal foco da empresa, que conta com instala\u00e7\u00f5es em telhado para clientes industriais, comerciais e residenciais, e projetos de gera\u00e7\u00e3o remota, como a UFV Jana\u00faba.<\/p>\n\n\n\n<p class=\"wp-block-paragraph\">O projeto prev\u00ea a instala\u00e7\u00e3o de 32 usinas fotovoltaicas em munic\u00edpios do Norte de Minas Gerais, totalizando 110MW instalados, cada uma com 25 anos de vida \u00fatil. A conclus\u00e3o do projeto est\u00e1 prevista para os pr\u00f3ximos meses. Al\u00e9m do projeto de instala\u00e7\u00e3o das usinas, a Mori possui um projeto de termoel\u00e9trica com plano de neg\u00f3cios em andamento.<\/p>\n","protected":false},"excerpt":{"rendered":"<p>O governador Romeu Zema assinou nesta sexta-feira (30\/8), na Cidade Administrativa, em Belo Horizonte, protocolo de inten\u00e7\u00e3o com a empresa Mori Energia Holding S.A para a implanta\u00e7\u00e3o de usinas fotovoltaicas no estado. Ao todo, ser\u00e3o investidos R$ 523 milh\u00f5es na instala\u00e7\u00e3o de 32 usinas em 17 munic\u00edpios do Norte de Minas. A expectativa \u00e9 de [&hellip;]<\/p>\n","protected":false},"author":1,"featured_media":151951,"comment_status":"open","ping_status":"closed","sticky":false,"template":"","format":"standard","meta":{"amp_status":"","footnotes":""},"categories":[123,40240],"tags":[194,1017,206220,35736,184213,206217,206216,206219,206215,206218,178207,206221,206222],"class_list":["post-151950","post","type-post","status-publish","format-standard","has-post-thumbnail","hentry","category-gerais","category-politica","tag-belo-horizonte","tag-bh","tag-bruno-ken-taniwaki-shiraga","tag-energia-solar","tag-governador-romeu-zema","tag-implantacao-de-usinas-fotovoltaicas-em-minas-gerais","tag-investimento-em-energia-fotovoltaica-em-minas-gerais","tag-investimento-em-energia-solar-em-minas-gerais","tag-mori-energia","tag-mori-energia-holding-s-a","tag-romeu-zema","tag-ufv-janauba","tag-zema-assina-protocolo-de-investimentos-de-r-523-milhoes-em-energia-fotovoltaica-em-minas-gerais"],"yoast_head":"<!-- This site is optimized with the Yoast SEO plugin v28.3 - https:\/\/yoast.com\/product\/yoast-seo-wordpress\/ -->\n<title>Zema assina protocolo de investimentos de R$ 523 milh\u00f5es em energia fotovoltaica em Minas Gerais - Aconteceu no Vale<\/title>\n<meta name=\"robots\" content=\"index, follow, max-snippet:-1, max-image-preview:large, max-video-preview:-1\" \/>\n<link rel=\"canonical\" href=\"https:\/\/aconteceunovale.com.br\/portal\/?p=151950\" \/>\n<meta property=\"og:locale\" content=\"pt_BR\" \/>\n<meta property=\"og:type\" content=\"article\" \/>\n<meta property=\"og:title\" content=\"Zema assina protocolo de investimentos de R$ 523 milh\u00f5es em energia fotovoltaica em Minas Gerais - Aconteceu no Vale\" \/>\n<meta property=\"og:description\" content=\"O governador Romeu Zema assinou nesta sexta-feira (30\/8), na Cidade Administrativa, em Belo Horizonte, protocolo de inten\u00e7\u00e3o com a empresa Mori Energia Holding S.A para a implanta\u00e7\u00e3o de usinas fotovoltaicas no estado. Ao todo, ser\u00e3o investidos R$ 523 milh\u00f5es na instala\u00e7\u00e3o de 32 usinas em 17 munic\u00edpios do Norte de Minas. A expectativa \u00e9 de [&hellip;]\" \/>\n<meta property=\"og:url\" content=\"https:\/\/aconteceunovale.com.br\/portal\/?p=151950\" \/>\n<meta property=\"og:site_name\" content=\"Aconteceu no Vale\" \/>\n<meta property=\"article:publisher\" content=\"https:\/\/www.facebook.com\/aconteceunovale\/\" \/>\n<meta property=\"article:published_time\" content=\"2019-08-30T20:22:23+00:00\" \/>\n<meta property=\"article:modified_time\" content=\"2019-08-30T20:23:20+00:00\" \/>\n<meta property=\"og:image\" content=\"https:\/\/aconteceunovale.com.br\/portal\/wp-content\/uploads\/2019\/08\/assinatura_zema-1.jpg\" \/>\n\t<meta property=\"og:image:width\" content=\"674\" \/>\n\t<meta property=\"og:image:height\" content=\"450\" \/>\n\t<meta property=\"og:image:type\" content=\"image\/jpeg\" \/>\n<meta name=\"author\" content=\"Aconteceu no Vale\" \/>\n<meta name=\"twitter:card\" content=\"summary_large_image\" \/>\n<meta name=\"twitter:creator\" content=\"@noticiadosvales\" \/>\n<meta name=\"twitter:site\" content=\"@noticiadosvales\" \/>\n<meta name=\"twitter:label1\" content=\"Escrito por\" \/>\n\t<meta name=\"twitter:data1\" content=\"Aconteceu no Vale\" \/>\n\t<meta name=\"twitter:label2\" content=\"Est. tempo de leitura\" \/>\n\t<meta name=\"twitter:data2\" content=\"3 minutos\" \/>\n<script type=\"application\/ld+json\" class=\"yoast-schema-graph\">{\"@context\":\"https:\\\/\\\/schema.org\",\"@graph\":[{\"@type\":\"Article\",\"@id\":\"https:\\\/\\\/aconteceunovale.com.br\\\/portal\\\/?p=151950#article\",\"isPartOf\":{\"@id\":\"https:\\\/\\\/aconteceunovale.com.br\\\/portal\\\/?p=151950\"},\"author\":{\"name\":\"Aconteceu no Vale\",\"@id\":\"https:\\\/\\\/aconteceunovale.com.br\\\/portal\\\/#\\\/schema\\\/person\\\/633529146f2c94272bef50ac2953d589\"},\"headline\":\"Zema assina protocolo de investimentos de R$ 523 milh\u00f5es em energia fotovoltaica em Minas Gerais\",\"datePublished\":\"2019-08-30T20:22:23+00:00\",\"dateModified\":\"2019-08-30T20:23:20+00:00\",\"mainEntityOfPage\":{\"@id\":\"https:\\\/\\\/aconteceunovale.com.br\\\/portal\\\/?p=151950\"},\"wordCount\":565,\"commentCount\":0,\"image\":{\"@id\":\"https:\\\/\\\/aconteceunovale.com.br\\\/portal\\\/?p=151950#primaryimage\"},\"thumbnailUrl\":\"https:\\\/\\\/aconteceunovale.com.br\\\/portal\\\/wp-content\\\/uploads\\\/2019\\\/08\\\/assinatura_zema-1.jpg\",\"keywords\":[\"Belo Horizonte\",\"bh\",\"Bruno Ken Taniwaki Shiraga\",\"energia solar\",\"Governador Romeu Zema\",\"Implanta\u00e7\u00e3o de usinas fotovoltaicas em Minas Gerais\",\"Investimento em energia fotovoltaica em Minas Gerais\",\"Investimento em energia solar em Minas Gerais\",\"Mori Energia\",\"Mori Energia Holding S.A\",\"Romeu Zema\",\"UFV Jana\u00faba\",\"Zema assina protocolo de investimentos de R$ 523 milh\u00f5es em energia fotovoltaica em Minas Gerais\"],\"articleSection\":[\"Minas Gerais\",\"Pol\u00edtica\"],\"inLanguage\":\"pt-BR\",\"potentialAction\":[{\"@type\":\"CommentAction\",\"name\":\"Comment\",\"target\":[\"https:\\\/\\\/aconteceunovale.com.br\\\/portal\\\/?p=151950#respond\"]}]},{\"@type\":\"WebPage\",\"@id\":\"https:\\\/\\\/aconteceunovale.com.br\\\/portal\\\/?p=151950\",\"url\":\"https:\\\/\\\/aconteceunovale.com.br\\\/portal\\\/?p=151950\",\"name\":\"Zema assina protocolo de investimentos de R$ 523 milh\u00f5es em energia fotovoltaica em Minas Gerais - Aconteceu no Vale\",\"isPartOf\":{\"@id\":\"https:\\\/\\\/aconteceunovale.com.br\\\/portal\\\/#website\"},\"primaryImageOfPage\":{\"@id\":\"https:\\\/\\\/aconteceunovale.com.br\\\/portal\\\/?p=151950#primaryimage\"},\"image\":{\"@id\":\"https:\\\/\\\/aconteceunovale.com.br\\\/portal\\\/?p=151950#primaryimage\"},\"thumbnailUrl\":\"https:\\\/\\\/aconteceunovale.com.br\\\/portal\\\/wp-content\\\/uploads\\\/2019\\\/08\\\/assinatura_zema-1.jpg\",\"datePublished\":\"2019-08-30T20:22:23+00:00\",\"dateModified\":\"2019-08-30T20:23:20+00:00\",\"author\":{\"@id\":\"https:\\\/\\\/aconteceunovale.com.br\\\/portal\\\/#\\\/schema\\\/person\\\/633529146f2c94272bef50ac2953d589\"},\"breadcrumb\":{\"@id\":\"https:\\\/\\\/aconteceunovale.com.br\\\/portal\\\/?p=151950#breadcrumb\"},\"inLanguage\":\"pt-BR\",\"potentialAction\":[{\"@type\":\"ReadAction\",\"target\":[\"https:\\\/\\\/aconteceunovale.com.br\\\/portal\\\/?p=151950\"]}]},{\"@type\":\"ImageObject\",\"inLanguage\":\"pt-BR\",\"@id\":\"https:\\\/\\\/aconteceunovale.com.br\\\/portal\\\/?p=151950#primaryimage\",\"url\":\"https:\\\/\\\/aconteceunovale.com.br\\\/portal\\\/wp-content\\\/uploads\\\/2019\\\/08\\\/assinatura_zema-1.jpg\",\"contentUrl\":\"https:\\\/\\\/aconteceunovale.com.br\\\/portal\\\/wp-content\\\/uploads\\\/2019\\\/08\\\/assinatura_zema-1.jpg\",\"width\":674,\"height\":450},{\"@type\":\"BreadcrumbList\",\"@id\":\"https:\\\/\\\/aconteceunovale.com.br\\\/portal\\\/?p=151950#breadcrumb\",\"itemListElement\":[{\"@type\":\"ListItem\",\"position\":1,\"name\":\"In\u00edcio\",\"item\":\"https:\\\/\\\/aconteceunovale.com.br\\\/portal\\\/\"},{\"@type\":\"ListItem\",\"position\":2,\"name\":\"Zema assina protocolo de investimentos de R$ 523 milh\u00f5es em energia fotovoltaica em Minas Gerais\"}]},{\"@type\":\"WebSite\",\"@id\":\"https:\\\/\\\/aconteceunovale.com.br\\\/portal\\\/#website\",\"url\":\"https:\\\/\\\/aconteceunovale.com.br\\\/portal\\\/\",\"name\":\"Aconteceu no Vale\",\"description\":\"Portal de Not\u00edcias\",\"potentialAction\":[{\"@type\":\"SearchAction\",\"target\":{\"@type\":\"EntryPoint\",\"urlTemplate\":\"https:\\\/\\\/aconteceunovale.com.br\\\/portal\\\/?s={search_term_string}\"},\"query-input\":{\"@type\":\"PropertyValueSpecification\",\"valueRequired\":true,\"valueName\":\"search_term_string\"}}],\"inLanguage\":\"pt-BR\"},{\"@type\":\"Person\",\"@id\":\"https:\\\/\\\/aconteceunovale.com.br\\\/portal\\\/#\\\/schema\\\/person\\\/633529146f2c94272bef50ac2953d589\",\"name\":\"Aconteceu no Vale\",\"description\":\"Equipe de reportagem do Aconteceu no Vale, portal de not\u00edcias do Vale do Jequitinhonha, em Minas Gerais. Cobrimos as 51 cidades do Vale desde 2013. Sugest\u00f5es de pauta e pedidos de corre\u00e7\u00e3o: contato@aconteceunovale.com.br\",\"sameAs\":[\"http:\\\/\\\/www.aconteceunovale.com.br\"],\"url\":\"https:\\\/\\\/aconteceunovale.com.br\\\/portal\\\/?author=1\"}]}<\/script>\n<!-- \/ Yoast SEO plugin. -->","yoast_head_json":{"title":"Zema assina protocolo de investimentos de R$ 523 milh\u00f5es em energia fotovoltaica em Minas Gerais - Aconteceu no Vale","robots":{"index":"index","follow":"follow","max-snippet":"max-snippet:-1","max-image-preview":"max-image-preview:large","max-video-preview":"max-video-preview:-1"},"canonical":"https:\/\/aconteceunovale.com.br\/portal\/?p=151950","og_locale":"pt_BR","og_type":"article","og_title":"Zema assina protocolo de investimentos de R$ 523 milh\u00f5es em energia fotovoltaica em Minas Gerais - Aconteceu no Vale","og_description":"O governador Romeu Zema assinou nesta sexta-feira (30\/8), na Cidade Administrativa, em Belo Horizonte, protocolo de inten\u00e7\u00e3o com a empresa Mori Energia Holding S.A para a implanta\u00e7\u00e3o de usinas fotovoltaicas no estado. Ao todo, ser\u00e3o investidos R$ 523 milh\u00f5es na instala\u00e7\u00e3o de 32 usinas em 17 munic\u00edpios do Norte de Minas. A expectativa \u00e9 de [&hellip;]","og_url":"https:\/\/aconteceunovale.com.br\/portal\/?p=151950","og_site_name":"Aconteceu no Vale","article_publisher":"https:\/\/www.facebook.com\/aconteceunovale\/","article_published_time":"2019-08-30T20:22:23+00:00","article_modified_time":"2019-08-30T20:23:20+00:00","og_image":[{"width":674,"height":450,"url":"https:\/\/aconteceunovale.com.br\/portal\/wp-content\/uploads\/2019\/08\/assinatura_zema-1.jpg","type":"image\/jpeg"}],"author":"Aconteceu no Vale","twitter_card":"summary_large_image","twitter_creator":"@noticiadosvales","twitter_site":"@noticiadosvales","twitter_misc":{"Escrito por":"Aconteceu no Vale","Est. tempo de leitura":"3 minutos"},"schema":{"@context":"https:\/\/schema.org","@graph":[{"@type":"Article","@id":"https:\/\/aconteceunovale.com.br\/portal\/?p=151950#article","isPartOf":{"@id":"https:\/\/aconteceunovale.com.br\/portal\/?p=151950"},"author":{"name":"Aconteceu no Vale","@id":"https:\/\/aconteceunovale.com.br\/portal\/#\/schema\/person\/633529146f2c94272bef50ac2953d589"},"headline":"Zema assina protocolo de investimentos de R$ 523 milh\u00f5es em energia fotovoltaica em Minas Gerais","datePublished":"2019-08-30T20:22:23+00:00","dateModified":"2019-08-30T20:23:20+00:00","mainEntityOfPage":{"@id":"https:\/\/aconteceunovale.com.br\/portal\/?p=151950"},"wordCount":565,"commentCount":0,"image":{"@id":"https:\/\/aconteceunovale.com.br\/portal\/?p=151950#primaryimage"},"thumbnailUrl":"https:\/\/aconteceunovale.com.br\/portal\/wp-content\/uploads\/2019\/08\/assinatura_zema-1.jpg","keywords":["Belo Horizonte","bh","Bruno Ken Taniwaki Shiraga","energia solar","Governador Romeu Zema","Implanta\u00e7\u00e3o de usinas fotovoltaicas em Minas Gerais","Investimento em energia fotovoltaica em Minas Gerais","Investimento em energia solar em Minas Gerais","Mori Energia","Mori Energia Holding S.A","Romeu Zema","UFV Jana\u00faba","Zema assina protocolo de investimentos de R$ 523 milh\u00f5es em energia fotovoltaica em Minas Gerais"],"articleSection":["Minas Gerais","Pol\u00edtica"],"inLanguage":"pt-BR","potentialAction":[{"@type":"CommentAction","name":"Comment","target":["https:\/\/aconteceunovale.com.br\/portal\/?p=151950#respond"]}]},{"@type":"WebPage","@id":"https:\/\/aconteceunovale.com.br\/portal\/?p=151950","url":"https:\/\/aconteceunovale.com.br\/portal\/?p=151950","name":"Zema assina protocolo de investimentos de R$ 523 milh\u00f5es em energia fotovoltaica em Minas Gerais - Aconteceu no Vale","isPartOf":{"@id":"https:\/\/aconteceunovale.com.br\/portal\/#website"},"primaryImageOfPage":{"@id":"https:\/\/aconteceunovale.com.br\/portal\/?p=151950#primaryimage"},"image":{"@id":"https:\/\/aconteceunovale.com.br\/portal\/?p=151950#primaryimage"},"thumbnailUrl":"https:\/\/aconteceunovale.com.br\/portal\/wp-content\/uploads\/2019\/08\/assinatura_zema-1.jpg","datePublished":"2019-08-30T20:22:23+00:00","dateModified":"2019-08-30T20:23:20+00:00","author":{"@id":"https:\/\/aconteceunovale.com.br\/portal\/#\/schema\/person\/633529146f2c94272bef50ac2953d589"},"breadcrumb":{"@id":"https:\/\/aconteceunovale.com.br\/portal\/?p=151950#breadcrumb"},"inLanguage":"pt-BR","potentialAction":[{"@type":"ReadAction","target":["https:\/\/aconteceunovale.com.br\/portal\/?p=151950"]}]},{"@type":"ImageObject","inLanguage":"pt-BR","@id":"https:\/\/aconteceunovale.com.br\/portal\/?p=151950#primaryimage","url":"https:\/\/aconteceunovale.com.br\/portal\/wp-content\/uploads\/2019\/08\/assinatura_zema-1.jpg","contentUrl":"https:\/\/aconteceunovale.com.br\/portal\/wp-content\/uploads\/2019\/08\/assinatura_zema-1.jpg","width":674,"height":450},{"@type":"BreadcrumbList","@id":"https:\/\/aconteceunovale.com.br\/portal\/?p=151950#breadcrumb","itemListElement":[{"@type":"ListItem","position":1,"name":"In\u00edcio","item":"https:\/\/aconteceunovale.com.br\/portal\/"},{"@type":"ListItem","position":2,"name":"Zema assina protocolo de investimentos de R$ 523 milh\u00f5es em energia fotovoltaica em Minas Gerais"}]},{"@type":"WebSite","@id":"https:\/\/aconteceunovale.com.br\/portal\/#website","url":"https:\/\/aconteceunovale.com.br\/portal\/","name":"Aconteceu no Vale","description":"Portal de Not\u00edcias","potentialAction":[{"@type":"SearchAction","target":{"@type":"EntryPoint","urlTemplate":"https:\/\/aconteceunovale.com.br\/portal\/?s={search_term_string}"},"query-input":{"@type":"PropertyValueSpecification","valueRequired":true,"valueName":"search_term_string"}}],"inLanguage":"pt-BR"},{"@type":"Person","@id":"https:\/\/aconteceunovale.com.br\/portal\/#\/schema\/person\/633529146f2c94272bef50ac2953d589","name":"Aconteceu no Vale","description":"Equipe de reportagem do Aconteceu no Vale, portal de not\u00edcias do Vale do Jequitinhonha, em Minas Gerais. Cobrimos as 51 cidades do Vale desde 2013. Sugest\u00f5es de pauta e pedidos de corre\u00e7\u00e3o: contato@aconteceunovale.com.br","sameAs":["http:\/\/www.aconteceunovale.com.br"],"url":"https:\/\/aconteceunovale.com.br\/portal\/?author=1"}]}},"_links":{"self":[{"href":"https:\/\/aconteceunovale.com.br\/portal\/index.php?rest_route=\/wp\/v2\/posts\/151950","targetHints":{"allow":["GET"]}}],"collection":[{"href":"https:\/\/aconteceunovale.com.br\/portal\/index.php?rest_route=\/wp\/v2\/posts"}],"about":[{"href":"https:\/\/aconteceunovale.com.br\/portal\/index.php?rest_route=\/wp\/v2\/types\/post"}],"author":[{"embeddable":true,"href":"https:\/\/aconteceunovale.com.br\/portal\/index.php?rest_route=\/wp\/v2\/users\/1"}],"replies":[{"embeddable":true,"href":"https:\/\/aconteceunovale.com.br\/portal\/index.php?rest_route=%2Fwp%2Fv2%2Fcomments&post=151950"}],"version-history":[{"count":2,"href":"https:\/\/aconteceunovale.com.br\/portal\/index.php?rest_route=\/wp\/v2\/posts\/151950\/revisions"}],"predecessor-version":[{"id":151953,"href":"https:\/\/aconteceunovale.com.br\/portal\/index.php?rest_route=\/wp\/v2\/posts\/151950\/revisions\/151953"}],"wp:featuredmedia":[{"embeddable":true,"href":"https:\/\/aconteceunovale.com.br\/portal\/index.php?rest_route=\/wp\/v2\/media\/151951"}],"wp:attachment":[{"href":"https:\/\/aconteceunovale.com.br\/portal\/index.php?rest_route=%2Fwp%2Fv2%2Fmedia&parent=151950"}],"wp:term":[{"taxonomy":"category","embeddable":true,"href":"https:\/\/aconteceunovale.com.br\/portal\/index.php?rest_route=%2Fwp%2Fv2%2Fcategories&post=151950"},{"taxonomy":"post_tag","embeddable":true,"href":"https:\/\/aconteceunovale.com.br\/portal\/index.php?rest_route=%2Fwp%2Fv2%2Ftags&post=151950"}],"curies":[{"name":"wp","href":"https:\/\/api.w.org\/{rel}","templated":true}]}}