{"id":151941,"date":"2019-08-30T12:07:33","date_gmt":"2019-08-30T15:07:33","guid":{"rendered":"http:\/\/aconteceunovale.com.br\/portal\/?p=151941"},"modified":"2019-08-30T12:09:51","modified_gmt":"2019-08-30T15:09:51","slug":"motorista-de-carreta-dos-correios-e-assassinado-na-br-116-em-teofilo-otoni","status":"publish","type":"post","link":"https:\/\/aconteceunovale.com.br\/portal\/?p=151941","title":{"rendered":"Motorista de carreta dos Correios \u00e9 assassinado na BR-116, em Te\u00f3filo Otoni"},"content":{"rendered":"\n<p class=\"wp-block-paragraph\">O condutor de uma carreta dos Correios foi morto a tiros na madrugada desta sexta-feira (30\/08\/2019) na altura do km 276 da BR-116, em Te\u00f3filo Otoni, no Vale do Mucuri. A suspeita \u00e9 de que o ajudante do motorista seja o autor do crime.<\/p>\n\n\n\n<p class=\"wp-block-paragraph\">As primeiras informa\u00e7\u00f5es d\u00e3o conta de que por volta da meia noite um homem se identificando como ajudante do motorista estaria andando pelas margens da rodovia, informando que o companheiro havia sido morto a tiros em uma tentativa de assalto. Equipes da Pol\u00edcia Militar, Pol\u00edcia Civil e Pol\u00edcia Rodovi\u00e1ria Federal foram para o local, juntamente com o SAMU (Servi\u00e7o de Atendimento M\u00f3vel de Urg\u00eancia), onde encontraram o corpo de Aldemiro Marques Machado, de 48 anos, natural do Rio Grande do Sul, ca\u00eddo na parte traseira do caminh\u00e3o.<\/p>\n\n\n\n<p class=\"wp-block-paragraph\">O ajudante foi localizado no p\u00e1tio de um posto de combust\u00edveis e contou v\u00e1rias vers\u00f5es desconexas, aumentando a suspeita da Pol\u00edcia, at\u00e9 dizer que na verdade o motorista havia parado para realizar o furto de mercadorias e que estava ciente dos crimes, pois faziam parte de uma quadrilha especializada em furtos e roubos de cargas. <\/p>\n\n\n\n<p class=\"wp-block-paragraph\">Segundo a Pol\u00edcia, as portas da carreta estavam sem cadeados e lacre. Pr\u00f3ximo ao corpo foram encontrados cinco rebites. O suspeito trabalhava h\u00e1 quatro meses com a v\u00edtima. Foram apreendidos tr\u00eas celulares e outros materiais usados para a empreitada criminosa.<\/p>\n\n\n\n<p class=\"wp-block-paragraph\">O ajudante do caminhoneiro, M. R. X. C., de 27 anos, foi preso em flagrante e encaminhado \u00e0 Delegacia de Pol\u00edcia Civil de Te\u00f3filo Otoni. O corpo de Aldemiro foi encaminhado ao Instituto M\u00e9dico Legal (IML) da cidade.<\/p>\n\n\n\n<p class=\"wp-block-paragraph\">A motiva\u00e7\u00e3o do homic\u00eddio ainda n\u00e3o foi esclarecida. O caso ser\u00e1 investigado.<\/p>\n","protected":false},"excerpt":{"rendered":"<p>O condutor de uma carreta dos Correios foi morto a tiros na madrugada desta sexta-feira (30\/08\/2019) na altura do km 276 da BR-116, em Te\u00f3filo Otoni, no Vale do Mucuri. A suspeita \u00e9 de que o ajudante do motorista seja o autor do crime. As primeiras informa\u00e7\u00f5es d\u00e3o conta de que por volta da meia [&hellip;]<\/p>\n","protected":false},"author":4,"featured_media":151866,"comment_status":"open","ping_status":"closed","sticky":false,"template":"","format":"standard","meta":{"amp_status":"","footnotes":""},"categories":[122],"tags":[206206,38506,1018,19571,38505,206207,206205,206202,206203,164],"class_list":["post-151941","post","type-post","status-publish","format-standard","has-post-thumbnail","hentry","category-mucuri","tag-aldemiro-marques-machado","tag-assassinado-em-teofilo-otoni","tag-destaque","tag-homicidio-em-teofilo-otoni","tag-morto-em-teofilo-otoni","tag-motorista-de-carreta-dos-correios-e-assassinado-na-br-116-em-teofilo-otoni","tag-motorista-de-carreta-e-assassinado-na-br-116","tag-motorista-de-carreta-e-assassinado-na-br-116-em-teofilo-otoni","tag-motorista-morto-em-teofilo-otoni","tag-teofilo-otoni"],"yoast_head":"<!-- This site is optimized with the Yoast SEO plugin v28.3 - https:\/\/yoast.com\/product\/yoast-seo-wordpress\/ -->\n<title>Motorista de carreta dos Correios \u00e9 assassinado na BR-116, em Te\u00f3filo Otoni - Aconteceu no Vale<\/title>\n<meta name=\"robots\" content=\"index, follow, max-snippet:-1, max-image-preview:large, max-video-preview:-1\" \/>\n<link rel=\"canonical\" href=\"https:\/\/aconteceunovale.com.br\/portal\/?p=151941\" \/>\n<meta property=\"og:locale\" content=\"pt_BR\" \/>\n<meta property=\"og:type\" content=\"article\" \/>\n<meta property=\"og:title\" content=\"Motorista de carreta dos Correios \u00e9 assassinado na BR-116, em Te\u00f3filo Otoni - Aconteceu no Vale\" \/>\n<meta property=\"og:description\" content=\"O condutor de uma carreta dos Correios foi morto a tiros na madrugada desta sexta-feira (30\/08\/2019) na altura do km 276 da BR-116, em Te\u00f3filo Otoni, no Vale do Mucuri. A suspeita \u00e9 de que o ajudante do motorista seja o autor do crime. As primeiras informa\u00e7\u00f5es d\u00e3o conta de que por volta da meia [&hellip;]\" \/>\n<meta property=\"og:url\" content=\"https:\/\/aconteceunovale.com.br\/portal\/?p=151941\" \/>\n<meta property=\"og:site_name\" content=\"Aconteceu no Vale\" \/>\n<meta property=\"article:publisher\" content=\"https:\/\/www.facebook.com\/aconteceunovale\/\" \/>\n<meta property=\"article:published_time\" content=\"2019-08-30T15:07:33+00:00\" \/>\n<meta property=\"article:modified_time\" content=\"2019-08-30T15:09:51+00:00\" \/>\n<meta property=\"og:image\" content=\"https:\/\/aconteceunovale.com.br\/portal\/wp-content\/uploads\/2019\/08\/plantao_giroflex.jpg\" \/>\n\t<meta property=\"og:image:width\" content=\"678\" \/>\n\t<meta property=\"og:image:height\" content=\"430\" \/>\n\t<meta property=\"og:image:type\" content=\"image\/jpeg\" \/>\n<meta name=\"author\" content=\"Reda\u00e7\u00e3o Aconteceu no Vale\" \/>\n<meta name=\"twitter:card\" content=\"summary_large_image\" \/>\n<meta name=\"twitter:creator\" content=\"@noticiadosvales\" \/>\n<meta name=\"twitter:site\" content=\"@noticiadosvales\" \/>\n<meta name=\"twitter:label1\" content=\"Escrito por\" \/>\n\t<meta name=\"twitter:data1\" content=\"Reda\u00e7\u00e3o Aconteceu no Vale\" \/>\n\t<meta name=\"twitter:label2\" content=\"Est. tempo de leitura\" \/>\n\t<meta name=\"twitter:data2\" content=\"1 minuto\" \/>\n<script type=\"application\/ld+json\" class=\"yoast-schema-graph\">{\"@context\":\"https:\\\/\\\/schema.org\",\"@graph\":[{\"@type\":\"Article\",\"@id\":\"https:\\\/\\\/aconteceunovale.com.br\\\/portal\\\/?p=151941#article\",\"isPartOf\":{\"@id\":\"https:\\\/\\\/aconteceunovale.com.br\\\/portal\\\/?p=151941\"},\"author\":{\"name\":\"Reda\u00e7\u00e3o Aconteceu no Vale\",\"@id\":\"https:\\\/\\\/aconteceunovale.com.br\\\/portal\\\/#\\\/schema\\\/person\\\/7d2f26d1483f8a63de73da1ee0754d35\"},\"headline\":\"Motorista de carreta dos Correios \u00e9 assassinado na BR-116, em Te\u00f3filo Otoni\",\"datePublished\":\"2019-08-30T15:07:33+00:00\",\"dateModified\":\"2019-08-30T15:09:51+00:00\",\"mainEntityOfPage\":{\"@id\":\"https:\\\/\\\/aconteceunovale.com.br\\\/portal\\\/?p=151941\"},\"wordCount\":309,\"commentCount\":0,\"image\":{\"@id\":\"https:\\\/\\\/aconteceunovale.com.br\\\/portal\\\/?p=151941#primaryimage\"},\"thumbnailUrl\":\"https:\\\/\\\/aconteceunovale.com.br\\\/portal\\\/wp-content\\\/uploads\\\/2019\\\/08\\\/plantao_giroflex.jpg\",\"keywords\":[\"Aldemiro Marques Machado\",\"assassinado em te\u00f3filo otoni\",\"destaque\",\"homicidio em te\u00f3filo otoni\",\"morto em te\u00f3filo otoni\",\"Motorista de carreta dos Correios \u00e9 assassinado na BR-116 em Te\u00f3filo Otoni\",\"Motorista de carreta \u00e9 assassinado na BR-116\",\"Motorista de carreta \u00e9 assassinado na BR-116 em Te\u00f3filo Otoni\",\"Motorista morto em Te\u00f3filo Otoni\",\"Te\u00f3filo Otoni\"],\"articleSection\":[\"Vale do Mucuri\"],\"inLanguage\":\"pt-BR\",\"potentialAction\":[{\"@type\":\"CommentAction\",\"name\":\"Comment\",\"target\":[\"https:\\\/\\\/aconteceunovale.com.br\\\/portal\\\/?p=151941#respond\"]}]},{\"@type\":\"WebPage\",\"@id\":\"https:\\\/\\\/aconteceunovale.com.br\\\/portal\\\/?p=151941\",\"url\":\"https:\\\/\\\/aconteceunovale.com.br\\\/portal\\\/?p=151941\",\"name\":\"Motorista de carreta dos Correios \u00e9 assassinado na BR-116, em Te\u00f3filo Otoni - Aconteceu no Vale\",\"isPartOf\":{\"@id\":\"https:\\\/\\\/aconteceunovale.com.br\\\/portal\\\/#website\"},\"primaryImageOfPage\":{\"@id\":\"https:\\\/\\\/aconteceunovale.com.br\\\/portal\\\/?p=151941#primaryimage\"},\"image\":{\"@id\":\"https:\\\/\\\/aconteceunovale.com.br\\\/portal\\\/?p=151941#primaryimage\"},\"thumbnailUrl\":\"https:\\\/\\\/aconteceunovale.com.br\\\/portal\\\/wp-content\\\/uploads\\\/2019\\\/08\\\/plantao_giroflex.jpg\",\"datePublished\":\"2019-08-30T15:07:33+00:00\",\"dateModified\":\"2019-08-30T15:09:51+00:00\",\"author\":{\"@id\":\"https:\\\/\\\/aconteceunovale.com.br\\\/portal\\\/#\\\/schema\\\/person\\\/7d2f26d1483f8a63de73da1ee0754d35\"},\"breadcrumb\":{\"@id\":\"https:\\\/\\\/aconteceunovale.com.br\\\/portal\\\/?p=151941#breadcrumb\"},\"inLanguage\":\"pt-BR\",\"potentialAction\":[{\"@type\":\"ReadAction\",\"target\":[\"https:\\\/\\\/aconteceunovale.com.br\\\/portal\\\/?p=151941\"]}]},{\"@type\":\"ImageObject\",\"inLanguage\":\"pt-BR\",\"@id\":\"https:\\\/\\\/aconteceunovale.com.br\\\/portal\\\/?p=151941#primaryimage\",\"url\":\"https:\\\/\\\/aconteceunovale.com.br\\\/portal\\\/wp-content\\\/uploads\\\/2019\\\/08\\\/plantao_giroflex.jpg\",\"contentUrl\":\"https:\\\/\\\/aconteceunovale.com.br\\\/portal\\\/wp-content\\\/uploads\\\/2019\\\/08\\\/plantao_giroflex.jpg\",\"width\":678,\"height\":430},{\"@type\":\"BreadcrumbList\",\"@id\":\"https:\\\/\\\/aconteceunovale.com.br\\\/portal\\\/?p=151941#breadcrumb\",\"itemListElement\":[{\"@type\":\"ListItem\",\"position\":1,\"name\":\"In\u00edcio\",\"item\":\"https:\\\/\\\/aconteceunovale.com.br\\\/portal\\\/\"},{\"@type\":\"ListItem\",\"position\":2,\"name\":\"Motorista de carreta dos Correios \u00e9 assassinado na BR-116, em Te\u00f3filo Otoni\"}]},{\"@type\":\"WebSite\",\"@id\":\"https:\\\/\\\/aconteceunovale.com.br\\\/portal\\\/#website\",\"url\":\"https:\\\/\\\/aconteceunovale.com.br\\\/portal\\\/\",\"name\":\"Aconteceu no Vale\",\"description\":\"Portal de Not\u00edcias\",\"potentialAction\":[{\"@type\":\"SearchAction\",\"target\":{\"@type\":\"EntryPoint\",\"urlTemplate\":\"https:\\\/\\\/aconteceunovale.com.br\\\/portal\\\/?s={search_term_string}\"},\"query-input\":{\"@type\":\"PropertyValueSpecification\",\"valueRequired\":true,\"valueName\":\"search_term_string\"}}],\"inLanguage\":\"pt-BR\"},{\"@type\":\"Person\",\"@id\":\"https:\\\/\\\/aconteceunovale.com.br\\\/portal\\\/#\\\/schema\\\/person\\\/7d2f26d1483f8a63de73da1ee0754d35\",\"name\":\"Reda\u00e7\u00e3o Aconteceu no Vale\",\"description\":\"Equipe de reportagem do Aconteceu no Vale, portal de not\u00edcias do Vale do Jequitinhonha, em Minas Gerais. Cobrimos as 51 cidades do Vale desde 2013. Sugest\u00f5es de pauta e pedidos de corre\u00e7\u00e3o: contato@aconteceunovale.com.br\",\"url\":\"https:\\\/\\\/aconteceunovale.com.br\\\/portal\\\/?author=4\"}]}<\/script>\n<!-- \/ Yoast SEO plugin. -->","yoast_head_json":{"title":"Motorista de carreta dos Correios \u00e9 assassinado na BR-116, em Te\u00f3filo Otoni - Aconteceu no Vale","robots":{"index":"index","follow":"follow","max-snippet":"max-snippet:-1","max-image-preview":"max-image-preview:large","max-video-preview":"max-video-preview:-1"},"canonical":"https:\/\/aconteceunovale.com.br\/portal\/?p=151941","og_locale":"pt_BR","og_type":"article","og_title":"Motorista de carreta dos Correios \u00e9 assassinado na BR-116, em Te\u00f3filo Otoni - Aconteceu no Vale","og_description":"O condutor de uma carreta dos Correios foi morto a tiros na madrugada desta sexta-feira (30\/08\/2019) na altura do km 276 da BR-116, em Te\u00f3filo Otoni, no Vale do Mucuri. A suspeita \u00e9 de que o ajudante do motorista seja o autor do crime. As primeiras informa\u00e7\u00f5es d\u00e3o conta de que por volta da meia [&hellip;]","og_url":"https:\/\/aconteceunovale.com.br\/portal\/?p=151941","og_site_name":"Aconteceu no Vale","article_publisher":"https:\/\/www.facebook.com\/aconteceunovale\/","article_published_time":"2019-08-30T15:07:33+00:00","article_modified_time":"2019-08-30T15:09:51+00:00","og_image":[{"width":678,"height":430,"url":"https:\/\/aconteceunovale.com.br\/portal\/wp-content\/uploads\/2019\/08\/plantao_giroflex.jpg","type":"image\/jpeg"}],"author":"Reda\u00e7\u00e3o Aconteceu no Vale","twitter_card":"summary_large_image","twitter_creator":"@noticiadosvales","twitter_site":"@noticiadosvales","twitter_misc":{"Escrito por":"Reda\u00e7\u00e3o Aconteceu no Vale","Est. tempo de leitura":"1 minuto"},"schema":{"@context":"https:\/\/schema.org","@graph":[{"@type":"Article","@id":"https:\/\/aconteceunovale.com.br\/portal\/?p=151941#article","isPartOf":{"@id":"https:\/\/aconteceunovale.com.br\/portal\/?p=151941"},"author":{"name":"Reda\u00e7\u00e3o Aconteceu no Vale","@id":"https:\/\/aconteceunovale.com.br\/portal\/#\/schema\/person\/7d2f26d1483f8a63de73da1ee0754d35"},"headline":"Motorista de carreta dos Correios \u00e9 assassinado na BR-116, em Te\u00f3filo Otoni","datePublished":"2019-08-30T15:07:33+00:00","dateModified":"2019-08-30T15:09:51+00:00","mainEntityOfPage":{"@id":"https:\/\/aconteceunovale.com.br\/portal\/?p=151941"},"wordCount":309,"commentCount":0,"image":{"@id":"https:\/\/aconteceunovale.com.br\/portal\/?p=151941#primaryimage"},"thumbnailUrl":"https:\/\/aconteceunovale.com.br\/portal\/wp-content\/uploads\/2019\/08\/plantao_giroflex.jpg","keywords":["Aldemiro Marques Machado","assassinado em te\u00f3filo otoni","destaque","homicidio em te\u00f3filo otoni","morto em te\u00f3filo otoni","Motorista de carreta dos Correios \u00e9 assassinado na BR-116 em Te\u00f3filo Otoni","Motorista de carreta \u00e9 assassinado na BR-116","Motorista de carreta \u00e9 assassinado na BR-116 em Te\u00f3filo Otoni","Motorista morto em Te\u00f3filo Otoni","Te\u00f3filo Otoni"],"articleSection":["Vale do Mucuri"],"inLanguage":"pt-BR","potentialAction":[{"@type":"CommentAction","name":"Comment","target":["https:\/\/aconteceunovale.com.br\/portal\/?p=151941#respond"]}]},{"@type":"WebPage","@id":"https:\/\/aconteceunovale.com.br\/portal\/?p=151941","url":"https:\/\/aconteceunovale.com.br\/portal\/?p=151941","name":"Motorista de carreta dos Correios \u00e9 assassinado na BR-116, em Te\u00f3filo Otoni - Aconteceu no Vale","isPartOf":{"@id":"https:\/\/aconteceunovale.com.br\/portal\/#website"},"primaryImageOfPage":{"@id":"https:\/\/aconteceunovale.com.br\/portal\/?p=151941#primaryimage"},"image":{"@id":"https:\/\/aconteceunovale.com.br\/portal\/?p=151941#primaryimage"},"thumbnailUrl":"https:\/\/aconteceunovale.com.br\/portal\/wp-content\/uploads\/2019\/08\/plantao_giroflex.jpg","datePublished":"2019-08-30T15:07:33+00:00","dateModified":"2019-08-30T15:09:51+00:00","author":{"@id":"https:\/\/aconteceunovale.com.br\/portal\/#\/schema\/person\/7d2f26d1483f8a63de73da1ee0754d35"},"breadcrumb":{"@id":"https:\/\/aconteceunovale.com.br\/portal\/?p=151941#breadcrumb"},"inLanguage":"pt-BR","potentialAction":[{"@type":"ReadAction","target":["https:\/\/aconteceunovale.com.br\/portal\/?p=151941"]}]},{"@type":"ImageObject","inLanguage":"pt-BR","@id":"https:\/\/aconteceunovale.com.br\/portal\/?p=151941#primaryimage","url":"https:\/\/aconteceunovale.com.br\/portal\/wp-content\/uploads\/2019\/08\/plantao_giroflex.jpg","contentUrl":"https:\/\/aconteceunovale.com.br\/portal\/wp-content\/uploads\/2019\/08\/plantao_giroflex.jpg","width":678,"height":430},{"@type":"BreadcrumbList","@id":"https:\/\/aconteceunovale.com.br\/portal\/?p=151941#breadcrumb","itemListElement":[{"@type":"ListItem","position":1,"name":"In\u00edcio","item":"https:\/\/aconteceunovale.com.br\/portal\/"},{"@type":"ListItem","position":2,"name":"Motorista de carreta dos Correios \u00e9 assassinado na BR-116, em Te\u00f3filo Otoni"}]},{"@type":"WebSite","@id":"https:\/\/aconteceunovale.com.br\/portal\/#website","url":"https:\/\/aconteceunovale.com.br\/portal\/","name":"Aconteceu no Vale","description":"Portal de Not\u00edcias","potentialAction":[{"@type":"SearchAction","target":{"@type":"EntryPoint","urlTemplate":"https:\/\/aconteceunovale.com.br\/portal\/?s={search_term_string}"},"query-input":{"@type":"PropertyValueSpecification","valueRequired":true,"valueName":"search_term_string"}}],"inLanguage":"pt-BR"},{"@type":"Person","@id":"https:\/\/aconteceunovale.com.br\/portal\/#\/schema\/person\/7d2f26d1483f8a63de73da1ee0754d35","name":"Reda\u00e7\u00e3o Aconteceu no Vale","description":"Equipe de reportagem do Aconteceu no Vale, portal de not\u00edcias do Vale do Jequitinhonha, em Minas Gerais. Cobrimos as 51 cidades do Vale desde 2013. Sugest\u00f5es de pauta e pedidos de corre\u00e7\u00e3o: contato@aconteceunovale.com.br","url":"https:\/\/aconteceunovale.com.br\/portal\/?author=4"}]}},"_links":{"self":[{"href":"https:\/\/aconteceunovale.com.br\/portal\/index.php?rest_route=\/wp\/v2\/posts\/151941","targetHints":{"allow":["GET"]}}],"collection":[{"href":"https:\/\/aconteceunovale.com.br\/portal\/index.php?rest_route=\/wp\/v2\/posts"}],"about":[{"href":"https:\/\/aconteceunovale.com.br\/portal\/index.php?rest_route=\/wp\/v2\/types\/post"}],"author":[{"embeddable":true,"href":"https:\/\/aconteceunovale.com.br\/portal\/index.php?rest_route=\/wp\/v2\/users\/4"}],"replies":[{"embeddable":true,"href":"https:\/\/aconteceunovale.com.br\/portal\/index.php?rest_route=%2Fwp%2Fv2%2Fcomments&post=151941"}],"version-history":[{"count":1,"href":"https:\/\/aconteceunovale.com.br\/portal\/index.php?rest_route=\/wp\/v2\/posts\/151941\/revisions"}],"predecessor-version":[{"id":151942,"href":"https:\/\/aconteceunovale.com.br\/portal\/index.php?rest_route=\/wp\/v2\/posts\/151941\/revisions\/151942"}],"wp:featuredmedia":[{"embeddable":true,"href":"https:\/\/aconteceunovale.com.br\/portal\/index.php?rest_route=\/wp\/v2\/media\/151866"}],"wp:attachment":[{"href":"https:\/\/aconteceunovale.com.br\/portal\/index.php?rest_route=%2Fwp%2Fv2%2Fmedia&parent=151941"}],"wp:term":[{"taxonomy":"category","embeddable":true,"href":"https:\/\/aconteceunovale.com.br\/portal\/index.php?rest_route=%2Fwp%2Fv2%2Fcategories&post=151941"},{"taxonomy":"post_tag","embeddable":true,"href":"https:\/\/aconteceunovale.com.br\/portal\/index.php?rest_route=%2Fwp%2Fv2%2Ftags&post=151941"}],"curies":[{"name":"wp","href":"https:\/\/api.w.org\/{rel}","templated":true}]}}