{"id":151938,"date":"2019-08-30T11:53:40","date_gmt":"2019-08-30T14:53:40","guid":{"rendered":"http:\/\/aconteceunovale.com.br\/portal\/?p=151938"},"modified":"2019-08-30T11:54:37","modified_gmt":"2019-08-30T14:54:37","slug":"homem-e-executado-a-tiros-em-governador-valadares-2","status":"publish","type":"post","link":"https:\/\/aconteceunovale.com.br\/portal\/?p=151938","title":{"rendered":"Homem \u00e9 executado a tiros em Governador Valadares"},"content":{"rendered":"\n<p class=\"wp-block-paragraph\">Um homem de 49 anos foi executado a tiros na madrugada desta sexta-feira (30\/08\/2019) no Bairro Jardim P\u00e9rola, em Governador Valadares (MG). Segundo testemunhas, Oziel Coelho Lopes estava em uma casa na Rua Izodil Pereira e saiu para comprar cacha\u00e7a, quando foi surpreendido pelo atirador.<\/p>\n\n\n\n<p class=\"wp-block-paragraph\">A per\u00edcia da Pol\u00edcia Civil esteve no local do crime e constatou perfura\u00e7\u00f5es no pesco\u00e7o e cabe\u00e7a da v\u00edtima. Duas pedras de crack foram encontradas em um dos bolsos da roupa de Oziel. <\/p>\n\n\n\n<p class=\"wp-block-paragraph\">O corpo foi encaminhado ao Instituto M\u00e9dico Legal (IML) de Governador Valadares. At\u00e9 o momento a Pol\u00edcia n\u00e3o tem informa\u00e7\u00f5es de suspeitos e autoria do crime. <\/p>\n\n\n\n<p class=\"wp-block-paragraph\"><img loading=\"lazy\" decoding=\"async\" width=\"600\" height=\"450\" class=\"wp-image-151939\" style=\"width: 600px;\" src=\"http:\/\/aconteceunovale.com.br\/portal\/wp-content\/uploads\/2019\/08\/homicidio_gv_perola.jpg\" alt=\"\" srcset=\"https:\/\/aconteceunovale.com.br\/portal\/wp-content\/uploads\/2019\/08\/homicidio_gv_perola.jpg 552w, https:\/\/aconteceunovale.com.br\/portal\/wp-content\/uploads\/2019\/08\/homicidio_gv_perola-300x225.jpg 300w, https:\/\/aconteceunovale.com.br\/portal\/wp-content\/uploads\/2019\/08\/homicidio_gv_perola-80x60.jpg 80w, https:\/\/aconteceunovale.com.br\/portal\/wp-content\/uploads\/2019\/08\/homicidio_gv_perola-265x198.jpg 265w\" sizes=\"auto, (max-width: 600px) 100vw, 600px\" \/><em>Foto: Caso de Pol\u00edcia \/ Reprodu\u00e7\u00e3o WhatsApp<\/em><\/p>\n","protected":false},"excerpt":{"rendered":"<p>Um homem de 49 anos foi executado a tiros na madrugada desta sexta-feira (30\/08\/2019) no Bairro Jardim P\u00e9rola, em Governador Valadares (MG). Segundo testemunhas, Oziel Coelho Lopes estava em uma casa na Rua Izodil Pereira e saiu para comprar cacha\u00e7a, quando foi surpreendido pelo atirador. A per\u00edcia da Pol\u00edcia Civil esteve no local do crime [&hellip;]<\/p>\n","protected":false},"author":1,"featured_media":151939,"comment_status":"open","ping_status":"closed","sticky":false,"template":"","format":"standard","meta":{"amp_status":"","footnotes":""},"categories":[121],"tags":[44655,247,205903,8180,43038,206201,44656],"class_list":["post-151938","post","type-post","status-publish","format-standard","has-post-thumbnail","hentry","category-leste","tag-assassinado-em-governador-valadares","tag-governador-valadares","tag-homem-e-executado-a-tiros-em-governador-valadares","tag-homicidio-em-governador-valadares","tag-morto-em-governador-valadares","tag-oziel-coelho-lopes","tag-violencia-em-governador-valadares"],"yoast_head":"<!-- This site is optimized with the Yoast SEO plugin v28.3 - https:\/\/yoast.com\/product\/yoast-seo-wordpress\/ -->\n<title>Homem \u00e9 executado a tiros em Governador Valadares - Aconteceu no Vale<\/title>\n<meta name=\"robots\" content=\"index, follow, max-snippet:-1, max-image-preview:large, max-video-preview:-1\" \/>\n<link rel=\"canonical\" href=\"https:\/\/aconteceunovale.com.br\/portal\/?p=151938\" \/>\n<meta property=\"og:locale\" content=\"pt_BR\" \/>\n<meta property=\"og:type\" content=\"article\" \/>\n<meta property=\"og:title\" content=\"Homem \u00e9 executado a tiros em Governador Valadares - Aconteceu no Vale\" \/>\n<meta property=\"og:description\" content=\"Um homem de 49 anos foi executado a tiros na madrugada desta sexta-feira (30\/08\/2019) no Bairro Jardim P\u00e9rola, em Governador Valadares (MG). Segundo testemunhas, Oziel Coelho Lopes estava em uma casa na Rua Izodil Pereira e saiu para comprar cacha\u00e7a, quando foi surpreendido pelo atirador. A per\u00edcia da Pol\u00edcia Civil esteve no local do crime [&hellip;]\" \/>\n<meta property=\"og:url\" content=\"https:\/\/aconteceunovale.com.br\/portal\/?p=151938\" \/>\n<meta property=\"og:site_name\" content=\"Aconteceu no Vale\" \/>\n<meta property=\"article:publisher\" content=\"https:\/\/www.facebook.com\/aconteceunovale\/\" \/>\n<meta property=\"article:published_time\" content=\"2019-08-30T14:53:40+00:00\" \/>\n<meta property=\"article:modified_time\" content=\"2019-08-30T14:54:37+00:00\" \/>\n<meta property=\"og:image\" content=\"https:\/\/aconteceunovale.com.br\/portal\/wp-content\/uploads\/2019\/08\/homicidio_gv_perola.jpg\" \/>\n\t<meta property=\"og:image:width\" content=\"552\" \/>\n\t<meta property=\"og:image:height\" content=\"414\" \/>\n\t<meta property=\"og:image:type\" content=\"image\/jpeg\" \/>\n<meta name=\"author\" content=\"Aconteceu no Vale\" \/>\n<meta name=\"twitter:card\" content=\"summary_large_image\" \/>\n<meta name=\"twitter:creator\" content=\"@noticiadosvales\" \/>\n<meta name=\"twitter:site\" content=\"@noticiadosvales\" \/>\n<meta name=\"twitter:label1\" content=\"Escrito por\" \/>\n\t<meta name=\"twitter:data1\" content=\"Aconteceu no Vale\" \/>\n\t<meta name=\"twitter:label2\" content=\"Est. tempo de leitura\" \/>\n\t<meta name=\"twitter:data2\" content=\"1 minuto\" \/>\n<script type=\"application\/ld+json\" class=\"yoast-schema-graph\">{\"@context\":\"https:\\\/\\\/schema.org\",\"@graph\":[{\"@type\":\"Article\",\"@id\":\"https:\\\/\\\/aconteceunovale.com.br\\\/portal\\\/?p=151938#article\",\"isPartOf\":{\"@id\":\"https:\\\/\\\/aconteceunovale.com.br\\\/portal\\\/?p=151938\"},\"author\":{\"name\":\"Aconteceu no Vale\",\"@id\":\"https:\\\/\\\/aconteceunovale.com.br\\\/portal\\\/#\\\/schema\\\/person\\\/633529146f2c94272bef50ac2953d589\"},\"headline\":\"Homem \u00e9 executado a tiros em Governador Valadares\",\"datePublished\":\"2019-08-30T14:53:40+00:00\",\"dateModified\":\"2019-08-30T14:54:37+00:00\",\"mainEntityOfPage\":{\"@id\":\"https:\\\/\\\/aconteceunovale.com.br\\\/portal\\\/?p=151938\"},\"wordCount\":129,\"commentCount\":0,\"image\":{\"@id\":\"https:\\\/\\\/aconteceunovale.com.br\\\/portal\\\/?p=151938#primaryimage\"},\"thumbnailUrl\":\"https:\\\/\\\/aconteceunovale.com.br\\\/portal\\\/wp-content\\\/uploads\\\/2019\\\/08\\\/homicidio_gv_perola.jpg\",\"keywords\":[\"assassinado em Governador Valadares\",\"Governador Valadares\",\"Homem \u00e9 executado a tiros em Governador Valadares\",\"homic\u00eddio em governador valadares\",\"morto em Governador Valadares\",\"Oziel Coelho Lopes\",\"viol\u00eancia em Governador Valadares\"],\"articleSection\":[\"Leste de Minas\"],\"inLanguage\":\"pt-BR\",\"potentialAction\":[{\"@type\":\"CommentAction\",\"name\":\"Comment\",\"target\":[\"https:\\\/\\\/aconteceunovale.com.br\\\/portal\\\/?p=151938#respond\"]}]},{\"@type\":\"WebPage\",\"@id\":\"https:\\\/\\\/aconteceunovale.com.br\\\/portal\\\/?p=151938\",\"url\":\"https:\\\/\\\/aconteceunovale.com.br\\\/portal\\\/?p=151938\",\"name\":\"Homem \u00e9 executado a tiros em Governador Valadares - Aconteceu no Vale\",\"isPartOf\":{\"@id\":\"https:\\\/\\\/aconteceunovale.com.br\\\/portal\\\/#website\"},\"primaryImageOfPage\":{\"@id\":\"https:\\\/\\\/aconteceunovale.com.br\\\/portal\\\/?p=151938#primaryimage\"},\"image\":{\"@id\":\"https:\\\/\\\/aconteceunovale.com.br\\\/portal\\\/?p=151938#primaryimage\"},\"thumbnailUrl\":\"https:\\\/\\\/aconteceunovale.com.br\\\/portal\\\/wp-content\\\/uploads\\\/2019\\\/08\\\/homicidio_gv_perola.jpg\",\"datePublished\":\"2019-08-30T14:53:40+00:00\",\"dateModified\":\"2019-08-30T14:54:37+00:00\",\"author\":{\"@id\":\"https:\\\/\\\/aconteceunovale.com.br\\\/portal\\\/#\\\/schema\\\/person\\\/633529146f2c94272bef50ac2953d589\"},\"breadcrumb\":{\"@id\":\"https:\\\/\\\/aconteceunovale.com.br\\\/portal\\\/?p=151938#breadcrumb\"},\"inLanguage\":\"pt-BR\",\"potentialAction\":[{\"@type\":\"ReadAction\",\"target\":[\"https:\\\/\\\/aconteceunovale.com.br\\\/portal\\\/?p=151938\"]}]},{\"@type\":\"ImageObject\",\"inLanguage\":\"pt-BR\",\"@id\":\"https:\\\/\\\/aconteceunovale.com.br\\\/portal\\\/?p=151938#primaryimage\",\"url\":\"https:\\\/\\\/aconteceunovale.com.br\\\/portal\\\/wp-content\\\/uploads\\\/2019\\\/08\\\/homicidio_gv_perola.jpg\",\"contentUrl\":\"https:\\\/\\\/aconteceunovale.com.br\\\/portal\\\/wp-content\\\/uploads\\\/2019\\\/08\\\/homicidio_gv_perola.jpg\",\"width\":552,\"height\":414},{\"@type\":\"BreadcrumbList\",\"@id\":\"https:\\\/\\\/aconteceunovale.com.br\\\/portal\\\/?p=151938#breadcrumb\",\"itemListElement\":[{\"@type\":\"ListItem\",\"position\":1,\"name\":\"In\u00edcio\",\"item\":\"https:\\\/\\\/aconteceunovale.com.br\\\/portal\\\/\"},{\"@type\":\"ListItem\",\"position\":2,\"name\":\"Homem \u00e9 executado a tiros em Governador Valadares\"}]},{\"@type\":\"WebSite\",\"@id\":\"https:\\\/\\\/aconteceunovale.com.br\\\/portal\\\/#website\",\"url\":\"https:\\\/\\\/aconteceunovale.com.br\\\/portal\\\/\",\"name\":\"Aconteceu no Vale\",\"description\":\"Portal de Not\u00edcias\",\"potentialAction\":[{\"@type\":\"SearchAction\",\"target\":{\"@type\":\"EntryPoint\",\"urlTemplate\":\"https:\\\/\\\/aconteceunovale.com.br\\\/portal\\\/?s={search_term_string}\"},\"query-input\":{\"@type\":\"PropertyValueSpecification\",\"valueRequired\":true,\"valueName\":\"search_term_string\"}}],\"inLanguage\":\"pt-BR\"},{\"@type\":\"Person\",\"@id\":\"https:\\\/\\\/aconteceunovale.com.br\\\/portal\\\/#\\\/schema\\\/person\\\/633529146f2c94272bef50ac2953d589\",\"name\":\"Aconteceu no Vale\",\"description\":\"Equipe de reportagem do Aconteceu no Vale, portal de not\u00edcias do Vale do Jequitinhonha, em Minas Gerais. Cobrimos as 51 cidades do Vale desde 2013. Sugest\u00f5es de pauta e pedidos de corre\u00e7\u00e3o: contato@aconteceunovale.com.br\",\"sameAs\":[\"http:\\\/\\\/www.aconteceunovale.com.br\"],\"url\":\"https:\\\/\\\/aconteceunovale.com.br\\\/portal\\\/?author=1\"}]}<\/script>\n<!-- \/ Yoast SEO plugin. -->","yoast_head_json":{"title":"Homem \u00e9 executado a tiros em Governador Valadares - Aconteceu no Vale","robots":{"index":"index","follow":"follow","max-snippet":"max-snippet:-1","max-image-preview":"max-image-preview:large","max-video-preview":"max-video-preview:-1"},"canonical":"https:\/\/aconteceunovale.com.br\/portal\/?p=151938","og_locale":"pt_BR","og_type":"article","og_title":"Homem \u00e9 executado a tiros em Governador Valadares - Aconteceu no Vale","og_description":"Um homem de 49 anos foi executado a tiros na madrugada desta sexta-feira (30\/08\/2019) no Bairro Jardim P\u00e9rola, em Governador Valadares (MG). Segundo testemunhas, Oziel Coelho Lopes estava em uma casa na Rua Izodil Pereira e saiu para comprar cacha\u00e7a, quando foi surpreendido pelo atirador. A per\u00edcia da Pol\u00edcia Civil esteve no local do crime [&hellip;]","og_url":"https:\/\/aconteceunovale.com.br\/portal\/?p=151938","og_site_name":"Aconteceu no Vale","article_publisher":"https:\/\/www.facebook.com\/aconteceunovale\/","article_published_time":"2019-08-30T14:53:40+00:00","article_modified_time":"2019-08-30T14:54:37+00:00","og_image":[{"width":552,"height":414,"url":"https:\/\/aconteceunovale.com.br\/portal\/wp-content\/uploads\/2019\/08\/homicidio_gv_perola.jpg","type":"image\/jpeg"}],"author":"Aconteceu no Vale","twitter_card":"summary_large_image","twitter_creator":"@noticiadosvales","twitter_site":"@noticiadosvales","twitter_misc":{"Escrito por":"Aconteceu no Vale","Est. tempo de leitura":"1 minuto"},"schema":{"@context":"https:\/\/schema.org","@graph":[{"@type":"Article","@id":"https:\/\/aconteceunovale.com.br\/portal\/?p=151938#article","isPartOf":{"@id":"https:\/\/aconteceunovale.com.br\/portal\/?p=151938"},"author":{"name":"Aconteceu no Vale","@id":"https:\/\/aconteceunovale.com.br\/portal\/#\/schema\/person\/633529146f2c94272bef50ac2953d589"},"headline":"Homem \u00e9 executado a tiros em Governador Valadares","datePublished":"2019-08-30T14:53:40+00:00","dateModified":"2019-08-30T14:54:37+00:00","mainEntityOfPage":{"@id":"https:\/\/aconteceunovale.com.br\/portal\/?p=151938"},"wordCount":129,"commentCount":0,"image":{"@id":"https:\/\/aconteceunovale.com.br\/portal\/?p=151938#primaryimage"},"thumbnailUrl":"https:\/\/aconteceunovale.com.br\/portal\/wp-content\/uploads\/2019\/08\/homicidio_gv_perola.jpg","keywords":["assassinado em Governador Valadares","Governador Valadares","Homem \u00e9 executado a tiros em Governador Valadares","homic\u00eddio em governador valadares","morto em Governador Valadares","Oziel Coelho Lopes","viol\u00eancia em Governador Valadares"],"articleSection":["Leste de Minas"],"inLanguage":"pt-BR","potentialAction":[{"@type":"CommentAction","name":"Comment","target":["https:\/\/aconteceunovale.com.br\/portal\/?p=151938#respond"]}]},{"@type":"WebPage","@id":"https:\/\/aconteceunovale.com.br\/portal\/?p=151938","url":"https:\/\/aconteceunovale.com.br\/portal\/?p=151938","name":"Homem \u00e9 executado a tiros em Governador Valadares - Aconteceu no Vale","isPartOf":{"@id":"https:\/\/aconteceunovale.com.br\/portal\/#website"},"primaryImageOfPage":{"@id":"https:\/\/aconteceunovale.com.br\/portal\/?p=151938#primaryimage"},"image":{"@id":"https:\/\/aconteceunovale.com.br\/portal\/?p=151938#primaryimage"},"thumbnailUrl":"https:\/\/aconteceunovale.com.br\/portal\/wp-content\/uploads\/2019\/08\/homicidio_gv_perola.jpg","datePublished":"2019-08-30T14:53:40+00:00","dateModified":"2019-08-30T14:54:37+00:00","author":{"@id":"https:\/\/aconteceunovale.com.br\/portal\/#\/schema\/person\/633529146f2c94272bef50ac2953d589"},"breadcrumb":{"@id":"https:\/\/aconteceunovale.com.br\/portal\/?p=151938#breadcrumb"},"inLanguage":"pt-BR","potentialAction":[{"@type":"ReadAction","target":["https:\/\/aconteceunovale.com.br\/portal\/?p=151938"]}]},{"@type":"ImageObject","inLanguage":"pt-BR","@id":"https:\/\/aconteceunovale.com.br\/portal\/?p=151938#primaryimage","url":"https:\/\/aconteceunovale.com.br\/portal\/wp-content\/uploads\/2019\/08\/homicidio_gv_perola.jpg","contentUrl":"https:\/\/aconteceunovale.com.br\/portal\/wp-content\/uploads\/2019\/08\/homicidio_gv_perola.jpg","width":552,"height":414},{"@type":"BreadcrumbList","@id":"https:\/\/aconteceunovale.com.br\/portal\/?p=151938#breadcrumb","itemListElement":[{"@type":"ListItem","position":1,"name":"In\u00edcio","item":"https:\/\/aconteceunovale.com.br\/portal\/"},{"@type":"ListItem","position":2,"name":"Homem \u00e9 executado a tiros em Governador Valadares"}]},{"@type":"WebSite","@id":"https:\/\/aconteceunovale.com.br\/portal\/#website","url":"https:\/\/aconteceunovale.com.br\/portal\/","name":"Aconteceu no Vale","description":"Portal de Not\u00edcias","potentialAction":[{"@type":"SearchAction","target":{"@type":"EntryPoint","urlTemplate":"https:\/\/aconteceunovale.com.br\/portal\/?s={search_term_string}"},"query-input":{"@type":"PropertyValueSpecification","valueRequired":true,"valueName":"search_term_string"}}],"inLanguage":"pt-BR"},{"@type":"Person","@id":"https:\/\/aconteceunovale.com.br\/portal\/#\/schema\/person\/633529146f2c94272bef50ac2953d589","name":"Aconteceu no Vale","description":"Equipe de reportagem do Aconteceu no Vale, portal de not\u00edcias do Vale do Jequitinhonha, em Minas Gerais. Cobrimos as 51 cidades do Vale desde 2013. Sugest\u00f5es de pauta e pedidos de corre\u00e7\u00e3o: contato@aconteceunovale.com.br","sameAs":["http:\/\/www.aconteceunovale.com.br"],"url":"https:\/\/aconteceunovale.com.br\/portal\/?author=1"}]}},"_links":{"self":[{"href":"https:\/\/aconteceunovale.com.br\/portal\/index.php?rest_route=\/wp\/v2\/posts\/151938","targetHints":{"allow":["GET"]}}],"collection":[{"href":"https:\/\/aconteceunovale.com.br\/portal\/index.php?rest_route=\/wp\/v2\/posts"}],"about":[{"href":"https:\/\/aconteceunovale.com.br\/portal\/index.php?rest_route=\/wp\/v2\/types\/post"}],"author":[{"embeddable":true,"href":"https:\/\/aconteceunovale.com.br\/portal\/index.php?rest_route=\/wp\/v2\/users\/1"}],"replies":[{"embeddable":true,"href":"https:\/\/aconteceunovale.com.br\/portal\/index.php?rest_route=%2Fwp%2Fv2%2Fcomments&post=151938"}],"version-history":[{"count":1,"href":"https:\/\/aconteceunovale.com.br\/portal\/index.php?rest_route=\/wp\/v2\/posts\/151938\/revisions"}],"predecessor-version":[{"id":151940,"href":"https:\/\/aconteceunovale.com.br\/portal\/index.php?rest_route=\/wp\/v2\/posts\/151938\/revisions\/151940"}],"wp:featuredmedia":[{"embeddable":true,"href":"https:\/\/aconteceunovale.com.br\/portal\/index.php?rest_route=\/wp\/v2\/media\/151939"}],"wp:attachment":[{"href":"https:\/\/aconteceunovale.com.br\/portal\/index.php?rest_route=%2Fwp%2Fv2%2Fmedia&parent=151938"}],"wp:term":[{"taxonomy":"category","embeddable":true,"href":"https:\/\/aconteceunovale.com.br\/portal\/index.php?rest_route=%2Fwp%2Fv2%2Fcategories&post=151938"},{"taxonomy":"post_tag","embeddable":true,"href":"https:\/\/aconteceunovale.com.br\/portal\/index.php?rest_route=%2Fwp%2Fv2%2Ftags&post=151938"}],"curies":[{"name":"wp","href":"https:\/\/api.w.org\/{rel}","templated":true}]}}