{"id":151936,"date":"2019-08-30T11:45:50","date_gmt":"2019-08-30T14:45:50","guid":{"rendered":"http:\/\/aconteceunovale.com.br\/portal\/?p=151936"},"modified":"2019-08-30T11:47:51","modified_gmt":"2019-08-30T14:47:51","slug":"municipios-com-ate-100-mil-habitantes-vao-receber-recursos-para-equiparem-salas-de-vacinacao","status":"publish","type":"post","link":"https:\/\/aconteceunovale.com.br\/portal\/?p=151936","title":{"rendered":"Munic\u00edpios com at\u00e9 100 mil habitantes v\u00e3o receber recursos para equiparem salas de vacina\u00e7\u00e3o"},"content":{"rendered":"\n<p class=\"wp-block-paragraph\">Os munic\u00edpios, com at\u00e9 100 mil habitantes, v\u00e3o receber nos pr\u00f3ximos meses R$ 44,2 milh\u00f5es do Minist\u00e9rio da Sa\u00fade para que possam adquirir c\u00e2maras frias a fim de ampliar a estrutura de armazenamento de vacinas e imunobiol\u00f3gico. A libera\u00e7\u00e3o dos recursos foi acertada durante reuni\u00e3o da Comiss\u00e3o Intergestores Tripartite, realizada esta semana em Bras\u00edlia.<\/p>\n\n\n\n<p class=\"wp-block-paragraph\">A medida tem por objetivo garantir a qualidade dos imunobiol\u00f3gicos ofertados \u00e0 popula\u00e7\u00e3o e a execu\u00e7\u00e3o da Pol\u00edtica Nacional de Imuniza\u00e7\u00f5es dentro do padr\u00e3o de qualidade e seguran\u00e7a do Sistema \u00danico de Sa\u00fade (SUS).<\/p>\n\n\n\n<p class=\"wp-block-paragraph\">\u201cEntre as vantagens da c\u00e2mara fria est\u00e3o o controle real da temperatura e sua distribui\u00e7\u00e3o homog\u00eanea, o processamento dos dados que permite acompanhar qualquer altera\u00e7\u00e3o no equipamento e ainda a disponibiliza\u00e7\u00e3o de bateria, caso ocorra queda de energia. Com isso, \u00e9 poss\u00edvel garantir a qualidade e a efic\u00e1cia da vacina aplicada na popula\u00e7\u00e3o, al\u00e9m de evitar a perda desses insumos por conta das varia\u00e7\u00f5es de temperatura\u201d, disse o diretor do Departamento de Imuniza\u00e7\u00e3o e Doen\u00e7as Transmiss\u00edveis, Julio Croda.<\/p>\n\n\n\n<p class=\"wp-block-paragraph\">De acordo com o minist\u00e9rio, al\u00e9m do crit\u00e9rio do n\u00famero de habitantes, o munic\u00edpio precisa ter implantado o sistema de informa\u00e7\u00e3o nominal do Programa Nacional de Imuniza\u00e7\u00f5es e n\u00e3o dispor de uma c\u00e2mara refrigerada.<\/p>\n\n\n\n<p class=\"wp-block-paragraph\">O dinheiro ser\u00e1 liberado na modalidade fundo a fundo, em parcela \u00fanica, pelo Fundo Nacional de Sa\u00fade aos Fundos de Sa\u00fade dos Estados, do Distrito Federal e\/ou Municipais, por meio do Bloco de Investimento na Rede de Servi\u00e7os P\u00fablicos de Sa\u00fade, no Grupo de Vigil\u00e2ncia em Sa\u00fade. Todos os procedimentos e crit\u00e9rios para o repasse dos recursos financeiros ser\u00e3o divulgados em portaria que o minist\u00e9rio publicar\u00e1 em breve.<\/p>\n","protected":false},"excerpt":{"rendered":"<p>Os munic\u00edpios, com at\u00e9 100 mil habitantes, v\u00e3o receber nos pr\u00f3ximos meses R$ 44,2 milh\u00f5es do Minist\u00e9rio da Sa\u00fade para que possam adquirir c\u00e2maras frias a fim de ampliar a estrutura de armazenamento de vacinas e imunobiol\u00f3gico. A libera\u00e7\u00e3o dos recursos foi acertada durante reuni\u00e3o da Comiss\u00e3o Intergestores Tripartite, realizada esta semana em Bras\u00edlia. A [&hellip;]<\/p>\n","protected":false},"author":1,"featured_media":92066,"comment_status":"open","ping_status":"closed","sticky":false,"template":"","format":"standard","meta":{"amp_status":"","footnotes":""},"categories":[6,40242],"tags":[19326,206200,206198,206199,19152,25308,28873],"class_list":["post-151936","post","type-post","status-publish","format-standard","has-post-thumbnail","hentry","category-br","category-saude-2","tag-ministerio-da-saude","tag-municipios-com-ate-100-mil-habitantes-vao-receber-recursos-para-equiparem-salas-de-vacinacao","tag-recurso-para-salas-de-vacinas","tag-salas-de-vacina","tag-saude","tag-sistema-unico-de-saude","tag-sus"],"yoast_head":"<!-- This site is optimized with the Yoast SEO plugin v28.3 - https:\/\/yoast.com\/product\/yoast-seo-wordpress\/ -->\n<title>Munic\u00edpios com at\u00e9 100 mil habitantes v\u00e3o receber recursos para equiparem salas de vacina\u00e7\u00e3o - Aconteceu no Vale<\/title>\n<meta name=\"robots\" content=\"index, follow, max-snippet:-1, max-image-preview:large, max-video-preview:-1\" \/>\n<link rel=\"canonical\" href=\"https:\/\/aconteceunovale.com.br\/portal\/?p=151936\" \/>\n<meta property=\"og:locale\" content=\"pt_BR\" \/>\n<meta property=\"og:type\" content=\"article\" \/>\n<meta property=\"og:title\" content=\"Munic\u00edpios com at\u00e9 100 mil habitantes v\u00e3o receber recursos para equiparem salas de vacina\u00e7\u00e3o - Aconteceu no Vale\" \/>\n<meta property=\"og:description\" content=\"Os munic\u00edpios, com at\u00e9 100 mil habitantes, v\u00e3o receber nos pr\u00f3ximos meses R$ 44,2 milh\u00f5es do Minist\u00e9rio da Sa\u00fade para que possam adquirir c\u00e2maras frias a fim de ampliar a estrutura de armazenamento de vacinas e imunobiol\u00f3gico. A libera\u00e7\u00e3o dos recursos foi acertada durante reuni\u00e3o da Comiss\u00e3o Intergestores Tripartite, realizada esta semana em Bras\u00edlia. A [&hellip;]\" \/>\n<meta property=\"og:url\" content=\"https:\/\/aconteceunovale.com.br\/portal\/?p=151936\" \/>\n<meta property=\"og:site_name\" content=\"Aconteceu no Vale\" \/>\n<meta property=\"article:publisher\" content=\"https:\/\/www.facebook.com\/aconteceunovale\/\" \/>\n<meta property=\"article:published_time\" content=\"2019-08-30T14:45:50+00:00\" \/>\n<meta property=\"article:modified_time\" content=\"2019-08-30T14:47:51+00:00\" \/>\n<meta property=\"og:image\" content=\"https:\/\/aconteceunovale.com.br\/portal\/wp-content\/uploads\/2016\/07\/verba_saude.jpg\" \/>\n\t<meta property=\"og:image:width\" content=\"599\" \/>\n\t<meta property=\"og:image:height\" content=\"450\" \/>\n\t<meta property=\"og:image:type\" content=\"image\/jpeg\" \/>\n<meta name=\"author\" content=\"Aconteceu no Vale\" \/>\n<meta name=\"twitter:card\" content=\"summary_large_image\" \/>\n<meta name=\"twitter:creator\" content=\"@noticiadosvales\" \/>\n<meta name=\"twitter:site\" content=\"@noticiadosvales\" \/>\n<meta name=\"twitter:label1\" content=\"Escrito por\" \/>\n\t<meta name=\"twitter:data1\" content=\"Aconteceu no Vale\" \/>\n\t<meta name=\"twitter:label2\" content=\"Est. tempo de leitura\" \/>\n\t<meta name=\"twitter:data2\" content=\"2 minutos\" \/>\n<script type=\"application\/ld+json\" class=\"yoast-schema-graph\">{\"@context\":\"https:\\\/\\\/schema.org\",\"@graph\":[{\"@type\":\"Article\",\"@id\":\"https:\\\/\\\/aconteceunovale.com.br\\\/portal\\\/?p=151936#article\",\"isPartOf\":{\"@id\":\"https:\\\/\\\/aconteceunovale.com.br\\\/portal\\\/?p=151936\"},\"author\":{\"name\":\"Aconteceu no Vale\",\"@id\":\"https:\\\/\\\/aconteceunovale.com.br\\\/portal\\\/#\\\/schema\\\/person\\\/633529146f2c94272bef50ac2953d589\"},\"headline\":\"Munic\u00edpios com at\u00e9 100 mil habitantes v\u00e3o receber recursos para equiparem salas de vacina\u00e7\u00e3o\",\"datePublished\":\"2019-08-30T14:45:50+00:00\",\"dateModified\":\"2019-08-30T14:47:51+00:00\",\"mainEntityOfPage\":{\"@id\":\"https:\\\/\\\/aconteceunovale.com.br\\\/portal\\\/?p=151936\"},\"wordCount\":334,\"commentCount\":0,\"image\":{\"@id\":\"https:\\\/\\\/aconteceunovale.com.br\\\/portal\\\/?p=151936#primaryimage\"},\"thumbnailUrl\":\"https:\\\/\\\/aconteceunovale.com.br\\\/portal\\\/wp-content\\\/uploads\\\/2016\\\/07\\\/verba_saude.jpg\",\"keywords\":[\"Minist\u00e9rio da Sa\u00fade\",\"Munic\u00edpios com at\u00e9 100 mil habitantes v\u00e3o receber recursos para equiparem salas de vacina\u00e7\u00e3o\",\"Recurso para salas de vacinas\",\"Salas de vacina\",\"sa\u00fade\",\"Sistema \u00danico de Sa\u00fade\",\"SUS\"],\"articleSection\":[\"Brasil\",\"Sa\u00fade\"],\"inLanguage\":\"pt-BR\",\"potentialAction\":[{\"@type\":\"CommentAction\",\"name\":\"Comment\",\"target\":[\"https:\\\/\\\/aconteceunovale.com.br\\\/portal\\\/?p=151936#respond\"]}]},{\"@type\":\"WebPage\",\"@id\":\"https:\\\/\\\/aconteceunovale.com.br\\\/portal\\\/?p=151936\",\"url\":\"https:\\\/\\\/aconteceunovale.com.br\\\/portal\\\/?p=151936\",\"name\":\"Munic\u00edpios com at\u00e9 100 mil habitantes v\u00e3o receber recursos para equiparem salas de vacina\u00e7\u00e3o - Aconteceu no Vale\",\"isPartOf\":{\"@id\":\"https:\\\/\\\/aconteceunovale.com.br\\\/portal\\\/#website\"},\"primaryImageOfPage\":{\"@id\":\"https:\\\/\\\/aconteceunovale.com.br\\\/portal\\\/?p=151936#primaryimage\"},\"image\":{\"@id\":\"https:\\\/\\\/aconteceunovale.com.br\\\/portal\\\/?p=151936#primaryimage\"},\"thumbnailUrl\":\"https:\\\/\\\/aconteceunovale.com.br\\\/portal\\\/wp-content\\\/uploads\\\/2016\\\/07\\\/verba_saude.jpg\",\"datePublished\":\"2019-08-30T14:45:50+00:00\",\"dateModified\":\"2019-08-30T14:47:51+00:00\",\"author\":{\"@id\":\"https:\\\/\\\/aconteceunovale.com.br\\\/portal\\\/#\\\/schema\\\/person\\\/633529146f2c94272bef50ac2953d589\"},\"breadcrumb\":{\"@id\":\"https:\\\/\\\/aconteceunovale.com.br\\\/portal\\\/?p=151936#breadcrumb\"},\"inLanguage\":\"pt-BR\",\"potentialAction\":[{\"@type\":\"ReadAction\",\"target\":[\"https:\\\/\\\/aconteceunovale.com.br\\\/portal\\\/?p=151936\"]}]},{\"@type\":\"ImageObject\",\"inLanguage\":\"pt-BR\",\"@id\":\"https:\\\/\\\/aconteceunovale.com.br\\\/portal\\\/?p=151936#primaryimage\",\"url\":\"https:\\\/\\\/aconteceunovale.com.br\\\/portal\\\/wp-content\\\/uploads\\\/2016\\\/07\\\/verba_saude.jpg\",\"contentUrl\":\"https:\\\/\\\/aconteceunovale.com.br\\\/portal\\\/wp-content\\\/uploads\\\/2016\\\/07\\\/verba_saude.jpg\",\"width\":599,\"height\":450},{\"@type\":\"BreadcrumbList\",\"@id\":\"https:\\\/\\\/aconteceunovale.com.br\\\/portal\\\/?p=151936#breadcrumb\",\"itemListElement\":[{\"@type\":\"ListItem\",\"position\":1,\"name\":\"In\u00edcio\",\"item\":\"https:\\\/\\\/aconteceunovale.com.br\\\/portal\\\/\"},{\"@type\":\"ListItem\",\"position\":2,\"name\":\"Munic\u00edpios com at\u00e9 100 mil habitantes v\u00e3o receber recursos para equiparem salas de vacina\u00e7\u00e3o\"}]},{\"@type\":\"WebSite\",\"@id\":\"https:\\\/\\\/aconteceunovale.com.br\\\/portal\\\/#website\",\"url\":\"https:\\\/\\\/aconteceunovale.com.br\\\/portal\\\/\",\"name\":\"Aconteceu no Vale\",\"description\":\"Portal de Not\u00edcias\",\"potentialAction\":[{\"@type\":\"SearchAction\",\"target\":{\"@type\":\"EntryPoint\",\"urlTemplate\":\"https:\\\/\\\/aconteceunovale.com.br\\\/portal\\\/?s={search_term_string}\"},\"query-input\":{\"@type\":\"PropertyValueSpecification\",\"valueRequired\":true,\"valueName\":\"search_term_string\"}}],\"inLanguage\":\"pt-BR\"},{\"@type\":\"Person\",\"@id\":\"https:\\\/\\\/aconteceunovale.com.br\\\/portal\\\/#\\\/schema\\\/person\\\/633529146f2c94272bef50ac2953d589\",\"name\":\"Aconteceu no Vale\",\"description\":\"Equipe de reportagem do Aconteceu no Vale, portal de not\u00edcias do Vale do Jequitinhonha, em Minas Gerais. Cobrimos as 51 cidades do Vale desde 2013. Sugest\u00f5es de pauta e pedidos de corre\u00e7\u00e3o: contato@aconteceunovale.com.br\",\"sameAs\":[\"http:\\\/\\\/www.aconteceunovale.com.br\"],\"url\":\"https:\\\/\\\/aconteceunovale.com.br\\\/portal\\\/?author=1\"}]}<\/script>\n<!-- \/ Yoast SEO plugin. -->","yoast_head_json":{"title":"Munic\u00edpios com at\u00e9 100 mil habitantes v\u00e3o receber recursos para equiparem salas de vacina\u00e7\u00e3o - Aconteceu no Vale","robots":{"index":"index","follow":"follow","max-snippet":"max-snippet:-1","max-image-preview":"max-image-preview:large","max-video-preview":"max-video-preview:-1"},"canonical":"https:\/\/aconteceunovale.com.br\/portal\/?p=151936","og_locale":"pt_BR","og_type":"article","og_title":"Munic\u00edpios com at\u00e9 100 mil habitantes v\u00e3o receber recursos para equiparem salas de vacina\u00e7\u00e3o - Aconteceu no Vale","og_description":"Os munic\u00edpios, com at\u00e9 100 mil habitantes, v\u00e3o receber nos pr\u00f3ximos meses R$ 44,2 milh\u00f5es do Minist\u00e9rio da Sa\u00fade para que possam adquirir c\u00e2maras frias a fim de ampliar a estrutura de armazenamento de vacinas e imunobiol\u00f3gico. A libera\u00e7\u00e3o dos recursos foi acertada durante reuni\u00e3o da Comiss\u00e3o Intergestores Tripartite, realizada esta semana em Bras\u00edlia. A [&hellip;]","og_url":"https:\/\/aconteceunovale.com.br\/portal\/?p=151936","og_site_name":"Aconteceu no Vale","article_publisher":"https:\/\/www.facebook.com\/aconteceunovale\/","article_published_time":"2019-08-30T14:45:50+00:00","article_modified_time":"2019-08-30T14:47:51+00:00","og_image":[{"width":599,"height":450,"url":"https:\/\/aconteceunovale.com.br\/portal\/wp-content\/uploads\/2016\/07\/verba_saude.jpg","type":"image\/jpeg"}],"author":"Aconteceu no Vale","twitter_card":"summary_large_image","twitter_creator":"@noticiadosvales","twitter_site":"@noticiadosvales","twitter_misc":{"Escrito por":"Aconteceu no Vale","Est. tempo de leitura":"2 minutos"},"schema":{"@context":"https:\/\/schema.org","@graph":[{"@type":"Article","@id":"https:\/\/aconteceunovale.com.br\/portal\/?p=151936#article","isPartOf":{"@id":"https:\/\/aconteceunovale.com.br\/portal\/?p=151936"},"author":{"name":"Aconteceu no Vale","@id":"https:\/\/aconteceunovale.com.br\/portal\/#\/schema\/person\/633529146f2c94272bef50ac2953d589"},"headline":"Munic\u00edpios com at\u00e9 100 mil habitantes v\u00e3o receber recursos para equiparem salas de vacina\u00e7\u00e3o","datePublished":"2019-08-30T14:45:50+00:00","dateModified":"2019-08-30T14:47:51+00:00","mainEntityOfPage":{"@id":"https:\/\/aconteceunovale.com.br\/portal\/?p=151936"},"wordCount":334,"commentCount":0,"image":{"@id":"https:\/\/aconteceunovale.com.br\/portal\/?p=151936#primaryimage"},"thumbnailUrl":"https:\/\/aconteceunovale.com.br\/portal\/wp-content\/uploads\/2016\/07\/verba_saude.jpg","keywords":["Minist\u00e9rio da Sa\u00fade","Munic\u00edpios com at\u00e9 100 mil habitantes v\u00e3o receber recursos para equiparem salas de vacina\u00e7\u00e3o","Recurso para salas de vacinas","Salas de vacina","sa\u00fade","Sistema \u00danico de Sa\u00fade","SUS"],"articleSection":["Brasil","Sa\u00fade"],"inLanguage":"pt-BR","potentialAction":[{"@type":"CommentAction","name":"Comment","target":["https:\/\/aconteceunovale.com.br\/portal\/?p=151936#respond"]}]},{"@type":"WebPage","@id":"https:\/\/aconteceunovale.com.br\/portal\/?p=151936","url":"https:\/\/aconteceunovale.com.br\/portal\/?p=151936","name":"Munic\u00edpios com at\u00e9 100 mil habitantes v\u00e3o receber recursos para equiparem salas de vacina\u00e7\u00e3o - Aconteceu no Vale","isPartOf":{"@id":"https:\/\/aconteceunovale.com.br\/portal\/#website"},"primaryImageOfPage":{"@id":"https:\/\/aconteceunovale.com.br\/portal\/?p=151936#primaryimage"},"image":{"@id":"https:\/\/aconteceunovale.com.br\/portal\/?p=151936#primaryimage"},"thumbnailUrl":"https:\/\/aconteceunovale.com.br\/portal\/wp-content\/uploads\/2016\/07\/verba_saude.jpg","datePublished":"2019-08-30T14:45:50+00:00","dateModified":"2019-08-30T14:47:51+00:00","author":{"@id":"https:\/\/aconteceunovale.com.br\/portal\/#\/schema\/person\/633529146f2c94272bef50ac2953d589"},"breadcrumb":{"@id":"https:\/\/aconteceunovale.com.br\/portal\/?p=151936#breadcrumb"},"inLanguage":"pt-BR","potentialAction":[{"@type":"ReadAction","target":["https:\/\/aconteceunovale.com.br\/portal\/?p=151936"]}]},{"@type":"ImageObject","inLanguage":"pt-BR","@id":"https:\/\/aconteceunovale.com.br\/portal\/?p=151936#primaryimage","url":"https:\/\/aconteceunovale.com.br\/portal\/wp-content\/uploads\/2016\/07\/verba_saude.jpg","contentUrl":"https:\/\/aconteceunovale.com.br\/portal\/wp-content\/uploads\/2016\/07\/verba_saude.jpg","width":599,"height":450},{"@type":"BreadcrumbList","@id":"https:\/\/aconteceunovale.com.br\/portal\/?p=151936#breadcrumb","itemListElement":[{"@type":"ListItem","position":1,"name":"In\u00edcio","item":"https:\/\/aconteceunovale.com.br\/portal\/"},{"@type":"ListItem","position":2,"name":"Munic\u00edpios com at\u00e9 100 mil habitantes v\u00e3o receber recursos para equiparem salas de vacina\u00e7\u00e3o"}]},{"@type":"WebSite","@id":"https:\/\/aconteceunovale.com.br\/portal\/#website","url":"https:\/\/aconteceunovale.com.br\/portal\/","name":"Aconteceu no Vale","description":"Portal de Not\u00edcias","potentialAction":[{"@type":"SearchAction","target":{"@type":"EntryPoint","urlTemplate":"https:\/\/aconteceunovale.com.br\/portal\/?s={search_term_string}"},"query-input":{"@type":"PropertyValueSpecification","valueRequired":true,"valueName":"search_term_string"}}],"inLanguage":"pt-BR"},{"@type":"Person","@id":"https:\/\/aconteceunovale.com.br\/portal\/#\/schema\/person\/633529146f2c94272bef50ac2953d589","name":"Aconteceu no Vale","description":"Equipe de reportagem do Aconteceu no Vale, portal de not\u00edcias do Vale do Jequitinhonha, em Minas Gerais. Cobrimos as 51 cidades do Vale desde 2013. Sugest\u00f5es de pauta e pedidos de corre\u00e7\u00e3o: contato@aconteceunovale.com.br","sameAs":["http:\/\/www.aconteceunovale.com.br"],"url":"https:\/\/aconteceunovale.com.br\/portal\/?author=1"}]}},"_links":{"self":[{"href":"https:\/\/aconteceunovale.com.br\/portal\/index.php?rest_route=\/wp\/v2\/posts\/151936","targetHints":{"allow":["GET"]}}],"collection":[{"href":"https:\/\/aconteceunovale.com.br\/portal\/index.php?rest_route=\/wp\/v2\/posts"}],"about":[{"href":"https:\/\/aconteceunovale.com.br\/portal\/index.php?rest_route=\/wp\/v2\/types\/post"}],"author":[{"embeddable":true,"href":"https:\/\/aconteceunovale.com.br\/portal\/index.php?rest_route=\/wp\/v2\/users\/1"}],"replies":[{"embeddable":true,"href":"https:\/\/aconteceunovale.com.br\/portal\/index.php?rest_route=%2Fwp%2Fv2%2Fcomments&post=151936"}],"version-history":[{"count":1,"href":"https:\/\/aconteceunovale.com.br\/portal\/index.php?rest_route=\/wp\/v2\/posts\/151936\/revisions"}],"predecessor-version":[{"id":151937,"href":"https:\/\/aconteceunovale.com.br\/portal\/index.php?rest_route=\/wp\/v2\/posts\/151936\/revisions\/151937"}],"wp:featuredmedia":[{"embeddable":true,"href":"https:\/\/aconteceunovale.com.br\/portal\/index.php?rest_route=\/wp\/v2\/media\/92066"}],"wp:attachment":[{"href":"https:\/\/aconteceunovale.com.br\/portal\/index.php?rest_route=%2Fwp%2Fv2%2Fmedia&parent=151936"}],"wp:term":[{"taxonomy":"category","embeddable":true,"href":"https:\/\/aconteceunovale.com.br\/portal\/index.php?rest_route=%2Fwp%2Fv2%2Fcategories&post=151936"},{"taxonomy":"post_tag","embeddable":true,"href":"https:\/\/aconteceunovale.com.br\/portal\/index.php?rest_route=%2Fwp%2Fv2%2Ftags&post=151936"}],"curies":[{"name":"wp","href":"https:\/\/api.w.org\/{rel}","templated":true}]}}