{"id":151927,"date":"2019-08-29T23:53:09","date_gmt":"2019-08-30T02:53:09","guid":{"rendered":"http:\/\/aconteceunovale.com.br\/portal\/?p=151927"},"modified":"2019-08-29T23:53:10","modified_gmt":"2019-08-30T02:53:10","slug":"edson-fachin-nega-mais-um-habeas-corpus-para-libertar-lula","status":"publish","type":"post","link":"https:\/\/aconteceunovale.com.br\/portal\/?p=151927","title":{"rendered":"Edson Fachin nega mais um habeas corpus para libertar Lula"},"content":{"rendered":"\n<p class=\"wp-block-paragraph\">O ministro do Supremo Tribunal Federal (STF) Edson Fachin negou nesta quinta-feira (29) mais um pedido feito pela defesa do ex-presidente Luiz In\u00e1cio Lula da Silva para reconhecer a suspei\u00e7\u00e3o dos procuradores da Opera\u00e7\u00e3o Lava Jato e determinar a soltura do ex-presidente.&nbsp;<\/p>\n\n\n\n<p class=\"wp-block-paragraph\">No habeas corpus protocolado em 12 de agosto, a defesa de Lula alegou que supostas mensagens divulgadas pelo site The Intecept Brasil e por outros \u00f3rg\u00e3os de imprensa confirmam que os procuradores atuaram ilegalmente para acusar Lula.&nbsp;<\/p>\n\n\n\n<p class=\"wp-block-paragraph\">Segundo Fachin, a soltura foi rejeitada pela Segunda Turma da Corte, em junho, e a quest\u00e3o deve ser decidida definitivamente, no m\u00e9rito.&nbsp;<\/p>\n\n\n\n<p class=\"wp-block-paragraph\">&#8220;Sendo assim, prima facie, sem preju\u00edzo de ulterior reaprecia\u00e7\u00e3o da mat\u00e9ria no julgamento final do presente habeas corpus, indefiro a liminar. Por tais raz\u00f5es, deixo de acolher o pedido de produ\u00e7\u00e3o de provas.&#8221;, decidiu.&nbsp;<\/p>\n\n\n\n<p class=\"wp-block-paragraph\">Desde abril do ano passado, Lula cumpre provisoriamente, na Superintend\u00eancia da Pol\u00edcia Federal no Paran\u00e1, pena de oito anos, 10 meses e 20 dias por corrup\u00e7\u00e3o e lavagem de dinheiro no caso do tr\u00edplex no Guaruj\u00e1 (SP).<\/p>\n","protected":false},"excerpt":{"rendered":"<p>O ministro do Supremo Tribunal Federal (STF) Edson Fachin negou nesta quinta-feira (29) mais um pedido feito pela defesa do ex-presidente Luiz In\u00e1cio Lula da Silva para reconhecer a suspei\u00e7\u00e3o dos procuradores da Opera\u00e7\u00e3o Lava Jato e determinar a soltura do ex-presidente.&nbsp; No habeas corpus protocolado em 12 de agosto, a defesa de Lula alegou [&hellip;]<\/p>\n","protected":false},"author":1,"featured_media":135213,"comment_status":"open","ping_status":"closed","sticky":false,"template":"","format":"standard","meta":{"amp_status":"","footnotes":""},"categories":[6,40240],"tags":[77983,206186,82255,175861,206187,7147,28511,115045],"class_list":["post-151927","post","type-post","status-publish","format-standard","has-post-thumbnail","hentry","category-br","category-politica","tag-edson-fachin","tag-edson-fachin-nega-mais-um-habeas-corpus-para-libertar-lula","tag-ex-presidente-lula","tag-liberdade-lula","tag-libertacao-lula","tag-lula","tag-stf","tag-supremo"],"yoast_head":"<!-- This site is optimized with the Yoast SEO plugin v28.3 - https:\/\/yoast.com\/product\/yoast-seo-wordpress\/ -->\n<title>Edson Fachin nega mais um habeas corpus para libertar Lula - Aconteceu no Vale<\/title>\n<meta name=\"robots\" content=\"index, follow, max-snippet:-1, max-image-preview:large, max-video-preview:-1\" \/>\n<link rel=\"canonical\" href=\"https:\/\/aconteceunovale.com.br\/portal\/?p=151927\" \/>\n<meta property=\"og:locale\" content=\"pt_BR\" \/>\n<meta property=\"og:type\" content=\"article\" \/>\n<meta property=\"og:title\" content=\"Edson Fachin nega mais um habeas corpus para libertar Lula - Aconteceu no Vale\" \/>\n<meta property=\"og:description\" content=\"O ministro do Supremo Tribunal Federal (STF) Edson Fachin negou nesta quinta-feira (29) mais um pedido feito pela defesa do ex-presidente Luiz In\u00e1cio Lula da Silva para reconhecer a suspei\u00e7\u00e3o dos procuradores da Opera\u00e7\u00e3o Lava Jato e determinar a soltura do ex-presidente.&nbsp; No habeas corpus protocolado em 12 de agosto, a defesa de Lula alegou [&hellip;]\" \/>\n<meta property=\"og:url\" content=\"https:\/\/aconteceunovale.com.br\/portal\/?p=151927\" \/>\n<meta property=\"og:site_name\" content=\"Aconteceu no Vale\" \/>\n<meta property=\"article:publisher\" content=\"https:\/\/www.facebook.com\/aconteceunovale\/\" \/>\n<meta property=\"article:published_time\" content=\"2019-08-30T02:53:09+00:00\" \/>\n<meta property=\"article:modified_time\" content=\"2019-08-30T02:53:10+00:00\" \/>\n<meta property=\"og:image\" content=\"https:\/\/aconteceunovale.com.br\/portal\/wp-content\/uploads\/2018\/09\/lula.jpg\" \/>\n\t<meta property=\"og:image:width\" content=\"650\" \/>\n\t<meta property=\"og:image:height\" content=\"437\" \/>\n\t<meta property=\"og:image:type\" content=\"image\/jpeg\" \/>\n<meta name=\"author\" content=\"Aconteceu no Vale\" \/>\n<meta name=\"twitter:card\" content=\"summary_large_image\" \/>\n<meta name=\"twitter:creator\" content=\"@noticiadosvales\" \/>\n<meta name=\"twitter:site\" content=\"@noticiadosvales\" \/>\n<meta name=\"twitter:label1\" content=\"Escrito por\" \/>\n\t<meta name=\"twitter:data1\" content=\"Aconteceu no Vale\" \/>\n\t<meta name=\"twitter:label2\" content=\"Est. tempo de leitura\" \/>\n\t<meta name=\"twitter:data2\" content=\"1 minuto\" \/>\n<script type=\"application\/ld+json\" class=\"yoast-schema-graph\">{\"@context\":\"https:\\\/\\\/schema.org\",\"@graph\":[{\"@type\":\"Article\",\"@id\":\"https:\\\/\\\/aconteceunovale.com.br\\\/portal\\\/?p=151927#article\",\"isPartOf\":{\"@id\":\"https:\\\/\\\/aconteceunovale.com.br\\\/portal\\\/?p=151927\"},\"author\":{\"name\":\"Aconteceu no Vale\",\"@id\":\"https:\\\/\\\/aconteceunovale.com.br\\\/portal\\\/#\\\/schema\\\/person\\\/633529146f2c94272bef50ac2953d589\"},\"headline\":\"Edson Fachin nega mais um habeas corpus para libertar Lula\",\"datePublished\":\"2019-08-30T02:53:09+00:00\",\"dateModified\":\"2019-08-30T02:53:10+00:00\",\"mainEntityOfPage\":{\"@id\":\"https:\\\/\\\/aconteceunovale.com.br\\\/portal\\\/?p=151927\"},\"wordCount\":197,\"commentCount\":0,\"image\":{\"@id\":\"https:\\\/\\\/aconteceunovale.com.br\\\/portal\\\/?p=151927#primaryimage\"},\"thumbnailUrl\":\"https:\\\/\\\/aconteceunovale.com.br\\\/portal\\\/wp-content\\\/uploads\\\/2018\\\/09\\\/lula.jpg\",\"keywords\":[\"Edson Fachin\",\"Edson Fachin nega mais um habeas corpus para libertar Lula\",\"ex-presidente Lula\",\"Liberdade Lula\",\"Liberta\u00e7\u00e3o Lula\",\"Lula\",\"STF\",\"Supremo\"],\"articleSection\":[\"Brasil\",\"Pol\u00edtica\"],\"inLanguage\":\"pt-BR\",\"potentialAction\":[{\"@type\":\"CommentAction\",\"name\":\"Comment\",\"target\":[\"https:\\\/\\\/aconteceunovale.com.br\\\/portal\\\/?p=151927#respond\"]}]},{\"@type\":\"WebPage\",\"@id\":\"https:\\\/\\\/aconteceunovale.com.br\\\/portal\\\/?p=151927\",\"url\":\"https:\\\/\\\/aconteceunovale.com.br\\\/portal\\\/?p=151927\",\"name\":\"Edson Fachin nega mais um habeas corpus para libertar Lula - Aconteceu no Vale\",\"isPartOf\":{\"@id\":\"https:\\\/\\\/aconteceunovale.com.br\\\/portal\\\/#website\"},\"primaryImageOfPage\":{\"@id\":\"https:\\\/\\\/aconteceunovale.com.br\\\/portal\\\/?p=151927#primaryimage\"},\"image\":{\"@id\":\"https:\\\/\\\/aconteceunovale.com.br\\\/portal\\\/?p=151927#primaryimage\"},\"thumbnailUrl\":\"https:\\\/\\\/aconteceunovale.com.br\\\/portal\\\/wp-content\\\/uploads\\\/2018\\\/09\\\/lula.jpg\",\"datePublished\":\"2019-08-30T02:53:09+00:00\",\"dateModified\":\"2019-08-30T02:53:10+00:00\",\"author\":{\"@id\":\"https:\\\/\\\/aconteceunovale.com.br\\\/portal\\\/#\\\/schema\\\/person\\\/633529146f2c94272bef50ac2953d589\"},\"breadcrumb\":{\"@id\":\"https:\\\/\\\/aconteceunovale.com.br\\\/portal\\\/?p=151927#breadcrumb\"},\"inLanguage\":\"pt-BR\",\"potentialAction\":[{\"@type\":\"ReadAction\",\"target\":[\"https:\\\/\\\/aconteceunovale.com.br\\\/portal\\\/?p=151927\"]}]},{\"@type\":\"ImageObject\",\"inLanguage\":\"pt-BR\",\"@id\":\"https:\\\/\\\/aconteceunovale.com.br\\\/portal\\\/?p=151927#primaryimage\",\"url\":\"https:\\\/\\\/aconteceunovale.com.br\\\/portal\\\/wp-content\\\/uploads\\\/2018\\\/09\\\/lula.jpg\",\"contentUrl\":\"https:\\\/\\\/aconteceunovale.com.br\\\/portal\\\/wp-content\\\/uploads\\\/2018\\\/09\\\/lula.jpg\",\"width\":650,\"height\":437},{\"@type\":\"BreadcrumbList\",\"@id\":\"https:\\\/\\\/aconteceunovale.com.br\\\/portal\\\/?p=151927#breadcrumb\",\"itemListElement\":[{\"@type\":\"ListItem\",\"position\":1,\"name\":\"In\u00edcio\",\"item\":\"https:\\\/\\\/aconteceunovale.com.br\\\/portal\\\/\"},{\"@type\":\"ListItem\",\"position\":2,\"name\":\"Edson Fachin nega mais um habeas corpus para libertar Lula\"}]},{\"@type\":\"WebSite\",\"@id\":\"https:\\\/\\\/aconteceunovale.com.br\\\/portal\\\/#website\",\"url\":\"https:\\\/\\\/aconteceunovale.com.br\\\/portal\\\/\",\"name\":\"Aconteceu no Vale\",\"description\":\"Portal de Not\u00edcias\",\"potentialAction\":[{\"@type\":\"SearchAction\",\"target\":{\"@type\":\"EntryPoint\",\"urlTemplate\":\"https:\\\/\\\/aconteceunovale.com.br\\\/portal\\\/?s={search_term_string}\"},\"query-input\":{\"@type\":\"PropertyValueSpecification\",\"valueRequired\":true,\"valueName\":\"search_term_string\"}}],\"inLanguage\":\"pt-BR\"},{\"@type\":\"Person\",\"@id\":\"https:\\\/\\\/aconteceunovale.com.br\\\/portal\\\/#\\\/schema\\\/person\\\/633529146f2c94272bef50ac2953d589\",\"name\":\"Aconteceu no Vale\",\"description\":\"Equipe de reportagem do Aconteceu no Vale, portal de not\u00edcias do Vale do Jequitinhonha, em Minas Gerais. Cobrimos as 51 cidades do Vale desde 2013. Sugest\u00f5es de pauta e pedidos de corre\u00e7\u00e3o: contato@aconteceunovale.com.br\",\"sameAs\":[\"http:\\\/\\\/www.aconteceunovale.com.br\"],\"url\":\"https:\\\/\\\/aconteceunovale.com.br\\\/portal\\\/?author=1\"}]}<\/script>\n<!-- \/ Yoast SEO plugin. -->","yoast_head_json":{"title":"Edson Fachin nega mais um habeas corpus para libertar Lula - Aconteceu no Vale","robots":{"index":"index","follow":"follow","max-snippet":"max-snippet:-1","max-image-preview":"max-image-preview:large","max-video-preview":"max-video-preview:-1"},"canonical":"https:\/\/aconteceunovale.com.br\/portal\/?p=151927","og_locale":"pt_BR","og_type":"article","og_title":"Edson Fachin nega mais um habeas corpus para libertar Lula - Aconteceu no Vale","og_description":"O ministro do Supremo Tribunal Federal (STF) Edson Fachin negou nesta quinta-feira (29) mais um pedido feito pela defesa do ex-presidente Luiz In\u00e1cio Lula da Silva para reconhecer a suspei\u00e7\u00e3o dos procuradores da Opera\u00e7\u00e3o Lava Jato e determinar a soltura do ex-presidente.&nbsp; No habeas corpus protocolado em 12 de agosto, a defesa de Lula alegou [&hellip;]","og_url":"https:\/\/aconteceunovale.com.br\/portal\/?p=151927","og_site_name":"Aconteceu no Vale","article_publisher":"https:\/\/www.facebook.com\/aconteceunovale\/","article_published_time":"2019-08-30T02:53:09+00:00","article_modified_time":"2019-08-30T02:53:10+00:00","og_image":[{"width":650,"height":437,"url":"https:\/\/aconteceunovale.com.br\/portal\/wp-content\/uploads\/2018\/09\/lula.jpg","type":"image\/jpeg"}],"author":"Aconteceu no Vale","twitter_card":"summary_large_image","twitter_creator":"@noticiadosvales","twitter_site":"@noticiadosvales","twitter_misc":{"Escrito por":"Aconteceu no Vale","Est. tempo de leitura":"1 minuto"},"schema":{"@context":"https:\/\/schema.org","@graph":[{"@type":"Article","@id":"https:\/\/aconteceunovale.com.br\/portal\/?p=151927#article","isPartOf":{"@id":"https:\/\/aconteceunovale.com.br\/portal\/?p=151927"},"author":{"name":"Aconteceu no Vale","@id":"https:\/\/aconteceunovale.com.br\/portal\/#\/schema\/person\/633529146f2c94272bef50ac2953d589"},"headline":"Edson Fachin nega mais um habeas corpus para libertar Lula","datePublished":"2019-08-30T02:53:09+00:00","dateModified":"2019-08-30T02:53:10+00:00","mainEntityOfPage":{"@id":"https:\/\/aconteceunovale.com.br\/portal\/?p=151927"},"wordCount":197,"commentCount":0,"image":{"@id":"https:\/\/aconteceunovale.com.br\/portal\/?p=151927#primaryimage"},"thumbnailUrl":"https:\/\/aconteceunovale.com.br\/portal\/wp-content\/uploads\/2018\/09\/lula.jpg","keywords":["Edson Fachin","Edson Fachin nega mais um habeas corpus para libertar Lula","ex-presidente Lula","Liberdade Lula","Liberta\u00e7\u00e3o Lula","Lula","STF","Supremo"],"articleSection":["Brasil","Pol\u00edtica"],"inLanguage":"pt-BR","potentialAction":[{"@type":"CommentAction","name":"Comment","target":["https:\/\/aconteceunovale.com.br\/portal\/?p=151927#respond"]}]},{"@type":"WebPage","@id":"https:\/\/aconteceunovale.com.br\/portal\/?p=151927","url":"https:\/\/aconteceunovale.com.br\/portal\/?p=151927","name":"Edson Fachin nega mais um habeas corpus para libertar Lula - Aconteceu no Vale","isPartOf":{"@id":"https:\/\/aconteceunovale.com.br\/portal\/#website"},"primaryImageOfPage":{"@id":"https:\/\/aconteceunovale.com.br\/portal\/?p=151927#primaryimage"},"image":{"@id":"https:\/\/aconteceunovale.com.br\/portal\/?p=151927#primaryimage"},"thumbnailUrl":"https:\/\/aconteceunovale.com.br\/portal\/wp-content\/uploads\/2018\/09\/lula.jpg","datePublished":"2019-08-30T02:53:09+00:00","dateModified":"2019-08-30T02:53:10+00:00","author":{"@id":"https:\/\/aconteceunovale.com.br\/portal\/#\/schema\/person\/633529146f2c94272bef50ac2953d589"},"breadcrumb":{"@id":"https:\/\/aconteceunovale.com.br\/portal\/?p=151927#breadcrumb"},"inLanguage":"pt-BR","potentialAction":[{"@type":"ReadAction","target":["https:\/\/aconteceunovale.com.br\/portal\/?p=151927"]}]},{"@type":"ImageObject","inLanguage":"pt-BR","@id":"https:\/\/aconteceunovale.com.br\/portal\/?p=151927#primaryimage","url":"https:\/\/aconteceunovale.com.br\/portal\/wp-content\/uploads\/2018\/09\/lula.jpg","contentUrl":"https:\/\/aconteceunovale.com.br\/portal\/wp-content\/uploads\/2018\/09\/lula.jpg","width":650,"height":437},{"@type":"BreadcrumbList","@id":"https:\/\/aconteceunovale.com.br\/portal\/?p=151927#breadcrumb","itemListElement":[{"@type":"ListItem","position":1,"name":"In\u00edcio","item":"https:\/\/aconteceunovale.com.br\/portal\/"},{"@type":"ListItem","position":2,"name":"Edson Fachin nega mais um habeas corpus para libertar Lula"}]},{"@type":"WebSite","@id":"https:\/\/aconteceunovale.com.br\/portal\/#website","url":"https:\/\/aconteceunovale.com.br\/portal\/","name":"Aconteceu no Vale","description":"Portal de Not\u00edcias","potentialAction":[{"@type":"SearchAction","target":{"@type":"EntryPoint","urlTemplate":"https:\/\/aconteceunovale.com.br\/portal\/?s={search_term_string}"},"query-input":{"@type":"PropertyValueSpecification","valueRequired":true,"valueName":"search_term_string"}}],"inLanguage":"pt-BR"},{"@type":"Person","@id":"https:\/\/aconteceunovale.com.br\/portal\/#\/schema\/person\/633529146f2c94272bef50ac2953d589","name":"Aconteceu no Vale","description":"Equipe de reportagem do Aconteceu no Vale, portal de not\u00edcias do Vale do Jequitinhonha, em Minas Gerais. Cobrimos as 51 cidades do Vale desde 2013. Sugest\u00f5es de pauta e pedidos de corre\u00e7\u00e3o: contato@aconteceunovale.com.br","sameAs":["http:\/\/www.aconteceunovale.com.br"],"url":"https:\/\/aconteceunovale.com.br\/portal\/?author=1"}]}},"_links":{"self":[{"href":"https:\/\/aconteceunovale.com.br\/portal\/index.php?rest_route=\/wp\/v2\/posts\/151927","targetHints":{"allow":["GET"]}}],"collection":[{"href":"https:\/\/aconteceunovale.com.br\/portal\/index.php?rest_route=\/wp\/v2\/posts"}],"about":[{"href":"https:\/\/aconteceunovale.com.br\/portal\/index.php?rest_route=\/wp\/v2\/types\/post"}],"author":[{"embeddable":true,"href":"https:\/\/aconteceunovale.com.br\/portal\/index.php?rest_route=\/wp\/v2\/users\/1"}],"replies":[{"embeddable":true,"href":"https:\/\/aconteceunovale.com.br\/portal\/index.php?rest_route=%2Fwp%2Fv2%2Fcomments&post=151927"}],"version-history":[{"count":1,"href":"https:\/\/aconteceunovale.com.br\/portal\/index.php?rest_route=\/wp\/v2\/posts\/151927\/revisions"}],"predecessor-version":[{"id":151928,"href":"https:\/\/aconteceunovale.com.br\/portal\/index.php?rest_route=\/wp\/v2\/posts\/151927\/revisions\/151928"}],"wp:featuredmedia":[{"embeddable":true,"href":"https:\/\/aconteceunovale.com.br\/portal\/index.php?rest_route=\/wp\/v2\/media\/135213"}],"wp:attachment":[{"href":"https:\/\/aconteceunovale.com.br\/portal\/index.php?rest_route=%2Fwp%2Fv2%2Fmedia&parent=151927"}],"wp:term":[{"taxonomy":"category","embeddable":true,"href":"https:\/\/aconteceunovale.com.br\/portal\/index.php?rest_route=%2Fwp%2Fv2%2Fcategories&post=151927"},{"taxonomy":"post_tag","embeddable":true,"href":"https:\/\/aconteceunovale.com.br\/portal\/index.php?rest_route=%2Fwp%2Fv2%2Ftags&post=151927"}],"curies":[{"name":"wp","href":"https:\/\/api.w.org\/{rel}","templated":true}]}}