{"id":151918,"date":"2019-08-29T23:02:52","date_gmt":"2019-08-30T02:02:52","guid":{"rendered":"http:\/\/aconteceunovale.com.br\/portal\/?p=151918"},"modified":"2019-08-29T23:06:17","modified_gmt":"2019-08-30T02:06:17","slug":"policia-civil-detem-19-pessoas-durante-operacao-no-norte-de-minas","status":"publish","type":"post","link":"https:\/\/aconteceunovale.com.br\/portal\/?p=151918","title":{"rendered":"Pol\u00edcia Civil det\u00e9m 19 pessoas durante opera\u00e7\u00e3o no Norte de Minas"},"content":{"rendered":"\n<p class=\"wp-block-paragraph\">A Pol\u00edcia Civil de Minas Gerais (PCMG) desencadeou, nesta quinta-feira (29\/08\/2019), a Opera\u00e7\u00e3o Tabernam, em Monte Azul, no Norte de Minas, com o objetivo principal de desarticular uma organiza\u00e7\u00e3o criminosa. A a\u00e7\u00e3o resultou na pris\u00e3o de 14 pessoas e na apreens\u00e3o de cinco adolescentes envolvidos em tr\u00e1fico, associa\u00e7\u00e3o para o tr\u00e1fico de drogas e outros crimes.<\/p>\n\n\n\n<p class=\"wp-block-paragraph\">Segundo as investiga\u00e7\u00f5es, os suspeitos vendiam drogas por meio de redes sociais. &#8220;Era tudo organizado desde o contato com o usu\u00e1rio at\u00e9 a entrega da droga. Eles (os suspeitos) se cercavam de todo o cuidado para evitar investiga\u00e7\u00e3o por parte da Pol\u00edcia Civil&#8221;, explicou o Delegado Eujecio Coutrim.<\/p>\n\n\n\n<p class=\"wp-block-paragraph\">A pol\u00edcia apreendeu carro, moto, celulares, por\u00e7\u00f5es de drogas, dinheiro e joias, sendo realizado o sequestro judicial de um s\u00edtio e da casa de um dos envolvidos.<\/p>\n\n\n\n<p class=\"wp-block-paragraph\">Cerca de 100 policiais civis de Montes Claros, Janu\u00e1ria, Jana\u00faba e Taiobeiras participaram da opera\u00e7\u00e3o, em 28 viaturas. A a\u00e7\u00e3o teve ainda o apoio da Coordena\u00e7\u00e3o Aerot\u00e1tica (CAT) e do Canil da PCMG.<\/p>\n\n\n\n<p class=\"wp-block-paragraph\">A opera\u00e7\u00e3o foi coordenada pelos Delegados Eujecio Coutrim, Jurandir Rodrigues C\u00e9sar Filho e Renato Nunes Henriques.<\/p>\n\n\n\n<p class=\"wp-block-paragraph\"><img loading=\"lazy\" decoding=\"async\" width=\"600\" height=\"450\" class=\"wp-image-151919\" style=\"width: 600px;\" src=\"http:\/\/aconteceunovale.com.br\/portal\/wp-content\/uploads\/2019\/08\/operacao_monte_azul_1.jpeg\" alt=\"\" srcset=\"https:\/\/aconteceunovale.com.br\/portal\/wp-content\/uploads\/2019\/08\/operacao_monte_azul_1.jpeg 600w, https:\/\/aconteceunovale.com.br\/portal\/wp-content\/uploads\/2019\/08\/operacao_monte_azul_1-300x225.jpeg 300w, https:\/\/aconteceunovale.com.br\/portal\/wp-content\/uploads\/2019\/08\/operacao_monte_azul_1-80x60.jpeg 80w, https:\/\/aconteceunovale.com.br\/portal\/wp-content\/uploads\/2019\/08\/operacao_monte_azul_1-265x198.jpeg 265w, https:\/\/aconteceunovale.com.br\/portal\/wp-content\/uploads\/2019\/08\/operacao_monte_azul_1-560x420.jpeg 560w\" sizes=\"auto, (max-width: 600px) 100vw, 600px\" \/><em>Parte do material apreendido &#8211; Foto: Pol\u00edcia Civil\/Divulga\u00e7\u00e3o<\/em><br><\/p>\n","protected":false},"excerpt":{"rendered":"<p>A Pol\u00edcia Civil de Minas Gerais (PCMG) desencadeou, nesta quinta-feira (29\/08\/2019), a Opera\u00e7\u00e3o Tabernam, em Monte Azul, no Norte de Minas, com o objetivo principal de desarticular uma organiza\u00e7\u00e3o criminosa. A a\u00e7\u00e3o resultou na pris\u00e3o de 14 pessoas e na apreens\u00e3o de cinco adolescentes envolvidos em tr\u00e1fico, associa\u00e7\u00e3o para o tr\u00e1fico de drogas e outros [&hellip;]<\/p>\n","protected":false},"author":1,"featured_media":151919,"comment_status":"open","ping_status":"closed","sticky":false,"template":"","format":"standard","meta":{"amp_status":"","footnotes":""},"categories":[1236],"tags":[145216,206181,206182,206183,206180,206179,143334],"class_list":["post-151918","post","type-post","status-publish","format-standard","has-post-thumbnail","hentry","category-norte_de_minas","tag-delegado-eujecio-coutrim","tag-operacao-em-monte-azul","tag-operacao-tabernam","tag-operacao-tabernam-em-monte-azul","tag-policia-civil-detem-19-pessoas-durante-operacao-em-monte-azul","tag-policia-civil-detem-19-pessoas-durante-operacao-no-norte-de-minas","tag-presos-em-monte-azul"],"yoast_head":"<!-- This site is optimized with the Yoast SEO plugin v28.3 - https:\/\/yoast.com\/product\/yoast-seo-wordpress\/ -->\n<title>Pol\u00edcia Civil det\u00e9m 19 pessoas durante opera\u00e7\u00e3o no Norte de Minas - Aconteceu no Vale<\/title>\n<meta name=\"robots\" content=\"index, follow, max-snippet:-1, max-image-preview:large, max-video-preview:-1\" \/>\n<link rel=\"canonical\" href=\"https:\/\/aconteceunovale.com.br\/portal\/?p=151918\" \/>\n<meta property=\"og:locale\" content=\"pt_BR\" \/>\n<meta property=\"og:type\" content=\"article\" \/>\n<meta property=\"og:title\" content=\"Pol\u00edcia Civil det\u00e9m 19 pessoas durante opera\u00e7\u00e3o no Norte de Minas - Aconteceu no Vale\" \/>\n<meta property=\"og:description\" content=\"A Pol\u00edcia Civil de Minas Gerais (PCMG) desencadeou, nesta quinta-feira (29\/08\/2019), a Opera\u00e7\u00e3o Tabernam, em Monte Azul, no Norte de Minas, com o objetivo principal de desarticular uma organiza\u00e7\u00e3o criminosa. A a\u00e7\u00e3o resultou na pris\u00e3o de 14 pessoas e na apreens\u00e3o de cinco adolescentes envolvidos em tr\u00e1fico, associa\u00e7\u00e3o para o tr\u00e1fico de drogas e outros [&hellip;]\" \/>\n<meta property=\"og:url\" content=\"https:\/\/aconteceunovale.com.br\/portal\/?p=151918\" \/>\n<meta property=\"og:site_name\" content=\"Aconteceu no Vale\" \/>\n<meta property=\"article:publisher\" content=\"https:\/\/www.facebook.com\/aconteceunovale\/\" \/>\n<meta property=\"article:published_time\" content=\"2019-08-30T02:02:52+00:00\" \/>\n<meta property=\"article:modified_time\" content=\"2019-08-30T02:06:17+00:00\" \/>\n<meta property=\"og:image\" content=\"https:\/\/aconteceunovale.com.br\/portal\/wp-content\/uploads\/2019\/08\/operacao_monte_azul_1.jpeg\" \/>\n\t<meta property=\"og:image:width\" content=\"600\" \/>\n\t<meta property=\"og:image:height\" content=\"450\" \/>\n\t<meta property=\"og:image:type\" content=\"image\/jpeg\" \/>\n<meta name=\"author\" content=\"Aconteceu no Vale\" \/>\n<meta name=\"twitter:card\" content=\"summary_large_image\" \/>\n<meta name=\"twitter:creator\" content=\"@noticiadosvales\" \/>\n<meta name=\"twitter:site\" content=\"@noticiadosvales\" \/>\n<meta name=\"twitter:label1\" content=\"Escrito por\" \/>\n\t<meta name=\"twitter:data1\" content=\"Aconteceu no Vale\" \/>\n\t<meta name=\"twitter:label2\" content=\"Est. tempo de leitura\" \/>\n\t<meta name=\"twitter:data2\" content=\"1 minuto\" \/>\n<script type=\"application\/ld+json\" class=\"yoast-schema-graph\">{\"@context\":\"https:\\\/\\\/schema.org\",\"@graph\":[{\"@type\":\"Article\",\"@id\":\"https:\\\/\\\/aconteceunovale.com.br\\\/portal\\\/?p=151918#article\",\"isPartOf\":{\"@id\":\"https:\\\/\\\/aconteceunovale.com.br\\\/portal\\\/?p=151918\"},\"author\":{\"name\":\"Aconteceu no Vale\",\"@id\":\"https:\\\/\\\/aconteceunovale.com.br\\\/portal\\\/#\\\/schema\\\/person\\\/633529146f2c94272bef50ac2953d589\"},\"headline\":\"Pol\u00edcia Civil det\u00e9m 19 pessoas durante opera\u00e7\u00e3o no Norte de Minas\",\"datePublished\":\"2019-08-30T02:02:52+00:00\",\"dateModified\":\"2019-08-30T02:06:17+00:00\",\"mainEntityOfPage\":{\"@id\":\"https:\\\/\\\/aconteceunovale.com.br\\\/portal\\\/?p=151918\"},\"wordCount\":224,\"commentCount\":0,\"image\":{\"@id\":\"https:\\\/\\\/aconteceunovale.com.br\\\/portal\\\/?p=151918#primaryimage\"},\"thumbnailUrl\":\"https:\\\/\\\/aconteceunovale.com.br\\\/portal\\\/wp-content\\\/uploads\\\/2019\\\/08\\\/operacao_monte_azul_1.jpeg\",\"keywords\":[\"Delegado Eujecio Coutrim\",\"Opera\u00e7\u00e3o em Monte Azul\",\"Opera\u00e7\u00e3o Tabernam\",\"Opera\u00e7\u00e3o Tabernam em Monte Azul\",\"Pol\u00edcia Civil det\u00e9m 19 pessoas durante opera\u00e7\u00e3o em Monte Azul\",\"Pol\u00edcia Civil det\u00e9m 19 pessoas durante opera\u00e7\u00e3o no Norte de Minas\",\"Presos em Monte Azul\"],\"articleSection\":[\"Norte de Minas\"],\"inLanguage\":\"pt-BR\",\"potentialAction\":[{\"@type\":\"CommentAction\",\"name\":\"Comment\",\"target\":[\"https:\\\/\\\/aconteceunovale.com.br\\\/portal\\\/?p=151918#respond\"]}]},{\"@type\":\"WebPage\",\"@id\":\"https:\\\/\\\/aconteceunovale.com.br\\\/portal\\\/?p=151918\",\"url\":\"https:\\\/\\\/aconteceunovale.com.br\\\/portal\\\/?p=151918\",\"name\":\"Pol\u00edcia Civil det\u00e9m 19 pessoas durante opera\u00e7\u00e3o no Norte de Minas - Aconteceu no Vale\",\"isPartOf\":{\"@id\":\"https:\\\/\\\/aconteceunovale.com.br\\\/portal\\\/#website\"},\"primaryImageOfPage\":{\"@id\":\"https:\\\/\\\/aconteceunovale.com.br\\\/portal\\\/?p=151918#primaryimage\"},\"image\":{\"@id\":\"https:\\\/\\\/aconteceunovale.com.br\\\/portal\\\/?p=151918#primaryimage\"},\"thumbnailUrl\":\"https:\\\/\\\/aconteceunovale.com.br\\\/portal\\\/wp-content\\\/uploads\\\/2019\\\/08\\\/operacao_monte_azul_1.jpeg\",\"datePublished\":\"2019-08-30T02:02:52+00:00\",\"dateModified\":\"2019-08-30T02:06:17+00:00\",\"author\":{\"@id\":\"https:\\\/\\\/aconteceunovale.com.br\\\/portal\\\/#\\\/schema\\\/person\\\/633529146f2c94272bef50ac2953d589\"},\"breadcrumb\":{\"@id\":\"https:\\\/\\\/aconteceunovale.com.br\\\/portal\\\/?p=151918#breadcrumb\"},\"inLanguage\":\"pt-BR\",\"potentialAction\":[{\"@type\":\"ReadAction\",\"target\":[\"https:\\\/\\\/aconteceunovale.com.br\\\/portal\\\/?p=151918\"]}]},{\"@type\":\"ImageObject\",\"inLanguage\":\"pt-BR\",\"@id\":\"https:\\\/\\\/aconteceunovale.com.br\\\/portal\\\/?p=151918#primaryimage\",\"url\":\"https:\\\/\\\/aconteceunovale.com.br\\\/portal\\\/wp-content\\\/uploads\\\/2019\\\/08\\\/operacao_monte_azul_1.jpeg\",\"contentUrl\":\"https:\\\/\\\/aconteceunovale.com.br\\\/portal\\\/wp-content\\\/uploads\\\/2019\\\/08\\\/operacao_monte_azul_1.jpeg\",\"width\":600,\"height\":450},{\"@type\":\"BreadcrumbList\",\"@id\":\"https:\\\/\\\/aconteceunovale.com.br\\\/portal\\\/?p=151918#breadcrumb\",\"itemListElement\":[{\"@type\":\"ListItem\",\"position\":1,\"name\":\"In\u00edcio\",\"item\":\"https:\\\/\\\/aconteceunovale.com.br\\\/portal\\\/\"},{\"@type\":\"ListItem\",\"position\":2,\"name\":\"Pol\u00edcia Civil det\u00e9m 19 pessoas durante opera\u00e7\u00e3o no Norte de Minas\"}]},{\"@type\":\"WebSite\",\"@id\":\"https:\\\/\\\/aconteceunovale.com.br\\\/portal\\\/#website\",\"url\":\"https:\\\/\\\/aconteceunovale.com.br\\\/portal\\\/\",\"name\":\"Aconteceu no Vale\",\"description\":\"Portal de Not\u00edcias\",\"potentialAction\":[{\"@type\":\"SearchAction\",\"target\":{\"@type\":\"EntryPoint\",\"urlTemplate\":\"https:\\\/\\\/aconteceunovale.com.br\\\/portal\\\/?s={search_term_string}\"},\"query-input\":{\"@type\":\"PropertyValueSpecification\",\"valueRequired\":true,\"valueName\":\"search_term_string\"}}],\"inLanguage\":\"pt-BR\"},{\"@type\":\"Person\",\"@id\":\"https:\\\/\\\/aconteceunovale.com.br\\\/portal\\\/#\\\/schema\\\/person\\\/633529146f2c94272bef50ac2953d589\",\"name\":\"Aconteceu no Vale\",\"description\":\"Equipe de reportagem do Aconteceu no Vale, portal de not\u00edcias do Vale do Jequitinhonha, em Minas Gerais. Cobrimos as 51 cidades do Vale desde 2013. Sugest\u00f5es de pauta e pedidos de corre\u00e7\u00e3o: contato@aconteceunovale.com.br\",\"sameAs\":[\"http:\\\/\\\/www.aconteceunovale.com.br\"],\"url\":\"https:\\\/\\\/aconteceunovale.com.br\\\/portal\\\/?author=1\"}]}<\/script>\n<!-- \/ Yoast SEO plugin. -->","yoast_head_json":{"title":"Pol\u00edcia Civil det\u00e9m 19 pessoas durante opera\u00e7\u00e3o no Norte de Minas - Aconteceu no Vale","robots":{"index":"index","follow":"follow","max-snippet":"max-snippet:-1","max-image-preview":"max-image-preview:large","max-video-preview":"max-video-preview:-1"},"canonical":"https:\/\/aconteceunovale.com.br\/portal\/?p=151918","og_locale":"pt_BR","og_type":"article","og_title":"Pol\u00edcia Civil det\u00e9m 19 pessoas durante opera\u00e7\u00e3o no Norte de Minas - Aconteceu no Vale","og_description":"A Pol\u00edcia Civil de Minas Gerais (PCMG) desencadeou, nesta quinta-feira (29\/08\/2019), a Opera\u00e7\u00e3o Tabernam, em Monte Azul, no Norte de Minas, com o objetivo principal de desarticular uma organiza\u00e7\u00e3o criminosa. A a\u00e7\u00e3o resultou na pris\u00e3o de 14 pessoas e na apreens\u00e3o de cinco adolescentes envolvidos em tr\u00e1fico, associa\u00e7\u00e3o para o tr\u00e1fico de drogas e outros [&hellip;]","og_url":"https:\/\/aconteceunovale.com.br\/portal\/?p=151918","og_site_name":"Aconteceu no Vale","article_publisher":"https:\/\/www.facebook.com\/aconteceunovale\/","article_published_time":"2019-08-30T02:02:52+00:00","article_modified_time":"2019-08-30T02:06:17+00:00","og_image":[{"width":600,"height":450,"url":"https:\/\/aconteceunovale.com.br\/portal\/wp-content\/uploads\/2019\/08\/operacao_monte_azul_1.jpeg","type":"image\/jpeg"}],"author":"Aconteceu no Vale","twitter_card":"summary_large_image","twitter_creator":"@noticiadosvales","twitter_site":"@noticiadosvales","twitter_misc":{"Escrito por":"Aconteceu no Vale","Est. tempo de leitura":"1 minuto"},"schema":{"@context":"https:\/\/schema.org","@graph":[{"@type":"Article","@id":"https:\/\/aconteceunovale.com.br\/portal\/?p=151918#article","isPartOf":{"@id":"https:\/\/aconteceunovale.com.br\/portal\/?p=151918"},"author":{"name":"Aconteceu no Vale","@id":"https:\/\/aconteceunovale.com.br\/portal\/#\/schema\/person\/633529146f2c94272bef50ac2953d589"},"headline":"Pol\u00edcia Civil det\u00e9m 19 pessoas durante opera\u00e7\u00e3o no Norte de Minas","datePublished":"2019-08-30T02:02:52+00:00","dateModified":"2019-08-30T02:06:17+00:00","mainEntityOfPage":{"@id":"https:\/\/aconteceunovale.com.br\/portal\/?p=151918"},"wordCount":224,"commentCount":0,"image":{"@id":"https:\/\/aconteceunovale.com.br\/portal\/?p=151918#primaryimage"},"thumbnailUrl":"https:\/\/aconteceunovale.com.br\/portal\/wp-content\/uploads\/2019\/08\/operacao_monte_azul_1.jpeg","keywords":["Delegado Eujecio Coutrim","Opera\u00e7\u00e3o em Monte Azul","Opera\u00e7\u00e3o Tabernam","Opera\u00e7\u00e3o Tabernam em Monte Azul","Pol\u00edcia Civil det\u00e9m 19 pessoas durante opera\u00e7\u00e3o em Monte Azul","Pol\u00edcia Civil det\u00e9m 19 pessoas durante opera\u00e7\u00e3o no Norte de Minas","Presos em Monte Azul"],"articleSection":["Norte de Minas"],"inLanguage":"pt-BR","potentialAction":[{"@type":"CommentAction","name":"Comment","target":["https:\/\/aconteceunovale.com.br\/portal\/?p=151918#respond"]}]},{"@type":"WebPage","@id":"https:\/\/aconteceunovale.com.br\/portal\/?p=151918","url":"https:\/\/aconteceunovale.com.br\/portal\/?p=151918","name":"Pol\u00edcia Civil det\u00e9m 19 pessoas durante opera\u00e7\u00e3o no Norte de Minas - Aconteceu no Vale","isPartOf":{"@id":"https:\/\/aconteceunovale.com.br\/portal\/#website"},"primaryImageOfPage":{"@id":"https:\/\/aconteceunovale.com.br\/portal\/?p=151918#primaryimage"},"image":{"@id":"https:\/\/aconteceunovale.com.br\/portal\/?p=151918#primaryimage"},"thumbnailUrl":"https:\/\/aconteceunovale.com.br\/portal\/wp-content\/uploads\/2019\/08\/operacao_monte_azul_1.jpeg","datePublished":"2019-08-30T02:02:52+00:00","dateModified":"2019-08-30T02:06:17+00:00","author":{"@id":"https:\/\/aconteceunovale.com.br\/portal\/#\/schema\/person\/633529146f2c94272bef50ac2953d589"},"breadcrumb":{"@id":"https:\/\/aconteceunovale.com.br\/portal\/?p=151918#breadcrumb"},"inLanguage":"pt-BR","potentialAction":[{"@type":"ReadAction","target":["https:\/\/aconteceunovale.com.br\/portal\/?p=151918"]}]},{"@type":"ImageObject","inLanguage":"pt-BR","@id":"https:\/\/aconteceunovale.com.br\/portal\/?p=151918#primaryimage","url":"https:\/\/aconteceunovale.com.br\/portal\/wp-content\/uploads\/2019\/08\/operacao_monte_azul_1.jpeg","contentUrl":"https:\/\/aconteceunovale.com.br\/portal\/wp-content\/uploads\/2019\/08\/operacao_monte_azul_1.jpeg","width":600,"height":450},{"@type":"BreadcrumbList","@id":"https:\/\/aconteceunovale.com.br\/portal\/?p=151918#breadcrumb","itemListElement":[{"@type":"ListItem","position":1,"name":"In\u00edcio","item":"https:\/\/aconteceunovale.com.br\/portal\/"},{"@type":"ListItem","position":2,"name":"Pol\u00edcia Civil det\u00e9m 19 pessoas durante opera\u00e7\u00e3o no Norte de Minas"}]},{"@type":"WebSite","@id":"https:\/\/aconteceunovale.com.br\/portal\/#website","url":"https:\/\/aconteceunovale.com.br\/portal\/","name":"Aconteceu no Vale","description":"Portal de Not\u00edcias","potentialAction":[{"@type":"SearchAction","target":{"@type":"EntryPoint","urlTemplate":"https:\/\/aconteceunovale.com.br\/portal\/?s={search_term_string}"},"query-input":{"@type":"PropertyValueSpecification","valueRequired":true,"valueName":"search_term_string"}}],"inLanguage":"pt-BR"},{"@type":"Person","@id":"https:\/\/aconteceunovale.com.br\/portal\/#\/schema\/person\/633529146f2c94272bef50ac2953d589","name":"Aconteceu no Vale","description":"Equipe de reportagem do Aconteceu no Vale, portal de not\u00edcias do Vale do Jequitinhonha, em Minas Gerais. Cobrimos as 51 cidades do Vale desde 2013. Sugest\u00f5es de pauta e pedidos de corre\u00e7\u00e3o: contato@aconteceunovale.com.br","sameAs":["http:\/\/www.aconteceunovale.com.br"],"url":"https:\/\/aconteceunovale.com.br\/portal\/?author=1"}]}},"_links":{"self":[{"href":"https:\/\/aconteceunovale.com.br\/portal\/index.php?rest_route=\/wp\/v2\/posts\/151918","targetHints":{"allow":["GET"]}}],"collection":[{"href":"https:\/\/aconteceunovale.com.br\/portal\/index.php?rest_route=\/wp\/v2\/posts"}],"about":[{"href":"https:\/\/aconteceunovale.com.br\/portal\/index.php?rest_route=\/wp\/v2\/types\/post"}],"author":[{"embeddable":true,"href":"https:\/\/aconteceunovale.com.br\/portal\/index.php?rest_route=\/wp\/v2\/users\/1"}],"replies":[{"embeddable":true,"href":"https:\/\/aconteceunovale.com.br\/portal\/index.php?rest_route=%2Fwp%2Fv2%2Fcomments&post=151918"}],"version-history":[{"count":1,"href":"https:\/\/aconteceunovale.com.br\/portal\/index.php?rest_route=\/wp\/v2\/posts\/151918\/revisions"}],"predecessor-version":[{"id":151920,"href":"https:\/\/aconteceunovale.com.br\/portal\/index.php?rest_route=\/wp\/v2\/posts\/151918\/revisions\/151920"}],"wp:featuredmedia":[{"embeddable":true,"href":"https:\/\/aconteceunovale.com.br\/portal\/index.php?rest_route=\/wp\/v2\/media\/151919"}],"wp:attachment":[{"href":"https:\/\/aconteceunovale.com.br\/portal\/index.php?rest_route=%2Fwp%2Fv2%2Fmedia&parent=151918"}],"wp:term":[{"taxonomy":"category","embeddable":true,"href":"https:\/\/aconteceunovale.com.br\/portal\/index.php?rest_route=%2Fwp%2Fv2%2Fcategories&post=151918"},{"taxonomy":"post_tag","embeddable":true,"href":"https:\/\/aconteceunovale.com.br\/portal\/index.php?rest_route=%2Fwp%2Fv2%2Ftags&post=151918"}],"curies":[{"name":"wp","href":"https:\/\/api.w.org\/{rel}","templated":true}]}}