{"id":151915,"date":"2019-08-29T22:35:25","date_gmt":"2019-08-30T01:35:25","guid":{"rendered":"http:\/\/aconteceunovale.com.br\/portal\/?p=151915"},"modified":"2026-09-02T13:16:23","modified_gmt":"2026-09-02T16:16:23","slug":"ponte-entre-almenara-e-jacinto-e-liberada-para-trafego","status":"publish","type":"post","link":"https:\/\/aconteceunovale.com.br\/portal\/?p=151915","title":{"rendered":"Ponte entre Almenara e Jacinto \u00e9 liberada para tr\u00e1fego"},"content":{"rendered":"\n<p class=\"wp-block-paragraph\"><img loading=\"lazy\" decoding=\"async\" width=\"600\" height=\"456\" class=\"wp-image-151916\" style=\"width: 600px;\" src=\"http:\/\/aconteceunovale.com.br\/portal\/wp-content\/uploads\/2019\/08\/ponte_jacinto.jpg\" alt=\"\" srcset=\"https:\/\/aconteceunovale.com.br\/portal\/wp-content\/uploads\/2019\/08\/ponte_jacinto.jpg 592w, https:\/\/aconteceunovale.com.br\/portal\/wp-content\/uploads\/2019\/08\/ponte_jacinto-300x228.jpg 300w, https:\/\/aconteceunovale.com.br\/portal\/wp-content\/uploads\/2019\/08\/ponte_jacinto-80x60.jpg 80w, https:\/\/aconteceunovale.com.br\/portal\/wp-content\/uploads\/2019\/08\/ponte_jacinto-553x420.jpg 553w\" sizes=\"auto, (max-width: 600px) 100vw, 600px\" \/><em>A nova ponte sobre o Rio Rubim, no trecho da BR-367 entre Almenara e Jacinto, no Vale do Jequitinhonha, foi liberada para o tr\u00e1fego de ve\u00edculos na manh\u00e3 de quarta-feira (28\/08\/2019). A rodovia \u00e9 utilizada por turistas das regi\u00f5es Norte e Nordeste de Minas Gerais que visitam o litoral Sul da Bahia, principalmente as praias de Porto Seguro e munic\u00edpios circunvizinhos.<\/em> <\/p>\n","protected":false},"excerpt":{"rendered":"<p>A nova ponte sobre o Rio Rubim, no trecho da BR-367 entre Almenara e Jacinto, no Vale do Jequitinhonha, foi liberada para o tr\u00e1fego de ve\u00edculos na manh\u00e3 de quarta-feira (28\/08\/2019). A rodovia \u00e9 utilizada por turistas das regi\u00f5es Norte e Nordeste de Minas Gerais que visitam o litoral Sul da Bahia, principalmente as praias [&hellip;]<\/p>\n","protected":false},"author":1,"featured_media":151916,"comment_status":"open","ping_status":"closed","sticky":false,"template":"","format":"standard","meta":{"amp_status":"","footnotes":""},"categories":[272528,272552,120],"tags":[142,2016,408,54359,206178,61295,423],"class_list":["post-151915","post","type-post","status-publish","format-standard","has-post-thumbnail","hentry","category-almenara","category-jacinto","category-jequi","tag-almenara","tag-br-367","tag-jacinto","tag-ponte-entre-almenara-e-jacinto","tag-ponte-entre-almenara-e-jacinto-e-liberada-para-trafego","tag-ponte-na-br-367","tag-porto-seguro"],"yoast_head":"<!-- This site is optimized with the Yoast SEO plugin v28.3 - https:\/\/yoast.com\/product\/yoast-seo-wordpress\/ -->\n<title>Ponte entre Almenara e Jacinto \u00e9 liberada para tr\u00e1fego - Aconteceu no Vale<\/title>\n<meta name=\"robots\" content=\"index, follow, max-snippet:-1, max-image-preview:large, max-video-preview:-1\" \/>\n<link rel=\"canonical\" href=\"https:\/\/aconteceunovale.com.br\/portal\/?p=151915\" \/>\n<meta property=\"og:locale\" content=\"pt_BR\" \/>\n<meta property=\"og:type\" content=\"article\" \/>\n<meta property=\"og:title\" content=\"Ponte entre Almenara e Jacinto \u00e9 liberada para tr\u00e1fego - Aconteceu no Vale\" \/>\n<meta property=\"og:description\" content=\"A nova ponte sobre o Rio Rubim, no trecho da BR-367 entre Almenara e Jacinto, no Vale do Jequitinhonha, foi liberada para o tr\u00e1fego de ve\u00edculos na manh\u00e3 de quarta-feira (28\/08\/2019). A rodovia \u00e9 utilizada por turistas das regi\u00f5es Norte e Nordeste de Minas Gerais que visitam o litoral Sul da Bahia, principalmente as praias [&hellip;]\" \/>\n<meta property=\"og:url\" content=\"https:\/\/aconteceunovale.com.br\/portal\/?p=151915\" \/>\n<meta property=\"og:site_name\" content=\"Aconteceu no Vale\" \/>\n<meta property=\"article:publisher\" content=\"https:\/\/www.facebook.com\/aconteceunovale\/\" \/>\n<meta property=\"article:published_time\" content=\"2019-08-30T01:35:25+00:00\" \/>\n<meta property=\"article:modified_time\" content=\"2026-09-02T16:16:23+00:00\" \/>\n<meta property=\"og:image\" content=\"https:\/\/aconteceunovale.com.br\/portal\/wp-content\/uploads\/2019\/08\/ponte_jacinto.jpg\" \/>\n\t<meta property=\"og:image:width\" content=\"592\" \/>\n\t<meta property=\"og:image:height\" content=\"450\" \/>\n\t<meta property=\"og:image:type\" content=\"image\/jpeg\" \/>\n<meta name=\"author\" content=\"Aconteceu no Vale\" \/>\n<meta name=\"twitter:card\" content=\"summary_large_image\" \/>\n<meta name=\"twitter:creator\" content=\"@noticiadosvales\" \/>\n<meta name=\"twitter:site\" content=\"@noticiadosvales\" \/>\n<meta name=\"twitter:label1\" content=\"Escrito por\" \/>\n\t<meta name=\"twitter:data1\" content=\"Aconteceu no Vale\" \/>\n<script type=\"application\/ld+json\" class=\"yoast-schema-graph\">{\"@context\":\"https:\\\/\\\/schema.org\",\"@graph\":[{\"@type\":\"Article\",\"@id\":\"https:\\\/\\\/aconteceunovale.com.br\\\/portal\\\/?p=151915#article\",\"isPartOf\":{\"@id\":\"https:\\\/\\\/aconteceunovale.com.br\\\/portal\\\/?p=151915\"},\"author\":{\"name\":\"Aconteceu no Vale\",\"@id\":\"https:\\\/\\\/aconteceunovale.com.br\\\/portal\\\/#\\\/schema\\\/person\\\/633529146f2c94272bef50ac2953d589\"},\"headline\":\"Ponte entre Almenara e Jacinto \u00e9 liberada para tr\u00e1fego\",\"datePublished\":\"2019-08-30T01:35:25+00:00\",\"dateModified\":\"2026-09-02T16:16:23+00:00\",\"mainEntityOfPage\":{\"@id\":\"https:\\\/\\\/aconteceunovale.com.br\\\/portal\\\/?p=151915\"},\"wordCount\":72,\"commentCount\":0,\"image\":{\"@id\":\"https:\\\/\\\/aconteceunovale.com.br\\\/portal\\\/?p=151915#primaryimage\"},\"thumbnailUrl\":\"https:\\\/\\\/aconteceunovale.com.br\\\/portal\\\/wp-content\\\/uploads\\\/2019\\\/08\\\/ponte_jacinto.jpg\",\"keywords\":[\"Almenara\",\"br-367\",\"Jacinto\",\"ponte entre almenara e jacinto\",\"Ponte entre Almenara e Jacinto \u00e9 liberada para tr\u00e1fego\",\"ponte na br-367\",\"Porto Seguro\"],\"articleSection\":[\"Almenara\",\"Jacinto\",\"Vale do Jequitinhonha\"],\"inLanguage\":\"pt-BR\",\"potentialAction\":[{\"@type\":\"CommentAction\",\"name\":\"Comment\",\"target\":[\"https:\\\/\\\/aconteceunovale.com.br\\\/portal\\\/?p=151915#respond\"]}]},{\"@type\":\"WebPage\",\"@id\":\"https:\\\/\\\/aconteceunovale.com.br\\\/portal\\\/?p=151915\",\"url\":\"https:\\\/\\\/aconteceunovale.com.br\\\/portal\\\/?p=151915\",\"name\":\"Ponte entre Almenara e Jacinto \u00e9 liberada para tr\u00e1fego - Aconteceu no Vale\",\"isPartOf\":{\"@id\":\"https:\\\/\\\/aconteceunovale.com.br\\\/portal\\\/#website\"},\"primaryImageOfPage\":{\"@id\":\"https:\\\/\\\/aconteceunovale.com.br\\\/portal\\\/?p=151915#primaryimage\"},\"image\":{\"@id\":\"https:\\\/\\\/aconteceunovale.com.br\\\/portal\\\/?p=151915#primaryimage\"},\"thumbnailUrl\":\"https:\\\/\\\/aconteceunovale.com.br\\\/portal\\\/wp-content\\\/uploads\\\/2019\\\/08\\\/ponte_jacinto.jpg\",\"datePublished\":\"2019-08-30T01:35:25+00:00\",\"dateModified\":\"2026-09-02T16:16:23+00:00\",\"author\":{\"@id\":\"https:\\\/\\\/aconteceunovale.com.br\\\/portal\\\/#\\\/schema\\\/person\\\/633529146f2c94272bef50ac2953d589\"},\"breadcrumb\":{\"@id\":\"https:\\\/\\\/aconteceunovale.com.br\\\/portal\\\/?p=151915#breadcrumb\"},\"inLanguage\":\"pt-BR\",\"potentialAction\":[{\"@type\":\"ReadAction\",\"target\":[\"https:\\\/\\\/aconteceunovale.com.br\\\/portal\\\/?p=151915\"]}]},{\"@type\":\"ImageObject\",\"inLanguage\":\"pt-BR\",\"@id\":\"https:\\\/\\\/aconteceunovale.com.br\\\/portal\\\/?p=151915#primaryimage\",\"url\":\"https:\\\/\\\/aconteceunovale.com.br\\\/portal\\\/wp-content\\\/uploads\\\/2019\\\/08\\\/ponte_jacinto.jpg\",\"contentUrl\":\"https:\\\/\\\/aconteceunovale.com.br\\\/portal\\\/wp-content\\\/uploads\\\/2019\\\/08\\\/ponte_jacinto.jpg\",\"width\":592,\"height\":450},{\"@type\":\"BreadcrumbList\",\"@id\":\"https:\\\/\\\/aconteceunovale.com.br\\\/portal\\\/?p=151915#breadcrumb\",\"itemListElement\":[{\"@type\":\"ListItem\",\"position\":1,\"name\":\"In\u00edcio\",\"item\":\"https:\\\/\\\/aconteceunovale.com.br\\\/portal\\\/\"},{\"@type\":\"ListItem\",\"position\":2,\"name\":\"Ponte entre Almenara e Jacinto \u00e9 liberada para tr\u00e1fego\"}]},{\"@type\":\"WebSite\",\"@id\":\"https:\\\/\\\/aconteceunovale.com.br\\\/portal\\\/#website\",\"url\":\"https:\\\/\\\/aconteceunovale.com.br\\\/portal\\\/\",\"name\":\"Aconteceu no Vale\",\"description\":\"Portal de Not\u00edcias\",\"potentialAction\":[{\"@type\":\"SearchAction\",\"target\":{\"@type\":\"EntryPoint\",\"urlTemplate\":\"https:\\\/\\\/aconteceunovale.com.br\\\/portal\\\/?s={search_term_string}\"},\"query-input\":{\"@type\":\"PropertyValueSpecification\",\"valueRequired\":true,\"valueName\":\"search_term_string\"}}],\"inLanguage\":\"pt-BR\"},{\"@type\":\"Person\",\"@id\":\"https:\\\/\\\/aconteceunovale.com.br\\\/portal\\\/#\\\/schema\\\/person\\\/633529146f2c94272bef50ac2953d589\",\"name\":\"Aconteceu no Vale\",\"description\":\"Equipe de reportagem do Aconteceu no Vale, portal de not\u00edcias do Vale do Jequitinhonha, em Minas Gerais. Cobrimos as 51 cidades do Vale desde 2013. Sugest\u00f5es de pauta e pedidos de corre\u00e7\u00e3o: contato@aconteceunovale.com.br\",\"sameAs\":[\"http:\\\/\\\/www.aconteceunovale.com.br\"],\"url\":\"https:\\\/\\\/aconteceunovale.com.br\\\/portal\\\/?author=1\"}]}<\/script>\n<!-- \/ Yoast SEO plugin. -->","yoast_head_json":{"title":"Ponte entre Almenara e Jacinto \u00e9 liberada para tr\u00e1fego - Aconteceu no Vale","robots":{"index":"index","follow":"follow","max-snippet":"max-snippet:-1","max-image-preview":"max-image-preview:large","max-video-preview":"max-video-preview:-1"},"canonical":"https:\/\/aconteceunovale.com.br\/portal\/?p=151915","og_locale":"pt_BR","og_type":"article","og_title":"Ponte entre Almenara e Jacinto \u00e9 liberada para tr\u00e1fego - Aconteceu no Vale","og_description":"A nova ponte sobre o Rio Rubim, no trecho da BR-367 entre Almenara e Jacinto, no Vale do Jequitinhonha, foi liberada para o tr\u00e1fego de ve\u00edculos na manh\u00e3 de quarta-feira (28\/08\/2019). A rodovia \u00e9 utilizada por turistas das regi\u00f5es Norte e Nordeste de Minas Gerais que visitam o litoral Sul da Bahia, principalmente as praias [&hellip;]","og_url":"https:\/\/aconteceunovale.com.br\/portal\/?p=151915","og_site_name":"Aconteceu no Vale","article_publisher":"https:\/\/www.facebook.com\/aconteceunovale\/","article_published_time":"2019-08-30T01:35:25+00:00","article_modified_time":"2026-09-02T16:16:23+00:00","og_image":[{"width":592,"height":450,"url":"https:\/\/aconteceunovale.com.br\/portal\/wp-content\/uploads\/2019\/08\/ponte_jacinto.jpg","type":"image\/jpeg"}],"author":"Aconteceu no Vale","twitter_card":"summary_large_image","twitter_creator":"@noticiadosvales","twitter_site":"@noticiadosvales","twitter_misc":{"Escrito por":"Aconteceu no Vale"},"schema":{"@context":"https:\/\/schema.org","@graph":[{"@type":"Article","@id":"https:\/\/aconteceunovale.com.br\/portal\/?p=151915#article","isPartOf":{"@id":"https:\/\/aconteceunovale.com.br\/portal\/?p=151915"},"author":{"name":"Aconteceu no Vale","@id":"https:\/\/aconteceunovale.com.br\/portal\/#\/schema\/person\/633529146f2c94272bef50ac2953d589"},"headline":"Ponte entre Almenara e Jacinto \u00e9 liberada para tr\u00e1fego","datePublished":"2019-08-30T01:35:25+00:00","dateModified":"2026-09-02T16:16:23+00:00","mainEntityOfPage":{"@id":"https:\/\/aconteceunovale.com.br\/portal\/?p=151915"},"wordCount":72,"commentCount":0,"image":{"@id":"https:\/\/aconteceunovale.com.br\/portal\/?p=151915#primaryimage"},"thumbnailUrl":"https:\/\/aconteceunovale.com.br\/portal\/wp-content\/uploads\/2019\/08\/ponte_jacinto.jpg","keywords":["Almenara","br-367","Jacinto","ponte entre almenara e jacinto","Ponte entre Almenara e Jacinto \u00e9 liberada para tr\u00e1fego","ponte na br-367","Porto Seguro"],"articleSection":["Almenara","Jacinto","Vale do Jequitinhonha"],"inLanguage":"pt-BR","potentialAction":[{"@type":"CommentAction","name":"Comment","target":["https:\/\/aconteceunovale.com.br\/portal\/?p=151915#respond"]}]},{"@type":"WebPage","@id":"https:\/\/aconteceunovale.com.br\/portal\/?p=151915","url":"https:\/\/aconteceunovale.com.br\/portal\/?p=151915","name":"Ponte entre Almenara e Jacinto \u00e9 liberada para tr\u00e1fego - Aconteceu no Vale","isPartOf":{"@id":"https:\/\/aconteceunovale.com.br\/portal\/#website"},"primaryImageOfPage":{"@id":"https:\/\/aconteceunovale.com.br\/portal\/?p=151915#primaryimage"},"image":{"@id":"https:\/\/aconteceunovale.com.br\/portal\/?p=151915#primaryimage"},"thumbnailUrl":"https:\/\/aconteceunovale.com.br\/portal\/wp-content\/uploads\/2019\/08\/ponte_jacinto.jpg","datePublished":"2019-08-30T01:35:25+00:00","dateModified":"2026-09-02T16:16:23+00:00","author":{"@id":"https:\/\/aconteceunovale.com.br\/portal\/#\/schema\/person\/633529146f2c94272bef50ac2953d589"},"breadcrumb":{"@id":"https:\/\/aconteceunovale.com.br\/portal\/?p=151915#breadcrumb"},"inLanguage":"pt-BR","potentialAction":[{"@type":"ReadAction","target":["https:\/\/aconteceunovale.com.br\/portal\/?p=151915"]}]},{"@type":"ImageObject","inLanguage":"pt-BR","@id":"https:\/\/aconteceunovale.com.br\/portal\/?p=151915#primaryimage","url":"https:\/\/aconteceunovale.com.br\/portal\/wp-content\/uploads\/2019\/08\/ponte_jacinto.jpg","contentUrl":"https:\/\/aconteceunovale.com.br\/portal\/wp-content\/uploads\/2019\/08\/ponte_jacinto.jpg","width":592,"height":450},{"@type":"BreadcrumbList","@id":"https:\/\/aconteceunovale.com.br\/portal\/?p=151915#breadcrumb","itemListElement":[{"@type":"ListItem","position":1,"name":"In\u00edcio","item":"https:\/\/aconteceunovale.com.br\/portal\/"},{"@type":"ListItem","position":2,"name":"Ponte entre Almenara e Jacinto \u00e9 liberada para tr\u00e1fego"}]},{"@type":"WebSite","@id":"https:\/\/aconteceunovale.com.br\/portal\/#website","url":"https:\/\/aconteceunovale.com.br\/portal\/","name":"Aconteceu no Vale","description":"Portal de Not\u00edcias","potentialAction":[{"@type":"SearchAction","target":{"@type":"EntryPoint","urlTemplate":"https:\/\/aconteceunovale.com.br\/portal\/?s={search_term_string}"},"query-input":{"@type":"PropertyValueSpecification","valueRequired":true,"valueName":"search_term_string"}}],"inLanguage":"pt-BR"},{"@type":"Person","@id":"https:\/\/aconteceunovale.com.br\/portal\/#\/schema\/person\/633529146f2c94272bef50ac2953d589","name":"Aconteceu no Vale","description":"Equipe de reportagem do Aconteceu no Vale, portal de not\u00edcias do Vale do Jequitinhonha, em Minas Gerais. Cobrimos as 51 cidades do Vale desde 2013. Sugest\u00f5es de pauta e pedidos de corre\u00e7\u00e3o: contato@aconteceunovale.com.br","sameAs":["http:\/\/www.aconteceunovale.com.br"],"url":"https:\/\/aconteceunovale.com.br\/portal\/?author=1"}]}},"_links":{"self":[{"href":"https:\/\/aconteceunovale.com.br\/portal\/index.php?rest_route=\/wp\/v2\/posts\/151915","targetHints":{"allow":["GET"]}}],"collection":[{"href":"https:\/\/aconteceunovale.com.br\/portal\/index.php?rest_route=\/wp\/v2\/posts"}],"about":[{"href":"https:\/\/aconteceunovale.com.br\/portal\/index.php?rest_route=\/wp\/v2\/types\/post"}],"author":[{"embeddable":true,"href":"https:\/\/aconteceunovale.com.br\/portal\/index.php?rest_route=\/wp\/v2\/users\/1"}],"replies":[{"embeddable":true,"href":"https:\/\/aconteceunovale.com.br\/portal\/index.php?rest_route=%2Fwp%2Fv2%2Fcomments&post=151915"}],"version-history":[{"count":1,"href":"https:\/\/aconteceunovale.com.br\/portal\/index.php?rest_route=\/wp\/v2\/posts\/151915\/revisions"}],"predecessor-version":[{"id":151917,"href":"https:\/\/aconteceunovale.com.br\/portal\/index.php?rest_route=\/wp\/v2\/posts\/151915\/revisions\/151917"}],"wp:featuredmedia":[{"embeddable":true,"href":"https:\/\/aconteceunovale.com.br\/portal\/index.php?rest_route=\/wp\/v2\/media\/151916"}],"wp:attachment":[{"href":"https:\/\/aconteceunovale.com.br\/portal\/index.php?rest_route=%2Fwp%2Fv2%2Fmedia&parent=151915"}],"wp:term":[{"taxonomy":"category","embeddable":true,"href":"https:\/\/aconteceunovale.com.br\/portal\/index.php?rest_route=%2Fwp%2Fv2%2Fcategories&post=151915"},{"taxonomy":"post_tag","embeddable":true,"href":"https:\/\/aconteceunovale.com.br\/portal\/index.php?rest_route=%2Fwp%2Fv2%2Ftags&post=151915"}],"curies":[{"name":"wp","href":"https:\/\/api.w.org\/{rel}","templated":true}]}}