{"id":151910,"date":"2019-08-29T21:44:17","date_gmt":"2019-08-30T00:44:17","guid":{"rendered":"http:\/\/aconteceunovale.com.br\/portal\/?p=151910"},"modified":"2019-08-29T21:51:36","modified_gmt":"2019-08-30T00:51:36","slug":"homem-morre-em-acidente-na-br-458-no-vale-do-aco","status":"publish","type":"post","link":"https:\/\/aconteceunovale.com.br\/portal\/?p=151910","title":{"rendered":"Homem morre em acidente na BR-458, no Vale do A\u00e7o"},"content":{"rendered":"\n<p class=\"wp-block-paragraph\">Um homem de 32 anos morreu em um grave acidente registrado na manh\u00e3 de quarta-feira (28\/08\/2019) na BR-458, munic\u00edpio de S\u00e3o Jo\u00e3o do Oriente, no Vale do A\u00e7o. Segundo informa\u00e7\u00f5es da Pol\u00edcia Militar Rodovi\u00e1ria (PMRv), a v\u00edtima Roninho de Carvalho Silva conduzia uma motocicleta quando colidiu contra um caminh\u00e3o.<\/p>\n\n\n\n<p class=\"wp-block-paragraph\">As informa\u00e7\u00f5es iniciais indicam que o condutor do caminh\u00e3o reduziu a velocidade para passar por um quebra-molas e o motociclista, que trabalhava como entregador de jornais em cidades da regi\u00e3o, acabou colidindo contra a parte traseira do ve\u00edculo de carga.<\/p>\n\n\n\n<p class=\"wp-block-paragraph\">Com o forte impacto, Roninho ficou gravemente ferido e veio a \u00f3bito no local. O corpo foi encaminhado ao Instituto M\u00e9dico Legal (IML) de Caratinga. As causas do acidente est\u00e3o sendo investigadas.<\/p>\n\n\n\n<p class=\"wp-block-paragraph\"><img loading=\"lazy\" decoding=\"async\" width=\"600\" height=\"450\" class=\"wp-image-151911\" style=\"width: 600px;\" src=\"http:\/\/aconteceunovale.com.br\/portal\/wp-content\/uploads\/2019\/08\/acidente_sao_joao_oriente.jpg\" alt=\"\" srcset=\"https:\/\/aconteceunovale.com.br\/portal\/wp-content\/uploads\/2019\/08\/acidente_sao_joao_oriente.jpg 600w, https:\/\/aconteceunovale.com.br\/portal\/wp-content\/uploads\/2019\/08\/acidente_sao_joao_oriente-300x225.jpg 300w, https:\/\/aconteceunovale.com.br\/portal\/wp-content\/uploads\/2019\/08\/acidente_sao_joao_oriente-80x60.jpg 80w, https:\/\/aconteceunovale.com.br\/portal\/wp-content\/uploads\/2019\/08\/acidente_sao_joao_oriente-265x198.jpg 265w, https:\/\/aconteceunovale.com.br\/portal\/wp-content\/uploads\/2019\/08\/acidente_sao_joao_oriente-560x420.jpg 560w\" sizes=\"auto, (max-width: 600px) 100vw, 600px\" \/><em>Foto: Divulga\u00e7\u00e3o \/ Pol\u00edcia Militar<\/em><\/p>\n","protected":false},"excerpt":{"rendered":"<p>Um homem de 32 anos morreu em um grave acidente registrado na manh\u00e3 de quarta-feira (28\/08\/2019) na BR-458, munic\u00edpio de S\u00e3o Jo\u00e3o do Oriente, no Vale do A\u00e7o. Segundo informa\u00e7\u00f5es da Pol\u00edcia Militar Rodovi\u00e1ria (PMRv), a v\u00edtima Roninho de Carvalho Silva conduzia uma motocicleta quando colidiu contra um caminh\u00e3o. As informa\u00e7\u00f5es iniciais indicam que o [&hellip;]<\/p>\n","protected":false},"author":4,"featured_media":151911,"comment_status":"open","ping_status":"closed","sticky":false,"template":"","format":"standard","meta":{"amp_status":"","footnotes":""},"categories":[121],"tags":[79100,206177,50739,82679,237,206176,201,206175,1734],"class_list":["post-151910","post","type-post","status-publish","format-standard","has-post-thumbnail","hentry","category-leste","tag-acidente-em-sao-joao-do-oriente","tag-acidente-entre-moto-e-caminhao-em-sao-joao-do-oriente","tag-acidente-na-br-458","tag-br-458","tag-caratinga","tag-homem-morre-em-acidente-na-br-458","tag-ipatinga","tag-roninho-de-carvalho-silva","tag-sao-joao-do-oriente"],"yoast_head":"<!-- This site is optimized with the Yoast SEO plugin v28.3 - https:\/\/yoast.com\/product\/yoast-seo-wordpress\/ -->\n<title>Homem morre em acidente na BR-458, no Vale do A\u00e7o - Aconteceu no Vale<\/title>\n<meta name=\"robots\" content=\"index, follow, max-snippet:-1, max-image-preview:large, max-video-preview:-1\" \/>\n<link rel=\"canonical\" href=\"https:\/\/aconteceunovale.com.br\/portal\/?p=151910\" \/>\n<meta property=\"og:locale\" content=\"pt_BR\" \/>\n<meta property=\"og:type\" content=\"article\" \/>\n<meta property=\"og:title\" content=\"Homem morre em acidente na BR-458, no Vale do A\u00e7o - Aconteceu no Vale\" \/>\n<meta property=\"og:description\" content=\"Um homem de 32 anos morreu em um grave acidente registrado na manh\u00e3 de quarta-feira (28\/08\/2019) na BR-458, munic\u00edpio de S\u00e3o Jo\u00e3o do Oriente, no Vale do A\u00e7o. Segundo informa\u00e7\u00f5es da Pol\u00edcia Militar Rodovi\u00e1ria (PMRv), a v\u00edtima Roninho de Carvalho Silva conduzia uma motocicleta quando colidiu contra um caminh\u00e3o. As informa\u00e7\u00f5es iniciais indicam que o [&hellip;]\" \/>\n<meta property=\"og:url\" content=\"https:\/\/aconteceunovale.com.br\/portal\/?p=151910\" \/>\n<meta property=\"og:site_name\" content=\"Aconteceu no Vale\" \/>\n<meta property=\"article:publisher\" content=\"https:\/\/www.facebook.com\/aconteceunovale\/\" \/>\n<meta property=\"article:published_time\" content=\"2019-08-30T00:44:17+00:00\" \/>\n<meta property=\"article:modified_time\" content=\"2019-08-30T00:51:36+00:00\" \/>\n<meta property=\"og:image\" content=\"https:\/\/aconteceunovale.com.br\/portal\/wp-content\/uploads\/2019\/08\/acidente_sao_joao_oriente.jpg\" \/>\n\t<meta property=\"og:image:width\" content=\"600\" \/>\n\t<meta property=\"og:image:height\" content=\"450\" \/>\n\t<meta property=\"og:image:type\" content=\"image\/jpeg\" \/>\n<meta name=\"author\" content=\"Reda\u00e7\u00e3o Aconteceu no Vale\" \/>\n<meta name=\"twitter:card\" content=\"summary_large_image\" \/>\n<meta name=\"twitter:creator\" content=\"@noticiadosvales\" \/>\n<meta name=\"twitter:site\" content=\"@noticiadosvales\" \/>\n<meta name=\"twitter:label1\" content=\"Escrito por\" \/>\n\t<meta name=\"twitter:data1\" content=\"Reda\u00e7\u00e3o Aconteceu no Vale\" \/>\n\t<meta name=\"twitter:label2\" content=\"Est. tempo de leitura\" \/>\n\t<meta name=\"twitter:data2\" content=\"1 minuto\" \/>\n<script type=\"application\/ld+json\" class=\"yoast-schema-graph\">{\"@context\":\"https:\\\/\\\/schema.org\",\"@graph\":[{\"@type\":\"Article\",\"@id\":\"https:\\\/\\\/aconteceunovale.com.br\\\/portal\\\/?p=151910#article\",\"isPartOf\":{\"@id\":\"https:\\\/\\\/aconteceunovale.com.br\\\/portal\\\/?p=151910\"},\"author\":{\"name\":\"Reda\u00e7\u00e3o Aconteceu no Vale\",\"@id\":\"https:\\\/\\\/aconteceunovale.com.br\\\/portal\\\/#\\\/schema\\\/person\\\/7d2f26d1483f8a63de73da1ee0754d35\"},\"headline\":\"Homem morre em acidente na BR-458, no Vale do A\u00e7o\",\"datePublished\":\"2019-08-30T00:44:17+00:00\",\"dateModified\":\"2019-08-30T00:51:36+00:00\",\"mainEntityOfPage\":{\"@id\":\"https:\\\/\\\/aconteceunovale.com.br\\\/portal\\\/?p=151910\"},\"wordCount\":151,\"commentCount\":0,\"image\":{\"@id\":\"https:\\\/\\\/aconteceunovale.com.br\\\/portal\\\/?p=151910#primaryimage\"},\"thumbnailUrl\":\"https:\\\/\\\/aconteceunovale.com.br\\\/portal\\\/wp-content\\\/uploads\\\/2019\\\/08\\\/acidente_sao_joao_oriente.jpg\",\"keywords\":[\"Acidente em S\u00e3o Jo\u00e3o do Oriente\",\"Acidente entre moto e caminh\u00e3o em S\u00e3o Jo\u00e3o do Oriente\",\"Acidente na BR-458\",\"BR-458\",\"Caratinga\",\"Homem morre em acidente na BR-458\",\"Ipatinga\",\"Roninho de Carvalho Silva\",\"S\u00e3o Jo\u00e3o do Oriente\"],\"articleSection\":[\"Leste de Minas\"],\"inLanguage\":\"pt-BR\",\"potentialAction\":[{\"@type\":\"CommentAction\",\"name\":\"Comment\",\"target\":[\"https:\\\/\\\/aconteceunovale.com.br\\\/portal\\\/?p=151910#respond\"]}]},{\"@type\":\"WebPage\",\"@id\":\"https:\\\/\\\/aconteceunovale.com.br\\\/portal\\\/?p=151910\",\"url\":\"https:\\\/\\\/aconteceunovale.com.br\\\/portal\\\/?p=151910\",\"name\":\"Homem morre em acidente na BR-458, no Vale do A\u00e7o - Aconteceu no Vale\",\"isPartOf\":{\"@id\":\"https:\\\/\\\/aconteceunovale.com.br\\\/portal\\\/#website\"},\"primaryImageOfPage\":{\"@id\":\"https:\\\/\\\/aconteceunovale.com.br\\\/portal\\\/?p=151910#primaryimage\"},\"image\":{\"@id\":\"https:\\\/\\\/aconteceunovale.com.br\\\/portal\\\/?p=151910#primaryimage\"},\"thumbnailUrl\":\"https:\\\/\\\/aconteceunovale.com.br\\\/portal\\\/wp-content\\\/uploads\\\/2019\\\/08\\\/acidente_sao_joao_oriente.jpg\",\"datePublished\":\"2019-08-30T00:44:17+00:00\",\"dateModified\":\"2019-08-30T00:51:36+00:00\",\"author\":{\"@id\":\"https:\\\/\\\/aconteceunovale.com.br\\\/portal\\\/#\\\/schema\\\/person\\\/7d2f26d1483f8a63de73da1ee0754d35\"},\"breadcrumb\":{\"@id\":\"https:\\\/\\\/aconteceunovale.com.br\\\/portal\\\/?p=151910#breadcrumb\"},\"inLanguage\":\"pt-BR\",\"potentialAction\":[{\"@type\":\"ReadAction\",\"target\":[\"https:\\\/\\\/aconteceunovale.com.br\\\/portal\\\/?p=151910\"]}]},{\"@type\":\"ImageObject\",\"inLanguage\":\"pt-BR\",\"@id\":\"https:\\\/\\\/aconteceunovale.com.br\\\/portal\\\/?p=151910#primaryimage\",\"url\":\"https:\\\/\\\/aconteceunovale.com.br\\\/portal\\\/wp-content\\\/uploads\\\/2019\\\/08\\\/acidente_sao_joao_oriente.jpg\",\"contentUrl\":\"https:\\\/\\\/aconteceunovale.com.br\\\/portal\\\/wp-content\\\/uploads\\\/2019\\\/08\\\/acidente_sao_joao_oriente.jpg\",\"width\":600,\"height\":450},{\"@type\":\"BreadcrumbList\",\"@id\":\"https:\\\/\\\/aconteceunovale.com.br\\\/portal\\\/?p=151910#breadcrumb\",\"itemListElement\":[{\"@type\":\"ListItem\",\"position\":1,\"name\":\"In\u00edcio\",\"item\":\"https:\\\/\\\/aconteceunovale.com.br\\\/portal\\\/\"},{\"@type\":\"ListItem\",\"position\":2,\"name\":\"Homem morre em acidente na BR-458, no Vale do A\u00e7o\"}]},{\"@type\":\"WebSite\",\"@id\":\"https:\\\/\\\/aconteceunovale.com.br\\\/portal\\\/#website\",\"url\":\"https:\\\/\\\/aconteceunovale.com.br\\\/portal\\\/\",\"name\":\"Aconteceu no Vale\",\"description\":\"Portal de Not\u00edcias\",\"potentialAction\":[{\"@type\":\"SearchAction\",\"target\":{\"@type\":\"EntryPoint\",\"urlTemplate\":\"https:\\\/\\\/aconteceunovale.com.br\\\/portal\\\/?s={search_term_string}\"},\"query-input\":{\"@type\":\"PropertyValueSpecification\",\"valueRequired\":true,\"valueName\":\"search_term_string\"}}],\"inLanguage\":\"pt-BR\"},{\"@type\":\"Person\",\"@id\":\"https:\\\/\\\/aconteceunovale.com.br\\\/portal\\\/#\\\/schema\\\/person\\\/7d2f26d1483f8a63de73da1ee0754d35\",\"name\":\"Reda\u00e7\u00e3o Aconteceu no Vale\",\"description\":\"Equipe de reportagem do Aconteceu no Vale, portal de not\u00edcias do Vale do Jequitinhonha, em Minas Gerais. Cobrimos as 51 cidades do Vale desde 2013. Sugest\u00f5es de pauta e pedidos de corre\u00e7\u00e3o: contato@aconteceunovale.com.br\",\"url\":\"https:\\\/\\\/aconteceunovale.com.br\\\/portal\\\/?author=4\"}]}<\/script>\n<!-- \/ Yoast SEO plugin. -->","yoast_head_json":{"title":"Homem morre em acidente na BR-458, no Vale do A\u00e7o - Aconteceu no Vale","robots":{"index":"index","follow":"follow","max-snippet":"max-snippet:-1","max-image-preview":"max-image-preview:large","max-video-preview":"max-video-preview:-1"},"canonical":"https:\/\/aconteceunovale.com.br\/portal\/?p=151910","og_locale":"pt_BR","og_type":"article","og_title":"Homem morre em acidente na BR-458, no Vale do A\u00e7o - Aconteceu no Vale","og_description":"Um homem de 32 anos morreu em um grave acidente registrado na manh\u00e3 de quarta-feira (28\/08\/2019) na BR-458, munic\u00edpio de S\u00e3o Jo\u00e3o do Oriente, no Vale do A\u00e7o. Segundo informa\u00e7\u00f5es da Pol\u00edcia Militar Rodovi\u00e1ria (PMRv), a v\u00edtima Roninho de Carvalho Silva conduzia uma motocicleta quando colidiu contra um caminh\u00e3o. As informa\u00e7\u00f5es iniciais indicam que o [&hellip;]","og_url":"https:\/\/aconteceunovale.com.br\/portal\/?p=151910","og_site_name":"Aconteceu no Vale","article_publisher":"https:\/\/www.facebook.com\/aconteceunovale\/","article_published_time":"2019-08-30T00:44:17+00:00","article_modified_time":"2019-08-30T00:51:36+00:00","og_image":[{"width":600,"height":450,"url":"https:\/\/aconteceunovale.com.br\/portal\/wp-content\/uploads\/2019\/08\/acidente_sao_joao_oriente.jpg","type":"image\/jpeg"}],"author":"Reda\u00e7\u00e3o Aconteceu no Vale","twitter_card":"summary_large_image","twitter_creator":"@noticiadosvales","twitter_site":"@noticiadosvales","twitter_misc":{"Escrito por":"Reda\u00e7\u00e3o Aconteceu no Vale","Est. tempo de leitura":"1 minuto"},"schema":{"@context":"https:\/\/schema.org","@graph":[{"@type":"Article","@id":"https:\/\/aconteceunovale.com.br\/portal\/?p=151910#article","isPartOf":{"@id":"https:\/\/aconteceunovale.com.br\/portal\/?p=151910"},"author":{"name":"Reda\u00e7\u00e3o Aconteceu no Vale","@id":"https:\/\/aconteceunovale.com.br\/portal\/#\/schema\/person\/7d2f26d1483f8a63de73da1ee0754d35"},"headline":"Homem morre em acidente na BR-458, no Vale do A\u00e7o","datePublished":"2019-08-30T00:44:17+00:00","dateModified":"2019-08-30T00:51:36+00:00","mainEntityOfPage":{"@id":"https:\/\/aconteceunovale.com.br\/portal\/?p=151910"},"wordCount":151,"commentCount":0,"image":{"@id":"https:\/\/aconteceunovale.com.br\/portal\/?p=151910#primaryimage"},"thumbnailUrl":"https:\/\/aconteceunovale.com.br\/portal\/wp-content\/uploads\/2019\/08\/acidente_sao_joao_oriente.jpg","keywords":["Acidente em S\u00e3o Jo\u00e3o do Oriente","Acidente entre moto e caminh\u00e3o em S\u00e3o Jo\u00e3o do Oriente","Acidente na BR-458","BR-458","Caratinga","Homem morre em acidente na BR-458","Ipatinga","Roninho de Carvalho Silva","S\u00e3o Jo\u00e3o do Oriente"],"articleSection":["Leste de Minas"],"inLanguage":"pt-BR","potentialAction":[{"@type":"CommentAction","name":"Comment","target":["https:\/\/aconteceunovale.com.br\/portal\/?p=151910#respond"]}]},{"@type":"WebPage","@id":"https:\/\/aconteceunovale.com.br\/portal\/?p=151910","url":"https:\/\/aconteceunovale.com.br\/portal\/?p=151910","name":"Homem morre em acidente na BR-458, no Vale do A\u00e7o - Aconteceu no Vale","isPartOf":{"@id":"https:\/\/aconteceunovale.com.br\/portal\/#website"},"primaryImageOfPage":{"@id":"https:\/\/aconteceunovale.com.br\/portal\/?p=151910#primaryimage"},"image":{"@id":"https:\/\/aconteceunovale.com.br\/portal\/?p=151910#primaryimage"},"thumbnailUrl":"https:\/\/aconteceunovale.com.br\/portal\/wp-content\/uploads\/2019\/08\/acidente_sao_joao_oriente.jpg","datePublished":"2019-08-30T00:44:17+00:00","dateModified":"2019-08-30T00:51:36+00:00","author":{"@id":"https:\/\/aconteceunovale.com.br\/portal\/#\/schema\/person\/7d2f26d1483f8a63de73da1ee0754d35"},"breadcrumb":{"@id":"https:\/\/aconteceunovale.com.br\/portal\/?p=151910#breadcrumb"},"inLanguage":"pt-BR","potentialAction":[{"@type":"ReadAction","target":["https:\/\/aconteceunovale.com.br\/portal\/?p=151910"]}]},{"@type":"ImageObject","inLanguage":"pt-BR","@id":"https:\/\/aconteceunovale.com.br\/portal\/?p=151910#primaryimage","url":"https:\/\/aconteceunovale.com.br\/portal\/wp-content\/uploads\/2019\/08\/acidente_sao_joao_oriente.jpg","contentUrl":"https:\/\/aconteceunovale.com.br\/portal\/wp-content\/uploads\/2019\/08\/acidente_sao_joao_oriente.jpg","width":600,"height":450},{"@type":"BreadcrumbList","@id":"https:\/\/aconteceunovale.com.br\/portal\/?p=151910#breadcrumb","itemListElement":[{"@type":"ListItem","position":1,"name":"In\u00edcio","item":"https:\/\/aconteceunovale.com.br\/portal\/"},{"@type":"ListItem","position":2,"name":"Homem morre em acidente na BR-458, no Vale do A\u00e7o"}]},{"@type":"WebSite","@id":"https:\/\/aconteceunovale.com.br\/portal\/#website","url":"https:\/\/aconteceunovale.com.br\/portal\/","name":"Aconteceu no Vale","description":"Portal de Not\u00edcias","potentialAction":[{"@type":"SearchAction","target":{"@type":"EntryPoint","urlTemplate":"https:\/\/aconteceunovale.com.br\/portal\/?s={search_term_string}"},"query-input":{"@type":"PropertyValueSpecification","valueRequired":true,"valueName":"search_term_string"}}],"inLanguage":"pt-BR"},{"@type":"Person","@id":"https:\/\/aconteceunovale.com.br\/portal\/#\/schema\/person\/7d2f26d1483f8a63de73da1ee0754d35","name":"Reda\u00e7\u00e3o Aconteceu no Vale","description":"Equipe de reportagem do Aconteceu no Vale, portal de not\u00edcias do Vale do Jequitinhonha, em Minas Gerais. Cobrimos as 51 cidades do Vale desde 2013. Sugest\u00f5es de pauta e pedidos de corre\u00e7\u00e3o: contato@aconteceunovale.com.br","url":"https:\/\/aconteceunovale.com.br\/portal\/?author=4"}]}},"_links":{"self":[{"href":"https:\/\/aconteceunovale.com.br\/portal\/index.php?rest_route=\/wp\/v2\/posts\/151910","targetHints":{"allow":["GET"]}}],"collection":[{"href":"https:\/\/aconteceunovale.com.br\/portal\/index.php?rest_route=\/wp\/v2\/posts"}],"about":[{"href":"https:\/\/aconteceunovale.com.br\/portal\/index.php?rest_route=\/wp\/v2\/types\/post"}],"author":[{"embeddable":true,"href":"https:\/\/aconteceunovale.com.br\/portal\/index.php?rest_route=\/wp\/v2\/users\/4"}],"replies":[{"embeddable":true,"href":"https:\/\/aconteceunovale.com.br\/portal\/index.php?rest_route=%2Fwp%2Fv2%2Fcomments&post=151910"}],"version-history":[{"count":1,"href":"https:\/\/aconteceunovale.com.br\/portal\/index.php?rest_route=\/wp\/v2\/posts\/151910\/revisions"}],"predecessor-version":[{"id":151912,"href":"https:\/\/aconteceunovale.com.br\/portal\/index.php?rest_route=\/wp\/v2\/posts\/151910\/revisions\/151912"}],"wp:featuredmedia":[{"embeddable":true,"href":"https:\/\/aconteceunovale.com.br\/portal\/index.php?rest_route=\/wp\/v2\/media\/151911"}],"wp:attachment":[{"href":"https:\/\/aconteceunovale.com.br\/portal\/index.php?rest_route=%2Fwp%2Fv2%2Fmedia&parent=151910"}],"wp:term":[{"taxonomy":"category","embeddable":true,"href":"https:\/\/aconteceunovale.com.br\/portal\/index.php?rest_route=%2Fwp%2Fv2%2Fcategories&post=151910"},{"taxonomy":"post_tag","embeddable":true,"href":"https:\/\/aconteceunovale.com.br\/portal\/index.php?rest_route=%2Fwp%2Fv2%2Ftags&post=151910"}],"curies":[{"name":"wp","href":"https:\/\/api.w.org\/{rel}","templated":true}]}}