{"id":151898,"date":"2019-08-29T19:36:06","date_gmt":"2019-08-29T22:36:06","guid":{"rendered":"http:\/\/aconteceunovale.com.br\/portal\/?p=151898"},"modified":"2019-08-29T19:36:08","modified_gmt":"2019-08-29T22:36:08","slug":"ex-jogador-do-galo-e-condenado-por-estuprar-afilhada","status":"publish","type":"post","link":"https:\/\/aconteceunovale.com.br\/portal\/?p=151898","title":{"rendered":"Ex-jogador do Galo \u00e9 condenado por estuprar afilhada"},"content":{"rendered":"\n<p class=\"wp-block-paragraph\">O meia argentino Jonathan Fabbro, que jogou pelo Atl\u00e9tico-MG, foi condenado nesta quinta-feira (29\/08\/2019), em Buenos Aires, a 14 anos de pris\u00e3o por abuso sexual com conjun\u00e7\u00e3o carnal da afilhada, de 13 anos. Os crimes foram cometidos quando a v\u00edtima tinha de 5 a 11 anos.<\/p>\n\n\n\n<p class=\"wp-block-paragraph\">O jogador, que tem 37 anos e um relacionamento com a modelo paraguaia Larissa Riquelme, est\u00e1 preso preventivamente h\u00e1 mais de um ano.<\/p>\n\n\n\n<p class=\"wp-block-paragraph\">Fabbro ficou no Atl\u00e9tico por quatro meses em 2006, atuou em quatro jogos e n\u00e3o marcou gol. Ele tamb\u00e9m jogou por clubes como Boca Juniors-ARG e River Plate-ARG. Ao ser preso defendia o Jaguares Chiapas-MEX.<\/p>\n\n\n\n<p class=\"wp-block-paragraph\"><img loading=\"lazy\" decoding=\"async\" width=\"600\" height=\"403\" class=\"wp-image-151899\" style=\"width: 600px;\" src=\"http:\/\/aconteceunovale.com.br\/portal\/wp-content\/uploads\/2019\/08\/fabbro.jpg\" alt=\"\" srcset=\"https:\/\/aconteceunovale.com.br\/portal\/wp-content\/uploads\/2019\/08\/fabbro.jpg 650w, https:\/\/aconteceunovale.com.br\/portal\/wp-content\/uploads\/2019\/08\/fabbro-300x202.jpg 300w, https:\/\/aconteceunovale.com.br\/portal\/wp-content\/uploads\/2019\/08\/fabbro-625x420.jpg 625w\" sizes=\"auto, (max-width: 600px) 100vw, 600px\" \/><em>Foto: Reprodu\u00e7\u00e3o\/Instagram<\/em><\/p>\n","protected":false},"excerpt":{"rendered":"<p>O meia argentino Jonathan Fabbro, que jogou pelo Atl\u00e9tico-MG, foi condenado nesta quinta-feira (29\/08\/2019), em Buenos Aires, a 14 anos de pris\u00e3o por abuso sexual com conjun\u00e7\u00e3o carnal da afilhada, de 13 anos. Os crimes foram cometidos quando a v\u00edtima tinha de 5 a 11 anos. O jogador, que tem 37 anos e um relacionamento [&hellip;]<\/p>\n","protected":false},"author":1,"featured_media":151899,"comment_status":"open","ping_status":"closed","sticky":false,"template":"","format":"standard","meta":{"amp_status":"","footnotes":""},"categories":[59,28848],"tags":[12311,2741,40575,23885,206140,12312,206141,206142,206139],"class_list":["post-151898","post","type-post","status-publish","format-standard","has-post-thumbnail","hentry","category-esportes","category-mundo","tag-atletico","tag-atletico-mineiro","tag-atletico-mg","tag-buenos-aires","tag-condenacao-de-jonathan-fabbro","tag-galo","tag-jonathan-fabbro","tag-jonathan-fabbro-e-preso-por-estupro","tag-prisao-de-jonathan-fabbro"],"yoast_head":"<!-- This site is optimized with the Yoast SEO plugin v28.3 - https:\/\/yoast.com\/product\/yoast-seo-wordpress\/ -->\n<title>Ex-jogador do Galo \u00e9 condenado por estuprar afilhada - Aconteceu no Vale<\/title>\n<meta name=\"robots\" content=\"index, follow, max-snippet:-1, max-image-preview:large, max-video-preview:-1\" \/>\n<link rel=\"canonical\" href=\"https:\/\/aconteceunovale.com.br\/portal\/?p=151898\" \/>\n<meta property=\"og:locale\" content=\"pt_BR\" \/>\n<meta property=\"og:type\" content=\"article\" \/>\n<meta property=\"og:title\" content=\"Ex-jogador do Galo \u00e9 condenado por estuprar afilhada - Aconteceu no Vale\" \/>\n<meta property=\"og:description\" content=\"O meia argentino Jonathan Fabbro, que jogou pelo Atl\u00e9tico-MG, foi condenado nesta quinta-feira (29\/08\/2019), em Buenos Aires, a 14 anos de pris\u00e3o por abuso sexual com conjun\u00e7\u00e3o carnal da afilhada, de 13 anos. Os crimes foram cometidos quando a v\u00edtima tinha de 5 a 11 anos. O jogador, que tem 37 anos e um relacionamento [&hellip;]\" \/>\n<meta property=\"og:url\" content=\"https:\/\/aconteceunovale.com.br\/portal\/?p=151898\" \/>\n<meta property=\"og:site_name\" content=\"Aconteceu no Vale\" \/>\n<meta property=\"article:publisher\" content=\"https:\/\/www.facebook.com\/aconteceunovale\/\" \/>\n<meta property=\"article:published_time\" content=\"2019-08-29T22:36:06+00:00\" \/>\n<meta property=\"article:modified_time\" content=\"2019-08-29T22:36:08+00:00\" \/>\n<meta property=\"og:image\" content=\"https:\/\/aconteceunovale.com.br\/portal\/wp-content\/uploads\/2019\/08\/fabbro.jpg\" \/>\n\t<meta property=\"og:image:width\" content=\"650\" \/>\n\t<meta property=\"og:image:height\" content=\"437\" \/>\n\t<meta property=\"og:image:type\" content=\"image\/jpeg\" \/>\n<meta name=\"author\" content=\"Aconteceu no Vale\" \/>\n<meta name=\"twitter:card\" content=\"summary_large_image\" \/>\n<meta name=\"twitter:creator\" content=\"@noticiadosvales\" \/>\n<meta name=\"twitter:site\" content=\"@noticiadosvales\" \/>\n<meta name=\"twitter:label1\" content=\"Escrito por\" \/>\n\t<meta name=\"twitter:data1\" content=\"Aconteceu no Vale\" \/>\n\t<meta name=\"twitter:label2\" content=\"Est. tempo de leitura\" \/>\n\t<meta name=\"twitter:data2\" content=\"1 minuto\" \/>\n<script type=\"application\/ld+json\" class=\"yoast-schema-graph\">{\"@context\":\"https:\\\/\\\/schema.org\",\"@graph\":[{\"@type\":\"Article\",\"@id\":\"https:\\\/\\\/aconteceunovale.com.br\\\/portal\\\/?p=151898#article\",\"isPartOf\":{\"@id\":\"https:\\\/\\\/aconteceunovale.com.br\\\/portal\\\/?p=151898\"},\"author\":{\"name\":\"Aconteceu no Vale\",\"@id\":\"https:\\\/\\\/aconteceunovale.com.br\\\/portal\\\/#\\\/schema\\\/person\\\/633529146f2c94272bef50ac2953d589\"},\"headline\":\"Ex-jogador do Galo \u00e9 condenado por estuprar afilhada\",\"datePublished\":\"2019-08-29T22:36:06+00:00\",\"dateModified\":\"2019-08-29T22:36:08+00:00\",\"mainEntityOfPage\":{\"@id\":\"https:\\\/\\\/aconteceunovale.com.br\\\/portal\\\/?p=151898\"},\"wordCount\":115,\"commentCount\":0,\"image\":{\"@id\":\"https:\\\/\\\/aconteceunovale.com.br\\\/portal\\\/?p=151898#primaryimage\"},\"thumbnailUrl\":\"https:\\\/\\\/aconteceunovale.com.br\\\/portal\\\/wp-content\\\/uploads\\\/2019\\\/08\\\/fabbro.jpg\",\"keywords\":[\"Atl\u00e9tico\",\"Atl\u00e9tico Mineiro\",\"Atl\u00e9tico-MG\",\"Buenos Aires\",\"Condena\u00e7\u00e3o de Jonathan Fabbro\",\"galo\",\"Jonathan Fabbro\",\"Jonathan Fabbro \u00e9 preso por estupro\",\"Pris\u00e3o de Jonathan Fabbro\"],\"articleSection\":[\"Esportes\",\"Mundo\"],\"inLanguage\":\"pt-BR\",\"potentialAction\":[{\"@type\":\"CommentAction\",\"name\":\"Comment\",\"target\":[\"https:\\\/\\\/aconteceunovale.com.br\\\/portal\\\/?p=151898#respond\"]}]},{\"@type\":\"WebPage\",\"@id\":\"https:\\\/\\\/aconteceunovale.com.br\\\/portal\\\/?p=151898\",\"url\":\"https:\\\/\\\/aconteceunovale.com.br\\\/portal\\\/?p=151898\",\"name\":\"Ex-jogador do Galo \u00e9 condenado por estuprar afilhada - Aconteceu no Vale\",\"isPartOf\":{\"@id\":\"https:\\\/\\\/aconteceunovale.com.br\\\/portal\\\/#website\"},\"primaryImageOfPage\":{\"@id\":\"https:\\\/\\\/aconteceunovale.com.br\\\/portal\\\/?p=151898#primaryimage\"},\"image\":{\"@id\":\"https:\\\/\\\/aconteceunovale.com.br\\\/portal\\\/?p=151898#primaryimage\"},\"thumbnailUrl\":\"https:\\\/\\\/aconteceunovale.com.br\\\/portal\\\/wp-content\\\/uploads\\\/2019\\\/08\\\/fabbro.jpg\",\"datePublished\":\"2019-08-29T22:36:06+00:00\",\"dateModified\":\"2019-08-29T22:36:08+00:00\",\"author\":{\"@id\":\"https:\\\/\\\/aconteceunovale.com.br\\\/portal\\\/#\\\/schema\\\/person\\\/633529146f2c94272bef50ac2953d589\"},\"breadcrumb\":{\"@id\":\"https:\\\/\\\/aconteceunovale.com.br\\\/portal\\\/?p=151898#breadcrumb\"},\"inLanguage\":\"pt-BR\",\"potentialAction\":[{\"@type\":\"ReadAction\",\"target\":[\"https:\\\/\\\/aconteceunovale.com.br\\\/portal\\\/?p=151898\"]}]},{\"@type\":\"ImageObject\",\"inLanguage\":\"pt-BR\",\"@id\":\"https:\\\/\\\/aconteceunovale.com.br\\\/portal\\\/?p=151898#primaryimage\",\"url\":\"https:\\\/\\\/aconteceunovale.com.br\\\/portal\\\/wp-content\\\/uploads\\\/2019\\\/08\\\/fabbro.jpg\",\"contentUrl\":\"https:\\\/\\\/aconteceunovale.com.br\\\/portal\\\/wp-content\\\/uploads\\\/2019\\\/08\\\/fabbro.jpg\",\"width\":650,\"height\":437},{\"@type\":\"BreadcrumbList\",\"@id\":\"https:\\\/\\\/aconteceunovale.com.br\\\/portal\\\/?p=151898#breadcrumb\",\"itemListElement\":[{\"@type\":\"ListItem\",\"position\":1,\"name\":\"In\u00edcio\",\"item\":\"https:\\\/\\\/aconteceunovale.com.br\\\/portal\\\/\"},{\"@type\":\"ListItem\",\"position\":2,\"name\":\"Ex-jogador do Galo \u00e9 condenado por estuprar afilhada\"}]},{\"@type\":\"WebSite\",\"@id\":\"https:\\\/\\\/aconteceunovale.com.br\\\/portal\\\/#website\",\"url\":\"https:\\\/\\\/aconteceunovale.com.br\\\/portal\\\/\",\"name\":\"Aconteceu no Vale\",\"description\":\"Portal de Not\u00edcias\",\"potentialAction\":[{\"@type\":\"SearchAction\",\"target\":{\"@type\":\"EntryPoint\",\"urlTemplate\":\"https:\\\/\\\/aconteceunovale.com.br\\\/portal\\\/?s={search_term_string}\"},\"query-input\":{\"@type\":\"PropertyValueSpecification\",\"valueRequired\":true,\"valueName\":\"search_term_string\"}}],\"inLanguage\":\"pt-BR\"},{\"@type\":\"Person\",\"@id\":\"https:\\\/\\\/aconteceunovale.com.br\\\/portal\\\/#\\\/schema\\\/person\\\/633529146f2c94272bef50ac2953d589\",\"name\":\"Aconteceu no Vale\",\"description\":\"Equipe de reportagem do Aconteceu no Vale, portal de not\u00edcias do Vale do Jequitinhonha, em Minas Gerais. Cobrimos as 51 cidades do Vale desde 2013. Sugest\u00f5es de pauta e pedidos de corre\u00e7\u00e3o: contato@aconteceunovale.com.br\",\"sameAs\":[\"http:\\\/\\\/www.aconteceunovale.com.br\"],\"url\":\"https:\\\/\\\/aconteceunovale.com.br\\\/portal\\\/?author=1\"}]}<\/script>\n<!-- \/ Yoast SEO plugin. -->","yoast_head_json":{"title":"Ex-jogador do Galo \u00e9 condenado por estuprar afilhada - Aconteceu no Vale","robots":{"index":"index","follow":"follow","max-snippet":"max-snippet:-1","max-image-preview":"max-image-preview:large","max-video-preview":"max-video-preview:-1"},"canonical":"https:\/\/aconteceunovale.com.br\/portal\/?p=151898","og_locale":"pt_BR","og_type":"article","og_title":"Ex-jogador do Galo \u00e9 condenado por estuprar afilhada - Aconteceu no Vale","og_description":"O meia argentino Jonathan Fabbro, que jogou pelo Atl\u00e9tico-MG, foi condenado nesta quinta-feira (29\/08\/2019), em Buenos Aires, a 14 anos de pris\u00e3o por abuso sexual com conjun\u00e7\u00e3o carnal da afilhada, de 13 anos. Os crimes foram cometidos quando a v\u00edtima tinha de 5 a 11 anos. O jogador, que tem 37 anos e um relacionamento [&hellip;]","og_url":"https:\/\/aconteceunovale.com.br\/portal\/?p=151898","og_site_name":"Aconteceu no Vale","article_publisher":"https:\/\/www.facebook.com\/aconteceunovale\/","article_published_time":"2019-08-29T22:36:06+00:00","article_modified_time":"2019-08-29T22:36:08+00:00","og_image":[{"width":650,"height":437,"url":"https:\/\/aconteceunovale.com.br\/portal\/wp-content\/uploads\/2019\/08\/fabbro.jpg","type":"image\/jpeg"}],"author":"Aconteceu no Vale","twitter_card":"summary_large_image","twitter_creator":"@noticiadosvales","twitter_site":"@noticiadosvales","twitter_misc":{"Escrito por":"Aconteceu no Vale","Est. tempo de leitura":"1 minuto"},"schema":{"@context":"https:\/\/schema.org","@graph":[{"@type":"Article","@id":"https:\/\/aconteceunovale.com.br\/portal\/?p=151898#article","isPartOf":{"@id":"https:\/\/aconteceunovale.com.br\/portal\/?p=151898"},"author":{"name":"Aconteceu no Vale","@id":"https:\/\/aconteceunovale.com.br\/portal\/#\/schema\/person\/633529146f2c94272bef50ac2953d589"},"headline":"Ex-jogador do Galo \u00e9 condenado por estuprar afilhada","datePublished":"2019-08-29T22:36:06+00:00","dateModified":"2019-08-29T22:36:08+00:00","mainEntityOfPage":{"@id":"https:\/\/aconteceunovale.com.br\/portal\/?p=151898"},"wordCount":115,"commentCount":0,"image":{"@id":"https:\/\/aconteceunovale.com.br\/portal\/?p=151898#primaryimage"},"thumbnailUrl":"https:\/\/aconteceunovale.com.br\/portal\/wp-content\/uploads\/2019\/08\/fabbro.jpg","keywords":["Atl\u00e9tico","Atl\u00e9tico Mineiro","Atl\u00e9tico-MG","Buenos Aires","Condena\u00e7\u00e3o de Jonathan Fabbro","galo","Jonathan Fabbro","Jonathan Fabbro \u00e9 preso por estupro","Pris\u00e3o de Jonathan Fabbro"],"articleSection":["Esportes","Mundo"],"inLanguage":"pt-BR","potentialAction":[{"@type":"CommentAction","name":"Comment","target":["https:\/\/aconteceunovale.com.br\/portal\/?p=151898#respond"]}]},{"@type":"WebPage","@id":"https:\/\/aconteceunovale.com.br\/portal\/?p=151898","url":"https:\/\/aconteceunovale.com.br\/portal\/?p=151898","name":"Ex-jogador do Galo \u00e9 condenado por estuprar afilhada - Aconteceu no Vale","isPartOf":{"@id":"https:\/\/aconteceunovale.com.br\/portal\/#website"},"primaryImageOfPage":{"@id":"https:\/\/aconteceunovale.com.br\/portal\/?p=151898#primaryimage"},"image":{"@id":"https:\/\/aconteceunovale.com.br\/portal\/?p=151898#primaryimage"},"thumbnailUrl":"https:\/\/aconteceunovale.com.br\/portal\/wp-content\/uploads\/2019\/08\/fabbro.jpg","datePublished":"2019-08-29T22:36:06+00:00","dateModified":"2019-08-29T22:36:08+00:00","author":{"@id":"https:\/\/aconteceunovale.com.br\/portal\/#\/schema\/person\/633529146f2c94272bef50ac2953d589"},"breadcrumb":{"@id":"https:\/\/aconteceunovale.com.br\/portal\/?p=151898#breadcrumb"},"inLanguage":"pt-BR","potentialAction":[{"@type":"ReadAction","target":["https:\/\/aconteceunovale.com.br\/portal\/?p=151898"]}]},{"@type":"ImageObject","inLanguage":"pt-BR","@id":"https:\/\/aconteceunovale.com.br\/portal\/?p=151898#primaryimage","url":"https:\/\/aconteceunovale.com.br\/portal\/wp-content\/uploads\/2019\/08\/fabbro.jpg","contentUrl":"https:\/\/aconteceunovale.com.br\/portal\/wp-content\/uploads\/2019\/08\/fabbro.jpg","width":650,"height":437},{"@type":"BreadcrumbList","@id":"https:\/\/aconteceunovale.com.br\/portal\/?p=151898#breadcrumb","itemListElement":[{"@type":"ListItem","position":1,"name":"In\u00edcio","item":"https:\/\/aconteceunovale.com.br\/portal\/"},{"@type":"ListItem","position":2,"name":"Ex-jogador do Galo \u00e9 condenado por estuprar afilhada"}]},{"@type":"WebSite","@id":"https:\/\/aconteceunovale.com.br\/portal\/#website","url":"https:\/\/aconteceunovale.com.br\/portal\/","name":"Aconteceu no Vale","description":"Portal de Not\u00edcias","potentialAction":[{"@type":"SearchAction","target":{"@type":"EntryPoint","urlTemplate":"https:\/\/aconteceunovale.com.br\/portal\/?s={search_term_string}"},"query-input":{"@type":"PropertyValueSpecification","valueRequired":true,"valueName":"search_term_string"}}],"inLanguage":"pt-BR"},{"@type":"Person","@id":"https:\/\/aconteceunovale.com.br\/portal\/#\/schema\/person\/633529146f2c94272bef50ac2953d589","name":"Aconteceu no Vale","description":"Equipe de reportagem do Aconteceu no Vale, portal de not\u00edcias do Vale do Jequitinhonha, em Minas Gerais. Cobrimos as 51 cidades do Vale desde 2013. Sugest\u00f5es de pauta e pedidos de corre\u00e7\u00e3o: contato@aconteceunovale.com.br","sameAs":["http:\/\/www.aconteceunovale.com.br"],"url":"https:\/\/aconteceunovale.com.br\/portal\/?author=1"}]}},"_links":{"self":[{"href":"https:\/\/aconteceunovale.com.br\/portal\/index.php?rest_route=\/wp\/v2\/posts\/151898","targetHints":{"allow":["GET"]}}],"collection":[{"href":"https:\/\/aconteceunovale.com.br\/portal\/index.php?rest_route=\/wp\/v2\/posts"}],"about":[{"href":"https:\/\/aconteceunovale.com.br\/portal\/index.php?rest_route=\/wp\/v2\/types\/post"}],"author":[{"embeddable":true,"href":"https:\/\/aconteceunovale.com.br\/portal\/index.php?rest_route=\/wp\/v2\/users\/1"}],"replies":[{"embeddable":true,"href":"https:\/\/aconteceunovale.com.br\/portal\/index.php?rest_route=%2Fwp%2Fv2%2Fcomments&post=151898"}],"version-history":[{"count":1,"href":"https:\/\/aconteceunovale.com.br\/portal\/index.php?rest_route=\/wp\/v2\/posts\/151898\/revisions"}],"predecessor-version":[{"id":151900,"href":"https:\/\/aconteceunovale.com.br\/portal\/index.php?rest_route=\/wp\/v2\/posts\/151898\/revisions\/151900"}],"wp:featuredmedia":[{"embeddable":true,"href":"https:\/\/aconteceunovale.com.br\/portal\/index.php?rest_route=\/wp\/v2\/media\/151899"}],"wp:attachment":[{"href":"https:\/\/aconteceunovale.com.br\/portal\/index.php?rest_route=%2Fwp%2Fv2%2Fmedia&parent=151898"}],"wp:term":[{"taxonomy":"category","embeddable":true,"href":"https:\/\/aconteceunovale.com.br\/portal\/index.php?rest_route=%2Fwp%2Fv2%2Fcategories&post=151898"},{"taxonomy":"post_tag","embeddable":true,"href":"https:\/\/aconteceunovale.com.br\/portal\/index.php?rest_route=%2Fwp%2Fv2%2Ftags&post=151898"}],"curies":[{"name":"wp","href":"https:\/\/api.w.org\/{rel}","templated":true}]}}