{"id":151893,"date":"2019-08-29T18:58:04","date_gmt":"2019-08-29T21:58:04","guid":{"rendered":"http:\/\/aconteceunovale.com.br\/portal\/?p=151893"},"modified":"2019-08-29T19:00:47","modified_gmt":"2019-08-29T22:00:47","slug":"setembro-amarelo-tera-foco-em-prevencao-do-suicidio-entre-os-jovens","status":"publish","type":"post","link":"https:\/\/aconteceunovale.com.br\/portal\/?p=151893","title":{"rendered":"Setembro amarelo ter\u00e1 foco em preven\u00e7\u00e3o do suic\u00eddio entre os jovens"},"content":{"rendered":"\n<p class=\"wp-block-paragraph\">O Minist\u00e9rio da Sa\u00fade vai aproveitar setembro, m\u00eas de conscientiza\u00e7\u00e3o sobre a import\u00e2ncia da preven\u00e7\u00e3o do suic\u00eddio, para enfatizar a necessidade de aten\u00e7\u00e3o especial com o bem-estar e a sa\u00fade mental de crian\u00e7as e adolescentes.<\/p>\n\n\n\n<p class=\"wp-block-paragraph\">Segundo o ministro Luiz Henrique Mandetta, o foco das a\u00e7\u00f5es desenvolvidas pela pasta durante o Setembro Amarelo ser\u00e1 o p\u00fablico jovem, no qual vem aumentando o n\u00famero de casos e de tentativas de suic\u00eddio. &#8220;Vamos focar nesta quest\u00e3o dos jovens, tanto na quest\u00e3o do suic\u00eddio quanto das tentativas, procurando alternativas de pol\u00edticas p\u00fablicas indut\u00f3rias&#8221;, disse o ministro durante a 7\u00aa Reuni\u00e3o Ordin\u00e1ria da Comiss\u00e3o Intergestores Tripartite, realizada na manh\u00e3 desta quinta-feira (29), em Bras\u00edlia.<\/p>\n\n\n\n<p class=\"wp-block-paragraph\">Mandetta ressaltou que o aumento do suic\u00eddio entre os jovens \u00e9 um fen\u00f4meno mundial que, nos \u00faltimos anos, vem causando crescente preocupa\u00e7\u00e3o tamb\u00e9m no Brasil. Para o ministro, o problema \u00e9 complexo e n\u00e3o pode ser compreendido ou explicado por um s\u00f3 fator. &#8220;A barra est\u00e1 muito pesada, e isso est\u00e1 fazendo com que percamos muitos jovens&#8221;, afirmou o ministro, arriscando uma explica\u00e7\u00e3o. Segundo o ministro, os jovens brasileiros, que est\u00e3o entre os que passam mais tempo conectados \u00e0 internet, t\u00eam dificuldade para lidar com a confus\u00e3o entre o mundo online e as exig\u00eancias e frustra\u00e7\u00f5es cotidianas do mundo fora da rede mundial de computadores.<\/p>\n\n\n\n<p class=\"wp-block-paragraph\">Para Mandetta, isso gera ansiedade e enfraquece v\u00ednculos sociais. &#8220;O mundo virtual \u00e9 maravilhoso, mas n\u00e3o condiz com a realidade. Ali, todo mundo est\u00e1 feliz, bem. Estamos tendo dificuldades de conviver com isto&#8221;, acrescentou Mandetta.<\/p>\n\n\n\n<p class=\"wp-block-paragraph\">Ele disse que o alcance e imediatismo das redes sociais podem potencializar quest\u00f5es que sempre causaram mal-estar entre os jovens. &#8220;O bullying, por exemplo. Na minha gera\u00e7\u00e3o, era algo circunscrito. Ficava limitado a uma sala de aula, ao p\u00e1tio do col\u00e9gio e, de alguma maneira, as pessoas faziam seus rearranjos. Hoje, com a internet, o bullying \u00e0s vezes ganha uma escala nacional&#8221;, disse o ministro. &#8220;Este \u00e9 o pano de fundo para o grande drama que esta gera\u00e7\u00e3o enfrenta.<\/p>\n\n\n\n<p class=\"wp-block-paragraph\">Para Mandetta, a quest\u00e3o do suic\u00eddio e outros temas de sa\u00fade mental devem ser tratados, entre todas as faixas et\u00e1rias,  com informa\u00e7\u00f5es claras e com o m\u00e1ximo de naturalidade poss\u00edvel. &#8220;Assuntos como depress\u00e3o, ansiedade e os cuidados com a sa\u00fade mental t\u00eam que ser inclu\u00eddos na agenda. Temos que dizer que a depress\u00e3o existe e que n\u00e3o se trata apenas de um estado de melancolia. Precisamos desmistific\u00e1-los, abord\u00e1-los como outros assuntos de sa\u00fade, como a hipertens\u00e3o ou a diabete e valorizar a vida&#8221;, exemplificou o ministro ao defender a a\u00e7\u00e3o conjunta de profissionais das \u00e1reas de e educa\u00e7\u00e3o.<\/p>\n\n\n\n<p class=\"wp-block-paragraph\">&#8220;Acho que a sa\u00fade vai ter que ir para as escolas e organizar esta interface junto \u00e0 educa\u00e7\u00e3o. E acho que s\u00e3o os pr\u00f3prios adolescentes, dialogando entre si, que [com orienta\u00e7\u00e3o] v\u00e3o achar as necess\u00e1rias v\u00e1lvulas de escape. Porque eles n\u00e3o v\u00e3o achar com quem falar dentro de casa. N\u00e3o acham na familia. O meio est\u00e1 hostil, os amigos est\u00e3o vivendo no mundo virtual e, no mundo real, esses jovens se deparam com [as exig\u00eancias e frustra\u00e7\u00f5es do] dia a dia&#8221;, concluiu o ministro.<\/p>\n\n\n\n<p class=\"wp-block-paragraph\">Realizada em quase todo o mundo, a campanha Setembro Amarelo ocorre anualmente em setembro e tem o objetivo de sensibilizar e conscientizar a popula\u00e7\u00e3o sobre a quest\u00e3o e informar sobre os sinais que precisam ser observados com aten\u00e7\u00e3o, bem como os locais onde procurar ajuda.<\/p>\n","protected":false},"excerpt":{"rendered":"<p>O Minist\u00e9rio da Sa\u00fade vai aproveitar setembro, m\u00eas de conscientiza\u00e7\u00e3o sobre a import\u00e2ncia da preven\u00e7\u00e3o do suic\u00eddio, para enfatizar a necessidade de aten\u00e7\u00e3o especial com o bem-estar e a sa\u00fade mental de crian\u00e7as e adolescentes. Segundo o ministro Luiz Henrique Mandetta, o foco das a\u00e7\u00f5es desenvolvidas pela pasta durante o Setembro Amarelo ser\u00e1 o p\u00fablico [&hellip;]<\/p>\n","protected":false},"author":1,"featured_media":151894,"comment_status":"open","ping_status":"closed","sticky":false,"template":"","format":"standard","meta":{"amp_status":"","footnotes":""},"categories":[6,40242],"tags":[4606,63243,59799,157566,18923,185976,19326,206128,176579,179792,206129,13944],"class_list":["post-151893","post","type-post","status-publish","format-standard","has-post-thumbnail","hentry","category-br","category-saude-2","tag-brasilia","tag-bullying","tag-campanha-setembro-amarelo","tag-comissao-intergestores-tripartite","tag-internet","tag-luiz-henrique-mandetta","tag-ministerio-da-saude","tag-ministro-luiz-henrique-mandetta","tag-prevencao-do-suicidio","tag-setembro-amarelo","tag-setembro-amarelo-tera-foco-em-prevencao-do-suicidio-entre-os-jovens","tag-suicidio"],"yoast_head":"<!-- This site is optimized with the Yoast SEO plugin v28.3 - https:\/\/yoast.com\/product\/yoast-seo-wordpress\/ -->\n<title>Setembro amarelo ter\u00e1 foco em preven\u00e7\u00e3o do suic\u00eddio entre os jovens - Aconteceu no Vale<\/title>\n<meta name=\"robots\" content=\"index, follow, max-snippet:-1, max-image-preview:large, max-video-preview:-1\" \/>\n<link rel=\"canonical\" href=\"https:\/\/aconteceunovale.com.br\/portal\/?p=151893\" \/>\n<meta property=\"og:locale\" content=\"pt_BR\" \/>\n<meta property=\"og:type\" content=\"article\" \/>\n<meta property=\"og:title\" content=\"Setembro amarelo ter\u00e1 foco em preven\u00e7\u00e3o do suic\u00eddio entre os jovens - Aconteceu no Vale\" \/>\n<meta property=\"og:description\" content=\"O Minist\u00e9rio da Sa\u00fade vai aproveitar setembro, m\u00eas de conscientiza\u00e7\u00e3o sobre a import\u00e2ncia da preven\u00e7\u00e3o do suic\u00eddio, para enfatizar a necessidade de aten\u00e7\u00e3o especial com o bem-estar e a sa\u00fade mental de crian\u00e7as e adolescentes. Segundo o ministro Luiz Henrique Mandetta, o foco das a\u00e7\u00f5es desenvolvidas pela pasta durante o Setembro Amarelo ser\u00e1 o p\u00fablico [&hellip;]\" \/>\n<meta property=\"og:url\" content=\"https:\/\/aconteceunovale.com.br\/portal\/?p=151893\" \/>\n<meta property=\"og:site_name\" content=\"Aconteceu no Vale\" \/>\n<meta property=\"article:publisher\" content=\"https:\/\/www.facebook.com\/aconteceunovale\/\" \/>\n<meta property=\"article:published_time\" content=\"2019-08-29T21:58:04+00:00\" \/>\n<meta property=\"article:modified_time\" content=\"2019-08-29T22:00:47+00:00\" \/>\n<meta property=\"og:image\" content=\"https:\/\/aconteceunovale.com.br\/portal\/wp-content\/uploads\/2019\/08\/setembro_amarelo.jpg\" \/>\n\t<meta property=\"og:image:width\" content=\"675\" \/>\n\t<meta property=\"og:image:height\" content=\"450\" \/>\n\t<meta property=\"og:image:type\" content=\"image\/jpeg\" \/>\n<meta name=\"author\" content=\"Aconteceu no Vale\" \/>\n<meta name=\"twitter:card\" content=\"summary_large_image\" \/>\n<meta name=\"twitter:creator\" content=\"@noticiadosvales\" \/>\n<meta name=\"twitter:site\" content=\"@noticiadosvales\" \/>\n<meta name=\"twitter:label1\" content=\"Escrito por\" \/>\n\t<meta name=\"twitter:data1\" content=\"Aconteceu no Vale\" \/>\n\t<meta name=\"twitter:label2\" content=\"Est. tempo de leitura\" \/>\n\t<meta name=\"twitter:data2\" content=\"3 minutos\" \/>\n<script type=\"application\/ld+json\" class=\"yoast-schema-graph\">{\"@context\":\"https:\\\/\\\/schema.org\",\"@graph\":[{\"@type\":\"Article\",\"@id\":\"https:\\\/\\\/aconteceunovale.com.br\\\/portal\\\/?p=151893#article\",\"isPartOf\":{\"@id\":\"https:\\\/\\\/aconteceunovale.com.br\\\/portal\\\/?p=151893\"},\"author\":{\"name\":\"Aconteceu no Vale\",\"@id\":\"https:\\\/\\\/aconteceunovale.com.br\\\/portal\\\/#\\\/schema\\\/person\\\/633529146f2c94272bef50ac2953d589\"},\"headline\":\"Setembro amarelo ter\u00e1 foco em preven\u00e7\u00e3o do suic\u00eddio entre os jovens\",\"datePublished\":\"2019-08-29T21:58:04+00:00\",\"dateModified\":\"2019-08-29T22:00:47+00:00\",\"mainEntityOfPage\":{\"@id\":\"https:\\\/\\\/aconteceunovale.com.br\\\/portal\\\/?p=151893\"},\"wordCount\":638,\"commentCount\":0,\"image\":{\"@id\":\"https:\\\/\\\/aconteceunovale.com.br\\\/portal\\\/?p=151893#primaryimage\"},\"thumbnailUrl\":\"https:\\\/\\\/aconteceunovale.com.br\\\/portal\\\/wp-content\\\/uploads\\\/2019\\\/08\\\/setembro_amarelo.jpg\",\"keywords\":[\"Bras\u00edlia\",\"Bullying\",\"campanha Setembro Amarelo\",\"Comiss\u00e3o Intergestores Tripartite\",\"internet\",\"Luiz Henrique Mandetta\",\"Minist\u00e9rio da Sa\u00fade\",\"Ministro Luiz Henrique Mandetta\",\"preven\u00e7\u00e3o do suic\u00eddio\",\"setembro amarelo\",\"Setembro amarelo ter\u00e1 foco em preven\u00e7\u00e3o do suic\u00eddio entre os jovens\",\"suic\u00eddio\"],\"articleSection\":[\"Brasil\",\"Sa\u00fade\"],\"inLanguage\":\"pt-BR\",\"potentialAction\":[{\"@type\":\"CommentAction\",\"name\":\"Comment\",\"target\":[\"https:\\\/\\\/aconteceunovale.com.br\\\/portal\\\/?p=151893#respond\"]}]},{\"@type\":\"WebPage\",\"@id\":\"https:\\\/\\\/aconteceunovale.com.br\\\/portal\\\/?p=151893\",\"url\":\"https:\\\/\\\/aconteceunovale.com.br\\\/portal\\\/?p=151893\",\"name\":\"Setembro amarelo ter\u00e1 foco em preven\u00e7\u00e3o do suic\u00eddio entre os jovens - Aconteceu no Vale\",\"isPartOf\":{\"@id\":\"https:\\\/\\\/aconteceunovale.com.br\\\/portal\\\/#website\"},\"primaryImageOfPage\":{\"@id\":\"https:\\\/\\\/aconteceunovale.com.br\\\/portal\\\/?p=151893#primaryimage\"},\"image\":{\"@id\":\"https:\\\/\\\/aconteceunovale.com.br\\\/portal\\\/?p=151893#primaryimage\"},\"thumbnailUrl\":\"https:\\\/\\\/aconteceunovale.com.br\\\/portal\\\/wp-content\\\/uploads\\\/2019\\\/08\\\/setembro_amarelo.jpg\",\"datePublished\":\"2019-08-29T21:58:04+00:00\",\"dateModified\":\"2019-08-29T22:00:47+00:00\",\"author\":{\"@id\":\"https:\\\/\\\/aconteceunovale.com.br\\\/portal\\\/#\\\/schema\\\/person\\\/633529146f2c94272bef50ac2953d589\"},\"breadcrumb\":{\"@id\":\"https:\\\/\\\/aconteceunovale.com.br\\\/portal\\\/?p=151893#breadcrumb\"},\"inLanguage\":\"pt-BR\",\"potentialAction\":[{\"@type\":\"ReadAction\",\"target\":[\"https:\\\/\\\/aconteceunovale.com.br\\\/portal\\\/?p=151893\"]}]},{\"@type\":\"ImageObject\",\"inLanguage\":\"pt-BR\",\"@id\":\"https:\\\/\\\/aconteceunovale.com.br\\\/portal\\\/?p=151893#primaryimage\",\"url\":\"https:\\\/\\\/aconteceunovale.com.br\\\/portal\\\/wp-content\\\/uploads\\\/2019\\\/08\\\/setembro_amarelo.jpg\",\"contentUrl\":\"https:\\\/\\\/aconteceunovale.com.br\\\/portal\\\/wp-content\\\/uploads\\\/2019\\\/08\\\/setembro_amarelo.jpg\",\"width\":675,\"height\":450},{\"@type\":\"BreadcrumbList\",\"@id\":\"https:\\\/\\\/aconteceunovale.com.br\\\/portal\\\/?p=151893#breadcrumb\",\"itemListElement\":[{\"@type\":\"ListItem\",\"position\":1,\"name\":\"In\u00edcio\",\"item\":\"https:\\\/\\\/aconteceunovale.com.br\\\/portal\\\/\"},{\"@type\":\"ListItem\",\"position\":2,\"name\":\"Setembro amarelo ter\u00e1 foco em preven\u00e7\u00e3o do suic\u00eddio entre os jovens\"}]},{\"@type\":\"WebSite\",\"@id\":\"https:\\\/\\\/aconteceunovale.com.br\\\/portal\\\/#website\",\"url\":\"https:\\\/\\\/aconteceunovale.com.br\\\/portal\\\/\",\"name\":\"Aconteceu no Vale\",\"description\":\"Portal de Not\u00edcias\",\"potentialAction\":[{\"@type\":\"SearchAction\",\"target\":{\"@type\":\"EntryPoint\",\"urlTemplate\":\"https:\\\/\\\/aconteceunovale.com.br\\\/portal\\\/?s={search_term_string}\"},\"query-input\":{\"@type\":\"PropertyValueSpecification\",\"valueRequired\":true,\"valueName\":\"search_term_string\"}}],\"inLanguage\":\"pt-BR\"},{\"@type\":\"Person\",\"@id\":\"https:\\\/\\\/aconteceunovale.com.br\\\/portal\\\/#\\\/schema\\\/person\\\/633529146f2c94272bef50ac2953d589\",\"name\":\"Aconteceu no Vale\",\"description\":\"Equipe de reportagem do Aconteceu no Vale, portal de not\u00edcias do Vale do Jequitinhonha, em Minas Gerais. Cobrimos as 51 cidades do Vale desde 2013. Sugest\u00f5es de pauta e pedidos de corre\u00e7\u00e3o: contato@aconteceunovale.com.br\",\"sameAs\":[\"http:\\\/\\\/www.aconteceunovale.com.br\"],\"url\":\"https:\\\/\\\/aconteceunovale.com.br\\\/portal\\\/?author=1\"}]}<\/script>\n<!-- \/ Yoast SEO plugin. -->","yoast_head_json":{"title":"Setembro amarelo ter\u00e1 foco em preven\u00e7\u00e3o do suic\u00eddio entre os jovens - Aconteceu no Vale","robots":{"index":"index","follow":"follow","max-snippet":"max-snippet:-1","max-image-preview":"max-image-preview:large","max-video-preview":"max-video-preview:-1"},"canonical":"https:\/\/aconteceunovale.com.br\/portal\/?p=151893","og_locale":"pt_BR","og_type":"article","og_title":"Setembro amarelo ter\u00e1 foco em preven\u00e7\u00e3o do suic\u00eddio entre os jovens - Aconteceu no Vale","og_description":"O Minist\u00e9rio da Sa\u00fade vai aproveitar setembro, m\u00eas de conscientiza\u00e7\u00e3o sobre a import\u00e2ncia da preven\u00e7\u00e3o do suic\u00eddio, para enfatizar a necessidade de aten\u00e7\u00e3o especial com o bem-estar e a sa\u00fade mental de crian\u00e7as e adolescentes. Segundo o ministro Luiz Henrique Mandetta, o foco das a\u00e7\u00f5es desenvolvidas pela pasta durante o Setembro Amarelo ser\u00e1 o p\u00fablico [&hellip;]","og_url":"https:\/\/aconteceunovale.com.br\/portal\/?p=151893","og_site_name":"Aconteceu no Vale","article_publisher":"https:\/\/www.facebook.com\/aconteceunovale\/","article_published_time":"2019-08-29T21:58:04+00:00","article_modified_time":"2019-08-29T22:00:47+00:00","og_image":[{"width":675,"height":450,"url":"https:\/\/aconteceunovale.com.br\/portal\/wp-content\/uploads\/2019\/08\/setembro_amarelo.jpg","type":"image\/jpeg"}],"author":"Aconteceu no Vale","twitter_card":"summary_large_image","twitter_creator":"@noticiadosvales","twitter_site":"@noticiadosvales","twitter_misc":{"Escrito por":"Aconteceu no Vale","Est. tempo de leitura":"3 minutos"},"schema":{"@context":"https:\/\/schema.org","@graph":[{"@type":"Article","@id":"https:\/\/aconteceunovale.com.br\/portal\/?p=151893#article","isPartOf":{"@id":"https:\/\/aconteceunovale.com.br\/portal\/?p=151893"},"author":{"name":"Aconteceu no Vale","@id":"https:\/\/aconteceunovale.com.br\/portal\/#\/schema\/person\/633529146f2c94272bef50ac2953d589"},"headline":"Setembro amarelo ter\u00e1 foco em preven\u00e7\u00e3o do suic\u00eddio entre os jovens","datePublished":"2019-08-29T21:58:04+00:00","dateModified":"2019-08-29T22:00:47+00:00","mainEntityOfPage":{"@id":"https:\/\/aconteceunovale.com.br\/portal\/?p=151893"},"wordCount":638,"commentCount":0,"image":{"@id":"https:\/\/aconteceunovale.com.br\/portal\/?p=151893#primaryimage"},"thumbnailUrl":"https:\/\/aconteceunovale.com.br\/portal\/wp-content\/uploads\/2019\/08\/setembro_amarelo.jpg","keywords":["Bras\u00edlia","Bullying","campanha Setembro Amarelo","Comiss\u00e3o Intergestores Tripartite","internet","Luiz Henrique Mandetta","Minist\u00e9rio da Sa\u00fade","Ministro Luiz Henrique Mandetta","preven\u00e7\u00e3o do suic\u00eddio","setembro amarelo","Setembro amarelo ter\u00e1 foco em preven\u00e7\u00e3o do suic\u00eddio entre os jovens","suic\u00eddio"],"articleSection":["Brasil","Sa\u00fade"],"inLanguage":"pt-BR","potentialAction":[{"@type":"CommentAction","name":"Comment","target":["https:\/\/aconteceunovale.com.br\/portal\/?p=151893#respond"]}]},{"@type":"WebPage","@id":"https:\/\/aconteceunovale.com.br\/portal\/?p=151893","url":"https:\/\/aconteceunovale.com.br\/portal\/?p=151893","name":"Setembro amarelo ter\u00e1 foco em preven\u00e7\u00e3o do suic\u00eddio entre os jovens - Aconteceu no Vale","isPartOf":{"@id":"https:\/\/aconteceunovale.com.br\/portal\/#website"},"primaryImageOfPage":{"@id":"https:\/\/aconteceunovale.com.br\/portal\/?p=151893#primaryimage"},"image":{"@id":"https:\/\/aconteceunovale.com.br\/portal\/?p=151893#primaryimage"},"thumbnailUrl":"https:\/\/aconteceunovale.com.br\/portal\/wp-content\/uploads\/2019\/08\/setembro_amarelo.jpg","datePublished":"2019-08-29T21:58:04+00:00","dateModified":"2019-08-29T22:00:47+00:00","author":{"@id":"https:\/\/aconteceunovale.com.br\/portal\/#\/schema\/person\/633529146f2c94272bef50ac2953d589"},"breadcrumb":{"@id":"https:\/\/aconteceunovale.com.br\/portal\/?p=151893#breadcrumb"},"inLanguage":"pt-BR","potentialAction":[{"@type":"ReadAction","target":["https:\/\/aconteceunovale.com.br\/portal\/?p=151893"]}]},{"@type":"ImageObject","inLanguage":"pt-BR","@id":"https:\/\/aconteceunovale.com.br\/portal\/?p=151893#primaryimage","url":"https:\/\/aconteceunovale.com.br\/portal\/wp-content\/uploads\/2019\/08\/setembro_amarelo.jpg","contentUrl":"https:\/\/aconteceunovale.com.br\/portal\/wp-content\/uploads\/2019\/08\/setembro_amarelo.jpg","width":675,"height":450},{"@type":"BreadcrumbList","@id":"https:\/\/aconteceunovale.com.br\/portal\/?p=151893#breadcrumb","itemListElement":[{"@type":"ListItem","position":1,"name":"In\u00edcio","item":"https:\/\/aconteceunovale.com.br\/portal\/"},{"@type":"ListItem","position":2,"name":"Setembro amarelo ter\u00e1 foco em preven\u00e7\u00e3o do suic\u00eddio entre os jovens"}]},{"@type":"WebSite","@id":"https:\/\/aconteceunovale.com.br\/portal\/#website","url":"https:\/\/aconteceunovale.com.br\/portal\/","name":"Aconteceu no Vale","description":"Portal de Not\u00edcias","potentialAction":[{"@type":"SearchAction","target":{"@type":"EntryPoint","urlTemplate":"https:\/\/aconteceunovale.com.br\/portal\/?s={search_term_string}"},"query-input":{"@type":"PropertyValueSpecification","valueRequired":true,"valueName":"search_term_string"}}],"inLanguage":"pt-BR"},{"@type":"Person","@id":"https:\/\/aconteceunovale.com.br\/portal\/#\/schema\/person\/633529146f2c94272bef50ac2953d589","name":"Aconteceu no Vale","description":"Equipe de reportagem do Aconteceu no Vale, portal de not\u00edcias do Vale do Jequitinhonha, em Minas Gerais. Cobrimos as 51 cidades do Vale desde 2013. Sugest\u00f5es de pauta e pedidos de corre\u00e7\u00e3o: contato@aconteceunovale.com.br","sameAs":["http:\/\/www.aconteceunovale.com.br"],"url":"https:\/\/aconteceunovale.com.br\/portal\/?author=1"}]}},"_links":{"self":[{"href":"https:\/\/aconteceunovale.com.br\/portal\/index.php?rest_route=\/wp\/v2\/posts\/151893","targetHints":{"allow":["GET"]}}],"collection":[{"href":"https:\/\/aconteceunovale.com.br\/portal\/index.php?rest_route=\/wp\/v2\/posts"}],"about":[{"href":"https:\/\/aconteceunovale.com.br\/portal\/index.php?rest_route=\/wp\/v2\/types\/post"}],"author":[{"embeddable":true,"href":"https:\/\/aconteceunovale.com.br\/portal\/index.php?rest_route=\/wp\/v2\/users\/1"}],"replies":[{"embeddable":true,"href":"https:\/\/aconteceunovale.com.br\/portal\/index.php?rest_route=%2Fwp%2Fv2%2Fcomments&post=151893"}],"version-history":[{"count":1,"href":"https:\/\/aconteceunovale.com.br\/portal\/index.php?rest_route=\/wp\/v2\/posts\/151893\/revisions"}],"predecessor-version":[{"id":151895,"href":"https:\/\/aconteceunovale.com.br\/portal\/index.php?rest_route=\/wp\/v2\/posts\/151893\/revisions\/151895"}],"wp:featuredmedia":[{"embeddable":true,"href":"https:\/\/aconteceunovale.com.br\/portal\/index.php?rest_route=\/wp\/v2\/media\/151894"}],"wp:attachment":[{"href":"https:\/\/aconteceunovale.com.br\/portal\/index.php?rest_route=%2Fwp%2Fv2%2Fmedia&parent=151893"}],"wp:term":[{"taxonomy":"category","embeddable":true,"href":"https:\/\/aconteceunovale.com.br\/portal\/index.php?rest_route=%2Fwp%2Fv2%2Fcategories&post=151893"},{"taxonomy":"post_tag","embeddable":true,"href":"https:\/\/aconteceunovale.com.br\/portal\/index.php?rest_route=%2Fwp%2Fv2%2Ftags&post=151893"}],"curies":[{"name":"wp","href":"https:\/\/api.w.org\/{rel}","templated":true}]}}