{"id":151891,"date":"2019-08-29T18:53:17","date_gmt":"2019-08-29T21:53:17","guid":{"rendered":"http:\/\/aconteceunovale.com.br\/portal\/?p=151891"},"modified":"2019-08-29T18:53:20","modified_gmt":"2019-08-29T21:53:20","slug":"ha-ambicoes-em-relacao-a-amazonia-diz-general-augusto-heleno","status":"publish","type":"post","link":"https:\/\/aconteceunovale.com.br\/portal\/?p=151891","title":{"rendered":"H\u00e1 ambi\u00e7\u00f5es em rela\u00e7\u00e3o \u00e0 Amaz\u00f4nia, diz general Augusto Heleno"},"content":{"rendered":"\n<p class=\"wp-block-paragraph\">O ministro-chefe do Gabinete de Seguran\u00e7a Institucional, general Augusto Heleno, afirmou hoje (29) que a Amaz\u00f4nia \u00e9 objeto de cobi\u00e7a internacional por conta de seus recursos naturais e biodiversidade. Heleno discursou na Escola Naval, no Rio de Janeiro, durante o Congresso Acad\u00eamico sobre Defesa Nacional.<\/p>\n\n\n\n<p class=\"wp-block-paragraph\">&#8220;\u00c9 irrespons\u00e1vel acharmos que a Amaz\u00f4nia n\u00e3o \u00e9 objeto de cobi\u00e7a internacional. O mundo tem uma crise, e ela \u00e9 vastamente comentada, uma crise de alimentos, uma crise de mat\u00e9ria-prima, de&nbsp;<em>commodities<\/em>&#8220;, disse ele. &#8220;A Amaz\u00f4nia \u00e9 vista como um dep\u00f3sito de futuras conquistas do ser humano. Ent\u00e3o, \u00e9 \u00f3bvio que h\u00e1 ambi\u00e7\u00f5es claras em rela\u00e7\u00e3o a Amaz\u00f4nia&#8221;.<\/p>\n\n\n\n<p class=\"wp-block-paragraph\">Para Heleno, o presidente franc\u00eas Emmanuel Macron fez ofensas ao governo brasileiro por interesses pol\u00edticos em um contexto em que enfrenta problemas internos em seu pa\u00eds.<\/p>\n\n\n\n<p class=\"wp-block-paragraph\">&#8220;Ele est\u00e1 transferindo para os inc\u00eandios na Floresta Amaz\u00f4nica todos os problemas da humanidade&#8221;, disse Heleno, ao afirmar que \u00e9 necess\u00e1rio dar uma aten\u00e7\u00e3o muito grande \u00e0 conserva\u00e7\u00e3o, mas que as preocupa\u00e7\u00f5es foram &#8220;colocadas de forma exagerada&#8221;. &#8220;N\u00e3o podemos aceitar que o Brasil seja difamado mundialmente por uma jogada pol\u00edtica, por interesse de um pol\u00edtico, que n\u00e3o \u00e9 o interesse nem do seu pa\u00eds nem o interesse da Europa&#8221;.<\/p>\n\n\n\n<p class=\"wp-block-paragraph\">A jornalistas, o general afirmou na sa\u00edda do evento que ainda n\u00e3o pode fazer uma avalia\u00e7\u00e3o oficial sobre a opera\u00e7\u00e3o de combate aos focos de inc\u00eandio, mas disse que as not\u00edcias que tem recebido s\u00e3o de que os resultados s\u00e3o positivos.<\/p>\n\n\n\n<p class=\"wp-block-paragraph\">&#8220;Pelo que a gente sabe por not\u00edcias que chegam, a opera\u00e7\u00e3o est\u00e1 sendo um sucesso e conseguindo o objetivo principal que \u00e9 neutralizar as queimadas, que n\u00e3o s\u00e3o da amplitude nem da gravidade que vinha sendo anunciado&#8221;.<\/p>\n","protected":false},"excerpt":{"rendered":"<p>O ministro-chefe do Gabinete de Seguran\u00e7a Institucional, general Augusto Heleno, afirmou hoje (29) que a Amaz\u00f4nia \u00e9 objeto de cobi\u00e7a internacional por conta de seus recursos naturais e biodiversidade. Heleno discursou na Escola Naval, no Rio de Janeiro, durante o Congresso Acad\u00eamico sobre Defesa Nacional. &#8220;\u00c9 irrespons\u00e1vel acharmos que a Amaz\u00f4nia n\u00e3o \u00e9 objeto de [&hellip;]<\/p>\n","protected":false},"author":1,"featured_media":138213,"comment_status":"open","ping_status":"closed","sticky":false,"template":"","format":"standard","meta":{"amp_status":"","footnotes":""},"categories":[6,40240],"tags":[21169,206123,61961,206124,206127,184537,14945,5227,206126,205716,206125,1829,93869,206122],"class_list":["post-151891","post","type-post","status-publish","format-standard","has-post-thumbnail","hentry","category-br","category-politica","tag-amazonia","tag-amazonia-e-objeto-de-cobica-internacional","tag-biodiversidade","tag-cobica-internacional-pela-amazonia","tag-diz-general-augusto-heleno","tag-emmanuel-macron","tag-floresta-amazonica","tag-general-augusto-heleno","tag-ha-ambicoes-em-relacao-a-amazonia","tag-incendio-na-amazonia","tag-macron","tag-meio-ambiente","tag-ministro-chefe-do-gabinete-de-seguranca-institucional","tag-recursos-naturais"],"yoast_head":"<!-- This site is optimized with the Yoast SEO plugin v28.3 - https:\/\/yoast.com\/product\/yoast-seo-wordpress\/ -->\n<title>H\u00e1 ambi\u00e7\u00f5es em rela\u00e7\u00e3o \u00e0 Amaz\u00f4nia, diz general Augusto Heleno - Aconteceu no Vale<\/title>\n<meta name=\"robots\" content=\"index, follow, max-snippet:-1, max-image-preview:large, max-video-preview:-1\" \/>\n<link rel=\"canonical\" href=\"https:\/\/aconteceunovale.com.br\/portal\/?p=151891\" \/>\n<meta property=\"og:locale\" content=\"pt_BR\" \/>\n<meta property=\"og:type\" content=\"article\" \/>\n<meta property=\"og:title\" content=\"H\u00e1 ambi\u00e7\u00f5es em rela\u00e7\u00e3o \u00e0 Amaz\u00f4nia, diz general Augusto Heleno - Aconteceu no Vale\" \/>\n<meta property=\"og:description\" content=\"O ministro-chefe do Gabinete de Seguran\u00e7a Institucional, general Augusto Heleno, afirmou hoje (29) que a Amaz\u00f4nia \u00e9 objeto de cobi\u00e7a internacional por conta de seus recursos naturais e biodiversidade. Heleno discursou na Escola Naval, no Rio de Janeiro, durante o Congresso Acad\u00eamico sobre Defesa Nacional. &#8220;\u00c9 irrespons\u00e1vel acharmos que a Amaz\u00f4nia n\u00e3o \u00e9 objeto de [&hellip;]\" \/>\n<meta property=\"og:url\" content=\"https:\/\/aconteceunovale.com.br\/portal\/?p=151891\" \/>\n<meta property=\"og:site_name\" content=\"Aconteceu no Vale\" \/>\n<meta property=\"article:publisher\" content=\"https:\/\/www.facebook.com\/aconteceunovale\/\" \/>\n<meta property=\"article:published_time\" content=\"2019-08-29T21:53:17+00:00\" \/>\n<meta property=\"article:modified_time\" content=\"2019-08-29T21:53:20+00:00\" \/>\n<meta property=\"og:image\" content=\"https:\/\/aconteceunovale.com.br\/portal\/wp-content\/uploads\/2018\/11\/general_heleno.jpg\" \/>\n\t<meta property=\"og:image:width\" content=\"675\" \/>\n\t<meta property=\"og:image:height\" content=\"450\" \/>\n\t<meta property=\"og:image:type\" content=\"image\/jpeg\" \/>\n<meta name=\"author\" content=\"Aconteceu no Vale\" \/>\n<meta name=\"twitter:card\" content=\"summary_large_image\" \/>\n<meta name=\"twitter:creator\" content=\"@noticiadosvales\" \/>\n<meta name=\"twitter:site\" content=\"@noticiadosvales\" \/>\n<meta name=\"twitter:label1\" content=\"Escrito por\" \/>\n\t<meta name=\"twitter:data1\" content=\"Aconteceu no Vale\" \/>\n\t<meta name=\"twitter:label2\" content=\"Est. tempo de leitura\" \/>\n\t<meta name=\"twitter:data2\" content=\"2 minutos\" \/>\n<script type=\"application\/ld+json\" class=\"yoast-schema-graph\">{\"@context\":\"https:\\\/\\\/schema.org\",\"@graph\":[{\"@type\":\"Article\",\"@id\":\"https:\\\/\\\/aconteceunovale.com.br\\\/portal\\\/?p=151891#article\",\"isPartOf\":{\"@id\":\"https:\\\/\\\/aconteceunovale.com.br\\\/portal\\\/?p=151891\"},\"author\":{\"name\":\"Aconteceu no Vale\",\"@id\":\"https:\\\/\\\/aconteceunovale.com.br\\\/portal\\\/#\\\/schema\\\/person\\\/633529146f2c94272bef50ac2953d589\"},\"headline\":\"H\u00e1 ambi\u00e7\u00f5es em rela\u00e7\u00e3o \u00e0 Amaz\u00f4nia, diz general Augusto Heleno\",\"datePublished\":\"2019-08-29T21:53:17+00:00\",\"dateModified\":\"2019-08-29T21:53:20+00:00\",\"mainEntityOfPage\":{\"@id\":\"https:\\\/\\\/aconteceunovale.com.br\\\/portal\\\/?p=151891\"},\"wordCount\":319,\"commentCount\":0,\"image\":{\"@id\":\"https:\\\/\\\/aconteceunovale.com.br\\\/portal\\\/?p=151891#primaryimage\"},\"thumbnailUrl\":\"https:\\\/\\\/aconteceunovale.com.br\\\/portal\\\/wp-content\\\/uploads\\\/2018\\\/11\\\/general_heleno.jpg\",\"keywords\":[\"amaz\u00f4nia\",\"Amaz\u00f4nia \u00e9 objeto de cobi\u00e7a internacional\",\"biodiversidade\",\"Cobi\u00e7a internacional pela Amaz\u00f4nia\",\"diz general Augusto Heleno\",\"Emmanuel Macron\",\"Floresta Amaz\u00f4nica\",\"General Augusto Heleno\",\"H\u00e1 ambi\u00e7\u00f5es em rela\u00e7\u00e3o \u00e0 Amaz\u00f4nia\",\"inc\u00eandio na Amaz\u00f4nia\",\"Macron\",\"Meio Ambiente\",\"ministro-chefe do Gabinete de Seguran\u00e7a Institucional\",\"recursos naturais\"],\"articleSection\":[\"Brasil\",\"Pol\u00edtica\"],\"inLanguage\":\"pt-BR\",\"potentialAction\":[{\"@type\":\"CommentAction\",\"name\":\"Comment\",\"target\":[\"https:\\\/\\\/aconteceunovale.com.br\\\/portal\\\/?p=151891#respond\"]}]},{\"@type\":\"WebPage\",\"@id\":\"https:\\\/\\\/aconteceunovale.com.br\\\/portal\\\/?p=151891\",\"url\":\"https:\\\/\\\/aconteceunovale.com.br\\\/portal\\\/?p=151891\",\"name\":\"H\u00e1 ambi\u00e7\u00f5es em rela\u00e7\u00e3o \u00e0 Amaz\u00f4nia, diz general Augusto Heleno - Aconteceu no Vale\",\"isPartOf\":{\"@id\":\"https:\\\/\\\/aconteceunovale.com.br\\\/portal\\\/#website\"},\"primaryImageOfPage\":{\"@id\":\"https:\\\/\\\/aconteceunovale.com.br\\\/portal\\\/?p=151891#primaryimage\"},\"image\":{\"@id\":\"https:\\\/\\\/aconteceunovale.com.br\\\/portal\\\/?p=151891#primaryimage\"},\"thumbnailUrl\":\"https:\\\/\\\/aconteceunovale.com.br\\\/portal\\\/wp-content\\\/uploads\\\/2018\\\/11\\\/general_heleno.jpg\",\"datePublished\":\"2019-08-29T21:53:17+00:00\",\"dateModified\":\"2019-08-29T21:53:20+00:00\",\"author\":{\"@id\":\"https:\\\/\\\/aconteceunovale.com.br\\\/portal\\\/#\\\/schema\\\/person\\\/633529146f2c94272bef50ac2953d589\"},\"breadcrumb\":{\"@id\":\"https:\\\/\\\/aconteceunovale.com.br\\\/portal\\\/?p=151891#breadcrumb\"},\"inLanguage\":\"pt-BR\",\"potentialAction\":[{\"@type\":\"ReadAction\",\"target\":[\"https:\\\/\\\/aconteceunovale.com.br\\\/portal\\\/?p=151891\"]}]},{\"@type\":\"ImageObject\",\"inLanguage\":\"pt-BR\",\"@id\":\"https:\\\/\\\/aconteceunovale.com.br\\\/portal\\\/?p=151891#primaryimage\",\"url\":\"https:\\\/\\\/aconteceunovale.com.br\\\/portal\\\/wp-content\\\/uploads\\\/2018\\\/11\\\/general_heleno.jpg\",\"contentUrl\":\"https:\\\/\\\/aconteceunovale.com.br\\\/portal\\\/wp-content\\\/uploads\\\/2018\\\/11\\\/general_heleno.jpg\",\"width\":675,\"height\":450},{\"@type\":\"BreadcrumbList\",\"@id\":\"https:\\\/\\\/aconteceunovale.com.br\\\/portal\\\/?p=151891#breadcrumb\",\"itemListElement\":[{\"@type\":\"ListItem\",\"position\":1,\"name\":\"In\u00edcio\",\"item\":\"https:\\\/\\\/aconteceunovale.com.br\\\/portal\\\/\"},{\"@type\":\"ListItem\",\"position\":2,\"name\":\"H\u00e1 ambi\u00e7\u00f5es em rela\u00e7\u00e3o \u00e0 Amaz\u00f4nia, diz general Augusto Heleno\"}]},{\"@type\":\"WebSite\",\"@id\":\"https:\\\/\\\/aconteceunovale.com.br\\\/portal\\\/#website\",\"url\":\"https:\\\/\\\/aconteceunovale.com.br\\\/portal\\\/\",\"name\":\"Aconteceu no Vale\",\"description\":\"Portal de Not\u00edcias\",\"potentialAction\":[{\"@type\":\"SearchAction\",\"target\":{\"@type\":\"EntryPoint\",\"urlTemplate\":\"https:\\\/\\\/aconteceunovale.com.br\\\/portal\\\/?s={search_term_string}\"},\"query-input\":{\"@type\":\"PropertyValueSpecification\",\"valueRequired\":true,\"valueName\":\"search_term_string\"}}],\"inLanguage\":\"pt-BR\"},{\"@type\":\"Person\",\"@id\":\"https:\\\/\\\/aconteceunovale.com.br\\\/portal\\\/#\\\/schema\\\/person\\\/633529146f2c94272bef50ac2953d589\",\"name\":\"Aconteceu no Vale\",\"description\":\"Equipe de reportagem do Aconteceu no Vale, portal de not\u00edcias do Vale do Jequitinhonha, em Minas Gerais. Cobrimos as 51 cidades do Vale desde 2013. Sugest\u00f5es de pauta e pedidos de corre\u00e7\u00e3o: contato@aconteceunovale.com.br\",\"sameAs\":[\"http:\\\/\\\/www.aconteceunovale.com.br\"],\"url\":\"https:\\\/\\\/aconteceunovale.com.br\\\/portal\\\/?author=1\"}]}<\/script>\n<!-- \/ Yoast SEO plugin. -->","yoast_head_json":{"title":"H\u00e1 ambi\u00e7\u00f5es em rela\u00e7\u00e3o \u00e0 Amaz\u00f4nia, diz general Augusto Heleno - Aconteceu no Vale","robots":{"index":"index","follow":"follow","max-snippet":"max-snippet:-1","max-image-preview":"max-image-preview:large","max-video-preview":"max-video-preview:-1"},"canonical":"https:\/\/aconteceunovale.com.br\/portal\/?p=151891","og_locale":"pt_BR","og_type":"article","og_title":"H\u00e1 ambi\u00e7\u00f5es em rela\u00e7\u00e3o \u00e0 Amaz\u00f4nia, diz general Augusto Heleno - Aconteceu no Vale","og_description":"O ministro-chefe do Gabinete de Seguran\u00e7a Institucional, general Augusto Heleno, afirmou hoje (29) que a Amaz\u00f4nia \u00e9 objeto de cobi\u00e7a internacional por conta de seus recursos naturais e biodiversidade. Heleno discursou na Escola Naval, no Rio de Janeiro, durante o Congresso Acad\u00eamico sobre Defesa Nacional. &#8220;\u00c9 irrespons\u00e1vel acharmos que a Amaz\u00f4nia n\u00e3o \u00e9 objeto de [&hellip;]","og_url":"https:\/\/aconteceunovale.com.br\/portal\/?p=151891","og_site_name":"Aconteceu no Vale","article_publisher":"https:\/\/www.facebook.com\/aconteceunovale\/","article_published_time":"2019-08-29T21:53:17+00:00","article_modified_time":"2019-08-29T21:53:20+00:00","og_image":[{"width":675,"height":450,"url":"https:\/\/aconteceunovale.com.br\/portal\/wp-content\/uploads\/2018\/11\/general_heleno.jpg","type":"image\/jpeg"}],"author":"Aconteceu no Vale","twitter_card":"summary_large_image","twitter_creator":"@noticiadosvales","twitter_site":"@noticiadosvales","twitter_misc":{"Escrito por":"Aconteceu no Vale","Est. tempo de leitura":"2 minutos"},"schema":{"@context":"https:\/\/schema.org","@graph":[{"@type":"Article","@id":"https:\/\/aconteceunovale.com.br\/portal\/?p=151891#article","isPartOf":{"@id":"https:\/\/aconteceunovale.com.br\/portal\/?p=151891"},"author":{"name":"Aconteceu no Vale","@id":"https:\/\/aconteceunovale.com.br\/portal\/#\/schema\/person\/633529146f2c94272bef50ac2953d589"},"headline":"H\u00e1 ambi\u00e7\u00f5es em rela\u00e7\u00e3o \u00e0 Amaz\u00f4nia, diz general Augusto Heleno","datePublished":"2019-08-29T21:53:17+00:00","dateModified":"2019-08-29T21:53:20+00:00","mainEntityOfPage":{"@id":"https:\/\/aconteceunovale.com.br\/portal\/?p=151891"},"wordCount":319,"commentCount":0,"image":{"@id":"https:\/\/aconteceunovale.com.br\/portal\/?p=151891#primaryimage"},"thumbnailUrl":"https:\/\/aconteceunovale.com.br\/portal\/wp-content\/uploads\/2018\/11\/general_heleno.jpg","keywords":["amaz\u00f4nia","Amaz\u00f4nia \u00e9 objeto de cobi\u00e7a internacional","biodiversidade","Cobi\u00e7a internacional pela Amaz\u00f4nia","diz general Augusto Heleno","Emmanuel Macron","Floresta Amaz\u00f4nica","General Augusto Heleno","H\u00e1 ambi\u00e7\u00f5es em rela\u00e7\u00e3o \u00e0 Amaz\u00f4nia","inc\u00eandio na Amaz\u00f4nia","Macron","Meio Ambiente","ministro-chefe do Gabinete de Seguran\u00e7a Institucional","recursos naturais"],"articleSection":["Brasil","Pol\u00edtica"],"inLanguage":"pt-BR","potentialAction":[{"@type":"CommentAction","name":"Comment","target":["https:\/\/aconteceunovale.com.br\/portal\/?p=151891#respond"]}]},{"@type":"WebPage","@id":"https:\/\/aconteceunovale.com.br\/portal\/?p=151891","url":"https:\/\/aconteceunovale.com.br\/portal\/?p=151891","name":"H\u00e1 ambi\u00e7\u00f5es em rela\u00e7\u00e3o \u00e0 Amaz\u00f4nia, diz general Augusto Heleno - Aconteceu no Vale","isPartOf":{"@id":"https:\/\/aconteceunovale.com.br\/portal\/#website"},"primaryImageOfPage":{"@id":"https:\/\/aconteceunovale.com.br\/portal\/?p=151891#primaryimage"},"image":{"@id":"https:\/\/aconteceunovale.com.br\/portal\/?p=151891#primaryimage"},"thumbnailUrl":"https:\/\/aconteceunovale.com.br\/portal\/wp-content\/uploads\/2018\/11\/general_heleno.jpg","datePublished":"2019-08-29T21:53:17+00:00","dateModified":"2019-08-29T21:53:20+00:00","author":{"@id":"https:\/\/aconteceunovale.com.br\/portal\/#\/schema\/person\/633529146f2c94272bef50ac2953d589"},"breadcrumb":{"@id":"https:\/\/aconteceunovale.com.br\/portal\/?p=151891#breadcrumb"},"inLanguage":"pt-BR","potentialAction":[{"@type":"ReadAction","target":["https:\/\/aconteceunovale.com.br\/portal\/?p=151891"]}]},{"@type":"ImageObject","inLanguage":"pt-BR","@id":"https:\/\/aconteceunovale.com.br\/portal\/?p=151891#primaryimage","url":"https:\/\/aconteceunovale.com.br\/portal\/wp-content\/uploads\/2018\/11\/general_heleno.jpg","contentUrl":"https:\/\/aconteceunovale.com.br\/portal\/wp-content\/uploads\/2018\/11\/general_heleno.jpg","width":675,"height":450},{"@type":"BreadcrumbList","@id":"https:\/\/aconteceunovale.com.br\/portal\/?p=151891#breadcrumb","itemListElement":[{"@type":"ListItem","position":1,"name":"In\u00edcio","item":"https:\/\/aconteceunovale.com.br\/portal\/"},{"@type":"ListItem","position":2,"name":"H\u00e1 ambi\u00e7\u00f5es em rela\u00e7\u00e3o \u00e0 Amaz\u00f4nia, diz general Augusto Heleno"}]},{"@type":"WebSite","@id":"https:\/\/aconteceunovale.com.br\/portal\/#website","url":"https:\/\/aconteceunovale.com.br\/portal\/","name":"Aconteceu no Vale","description":"Portal de Not\u00edcias","potentialAction":[{"@type":"SearchAction","target":{"@type":"EntryPoint","urlTemplate":"https:\/\/aconteceunovale.com.br\/portal\/?s={search_term_string}"},"query-input":{"@type":"PropertyValueSpecification","valueRequired":true,"valueName":"search_term_string"}}],"inLanguage":"pt-BR"},{"@type":"Person","@id":"https:\/\/aconteceunovale.com.br\/portal\/#\/schema\/person\/633529146f2c94272bef50ac2953d589","name":"Aconteceu no Vale","description":"Equipe de reportagem do Aconteceu no Vale, portal de not\u00edcias do Vale do Jequitinhonha, em Minas Gerais. Cobrimos as 51 cidades do Vale desde 2013. Sugest\u00f5es de pauta e pedidos de corre\u00e7\u00e3o: contato@aconteceunovale.com.br","sameAs":["http:\/\/www.aconteceunovale.com.br"],"url":"https:\/\/aconteceunovale.com.br\/portal\/?author=1"}]}},"_links":{"self":[{"href":"https:\/\/aconteceunovale.com.br\/portal\/index.php?rest_route=\/wp\/v2\/posts\/151891","targetHints":{"allow":["GET"]}}],"collection":[{"href":"https:\/\/aconteceunovale.com.br\/portal\/index.php?rest_route=\/wp\/v2\/posts"}],"about":[{"href":"https:\/\/aconteceunovale.com.br\/portal\/index.php?rest_route=\/wp\/v2\/types\/post"}],"author":[{"embeddable":true,"href":"https:\/\/aconteceunovale.com.br\/portal\/index.php?rest_route=\/wp\/v2\/users\/1"}],"replies":[{"embeddable":true,"href":"https:\/\/aconteceunovale.com.br\/portal\/index.php?rest_route=%2Fwp%2Fv2%2Fcomments&post=151891"}],"version-history":[{"count":1,"href":"https:\/\/aconteceunovale.com.br\/portal\/index.php?rest_route=\/wp\/v2\/posts\/151891\/revisions"}],"predecessor-version":[{"id":151892,"href":"https:\/\/aconteceunovale.com.br\/portal\/index.php?rest_route=\/wp\/v2\/posts\/151891\/revisions\/151892"}],"wp:featuredmedia":[{"embeddable":true,"href":"https:\/\/aconteceunovale.com.br\/portal\/index.php?rest_route=\/wp\/v2\/media\/138213"}],"wp:attachment":[{"href":"https:\/\/aconteceunovale.com.br\/portal\/index.php?rest_route=%2Fwp%2Fv2%2Fmedia&parent=151891"}],"wp:term":[{"taxonomy":"category","embeddable":true,"href":"https:\/\/aconteceunovale.com.br\/portal\/index.php?rest_route=%2Fwp%2Fv2%2Fcategories&post=151891"},{"taxonomy":"post_tag","embeddable":true,"href":"https:\/\/aconteceunovale.com.br\/portal\/index.php?rest_route=%2Fwp%2Fv2%2Ftags&post=151891"}],"curies":[{"name":"wp","href":"https:\/\/api.w.org\/{rel}","templated":true}]}}