{"id":151883,"date":"2019-08-29T17:54:09","date_gmt":"2019-08-29T20:54:09","guid":{"rendered":"http:\/\/aconteceunovale.com.br\/portal\/?p=151883"},"modified":"2019-08-29T17:54:10","modified_gmt":"2019-08-29T20:54:10","slug":"secretaria-de-educacao-de-minas-gerais-publica-nomeacoes-de-mil-servidores","status":"publish","type":"post","link":"https:\/\/aconteceunovale.com.br\/portal\/?p=151883","title":{"rendered":"Secretaria de Educa\u00e7\u00e3o de Minas Gerais publica nomea\u00e7\u00f5es de mil servidores"},"content":{"rendered":"\n<p class=\"wp-block-paragraph\">A Secretaria de Estado de Educa\u00e7\u00e3o de Minas Gerais (SEE\/MG) publicou no\u00a0<a href=\"http:\/\/jornal.iof.mg.gov.br\/xmlui\/handle\/123456789\/223309\" target=\"_blank\" rel=\"noreferrer noopener\" aria-label=\" (abre numa nova aba)\">Di\u00e1rio Oficial Minas Gerais<\/a>, nesta quinta-feira (29\/8), as nomea\u00e7\u00f5es de mil profissionais aprovados em concursos p\u00fablicos para atua\u00e7\u00e3o nas escolas estaduais mineiras. Ao todo, s\u00e3o 62 Especialistas de Educa\u00e7\u00e3o B\u00e1sica (EEB) e 938 Professores de Educa\u00e7\u00e3o B\u00e1sica (PEB) em 255 munic\u00edpios. Com isso, a efetiva\u00e7\u00e3o abrange 31% da rede estadual de ensino e todas as 47 Superintend\u00eancias Regionais de Ensino (SREs) ser\u00e3o contempladas.<\/p>\n\n\n\n<p class=\"wp-block-paragraph\">Conforme\u00a0anunciado no dia 14 de agosto, a medida foi aprovada pelo Comit\u00ea de Or\u00e7amento e Finan\u00e7as (COFIN) da Secretaria de Estado de Planejamento e Gest\u00e3o (Seplag) e faz parte da pol\u00edtica de valoriza\u00e7\u00e3o dos servidores da Educa\u00e7\u00e3o, mesmo diante da situa\u00e7\u00e3o de restri\u00e7\u00e3o financeira na qual o Estado se encontra.<\/p>\n\n\n\n<p class=\"wp-block-paragraph\">As nomea\u00e7\u00f5es publicadas nesta quinta-feira est\u00e3o dentro do cronograma dos oito mil novos cargos que ser\u00e3o efetivados pela SEE\/MG at\u00e9 o primeiro semestre de 2020. A previs\u00e3o \u00e9 de que, ainda em 2019, sejam contemplados mais 2 mil profissionais e, at\u00e9 julho de 2020, a pasta publique os outros 5 mil cargos.<\/p>\n\n\n\n<p class=\"wp-block-paragraph\">\u201cTemos muito orgulho de anunciar essas nomea\u00e7\u00f5es porque \u00e9 uma conquista que transparece e reflete a boa gest\u00e3o dos recursos p\u00fablicos que temos liderado, frente \u00e0 crise financeira que Minas Gerais enfrenta. Sabemos da import\u00e2ncia de efetivar profissionais da Educa\u00e7\u00e3o para a nossa rede e vamos continuar lutando para melhorar a qualidade do ensino nas escolas estaduais mineiras\u201d, disse a secret\u00e1ria Julia Sant\u2019Anna.<\/p>\n","protected":false},"excerpt":{"rendered":"<p>A Secretaria de Estado de Educa\u00e7\u00e3o de Minas Gerais (SEE\/MG) publicou no\u00a0Di\u00e1rio Oficial Minas Gerais, nesta quinta-feira (29\/8), as nomea\u00e7\u00f5es de mil profissionais aprovados em concursos p\u00fablicos para atua\u00e7\u00e3o nas escolas estaduais mineiras. Ao todo, s\u00e3o 62 Especialistas de Educa\u00e7\u00e3o B\u00e1sica (EEB) e 938 Professores de Educa\u00e7\u00e3o B\u00e1sica (PEB) em 255 munic\u00edpios. Com isso, a [&hellip;]<\/p>\n","protected":false},"author":1,"featured_media":69034,"comment_status":"open","ping_status":"closed","sticky":false,"template":"","format":"standard","meta":{"amp_status":"","footnotes":""},"categories":[40238,123],"tags":[43418,84361,86298,206108,30838,133841,206106],"class_list":["post-151883","post","type-post","status-publish","format-standard","has-post-thumbnail","hentry","category-educacao-2","category-gerais","tag-nomeacao-de-professores-em-minas-gerais","tag-nomeacao-de-servidores-da-educacao-em-minas-gerais","tag-nomeacao-de-servidores-em-minas-gerais","tag-secretaria-de-educacao-de-minas-gerais-publica-nomeacoes-de-mil-servidores","tag-secretaria-de-estado-de-educacao-de-minas-gerais","tag-see-mg","tag-seemg"],"yoast_head":"<!-- This site is optimized with the Yoast SEO plugin v28.3 - https:\/\/yoast.com\/product\/yoast-seo-wordpress\/ -->\n<title>Secretaria de Educa\u00e7\u00e3o de Minas Gerais publica nomea\u00e7\u00f5es de mil servidores - Aconteceu no Vale<\/title>\n<meta name=\"robots\" content=\"index, follow, max-snippet:-1, max-image-preview:large, max-video-preview:-1\" \/>\n<link rel=\"canonical\" href=\"https:\/\/aconteceunovale.com.br\/portal\/?p=151883\" \/>\n<meta property=\"og:locale\" content=\"pt_BR\" \/>\n<meta property=\"og:type\" content=\"article\" \/>\n<meta property=\"og:title\" content=\"Secretaria de Educa\u00e7\u00e3o de Minas Gerais publica nomea\u00e7\u00f5es de mil servidores - Aconteceu no Vale\" \/>\n<meta property=\"og:description\" content=\"A Secretaria de Estado de Educa\u00e7\u00e3o de Minas Gerais (SEE\/MG) publicou no\u00a0Di\u00e1rio Oficial Minas Gerais, nesta quinta-feira (29\/8), as nomea\u00e7\u00f5es de mil profissionais aprovados em concursos p\u00fablicos para atua\u00e7\u00e3o nas escolas estaduais mineiras. Ao todo, s\u00e3o 62 Especialistas de Educa\u00e7\u00e3o B\u00e1sica (EEB) e 938 Professores de Educa\u00e7\u00e3o B\u00e1sica (PEB) em 255 munic\u00edpios. Com isso, a [&hellip;]\" \/>\n<meta property=\"og:url\" content=\"https:\/\/aconteceunovale.com.br\/portal\/?p=151883\" \/>\n<meta property=\"og:site_name\" content=\"Aconteceu no Vale\" \/>\n<meta property=\"article:publisher\" content=\"https:\/\/www.facebook.com\/aconteceunovale\/\" \/>\n<meta property=\"article:published_time\" content=\"2019-08-29T20:54:09+00:00\" \/>\n<meta property=\"article:modified_time\" content=\"2019-08-29T20:54:10+00:00\" \/>\n<meta property=\"og:image\" content=\"https:\/\/aconteceunovale.com.br\/portal\/wp-content\/uploads\/2015\/09\/educacao-publica-lista-com-cerca-de-promocao-de-17500-promocoes-de-servidores-da-rede-estadual.jpg\" \/>\n\t<meta property=\"og:image:width\" content=\"620\" \/>\n\t<meta property=\"og:image:height\" content=\"413\" \/>\n\t<meta property=\"og:image:type\" content=\"image\/jpeg\" \/>\n<meta name=\"author\" content=\"Aconteceu no Vale\" \/>\n<meta name=\"twitter:card\" content=\"summary_large_image\" \/>\n<meta name=\"twitter:creator\" content=\"@noticiadosvales\" \/>\n<meta name=\"twitter:site\" content=\"@noticiadosvales\" \/>\n<meta name=\"twitter:label1\" content=\"Escrito por\" \/>\n\t<meta name=\"twitter:data1\" content=\"Aconteceu no Vale\" \/>\n\t<meta name=\"twitter:label2\" content=\"Est. tempo de leitura\" \/>\n\t<meta name=\"twitter:data2\" content=\"1 minuto\" \/>\n<script type=\"application\/ld+json\" class=\"yoast-schema-graph\">{\"@context\":\"https:\\\/\\\/schema.org\",\"@graph\":[{\"@type\":\"Article\",\"@id\":\"https:\\\/\\\/aconteceunovale.com.br\\\/portal\\\/?p=151883#article\",\"isPartOf\":{\"@id\":\"https:\\\/\\\/aconteceunovale.com.br\\\/portal\\\/?p=151883\"},\"author\":{\"name\":\"Aconteceu no Vale\",\"@id\":\"https:\\\/\\\/aconteceunovale.com.br\\\/portal\\\/#\\\/schema\\\/person\\\/633529146f2c94272bef50ac2953d589\"},\"headline\":\"Secretaria de Educa\u00e7\u00e3o de Minas Gerais publica nomea\u00e7\u00f5es de mil servidores\",\"datePublished\":\"2019-08-29T20:54:09+00:00\",\"dateModified\":\"2019-08-29T20:54:10+00:00\",\"mainEntityOfPage\":{\"@id\":\"https:\\\/\\\/aconteceunovale.com.br\\\/portal\\\/?p=151883\"},\"wordCount\":274,\"commentCount\":0,\"image\":{\"@id\":\"https:\\\/\\\/aconteceunovale.com.br\\\/portal\\\/?p=151883#primaryimage\"},\"thumbnailUrl\":\"https:\\\/\\\/aconteceunovale.com.br\\\/portal\\\/wp-content\\\/uploads\\\/2015\\\/09\\\/educacao-publica-lista-com-cerca-de-promocao-de-17500-promocoes-de-servidores-da-rede-estadual.jpg\",\"keywords\":[\"nomea\u00e7\u00e3o de professores em minas gerais\",\"nomea\u00e7\u00e3o de servidores da educa\u00e7\u00e3o em minas gerais\",\"nomea\u00e7\u00e3o de servidores em minas gerais\",\"Secretaria de Educa\u00e7\u00e3o de Minas Gerais publica nomea\u00e7\u00f5es de mil servidores\",\"Secretaria de Estado de Educa\u00e7\u00e3o de Minas Gerais\",\"SEE-MG\",\"SEEMG\"],\"articleSection\":[\"Educa\u00e7\u00e3o\",\"Minas Gerais\"],\"inLanguage\":\"pt-BR\",\"potentialAction\":[{\"@type\":\"CommentAction\",\"name\":\"Comment\",\"target\":[\"https:\\\/\\\/aconteceunovale.com.br\\\/portal\\\/?p=151883#respond\"]}]},{\"@type\":\"WebPage\",\"@id\":\"https:\\\/\\\/aconteceunovale.com.br\\\/portal\\\/?p=151883\",\"url\":\"https:\\\/\\\/aconteceunovale.com.br\\\/portal\\\/?p=151883\",\"name\":\"Secretaria de Educa\u00e7\u00e3o de Minas Gerais publica nomea\u00e7\u00f5es de mil servidores - Aconteceu no Vale\",\"isPartOf\":{\"@id\":\"https:\\\/\\\/aconteceunovale.com.br\\\/portal\\\/#website\"},\"primaryImageOfPage\":{\"@id\":\"https:\\\/\\\/aconteceunovale.com.br\\\/portal\\\/?p=151883#primaryimage\"},\"image\":{\"@id\":\"https:\\\/\\\/aconteceunovale.com.br\\\/portal\\\/?p=151883#primaryimage\"},\"thumbnailUrl\":\"https:\\\/\\\/aconteceunovale.com.br\\\/portal\\\/wp-content\\\/uploads\\\/2015\\\/09\\\/educacao-publica-lista-com-cerca-de-promocao-de-17500-promocoes-de-servidores-da-rede-estadual.jpg\",\"datePublished\":\"2019-08-29T20:54:09+00:00\",\"dateModified\":\"2019-08-29T20:54:10+00:00\",\"author\":{\"@id\":\"https:\\\/\\\/aconteceunovale.com.br\\\/portal\\\/#\\\/schema\\\/person\\\/633529146f2c94272bef50ac2953d589\"},\"breadcrumb\":{\"@id\":\"https:\\\/\\\/aconteceunovale.com.br\\\/portal\\\/?p=151883#breadcrumb\"},\"inLanguage\":\"pt-BR\",\"potentialAction\":[{\"@type\":\"ReadAction\",\"target\":[\"https:\\\/\\\/aconteceunovale.com.br\\\/portal\\\/?p=151883\"]}]},{\"@type\":\"ImageObject\",\"inLanguage\":\"pt-BR\",\"@id\":\"https:\\\/\\\/aconteceunovale.com.br\\\/portal\\\/?p=151883#primaryimage\",\"url\":\"https:\\\/\\\/aconteceunovale.com.br\\\/portal\\\/wp-content\\\/uploads\\\/2015\\\/09\\\/educacao-publica-lista-com-cerca-de-promocao-de-17500-promocoes-de-servidores-da-rede-estadual.jpg\",\"contentUrl\":\"https:\\\/\\\/aconteceunovale.com.br\\\/portal\\\/wp-content\\\/uploads\\\/2015\\\/09\\\/educacao-publica-lista-com-cerca-de-promocao-de-17500-promocoes-de-servidores-da-rede-estadual.jpg\",\"width\":620,\"height\":413},{\"@type\":\"BreadcrumbList\",\"@id\":\"https:\\\/\\\/aconteceunovale.com.br\\\/portal\\\/?p=151883#breadcrumb\",\"itemListElement\":[{\"@type\":\"ListItem\",\"position\":1,\"name\":\"In\u00edcio\",\"item\":\"https:\\\/\\\/aconteceunovale.com.br\\\/portal\\\/\"},{\"@type\":\"ListItem\",\"position\":2,\"name\":\"Secretaria de Educa\u00e7\u00e3o de Minas Gerais publica nomea\u00e7\u00f5es de mil servidores\"}]},{\"@type\":\"WebSite\",\"@id\":\"https:\\\/\\\/aconteceunovale.com.br\\\/portal\\\/#website\",\"url\":\"https:\\\/\\\/aconteceunovale.com.br\\\/portal\\\/\",\"name\":\"Aconteceu no Vale\",\"description\":\"Portal de Not\u00edcias\",\"potentialAction\":[{\"@type\":\"SearchAction\",\"target\":{\"@type\":\"EntryPoint\",\"urlTemplate\":\"https:\\\/\\\/aconteceunovale.com.br\\\/portal\\\/?s={search_term_string}\"},\"query-input\":{\"@type\":\"PropertyValueSpecification\",\"valueRequired\":true,\"valueName\":\"search_term_string\"}}],\"inLanguage\":\"pt-BR\"},{\"@type\":\"Person\",\"@id\":\"https:\\\/\\\/aconteceunovale.com.br\\\/portal\\\/#\\\/schema\\\/person\\\/633529146f2c94272bef50ac2953d589\",\"name\":\"Aconteceu no Vale\",\"description\":\"Equipe de reportagem do Aconteceu no Vale, portal de not\u00edcias do Vale do Jequitinhonha, em Minas Gerais. Cobrimos as 51 cidades do Vale desde 2013. Sugest\u00f5es de pauta e pedidos de corre\u00e7\u00e3o: contato@aconteceunovale.com.br\",\"sameAs\":[\"http:\\\/\\\/www.aconteceunovale.com.br\"],\"url\":\"https:\\\/\\\/aconteceunovale.com.br\\\/portal\\\/?author=1\"}]}<\/script>\n<!-- \/ Yoast SEO plugin. -->","yoast_head_json":{"title":"Secretaria de Educa\u00e7\u00e3o de Minas Gerais publica nomea\u00e7\u00f5es de mil servidores - Aconteceu no Vale","robots":{"index":"index","follow":"follow","max-snippet":"max-snippet:-1","max-image-preview":"max-image-preview:large","max-video-preview":"max-video-preview:-1"},"canonical":"https:\/\/aconteceunovale.com.br\/portal\/?p=151883","og_locale":"pt_BR","og_type":"article","og_title":"Secretaria de Educa\u00e7\u00e3o de Minas Gerais publica nomea\u00e7\u00f5es de mil servidores - Aconteceu no Vale","og_description":"A Secretaria de Estado de Educa\u00e7\u00e3o de Minas Gerais (SEE\/MG) publicou no\u00a0Di\u00e1rio Oficial Minas Gerais, nesta quinta-feira (29\/8), as nomea\u00e7\u00f5es de mil profissionais aprovados em concursos p\u00fablicos para atua\u00e7\u00e3o nas escolas estaduais mineiras. Ao todo, s\u00e3o 62 Especialistas de Educa\u00e7\u00e3o B\u00e1sica (EEB) e 938 Professores de Educa\u00e7\u00e3o B\u00e1sica (PEB) em 255 munic\u00edpios. Com isso, a [&hellip;]","og_url":"https:\/\/aconteceunovale.com.br\/portal\/?p=151883","og_site_name":"Aconteceu no Vale","article_publisher":"https:\/\/www.facebook.com\/aconteceunovale\/","article_published_time":"2019-08-29T20:54:09+00:00","article_modified_time":"2019-08-29T20:54:10+00:00","og_image":[{"width":620,"height":413,"url":"https:\/\/aconteceunovale.com.br\/portal\/wp-content\/uploads\/2015\/09\/educacao-publica-lista-com-cerca-de-promocao-de-17500-promocoes-de-servidores-da-rede-estadual.jpg","type":"image\/jpeg"}],"author":"Aconteceu no Vale","twitter_card":"summary_large_image","twitter_creator":"@noticiadosvales","twitter_site":"@noticiadosvales","twitter_misc":{"Escrito por":"Aconteceu no Vale","Est. tempo de leitura":"1 minuto"},"schema":{"@context":"https:\/\/schema.org","@graph":[{"@type":"Article","@id":"https:\/\/aconteceunovale.com.br\/portal\/?p=151883#article","isPartOf":{"@id":"https:\/\/aconteceunovale.com.br\/portal\/?p=151883"},"author":{"name":"Aconteceu no Vale","@id":"https:\/\/aconteceunovale.com.br\/portal\/#\/schema\/person\/633529146f2c94272bef50ac2953d589"},"headline":"Secretaria de Educa\u00e7\u00e3o de Minas Gerais publica nomea\u00e7\u00f5es de mil servidores","datePublished":"2019-08-29T20:54:09+00:00","dateModified":"2019-08-29T20:54:10+00:00","mainEntityOfPage":{"@id":"https:\/\/aconteceunovale.com.br\/portal\/?p=151883"},"wordCount":274,"commentCount":0,"image":{"@id":"https:\/\/aconteceunovale.com.br\/portal\/?p=151883#primaryimage"},"thumbnailUrl":"https:\/\/aconteceunovale.com.br\/portal\/wp-content\/uploads\/2015\/09\/educacao-publica-lista-com-cerca-de-promocao-de-17500-promocoes-de-servidores-da-rede-estadual.jpg","keywords":["nomea\u00e7\u00e3o de professores em minas gerais","nomea\u00e7\u00e3o de servidores da educa\u00e7\u00e3o em minas gerais","nomea\u00e7\u00e3o de servidores em minas gerais","Secretaria de Educa\u00e7\u00e3o de Minas Gerais publica nomea\u00e7\u00f5es de mil servidores","Secretaria de Estado de Educa\u00e7\u00e3o de Minas Gerais","SEE-MG","SEEMG"],"articleSection":["Educa\u00e7\u00e3o","Minas Gerais"],"inLanguage":"pt-BR","potentialAction":[{"@type":"CommentAction","name":"Comment","target":["https:\/\/aconteceunovale.com.br\/portal\/?p=151883#respond"]}]},{"@type":"WebPage","@id":"https:\/\/aconteceunovale.com.br\/portal\/?p=151883","url":"https:\/\/aconteceunovale.com.br\/portal\/?p=151883","name":"Secretaria de Educa\u00e7\u00e3o de Minas Gerais publica nomea\u00e7\u00f5es de mil servidores - Aconteceu no Vale","isPartOf":{"@id":"https:\/\/aconteceunovale.com.br\/portal\/#website"},"primaryImageOfPage":{"@id":"https:\/\/aconteceunovale.com.br\/portal\/?p=151883#primaryimage"},"image":{"@id":"https:\/\/aconteceunovale.com.br\/portal\/?p=151883#primaryimage"},"thumbnailUrl":"https:\/\/aconteceunovale.com.br\/portal\/wp-content\/uploads\/2015\/09\/educacao-publica-lista-com-cerca-de-promocao-de-17500-promocoes-de-servidores-da-rede-estadual.jpg","datePublished":"2019-08-29T20:54:09+00:00","dateModified":"2019-08-29T20:54:10+00:00","author":{"@id":"https:\/\/aconteceunovale.com.br\/portal\/#\/schema\/person\/633529146f2c94272bef50ac2953d589"},"breadcrumb":{"@id":"https:\/\/aconteceunovale.com.br\/portal\/?p=151883#breadcrumb"},"inLanguage":"pt-BR","potentialAction":[{"@type":"ReadAction","target":["https:\/\/aconteceunovale.com.br\/portal\/?p=151883"]}]},{"@type":"ImageObject","inLanguage":"pt-BR","@id":"https:\/\/aconteceunovale.com.br\/portal\/?p=151883#primaryimage","url":"https:\/\/aconteceunovale.com.br\/portal\/wp-content\/uploads\/2015\/09\/educacao-publica-lista-com-cerca-de-promocao-de-17500-promocoes-de-servidores-da-rede-estadual.jpg","contentUrl":"https:\/\/aconteceunovale.com.br\/portal\/wp-content\/uploads\/2015\/09\/educacao-publica-lista-com-cerca-de-promocao-de-17500-promocoes-de-servidores-da-rede-estadual.jpg","width":620,"height":413},{"@type":"BreadcrumbList","@id":"https:\/\/aconteceunovale.com.br\/portal\/?p=151883#breadcrumb","itemListElement":[{"@type":"ListItem","position":1,"name":"In\u00edcio","item":"https:\/\/aconteceunovale.com.br\/portal\/"},{"@type":"ListItem","position":2,"name":"Secretaria de Educa\u00e7\u00e3o de Minas Gerais publica nomea\u00e7\u00f5es de mil servidores"}]},{"@type":"WebSite","@id":"https:\/\/aconteceunovale.com.br\/portal\/#website","url":"https:\/\/aconteceunovale.com.br\/portal\/","name":"Aconteceu no Vale","description":"Portal de Not\u00edcias","potentialAction":[{"@type":"SearchAction","target":{"@type":"EntryPoint","urlTemplate":"https:\/\/aconteceunovale.com.br\/portal\/?s={search_term_string}"},"query-input":{"@type":"PropertyValueSpecification","valueRequired":true,"valueName":"search_term_string"}}],"inLanguage":"pt-BR"},{"@type":"Person","@id":"https:\/\/aconteceunovale.com.br\/portal\/#\/schema\/person\/633529146f2c94272bef50ac2953d589","name":"Aconteceu no Vale","description":"Equipe de reportagem do Aconteceu no Vale, portal de not\u00edcias do Vale do Jequitinhonha, em Minas Gerais. Cobrimos as 51 cidades do Vale desde 2013. Sugest\u00f5es de pauta e pedidos de corre\u00e7\u00e3o: contato@aconteceunovale.com.br","sameAs":["http:\/\/www.aconteceunovale.com.br"],"url":"https:\/\/aconteceunovale.com.br\/portal\/?author=1"}]}},"_links":{"self":[{"href":"https:\/\/aconteceunovale.com.br\/portal\/index.php?rest_route=\/wp\/v2\/posts\/151883","targetHints":{"allow":["GET"]}}],"collection":[{"href":"https:\/\/aconteceunovale.com.br\/portal\/index.php?rest_route=\/wp\/v2\/posts"}],"about":[{"href":"https:\/\/aconteceunovale.com.br\/portal\/index.php?rest_route=\/wp\/v2\/types\/post"}],"author":[{"embeddable":true,"href":"https:\/\/aconteceunovale.com.br\/portal\/index.php?rest_route=\/wp\/v2\/users\/1"}],"replies":[{"embeddable":true,"href":"https:\/\/aconteceunovale.com.br\/portal\/index.php?rest_route=%2Fwp%2Fv2%2Fcomments&post=151883"}],"version-history":[{"count":1,"href":"https:\/\/aconteceunovale.com.br\/portal\/index.php?rest_route=\/wp\/v2\/posts\/151883\/revisions"}],"predecessor-version":[{"id":151884,"href":"https:\/\/aconteceunovale.com.br\/portal\/index.php?rest_route=\/wp\/v2\/posts\/151883\/revisions\/151884"}],"wp:featuredmedia":[{"embeddable":true,"href":"https:\/\/aconteceunovale.com.br\/portal\/index.php?rest_route=\/wp\/v2\/media\/69034"}],"wp:attachment":[{"href":"https:\/\/aconteceunovale.com.br\/portal\/index.php?rest_route=%2Fwp%2Fv2%2Fmedia&parent=151883"}],"wp:term":[{"taxonomy":"category","embeddable":true,"href":"https:\/\/aconteceunovale.com.br\/portal\/index.php?rest_route=%2Fwp%2Fv2%2Fcategories&post=151883"},{"taxonomy":"post_tag","embeddable":true,"href":"https:\/\/aconteceunovale.com.br\/portal\/index.php?rest_route=%2Fwp%2Fv2%2Ftags&post=151883"}],"curies":[{"name":"wp","href":"https:\/\/api.w.org\/{rel}","templated":true}]}}