{"id":15152,"date":"2013-12-11T20:19:46","date_gmt":"2013-12-11T22:19:46","guid":{"rendered":"http:\/\/aconteceunovale.com.br\/portal\/?p=15152"},"modified":"2013-12-11T20:19:46","modified_gmt":"2013-12-11T22:19:46","slug":"grave-acidente-na-lmg-774-tira-a-vida-do-ex-prefeito-de-cuparaque-sebastiao-domingos-de-oliveira","status":"publish","type":"post","link":"https:\/\/aconteceunovale.com.br\/portal\/?p=15152","title":{"rendered":"Grave acidente na LMG 774 tira a vida do ex-prefeito de Cuparaque, Sebasti\u00e3o Domingos de Oliveira"},"content":{"rendered":"<p><em><strong>Pol\u00edcia Militar disse que o carro das v\u00edtimas fizeram a curva na contram\u00e3o. Sebasti\u00e3o Domingos de Oliveira, de 55 anos, morreu no acidente.<\/strong><\/em><\/p>\n<p>Um grave acidente na LMG 774, rodovia que liga Conselheiro Pena a Goiabeira, nesta quarta-feira (11), tirou a vida do ex-prefeito de Cuparaque, Sebasti\u00e3o Domingos de Oliveira, de 55 anos, e o encarregado Reginaldo Domingos dos Santos, de 27 anos.<\/p>\n<p>Segundo a Pol\u00edcia Militar, o carro do ex-prefeito teria realizando uma curva na pista contr\u00e1ria quando bateu de frente com o caminh\u00e3o. Testemunhas relataram aos militares que o carro seguia em alta velocidade no momento da batida.<\/p>\n<p>O motorista do caminh\u00e3o n\u00e3o sofreu ferimentos e relatou \u00e0 pol\u00edcia que tentou jogar o caminh\u00e3o no barranco para evitar o acidente, mas n\u00e3o conseguiu.<\/p>\n<p>Sebasti\u00e3o foi vereador e presidente da C\u00e2mara de Vereadores de Cuparaque, quando o ex-prefeito Maxwel foi cassado, este disputou a prefeitura e foi eleito com 1.765 votos (59,87%), para um mandato de dois anos.<\/p>\n<p><img decoding=\"async\" src=\"http:\/\/aconteceunovale.com.br\/portal\/wp-content\/uploads\/2013\/12\/ex_prefeito_cuparaque.jpg\" alt=\"\" \/><br \/>\n<em>Acidente aconteceu na rodovia MG 774, liga Conselheiro Pena \u00e0 Goiabeira, na altura do km 16. (Foto: Edinei Rodrigues\/Andr\u00e9 Luiz)<\/em><\/p>\n<p>As informa\u00e7\u00f5es s\u00e3o do G1<\/p>\n","protected":false},"excerpt":{"rendered":"<p>Pol\u00edcia Militar disse que o carro das v\u00edtimas fizeram a curva na contram\u00e3o. Sebasti\u00e3o Domingos de Oliveira, de 55 anos, morreu no acidente. Um grave acidente na LMG 774, rodovia que liga Conselheiro Pena a Goiabeira, nesta quarta-feira (11), tirou a vida do ex-prefeito de Cuparaque, Sebasti\u00e3o Domingos de Oliveira, de 55 anos, e o [&hellip;]<\/p>\n","protected":false},"author":1,"featured_media":15153,"comment_status":"open","ping_status":"closed","sticky":false,"template":"","format":"standard","meta":{"amp_status":"","footnotes":""},"categories":[121],"tags":[1351,284,1350],"class_list":["post-15152","post","type-post","status-publish","format-standard","has-post-thumbnail","hentry","category-leste","tag-acidente-mata-ex-prefeito-de-cuparaque","tag-cuparaque","tag-sebastiao-domingos-de-oliveira"],"yoast_head":"<!-- This site is optimized with the Yoast SEO plugin v28.3 - https:\/\/yoast.com\/product\/yoast-seo-wordpress\/ -->\n<title>Grave acidente na LMG 774 tira a vida do ex-prefeito de Cuparaque, Sebasti\u00e3o Domingos de Oliveira - Aconteceu no Vale<\/title>\n<meta name=\"robots\" content=\"index, follow, max-snippet:-1, max-image-preview:large, max-video-preview:-1\" \/>\n<link rel=\"canonical\" href=\"https:\/\/aconteceunovale.com.br\/portal\/?p=15152\" \/>\n<meta property=\"og:locale\" content=\"pt_BR\" \/>\n<meta property=\"og:type\" content=\"article\" \/>\n<meta property=\"og:title\" content=\"Grave acidente na LMG 774 tira a vida do ex-prefeito de Cuparaque, Sebasti\u00e3o Domingos de Oliveira - Aconteceu no Vale\" \/>\n<meta property=\"og:description\" content=\"Pol\u00edcia Militar disse que o carro das v\u00edtimas fizeram a curva na contram\u00e3o. Sebasti\u00e3o Domingos de Oliveira, de 55 anos, morreu no acidente. Um grave acidente na LMG 774, rodovia que liga Conselheiro Pena a Goiabeira, nesta quarta-feira (11), tirou a vida do ex-prefeito de Cuparaque, Sebasti\u00e3o Domingos de Oliveira, de 55 anos, e o [&hellip;]\" \/>\n<meta property=\"og:url\" content=\"https:\/\/aconteceunovale.com.br\/portal\/?p=15152\" \/>\n<meta property=\"og:site_name\" content=\"Aconteceu no Vale\" \/>\n<meta property=\"article:publisher\" content=\"https:\/\/www.facebook.com\/aconteceunovale\/\" \/>\n<meta property=\"article:published_time\" content=\"2013-12-11T22:19:46+00:00\" \/>\n<meta property=\"og:image\" content=\"https:\/\/aconteceunovale.com.br\/portal\/wp-content\/uploads\/2013\/12\/ex_prefeito_cuparaque.jpg\" \/>\n\t<meta property=\"og:image:width\" content=\"600\" \/>\n\t<meta property=\"og:image:height\" content=\"450\" \/>\n\t<meta property=\"og:image:type\" content=\"image\/jpeg\" \/>\n<meta name=\"author\" content=\"Aconteceu no Vale\" \/>\n<meta name=\"twitter:card\" content=\"summary_large_image\" \/>\n<meta name=\"twitter:creator\" content=\"@noticiadosvales\" \/>\n<meta name=\"twitter:site\" content=\"@noticiadosvales\" \/>\n<meta name=\"twitter:label1\" content=\"Escrito por\" \/>\n\t<meta name=\"twitter:data1\" content=\"Aconteceu no Vale\" \/>\n\t<meta name=\"twitter:label2\" content=\"Est. tempo de leitura\" \/>\n\t<meta name=\"twitter:data2\" content=\"1 minuto\" \/>\n<script type=\"application\/ld+json\" class=\"yoast-schema-graph\">{\"@context\":\"https:\\\/\\\/schema.org\",\"@graph\":[{\"@type\":\"Article\",\"@id\":\"https:\\\/\\\/aconteceunovale.com.br\\\/portal\\\/?p=15152#article\",\"isPartOf\":{\"@id\":\"https:\\\/\\\/aconteceunovale.com.br\\\/portal\\\/?p=15152\"},\"author\":{\"name\":\"Aconteceu no Vale\",\"@id\":\"https:\\\/\\\/aconteceunovale.com.br\\\/portal\\\/#\\\/schema\\\/person\\\/633529146f2c94272bef50ac2953d589\"},\"headline\":\"Grave acidente na LMG 774 tira a vida do ex-prefeito de Cuparaque, Sebasti\u00e3o Domingos de Oliveira\",\"datePublished\":\"2013-12-11T22:19:46+00:00\",\"mainEntityOfPage\":{\"@id\":\"https:\\\/\\\/aconteceunovale.com.br\\\/portal\\\/?p=15152\"},\"wordCount\":207,\"commentCount\":0,\"image\":{\"@id\":\"https:\\\/\\\/aconteceunovale.com.br\\\/portal\\\/?p=15152#primaryimage\"},\"thumbnailUrl\":\"https:\\\/\\\/aconteceunovale.com.br\\\/portal\\\/wp-content\\\/uploads\\\/2013\\\/12\\\/ex_prefeito_cuparaque.jpg\",\"keywords\":[\"acidente mata ex-prefeito de cuparaque\",\"Cuparaque\",\"Sebasti\u00e3o Domingos de Oliveira\"],\"articleSection\":[\"Leste de Minas\"],\"inLanguage\":\"pt-BR\",\"potentialAction\":[{\"@type\":\"CommentAction\",\"name\":\"Comment\",\"target\":[\"https:\\\/\\\/aconteceunovale.com.br\\\/portal\\\/?p=15152#respond\"]}]},{\"@type\":\"WebPage\",\"@id\":\"https:\\\/\\\/aconteceunovale.com.br\\\/portal\\\/?p=15152\",\"url\":\"https:\\\/\\\/aconteceunovale.com.br\\\/portal\\\/?p=15152\",\"name\":\"Grave acidente na LMG 774 tira a vida do ex-prefeito de Cuparaque, Sebasti\u00e3o Domingos de Oliveira - Aconteceu no Vale\",\"isPartOf\":{\"@id\":\"https:\\\/\\\/aconteceunovale.com.br\\\/portal\\\/#website\"},\"primaryImageOfPage\":{\"@id\":\"https:\\\/\\\/aconteceunovale.com.br\\\/portal\\\/?p=15152#primaryimage\"},\"image\":{\"@id\":\"https:\\\/\\\/aconteceunovale.com.br\\\/portal\\\/?p=15152#primaryimage\"},\"thumbnailUrl\":\"https:\\\/\\\/aconteceunovale.com.br\\\/portal\\\/wp-content\\\/uploads\\\/2013\\\/12\\\/ex_prefeito_cuparaque.jpg\",\"datePublished\":\"2013-12-11T22:19:46+00:00\",\"author\":{\"@id\":\"https:\\\/\\\/aconteceunovale.com.br\\\/portal\\\/#\\\/schema\\\/person\\\/633529146f2c94272bef50ac2953d589\"},\"breadcrumb\":{\"@id\":\"https:\\\/\\\/aconteceunovale.com.br\\\/portal\\\/?p=15152#breadcrumb\"},\"inLanguage\":\"pt-BR\",\"potentialAction\":[{\"@type\":\"ReadAction\",\"target\":[\"https:\\\/\\\/aconteceunovale.com.br\\\/portal\\\/?p=15152\"]}]},{\"@type\":\"ImageObject\",\"inLanguage\":\"pt-BR\",\"@id\":\"https:\\\/\\\/aconteceunovale.com.br\\\/portal\\\/?p=15152#primaryimage\",\"url\":\"https:\\\/\\\/aconteceunovale.com.br\\\/portal\\\/wp-content\\\/uploads\\\/2013\\\/12\\\/ex_prefeito_cuparaque.jpg\",\"contentUrl\":\"https:\\\/\\\/aconteceunovale.com.br\\\/portal\\\/wp-content\\\/uploads\\\/2013\\\/12\\\/ex_prefeito_cuparaque.jpg\",\"width\":600,\"height\":450},{\"@type\":\"BreadcrumbList\",\"@id\":\"https:\\\/\\\/aconteceunovale.com.br\\\/portal\\\/?p=15152#breadcrumb\",\"itemListElement\":[{\"@type\":\"ListItem\",\"position\":1,\"name\":\"In\u00edcio\",\"item\":\"https:\\\/\\\/aconteceunovale.com.br\\\/portal\\\/\"},{\"@type\":\"ListItem\",\"position\":2,\"name\":\"Grave acidente na LMG 774 tira a vida do ex-prefeito de Cuparaque, Sebasti\u00e3o Domingos de Oliveira\"}]},{\"@type\":\"WebSite\",\"@id\":\"https:\\\/\\\/aconteceunovale.com.br\\\/portal\\\/#website\",\"url\":\"https:\\\/\\\/aconteceunovale.com.br\\\/portal\\\/\",\"name\":\"Aconteceu no Vale\",\"description\":\"Portal de Not\u00edcias\",\"potentialAction\":[{\"@type\":\"SearchAction\",\"target\":{\"@type\":\"EntryPoint\",\"urlTemplate\":\"https:\\\/\\\/aconteceunovale.com.br\\\/portal\\\/?s={search_term_string}\"},\"query-input\":{\"@type\":\"PropertyValueSpecification\",\"valueRequired\":true,\"valueName\":\"search_term_string\"}}],\"inLanguage\":\"pt-BR\"},{\"@type\":\"Person\",\"@id\":\"https:\\\/\\\/aconteceunovale.com.br\\\/portal\\\/#\\\/schema\\\/person\\\/633529146f2c94272bef50ac2953d589\",\"name\":\"Aconteceu no Vale\",\"description\":\"Equipe de reportagem do Aconteceu no Vale, portal de not\u00edcias do Vale do Jequitinhonha, em Minas Gerais. Cobrimos as 51 cidades do Vale desde 2013. Sugest\u00f5es de pauta e pedidos de corre\u00e7\u00e3o: contato@aconteceunovale.com.br\",\"sameAs\":[\"http:\\\/\\\/www.aconteceunovale.com.br\"],\"url\":\"https:\\\/\\\/aconteceunovale.com.br\\\/portal\\\/?author=1\"}]}<\/script>\n<!-- \/ Yoast SEO plugin. -->","yoast_head_json":{"title":"Grave acidente na LMG 774 tira a vida do ex-prefeito de Cuparaque, Sebasti\u00e3o Domingos de Oliveira - Aconteceu no Vale","robots":{"index":"index","follow":"follow","max-snippet":"max-snippet:-1","max-image-preview":"max-image-preview:large","max-video-preview":"max-video-preview:-1"},"canonical":"https:\/\/aconteceunovale.com.br\/portal\/?p=15152","og_locale":"pt_BR","og_type":"article","og_title":"Grave acidente na LMG 774 tira a vida do ex-prefeito de Cuparaque, Sebasti\u00e3o Domingos de Oliveira - Aconteceu no Vale","og_description":"Pol\u00edcia Militar disse que o carro das v\u00edtimas fizeram a curva na contram\u00e3o. Sebasti\u00e3o Domingos de Oliveira, de 55 anos, morreu no acidente. Um grave acidente na LMG 774, rodovia que liga Conselheiro Pena a Goiabeira, nesta quarta-feira (11), tirou a vida do ex-prefeito de Cuparaque, Sebasti\u00e3o Domingos de Oliveira, de 55 anos, e o [&hellip;]","og_url":"https:\/\/aconteceunovale.com.br\/portal\/?p=15152","og_site_name":"Aconteceu no Vale","article_publisher":"https:\/\/www.facebook.com\/aconteceunovale\/","article_published_time":"2013-12-11T22:19:46+00:00","og_image":[{"width":600,"height":450,"url":"https:\/\/aconteceunovale.com.br\/portal\/wp-content\/uploads\/2013\/12\/ex_prefeito_cuparaque.jpg","type":"image\/jpeg"}],"author":"Aconteceu no Vale","twitter_card":"summary_large_image","twitter_creator":"@noticiadosvales","twitter_site":"@noticiadosvales","twitter_misc":{"Escrito por":"Aconteceu no Vale","Est. tempo de leitura":"1 minuto"},"schema":{"@context":"https:\/\/schema.org","@graph":[{"@type":"Article","@id":"https:\/\/aconteceunovale.com.br\/portal\/?p=15152#article","isPartOf":{"@id":"https:\/\/aconteceunovale.com.br\/portal\/?p=15152"},"author":{"name":"Aconteceu no Vale","@id":"https:\/\/aconteceunovale.com.br\/portal\/#\/schema\/person\/633529146f2c94272bef50ac2953d589"},"headline":"Grave acidente na LMG 774 tira a vida do ex-prefeito de Cuparaque, Sebasti\u00e3o Domingos de Oliveira","datePublished":"2013-12-11T22:19:46+00:00","mainEntityOfPage":{"@id":"https:\/\/aconteceunovale.com.br\/portal\/?p=15152"},"wordCount":207,"commentCount":0,"image":{"@id":"https:\/\/aconteceunovale.com.br\/portal\/?p=15152#primaryimage"},"thumbnailUrl":"https:\/\/aconteceunovale.com.br\/portal\/wp-content\/uploads\/2013\/12\/ex_prefeito_cuparaque.jpg","keywords":["acidente mata ex-prefeito de cuparaque","Cuparaque","Sebasti\u00e3o Domingos de Oliveira"],"articleSection":["Leste de Minas"],"inLanguage":"pt-BR","potentialAction":[{"@type":"CommentAction","name":"Comment","target":["https:\/\/aconteceunovale.com.br\/portal\/?p=15152#respond"]}]},{"@type":"WebPage","@id":"https:\/\/aconteceunovale.com.br\/portal\/?p=15152","url":"https:\/\/aconteceunovale.com.br\/portal\/?p=15152","name":"Grave acidente na LMG 774 tira a vida do ex-prefeito de Cuparaque, Sebasti\u00e3o Domingos de Oliveira - Aconteceu no Vale","isPartOf":{"@id":"https:\/\/aconteceunovale.com.br\/portal\/#website"},"primaryImageOfPage":{"@id":"https:\/\/aconteceunovale.com.br\/portal\/?p=15152#primaryimage"},"image":{"@id":"https:\/\/aconteceunovale.com.br\/portal\/?p=15152#primaryimage"},"thumbnailUrl":"https:\/\/aconteceunovale.com.br\/portal\/wp-content\/uploads\/2013\/12\/ex_prefeito_cuparaque.jpg","datePublished":"2013-12-11T22:19:46+00:00","author":{"@id":"https:\/\/aconteceunovale.com.br\/portal\/#\/schema\/person\/633529146f2c94272bef50ac2953d589"},"breadcrumb":{"@id":"https:\/\/aconteceunovale.com.br\/portal\/?p=15152#breadcrumb"},"inLanguage":"pt-BR","potentialAction":[{"@type":"ReadAction","target":["https:\/\/aconteceunovale.com.br\/portal\/?p=15152"]}]},{"@type":"ImageObject","inLanguage":"pt-BR","@id":"https:\/\/aconteceunovale.com.br\/portal\/?p=15152#primaryimage","url":"https:\/\/aconteceunovale.com.br\/portal\/wp-content\/uploads\/2013\/12\/ex_prefeito_cuparaque.jpg","contentUrl":"https:\/\/aconteceunovale.com.br\/portal\/wp-content\/uploads\/2013\/12\/ex_prefeito_cuparaque.jpg","width":600,"height":450},{"@type":"BreadcrumbList","@id":"https:\/\/aconteceunovale.com.br\/portal\/?p=15152#breadcrumb","itemListElement":[{"@type":"ListItem","position":1,"name":"In\u00edcio","item":"https:\/\/aconteceunovale.com.br\/portal\/"},{"@type":"ListItem","position":2,"name":"Grave acidente na LMG 774 tira a vida do ex-prefeito de Cuparaque, Sebasti\u00e3o Domingos de Oliveira"}]},{"@type":"WebSite","@id":"https:\/\/aconteceunovale.com.br\/portal\/#website","url":"https:\/\/aconteceunovale.com.br\/portal\/","name":"Aconteceu no Vale","description":"Portal de Not\u00edcias","potentialAction":[{"@type":"SearchAction","target":{"@type":"EntryPoint","urlTemplate":"https:\/\/aconteceunovale.com.br\/portal\/?s={search_term_string}"},"query-input":{"@type":"PropertyValueSpecification","valueRequired":true,"valueName":"search_term_string"}}],"inLanguage":"pt-BR"},{"@type":"Person","@id":"https:\/\/aconteceunovale.com.br\/portal\/#\/schema\/person\/633529146f2c94272bef50ac2953d589","name":"Aconteceu no Vale","description":"Equipe de reportagem do Aconteceu no Vale, portal de not\u00edcias do Vale do Jequitinhonha, em Minas Gerais. Cobrimos as 51 cidades do Vale desde 2013. Sugest\u00f5es de pauta e pedidos de corre\u00e7\u00e3o: contato@aconteceunovale.com.br","sameAs":["http:\/\/www.aconteceunovale.com.br"],"url":"https:\/\/aconteceunovale.com.br\/portal\/?author=1"}]}},"_links":{"self":[{"href":"https:\/\/aconteceunovale.com.br\/portal\/index.php?rest_route=\/wp\/v2\/posts\/15152","targetHints":{"allow":["GET"]}}],"collection":[{"href":"https:\/\/aconteceunovale.com.br\/portal\/index.php?rest_route=\/wp\/v2\/posts"}],"about":[{"href":"https:\/\/aconteceunovale.com.br\/portal\/index.php?rest_route=\/wp\/v2\/types\/post"}],"author":[{"embeddable":true,"href":"https:\/\/aconteceunovale.com.br\/portal\/index.php?rest_route=\/wp\/v2\/users\/1"}],"replies":[{"embeddable":true,"href":"https:\/\/aconteceunovale.com.br\/portal\/index.php?rest_route=%2Fwp%2Fv2%2Fcomments&post=15152"}],"version-history":[{"count":0,"href":"https:\/\/aconteceunovale.com.br\/portal\/index.php?rest_route=\/wp\/v2\/posts\/15152\/revisions"}],"wp:featuredmedia":[{"embeddable":true,"href":"https:\/\/aconteceunovale.com.br\/portal\/index.php?rest_route=\/wp\/v2\/media\/15153"}],"wp:attachment":[{"href":"https:\/\/aconteceunovale.com.br\/portal\/index.php?rest_route=%2Fwp%2Fv2%2Fmedia&parent=15152"}],"wp:term":[{"taxonomy":"category","embeddable":true,"href":"https:\/\/aconteceunovale.com.br\/portal\/index.php?rest_route=%2Fwp%2Fv2%2Fcategories&post=15152"},{"taxonomy":"post_tag","embeddable":true,"href":"https:\/\/aconteceunovale.com.br\/portal\/index.php?rest_route=%2Fwp%2Fv2%2Ftags&post=15152"}],"curies":[{"name":"wp","href":"https:\/\/api.w.org\/{rel}","templated":true}]}}