{"id":151247,"date":"2019-08-25T22:32:22","date_gmt":"2019-08-26T00:32:22","guid":{"rendered":"http:\/\/aconteceunovale.com.br\/portal\/?p=151247"},"modified":"2019-08-29T00:45:50","modified_gmt":"2019-08-29T02:45:50","slug":"acidente-entre-carro-e-onibus-deixa-um-morto-na-br-116-no-leste-de-minas","status":"publish","type":"post","link":"https:\/\/aconteceunovale.com.br\/portal\/?p=151247","title":{"rendered":"Acidente entre carro e \u00f4nibus deixa um morto na BR-116, no Leste de Minas"},"content":{"rendered":"<p>Um jovem de 19 anos morreu em um grave acidente na madrugada deste domingo (25\/08\/2019) na BR-116, munic\u00edpio de Ubaporanga, no Leste do Estado. Segundo a Pol\u00edcia Rodovi\u00e1ria Federal (PRF), a colis\u00e3o entre um VW\/Gol e um \u00f4nibus da Via\u00e7\u00e3o Novo Horizonte aconteceu na altura do quil\u00f4metro 512 da rodovia.<br \/>\n<center><br \/>\n<!-- Erro, o An\u00fancio n\u00e3o est\u00e1 dispon\u00edvel neste momento devido \u00e0s restri\u00e7\u00f5es de agendamento\/geolocaliza\u00e7\u00e3o! --><br \/>\n<\/br><br \/>\n<\/center><br \/>\nA PRF trabalha com as hip\u00f3teses de excesso de velocidade e\/ou embriaguez ao volante. A colis\u00e3o entre os dois ve\u00edculos aconteceu em um trecho de reta, em local de boa visibilidade. O carro invadiu a contram\u00e3o de dire\u00e7\u00e3o e colidiu frontalmente contra o \u00f4nibus, que saiu de S\u00e3o Paulo e seguia para a regi\u00e3o nordeste do pa\u00eds.<\/p>\n<p>Com o forte impacto da colis\u00e3o, Alex Ferreira Alexandre, que conduzia o autom\u00f3vel e residia em Piedade de Caratinga, ficou gravemente ferido e veio a \u00f3bito preso nas ferragens. Informa\u00e7\u00f5es iniciais indicam que a v\u00edtima teria sa\u00eddo de uma festa em Ubaporanga momentos antes da trag\u00e9dia.<\/p>\n<p>O corpo da v\u00edtima foi resgatado pelo Corpo de Bombeiros e liberado para o Instituto M\u00e9dico Legal (IML) de Caratinga. As causas do acidente ser\u00e3o apuradas pelas autoridades locais.<\/p>\n<p>Os passageiros do \u00f4nibus seguiram viagem em outro ve\u00edculo da empresa.<\/p>\n<p><img decoding=\"async\" src=\"http:\/\/aconteceunovale.com.br\/portal\/wp-content\/uploads\/2019\/08\/acidente_ubaporanga_1.jpg\" alt=\"\" \/><em>Foto: Reprodu\u00e7\u00e3o \/ Super Canal<\/em><br \/>\n<\/br><\/p>\n<p><img decoding=\"async\" src=\"http:\/\/aconteceunovale.com.br\/portal\/wp-content\/uploads\/2019\/08\/acidente_ubaporanga_2.jpg\" alt=\"\" \/><em>Foto: Reprodu\u00e7\u00e3o \/ Super Canal<\/em><br \/>\n<\/br><\/p>\n<p><img decoding=\"async\" src=\"http:\/\/aconteceunovale.com.br\/portal\/wp-content\/uploads\/2019\/08\/acidente_ubaporanga_3.jpg\" alt=\"\" \/><em>Foto: Reprodu\u00e7\u00e3o \/ Super Canal<\/em><br \/>\n<\/br><\/p>\n<p><img decoding=\"async\" src=\"http:\/\/aconteceunovale.com.br\/portal\/wp-content\/uploads\/2019\/08\/acidente_ubaporanga_4.jpg\" alt=\"\" \/><em>Foto: Reprodu\u00e7\u00e3o \/ Super Canal<\/em><br \/>\n<\/br><\/p>\n<p><img decoding=\"async\" src=\"http:\/\/aconteceunovale.com.br\/portal\/wp-content\/uploads\/2019\/08\/acidente_ubaporanga_5.jpg\" alt=\"\" \/><em>Foto: Reprodu\u00e7\u00e3o \/ Super Canal<\/em><br \/>\n<\/br><\/p>\n<p><img decoding=\"async\" src=\"http:\/\/aconteceunovale.com.br\/portal\/wp-content\/uploads\/2019\/08\/acidente_ubaporanga_6.jpg\" alt=\"\" \/><em>Foto: Reprodu\u00e7\u00e3o \/ Super Canal<\/em><br \/>\n<\/br><\/p>\n<p><img decoding=\"async\" src=\"http:\/\/aconteceunovale.com.br\/portal\/wp-content\/uploads\/2019\/08\/acidente_ubaporanga_7.jpg\" alt=\"\" \/><em>Foto: Reprodu\u00e7\u00e3o \/ Super Canal<\/em><br \/>\n<\/br><\/p>\n<p><em>Por Leandro Silva | Aconteceu no Vale<br \/>\nPublicado em: 25\/08\/2019, \u00e0s 21h32<\/em><\/p>\n<p><strong>VER PRIMEIRO<\/strong><\/p>\n<p>Receba as not\u00edcias do Aconteceu no Vale em primeira m\u00e3o. Clique em curtir no endere\u00e7o <a href=\"https:\/\/www.facebook.com\/aconteceunovale\" target=\"_blank\" rel=\"noopener noreferrer\"><font color=\"red\">www.facebook.com\/aconteceunovale<\/font><\/a> ou no box abaixo:<\/p>\n<div class=\"fb-like\" data-href=\"https:\/\/www.facebook.com\/aconteceunovale\" data-width=\"120\" data-layout=\"standard\" data-action=\"like\" data-size=\"small\" data-show-faces=\"true\" data-share=\"true\"><\/div>\n<p><\/br><br \/>\n<!-- Erro, o An\u00fancio n\u00e3o est\u00e1 dispon\u00edvel neste momento devido \u00e0s restri\u00e7\u00f5es de agendamento\/geolocaliza\u00e7\u00e3o! --><br \/>\n<\/br><\/p>\n","protected":false},"excerpt":{"rendered":"<p>Um jovem de 19 anos morreu em um grave acidente na madrugada deste domingo (25\/08\/2019) na BR-116, munic\u00edpio de Ubaporanga, no Leste do Estado. Segundo a Pol\u00edcia Rodovi\u00e1ria Federal (PRF), a colis\u00e3o entre um VW\/Gol e um \u00f4nibus da Via\u00e7\u00e3o Novo Horizonte aconteceu na altura do quil\u00f4metro 512 da rodovia. A PRF trabalha com as [&hellip;]<\/p>\n","protected":false},"author":1,"featured_media":151251,"comment_status":"open","ping_status":"closed","sticky":false,"template":"","format":"standard","meta":{"amp_status":"","footnotes":""},"categories":[121],"tags":[205830,33911,145248,205828,205827,205829,165816,205831,50751,331,25897],"class_list":["post-151247","post","type-post","status-publish","format-standard","has-post-thumbnail","hentry","category-leste","tag-acidente-com-onibus-da-viacao-novo-horizonte-na-br-116","tag-acidente-em-ubaporanga","tag-acidente-entre-carro-e-onibus-deixa-um-morto-na-br-116","tag-acidente-entre-carro-e-onibus-deixa-um-morto-na-br-116-em-ubaporanga","tag-acidente-entre-carro-e-onibus-deixa-um-morto-na-br-116-no-leste-de-minas","tag-acidente-entre-carro-e-onibus-em-ubaporanga","tag-acidente-onibus-da-viacao-novo-horizonte","tag-alex-ferreira-alexandre","tag-no-leste-de-minas","tag-ubaporanga","tag-viacao-novo-horizonte"],"_links":{"self":[{"href":"https:\/\/aconteceunovale.com.br\/portal\/index.php?rest_route=\/wp\/v2\/posts\/151247","targetHints":{"allow":["GET"]}}],"collection":[{"href":"https:\/\/aconteceunovale.com.br\/portal\/index.php?rest_route=\/wp\/v2\/posts"}],"about":[{"href":"https:\/\/aconteceunovale.com.br\/portal\/index.php?rest_route=\/wp\/v2\/types\/post"}],"author":[{"embeddable":true,"href":"https:\/\/aconteceunovale.com.br\/portal\/index.php?rest_route=\/wp\/v2\/users\/1"}],"replies":[{"embeddable":true,"href":"https:\/\/aconteceunovale.com.br\/portal\/index.php?rest_route=%2Fwp%2Fv2%2Fcomments&post=151247"}],"version-history":[{"count":4,"href":"https:\/\/aconteceunovale.com.br\/portal\/index.php?rest_route=\/wp\/v2\/posts\/151247\/revisions"}],"predecessor-version":[{"id":151802,"href":"https:\/\/aconteceunovale.com.br\/portal\/index.php?rest_route=\/wp\/v2\/posts\/151247\/revisions\/151802"}],"wp:featuredmedia":[{"embeddable":true,"href":"https:\/\/aconteceunovale.com.br\/portal\/index.php?rest_route=\/wp\/v2\/media\/151251"}],"wp:attachment":[{"href":"https:\/\/aconteceunovale.com.br\/portal\/index.php?rest_route=%2Fwp%2Fv2%2Fmedia&parent=151247"}],"wp:term":[{"taxonomy":"category","embeddable":true,"href":"https:\/\/aconteceunovale.com.br\/portal\/index.php?rest_route=%2Fwp%2Fv2%2Fcategories&post=151247"},{"taxonomy":"post_tag","embeddable":true,"href":"https:\/\/aconteceunovale.com.br\/portal\/index.php?rest_route=%2Fwp%2Fv2%2Ftags&post=151247"}],"curies":[{"name":"wp","href":"https:\/\/api.w.org\/{rel}","templated":true}]}}