{"id":151243,"date":"2019-08-25T22:07:38","date_gmt":"2019-08-26T00:07:38","guid":{"rendered":"http:\/\/aconteceunovale.com.br\/portal\/?p=151243"},"modified":"2019-08-25T22:07:38","modified_gmt":"2019-08-26T00:07:38","slug":"pescador-morre-em-lagoa-no-municipio-de-imbe-de-minas","status":"publish","type":"post","link":"https:\/\/aconteceunovale.com.br\/portal\/?p=151243","title":{"rendered":"Pescador morre em lagoa no munic\u00edpio de Imb\u00e9 de Minas"},"content":{"rendered":"<p>O corpo de um jovem de 26 anos foi resgatado por equipes do Corpo de Bombeiros, na manh\u00e3 deste domingo (25\/08\/2019), no munic\u00edpio de Imb\u00e9 de Minas, no Leste do Estado. Creisciano Viana Fernandes morreu afogado na tarde de s\u00e1bado (24) em uma lagoa na comunidade C\u00f3rrego Dourado. <\/p>\n<p>Informa\u00e7\u00f5es iniciais indicam que um grupo de pessoas estavam pescando na lagoa quando a v\u00edtima entrou na \u00e1gua para manusear uma rede e acabou afundando. A principal suspeita \u00e9 que a v\u00edtima tenha passado mal. <\/p>\n<p>A Per\u00edcia da Pol\u00edcia Civil esteve no local e liberou o corpo para o Instituto M\u00e9dico Legal (IML) de Caratinga. As causas da morte ser\u00e3o investigadas.<\/p>\n<p><img decoding=\"async\" src=\"http:\/\/aconteceunovale.com.br\/portal\/wp-content\/uploads\/2019\/08\/afogamento_imbe_1.jpg\" alt=\"\" \/><em>Foto: Reprodu\u00e7\u00e3o \/ Super Canal <\/em><br \/>\n<\/br><\/p>\n<p><img decoding=\"async\" src=\"http:\/\/aconteceunovale.com.br\/portal\/wp-content\/uploads\/2019\/08\/afogamento_imbe_2.jpg\" alt=\"\" \/><em>Foto: Reprodu\u00e7\u00e3o \/ Super Canal <\/em><br \/>\n<\/br><\/p>\n<p><em>Por Leandro Silva | Aconteceu no Vale<br \/>\nPublicado em: 25\/08\/2019, \u00e0s 21h07<\/em><\/p>\n<p><strong>VER PRIMEIRO<\/strong><\/p>\n<p>Receba as not\u00edcias do Aconteceu no Vale em primeira m\u00e3o. Clique em curtir no endere\u00e7o <a href=\"https:\/\/www.facebook.com\/aconteceunovale\" target=\"_blank\"><font color=\"red\">www.facebook.com\/aconteceunovale<\/font><\/a> ou no box abaixo:<\/p>\n<div class=\"fb-like\" data-href=\"https:\/\/www.facebook.com\/aconteceunovale\" data-width=\"120\" data-layout=\"standard\" data-action=\"like\" data-size=\"small\" data-show-faces=\"true\" data-share=\"true\"><\/div>\n<p><\/br><br \/>\n<!-- Erro, o An\u00fancio n\u00e3o est\u00e1 dispon\u00edvel neste momento devido \u00e0s restri\u00e7\u00f5es de agendamento\/geolocaliza\u00e7\u00e3o! --><br \/>\n<\/br><\/p>\n","protected":false},"excerpt":{"rendered":"<p>O corpo de um jovem de 26 anos foi resgatado por equipes do Corpo de Bombeiros, na manh\u00e3 deste domingo (25\/08\/2019), no munic\u00edpio de Imb\u00e9 de Minas, no Leste do Estado. Creisciano Viana Fernandes morreu afogado na tarde de s\u00e1bado (24) em uma lagoa na comunidade C\u00f3rrego Dourado. Informa\u00e7\u00f5es iniciais indicam que um grupo de [&hellip;]<\/p>\n","protected":false},"author":1,"featured_media":151244,"comment_status":"open","ping_status":"closed","sticky":false,"template":"","format":"standard","meta":{"amp_status":"","footnotes":""},"categories":[121],"tags":[205824,205826,295,205825,205823],"class_list":["post-151243","post","type-post","status-publish","format-standard","has-post-thumbnail","hentry","category-leste","tag-afogamento-em-imbe-de-minas","tag-creisciano-viana-fernandes","tag-imbe-de-minas","tag-morte-em-lagoa-de-imbe-de-minas","tag-pescador-morre-em-lagoa-no-municipio-de-imbe-de-minas"],"_links":{"self":[{"href":"https:\/\/aconteceunovale.com.br\/portal\/index.php?rest_route=\/wp\/v2\/posts\/151243","targetHints":{"allow":["GET"]}}],"collection":[{"href":"https:\/\/aconteceunovale.com.br\/portal\/index.php?rest_route=\/wp\/v2\/posts"}],"about":[{"href":"https:\/\/aconteceunovale.com.br\/portal\/index.php?rest_route=\/wp\/v2\/types\/post"}],"author":[{"embeddable":true,"href":"https:\/\/aconteceunovale.com.br\/portal\/index.php?rest_route=\/wp\/v2\/users\/1"}],"replies":[{"embeddable":true,"href":"https:\/\/aconteceunovale.com.br\/portal\/index.php?rest_route=%2Fwp%2Fv2%2Fcomments&post=151243"}],"version-history":[{"count":1,"href":"https:\/\/aconteceunovale.com.br\/portal\/index.php?rest_route=\/wp\/v2\/posts\/151243\/revisions"}],"predecessor-version":[{"id":151246,"href":"https:\/\/aconteceunovale.com.br\/portal\/index.php?rest_route=\/wp\/v2\/posts\/151243\/revisions\/151246"}],"wp:featuredmedia":[{"embeddable":true,"href":"https:\/\/aconteceunovale.com.br\/portal\/index.php?rest_route=\/wp\/v2\/media\/151244"}],"wp:attachment":[{"href":"https:\/\/aconteceunovale.com.br\/portal\/index.php?rest_route=%2Fwp%2Fv2%2Fmedia&parent=151243"}],"wp:term":[{"taxonomy":"category","embeddable":true,"href":"https:\/\/aconteceunovale.com.br\/portal\/index.php?rest_route=%2Fwp%2Fv2%2Fcategories&post=151243"},{"taxonomy":"post_tag","embeddable":true,"href":"https:\/\/aconteceunovale.com.br\/portal\/index.php?rest_route=%2Fwp%2Fv2%2Ftags&post=151243"}],"curies":[{"name":"wp","href":"https:\/\/api.w.org\/{rel}","templated":true}]}}