{"id":151207,"date":"2019-08-24T22:39:58","date_gmt":"2019-08-25T00:39:58","guid":{"rendered":"http:\/\/aconteceunovale.com.br\/portal\/?p=151207"},"modified":"2019-08-24T22:39:58","modified_gmt":"2019-08-25T00:39:58","slug":"acidentes-envolvendo-carretas-sao-registrados-no-norte-de-minas","status":"publish","type":"post","link":"https:\/\/aconteceunovale.com.br\/portal\/?p=151207","title":{"rendered":"Acidentes envolvendo carretas s\u00e3o registrados no Norte de Minas"},"content":{"rendered":"<p>A sexta-feira (23\/08\/2019) foi marcada por acidentes envolvendo carretas pela BR-365, no Norte de Minas. No in\u00edcio da manh\u00e3, pr\u00f3ximo ao trevo de Ibia\u00ed, um ve\u00edculo carregado com sacos de trigo tombou ap\u00f3s o motorista perder o controle da dire\u00e7\u00e3o. <\/p>\n<p>A Pol\u00edcia Rodovi\u00e1ria Federal esteve no local realizando a seguran\u00e7a da rodovia, que teve tr\u00e2nsito fluindo em meia pista at\u00e9 a chegada da empresa de seguros respons\u00e1vel pela carga. O motorista teve ferimentos leves e foi encaminhado ao Hospital de Pirapora pelo SAMU.<\/p>\n<p>J\u00e1 durante tarde, uma carreta carregada de carv\u00e3o pegou fogo pr\u00f3ximo a Pirapora. O motorista conseguiu sair da cabine ao perceber as chamas, que consumiram o semirreboque. <\/p>\n<p>O inc\u00eandio ser\u00e1 investigado pela Pol\u00edcia.<\/p>\n<p><img decoding=\"async\" src=\"http:\/\/aconteceunovale.com.br\/portal\/wp-content\/uploads\/2019\/08\/acidente_pirapora.jpg\" alt=\"\" \/><em>Foto: Divulga\u00e7\u00e3o\/PRF<\/em><br \/>\n<\/br><\/p>\n<p><em>Por Leandro Silva | Aconteceu no Vale<br \/>\nPublicado em: 24\/08\/2019, \u00e0s 21h38<\/em><\/p>\n<p><strong>VER PRIMEIRO<\/strong><\/p>\n<p>Receba as not\u00edcias do Aconteceu no Vale em primeira m\u00e3o. Clique em curtir no endere\u00e7o <a href=\"https:\/\/www.facebook.com\/aconteceunovale\" target=\"_blank\"><font color=\"red\">www.facebook.com\/aconteceunovale<\/font><\/a> ou no box abaixo:<\/p>\n<div class=\"fb-like\" data-href=\"https:\/\/www.facebook.com\/aconteceunovale\" data-width=\"120\" data-layout=\"standard\" data-action=\"like\" data-size=\"small\" data-show-faces=\"true\" data-share=\"true\"><\/div>\n<p><\/br><br \/>\n<!-- Erro, o An\u00fancio n\u00e3o est\u00e1 dispon\u00edvel neste momento devido \u00e0s restri\u00e7\u00f5es de agendamento\/geolocaliza\u00e7\u00e3o! --><br \/>\n<\/br><\/p>\n","protected":false},"excerpt":{"rendered":"<p>A sexta-feira (23\/08\/2019) foi marcada por acidentes envolvendo carretas pela BR-365, no Norte de Minas. No in\u00edcio da manh\u00e3, pr\u00f3ximo ao trevo de Ibia\u00ed, um ve\u00edculo carregado com sacos de trigo tombou ap\u00f3s o motorista perder o controle da dire\u00e7\u00e3o. A Pol\u00edcia Rodovi\u00e1ria Federal esteve no local realizando a seguran\u00e7a da rodovia, que teve tr\u00e2nsito [&hellip;]<\/p>\n","protected":false},"author":1,"featured_media":151208,"comment_status":"open","ping_status":"closed","sticky":false,"template":"","format":"standard","meta":{"amp_status":"","footnotes":""},"categories":[1236],"tags":[146862,205752,165187,31360,2981,254],"class_list":["post-151207","post","type-post","status-publish","format-standard","has-post-thumbnail","hentry","category-norte_de_minas","tag-acidente-perto-de-pirapora","tag-acidentes-envolvendo-carretas-sao-registrados-no-norte-de-minas","tag-acidentes-na-br-365","tag-acidentes-no-norte-de-minas","tag-br-365","tag-pirapora"],"_links":{"self":[{"href":"https:\/\/aconteceunovale.com.br\/portal\/index.php?rest_route=\/wp\/v2\/posts\/151207","targetHints":{"allow":["GET"]}}],"collection":[{"href":"https:\/\/aconteceunovale.com.br\/portal\/index.php?rest_route=\/wp\/v2\/posts"}],"about":[{"href":"https:\/\/aconteceunovale.com.br\/portal\/index.php?rest_route=\/wp\/v2\/types\/post"}],"author":[{"embeddable":true,"href":"https:\/\/aconteceunovale.com.br\/portal\/index.php?rest_route=\/wp\/v2\/users\/1"}],"replies":[{"embeddable":true,"href":"https:\/\/aconteceunovale.com.br\/portal\/index.php?rest_route=%2Fwp%2Fv2%2Fcomments&post=151207"}],"version-history":[{"count":1,"href":"https:\/\/aconteceunovale.com.br\/portal\/index.php?rest_route=\/wp\/v2\/posts\/151207\/revisions"}],"predecessor-version":[{"id":151210,"href":"https:\/\/aconteceunovale.com.br\/portal\/index.php?rest_route=\/wp\/v2\/posts\/151207\/revisions\/151210"}],"wp:featuredmedia":[{"embeddable":true,"href":"https:\/\/aconteceunovale.com.br\/portal\/index.php?rest_route=\/wp\/v2\/media\/151208"}],"wp:attachment":[{"href":"https:\/\/aconteceunovale.com.br\/portal\/index.php?rest_route=%2Fwp%2Fv2%2Fmedia&parent=151207"}],"wp:term":[{"taxonomy":"category","embeddable":true,"href":"https:\/\/aconteceunovale.com.br\/portal\/index.php?rest_route=%2Fwp%2Fv2%2Fcategories&post=151207"},{"taxonomy":"post_tag","embeddable":true,"href":"https:\/\/aconteceunovale.com.br\/portal\/index.php?rest_route=%2Fwp%2Fv2%2Ftags&post=151207"}],"curies":[{"name":"wp","href":"https:\/\/api.w.org\/{rel}","templated":true}]}}