{"id":15095,"date":"2013-12-10T18:40:01","date_gmt":"2013-12-10T20:40:01","guid":{"rendered":"http:\/\/aconteceunovale.com.br\/portal\/?p=15095"},"modified":"2013-12-10T18:41:47","modified_gmt":"2013-12-10T20:41:47","slug":"governo-de-minas-anuncia-concurso-para-contratacao-de-5-745-com-salarios-de-ate-r-5-101","status":"publish","type":"post","link":"https:\/\/aconteceunovale.com.br\/portal\/?p=15095","title":{"rendered":"Governo de Minas anuncia concurso para contrata\u00e7\u00e3o de 5.745, com sal\u00e1rios de at\u00e9 R$ 5.101"},"content":{"rendered":"<p>O Governo de Minas publicou no Di\u00e1rio Oficial, nesta ter\u00e7a-feira (10), tr\u00eas editais que preveem a contrata\u00e7\u00e3o de 5.745 vagas na Secretaria de Estado de Defesa Social (Seds). Os cargos s\u00e3o para assistente executivo, analista executivo, m\u00e9dico e agentes de seguran\u00e7a penitenci\u00e1rio e socioeducativo. Os cargos disponibilizados contemplam tanto o n\u00edvel m\u00e9dio quanto o superior. Os sal\u00e1rios variam de R$ 954,55 a R$ 5.101,36 iniciais.<\/p>\n<p>Conforme a Seds, as inscri\u00e7\u00f5es para os concursos de agentes de seguran\u00e7a penitenci\u00e1rio e socioeducativo dever\u00e3o ser feitas a partir do dia 10 de fevereiro de 2014, sendo encerradas em 10 de mar\u00e7o. J\u00e1 os candidatos a assistente executivo, analista executivo e m\u00e9dico poder\u00e3o se inscrever entre os dias 8 de janeiro e 9 de fevereiro de 2014. <\/p>\n<p>Todas as inscri\u00e7\u00f5es dever\u00e3o ser feitas exclusivamente pela internet, no endere\u00e7o eletr\u00f4nico do Instituto Brasileiro de Forma\u00e7\u00e3o e Capacita\u00e7\u00e3o (IBFC), www.ibfc.org.br. As taxas s\u00e3o de R$ 45, R$ 50 e R$ 60, dependendo do cargo desejado. <\/p>\n<p>Os pedidos de isen\u00e7\u00e3o dos candidatos a assistente e analistas executivos e m\u00e9dico podem ser feitos somente entre os dias 16 e 20 de dezembro deste ano. Para os que desejam seguir a carreira de agente de seguran\u00e7a socioeducativo ou penitenci\u00e1rio o per\u00edodo \u00e9 de 27 a 31 de janeiro de 2014.<\/p>\n<p><strong>Vagas<\/strong><\/p>\n<p>Das 5.745 vagas, 64 s\u00e3o destinadas a m\u00e9dicos, 790 a analistas executivos, 536 a assistentes executivos, 3.535 a agentes penitenci\u00e1rios e 820 a agentes socioeducativos. Os cargos ser\u00e3o distribu\u00eddos em mais de cem munic\u00edpios.<\/p>\n<p>O edital pode ser consutado neste <a href=\"https:\/\/www.seds.mg.gov.br\/images\/seds_docs\/Concurso\/edital%20seplag-seds%20n%BA%2007-2013%20-%20tecnicos%20administrativo%20e%20medico.pdf\" target=\"_blank\">link<\/a>.<\/p>\n<p>Via HD<\/p>\n","protected":false},"excerpt":{"rendered":"<p>O Governo de Minas publicou no Di\u00e1rio Oficial, nesta ter\u00e7a-feira (10), tr\u00eas editais que preveem a contrata\u00e7\u00e3o de 5.745 vagas na Secretaria de Estado de Defesa Social (Seds). Os cargos s\u00e3o para assistente executivo, analista executivo, m\u00e9dico e agentes de seguran\u00e7a penitenci\u00e1rio e socioeducativo. Os cargos disponibilizados contemplam tanto o n\u00edvel m\u00e9dio quanto o superior. [&hellip;]<\/p>\n","protected":false},"author":1,"featured_media":13951,"comment_status":"open","ping_status":"closed","sticky":false,"template":"","format":"standard","meta":{"amp_status":"","footnotes":""},"categories":[123],"tags":[700,1279,1040,1038,1039],"class_list":["post-15095","post","type-post","status-publish","format-standard","has-post-thumbnail","hentry","category-gerais","tag-concurso-publico","tag-secretaria-de-defesa-social","tag-secretaria-de-defesa-social-do-estado-de-minas-gerais","tag-seds","tag-sedsmg"],"yoast_head":"<!-- This site is optimized with the Yoast SEO plugin v28.3 - https:\/\/yoast.com\/product\/yoast-seo-wordpress\/ -->\n<title>Governo de Minas anuncia concurso para contrata\u00e7\u00e3o de 5.745, com sal\u00e1rios de at\u00e9 R$ 5.101 - Aconteceu no Vale<\/title>\n<meta name=\"robots\" content=\"index, follow, max-snippet:-1, max-image-preview:large, max-video-preview:-1\" \/>\n<link rel=\"canonical\" href=\"https:\/\/aconteceunovale.com.br\/portal\/?p=15095\" \/>\n<meta property=\"og:locale\" content=\"pt_BR\" \/>\n<meta property=\"og:type\" content=\"article\" \/>\n<meta property=\"og:title\" content=\"Governo de Minas anuncia concurso para contrata\u00e7\u00e3o de 5.745, com sal\u00e1rios de at\u00e9 R$ 5.101 - Aconteceu no Vale\" \/>\n<meta property=\"og:description\" content=\"O Governo de Minas publicou no Di\u00e1rio Oficial, nesta ter\u00e7a-feira (10), tr\u00eas editais que preveem a contrata\u00e7\u00e3o de 5.745 vagas na Secretaria de Estado de Defesa Social (Seds). Os cargos s\u00e3o para assistente executivo, analista executivo, m\u00e9dico e agentes de seguran\u00e7a penitenci\u00e1rio e socioeducativo. Os cargos disponibilizados contemplam tanto o n\u00edvel m\u00e9dio quanto o superior. [&hellip;]\" \/>\n<meta property=\"og:url\" content=\"https:\/\/aconteceunovale.com.br\/portal\/?p=15095\" \/>\n<meta property=\"og:site_name\" content=\"Aconteceu no Vale\" \/>\n<meta property=\"article:publisher\" content=\"https:\/\/www.facebook.com\/aconteceunovale\/\" \/>\n<meta property=\"article:published_time\" content=\"2013-12-10T20:40:01+00:00\" \/>\n<meta property=\"article:modified_time\" content=\"2013-12-10T20:41:47+00:00\" \/>\n<meta property=\"og:image\" content=\"https:\/\/aconteceunovale.com.br\/portal\/wp-content\/uploads\/2013\/11\/concurso_publico_angelandia.jpg\" \/>\n\t<meta property=\"og:image:width\" content=\"650\" \/>\n\t<meta property=\"og:image:height\" content=\"400\" \/>\n\t<meta property=\"og:image:type\" content=\"image\/jpeg\" \/>\n<meta name=\"author\" content=\"Aconteceu no Vale\" \/>\n<meta name=\"twitter:card\" content=\"summary_large_image\" \/>\n<meta name=\"twitter:creator\" content=\"@noticiadosvales\" \/>\n<meta name=\"twitter:site\" content=\"@noticiadosvales\" \/>\n<meta name=\"twitter:label1\" content=\"Escrito por\" \/>\n\t<meta name=\"twitter:data1\" content=\"Aconteceu no Vale\" \/>\n\t<meta name=\"twitter:label2\" content=\"Est. tempo de leitura\" \/>\n\t<meta name=\"twitter:data2\" content=\"1 minuto\" \/>\n<script type=\"application\/ld+json\" class=\"yoast-schema-graph\">{\"@context\":\"https:\\\/\\\/schema.org\",\"@graph\":[{\"@type\":\"Article\",\"@id\":\"https:\\\/\\\/aconteceunovale.com.br\\\/portal\\\/?p=15095#article\",\"isPartOf\":{\"@id\":\"https:\\\/\\\/aconteceunovale.com.br\\\/portal\\\/?p=15095\"},\"author\":{\"name\":\"Aconteceu no Vale\",\"@id\":\"https:\\\/\\\/aconteceunovale.com.br\\\/portal\\\/#\\\/schema\\\/person\\\/633529146f2c94272bef50ac2953d589\"},\"headline\":\"Governo de Minas anuncia concurso para contrata\u00e7\u00e3o de 5.745, com sal\u00e1rios de at\u00e9 R$ 5.101\",\"datePublished\":\"2013-12-10T20:40:01+00:00\",\"dateModified\":\"2013-12-10T20:41:47+00:00\",\"mainEntityOfPage\":{\"@id\":\"https:\\\/\\\/aconteceunovale.com.br\\\/portal\\\/?p=15095\"},\"wordCount\":284,\"commentCount\":0,\"image\":{\"@id\":\"https:\\\/\\\/aconteceunovale.com.br\\\/portal\\\/?p=15095#primaryimage\"},\"thumbnailUrl\":\"https:\\\/\\\/aconteceunovale.com.br\\\/portal\\\/wp-content\\\/uploads\\\/2013\\\/11\\\/concurso_publico_angelandia.jpg\",\"keywords\":[\"Concurso Publico\",\"Secretaria de Defesa Social\",\"Secretaria de Defesa Social do Estado de Minas Gerais\",\"SEDS\",\"SEDS\\\/MG\"],\"articleSection\":[\"Minas Gerais\"],\"inLanguage\":\"pt-BR\",\"potentialAction\":[{\"@type\":\"CommentAction\",\"name\":\"Comment\",\"target\":[\"https:\\\/\\\/aconteceunovale.com.br\\\/portal\\\/?p=15095#respond\"]}]},{\"@type\":\"WebPage\",\"@id\":\"https:\\\/\\\/aconteceunovale.com.br\\\/portal\\\/?p=15095\",\"url\":\"https:\\\/\\\/aconteceunovale.com.br\\\/portal\\\/?p=15095\",\"name\":\"Governo de Minas anuncia concurso para contrata\u00e7\u00e3o de 5.745, com sal\u00e1rios de at\u00e9 R$ 5.101 - Aconteceu no Vale\",\"isPartOf\":{\"@id\":\"https:\\\/\\\/aconteceunovale.com.br\\\/portal\\\/#website\"},\"primaryImageOfPage\":{\"@id\":\"https:\\\/\\\/aconteceunovale.com.br\\\/portal\\\/?p=15095#primaryimage\"},\"image\":{\"@id\":\"https:\\\/\\\/aconteceunovale.com.br\\\/portal\\\/?p=15095#primaryimage\"},\"thumbnailUrl\":\"https:\\\/\\\/aconteceunovale.com.br\\\/portal\\\/wp-content\\\/uploads\\\/2013\\\/11\\\/concurso_publico_angelandia.jpg\",\"datePublished\":\"2013-12-10T20:40:01+00:00\",\"dateModified\":\"2013-12-10T20:41:47+00:00\",\"author\":{\"@id\":\"https:\\\/\\\/aconteceunovale.com.br\\\/portal\\\/#\\\/schema\\\/person\\\/633529146f2c94272bef50ac2953d589\"},\"breadcrumb\":{\"@id\":\"https:\\\/\\\/aconteceunovale.com.br\\\/portal\\\/?p=15095#breadcrumb\"},\"inLanguage\":\"pt-BR\",\"potentialAction\":[{\"@type\":\"ReadAction\",\"target\":[\"https:\\\/\\\/aconteceunovale.com.br\\\/portal\\\/?p=15095\"]}]},{\"@type\":\"ImageObject\",\"inLanguage\":\"pt-BR\",\"@id\":\"https:\\\/\\\/aconteceunovale.com.br\\\/portal\\\/?p=15095#primaryimage\",\"url\":\"https:\\\/\\\/aconteceunovale.com.br\\\/portal\\\/wp-content\\\/uploads\\\/2013\\\/11\\\/concurso_publico_angelandia.jpg\",\"contentUrl\":\"https:\\\/\\\/aconteceunovale.com.br\\\/portal\\\/wp-content\\\/uploads\\\/2013\\\/11\\\/concurso_publico_angelandia.jpg\",\"width\":650,\"height\":400},{\"@type\":\"BreadcrumbList\",\"@id\":\"https:\\\/\\\/aconteceunovale.com.br\\\/portal\\\/?p=15095#breadcrumb\",\"itemListElement\":[{\"@type\":\"ListItem\",\"position\":1,\"name\":\"In\u00edcio\",\"item\":\"https:\\\/\\\/aconteceunovale.com.br\\\/portal\\\/\"},{\"@type\":\"ListItem\",\"position\":2,\"name\":\"Governo de Minas anuncia concurso para contrata\u00e7\u00e3o de 5.745, com sal\u00e1rios de at\u00e9 R$ 5.101\"}]},{\"@type\":\"WebSite\",\"@id\":\"https:\\\/\\\/aconteceunovale.com.br\\\/portal\\\/#website\",\"url\":\"https:\\\/\\\/aconteceunovale.com.br\\\/portal\\\/\",\"name\":\"Aconteceu no Vale\",\"description\":\"Portal de Not\u00edcias\",\"potentialAction\":[{\"@type\":\"SearchAction\",\"target\":{\"@type\":\"EntryPoint\",\"urlTemplate\":\"https:\\\/\\\/aconteceunovale.com.br\\\/portal\\\/?s={search_term_string}\"},\"query-input\":{\"@type\":\"PropertyValueSpecification\",\"valueRequired\":true,\"valueName\":\"search_term_string\"}}],\"inLanguage\":\"pt-BR\"},{\"@type\":\"Person\",\"@id\":\"https:\\\/\\\/aconteceunovale.com.br\\\/portal\\\/#\\\/schema\\\/person\\\/633529146f2c94272bef50ac2953d589\",\"name\":\"Aconteceu no Vale\",\"description\":\"Equipe de reportagem do Aconteceu no Vale, portal de not\u00edcias do Vale do Jequitinhonha, em Minas Gerais. Cobrimos as 51 cidades do Vale desde 2013. Sugest\u00f5es de pauta e pedidos de corre\u00e7\u00e3o: contato@aconteceunovale.com.br\",\"sameAs\":[\"http:\\\/\\\/www.aconteceunovale.com.br\"],\"url\":\"https:\\\/\\\/aconteceunovale.com.br\\\/portal\\\/?author=1\"}]}<\/script>\n<!-- \/ Yoast SEO plugin. -->","yoast_head_json":{"title":"Governo de Minas anuncia concurso para contrata\u00e7\u00e3o de 5.745, com sal\u00e1rios de at\u00e9 R$ 5.101 - Aconteceu no Vale","robots":{"index":"index","follow":"follow","max-snippet":"max-snippet:-1","max-image-preview":"max-image-preview:large","max-video-preview":"max-video-preview:-1"},"canonical":"https:\/\/aconteceunovale.com.br\/portal\/?p=15095","og_locale":"pt_BR","og_type":"article","og_title":"Governo de Minas anuncia concurso para contrata\u00e7\u00e3o de 5.745, com sal\u00e1rios de at\u00e9 R$ 5.101 - Aconteceu no Vale","og_description":"O Governo de Minas publicou no Di\u00e1rio Oficial, nesta ter\u00e7a-feira (10), tr\u00eas editais que preveem a contrata\u00e7\u00e3o de 5.745 vagas na Secretaria de Estado de Defesa Social (Seds). Os cargos s\u00e3o para assistente executivo, analista executivo, m\u00e9dico e agentes de seguran\u00e7a penitenci\u00e1rio e socioeducativo. Os cargos disponibilizados contemplam tanto o n\u00edvel m\u00e9dio quanto o superior. [&hellip;]","og_url":"https:\/\/aconteceunovale.com.br\/portal\/?p=15095","og_site_name":"Aconteceu no Vale","article_publisher":"https:\/\/www.facebook.com\/aconteceunovale\/","article_published_time":"2013-12-10T20:40:01+00:00","article_modified_time":"2013-12-10T20:41:47+00:00","og_image":[{"width":650,"height":400,"url":"https:\/\/aconteceunovale.com.br\/portal\/wp-content\/uploads\/2013\/11\/concurso_publico_angelandia.jpg","type":"image\/jpeg"}],"author":"Aconteceu no Vale","twitter_card":"summary_large_image","twitter_creator":"@noticiadosvales","twitter_site":"@noticiadosvales","twitter_misc":{"Escrito por":"Aconteceu no Vale","Est. tempo de leitura":"1 minuto"},"schema":{"@context":"https:\/\/schema.org","@graph":[{"@type":"Article","@id":"https:\/\/aconteceunovale.com.br\/portal\/?p=15095#article","isPartOf":{"@id":"https:\/\/aconteceunovale.com.br\/portal\/?p=15095"},"author":{"name":"Aconteceu no Vale","@id":"https:\/\/aconteceunovale.com.br\/portal\/#\/schema\/person\/633529146f2c94272bef50ac2953d589"},"headline":"Governo de Minas anuncia concurso para contrata\u00e7\u00e3o de 5.745, com sal\u00e1rios de at\u00e9 R$ 5.101","datePublished":"2013-12-10T20:40:01+00:00","dateModified":"2013-12-10T20:41:47+00:00","mainEntityOfPage":{"@id":"https:\/\/aconteceunovale.com.br\/portal\/?p=15095"},"wordCount":284,"commentCount":0,"image":{"@id":"https:\/\/aconteceunovale.com.br\/portal\/?p=15095#primaryimage"},"thumbnailUrl":"https:\/\/aconteceunovale.com.br\/portal\/wp-content\/uploads\/2013\/11\/concurso_publico_angelandia.jpg","keywords":["Concurso Publico","Secretaria de Defesa Social","Secretaria de Defesa Social do Estado de Minas Gerais","SEDS","SEDS\/MG"],"articleSection":["Minas Gerais"],"inLanguage":"pt-BR","potentialAction":[{"@type":"CommentAction","name":"Comment","target":["https:\/\/aconteceunovale.com.br\/portal\/?p=15095#respond"]}]},{"@type":"WebPage","@id":"https:\/\/aconteceunovale.com.br\/portal\/?p=15095","url":"https:\/\/aconteceunovale.com.br\/portal\/?p=15095","name":"Governo de Minas anuncia concurso para contrata\u00e7\u00e3o de 5.745, com sal\u00e1rios de at\u00e9 R$ 5.101 - Aconteceu no Vale","isPartOf":{"@id":"https:\/\/aconteceunovale.com.br\/portal\/#website"},"primaryImageOfPage":{"@id":"https:\/\/aconteceunovale.com.br\/portal\/?p=15095#primaryimage"},"image":{"@id":"https:\/\/aconteceunovale.com.br\/portal\/?p=15095#primaryimage"},"thumbnailUrl":"https:\/\/aconteceunovale.com.br\/portal\/wp-content\/uploads\/2013\/11\/concurso_publico_angelandia.jpg","datePublished":"2013-12-10T20:40:01+00:00","dateModified":"2013-12-10T20:41:47+00:00","author":{"@id":"https:\/\/aconteceunovale.com.br\/portal\/#\/schema\/person\/633529146f2c94272bef50ac2953d589"},"breadcrumb":{"@id":"https:\/\/aconteceunovale.com.br\/portal\/?p=15095#breadcrumb"},"inLanguage":"pt-BR","potentialAction":[{"@type":"ReadAction","target":["https:\/\/aconteceunovale.com.br\/portal\/?p=15095"]}]},{"@type":"ImageObject","inLanguage":"pt-BR","@id":"https:\/\/aconteceunovale.com.br\/portal\/?p=15095#primaryimage","url":"https:\/\/aconteceunovale.com.br\/portal\/wp-content\/uploads\/2013\/11\/concurso_publico_angelandia.jpg","contentUrl":"https:\/\/aconteceunovale.com.br\/portal\/wp-content\/uploads\/2013\/11\/concurso_publico_angelandia.jpg","width":650,"height":400},{"@type":"BreadcrumbList","@id":"https:\/\/aconteceunovale.com.br\/portal\/?p=15095#breadcrumb","itemListElement":[{"@type":"ListItem","position":1,"name":"In\u00edcio","item":"https:\/\/aconteceunovale.com.br\/portal\/"},{"@type":"ListItem","position":2,"name":"Governo de Minas anuncia concurso para contrata\u00e7\u00e3o de 5.745, com sal\u00e1rios de at\u00e9 R$ 5.101"}]},{"@type":"WebSite","@id":"https:\/\/aconteceunovale.com.br\/portal\/#website","url":"https:\/\/aconteceunovale.com.br\/portal\/","name":"Aconteceu no Vale","description":"Portal de Not\u00edcias","potentialAction":[{"@type":"SearchAction","target":{"@type":"EntryPoint","urlTemplate":"https:\/\/aconteceunovale.com.br\/portal\/?s={search_term_string}"},"query-input":{"@type":"PropertyValueSpecification","valueRequired":true,"valueName":"search_term_string"}}],"inLanguage":"pt-BR"},{"@type":"Person","@id":"https:\/\/aconteceunovale.com.br\/portal\/#\/schema\/person\/633529146f2c94272bef50ac2953d589","name":"Aconteceu no Vale","description":"Equipe de reportagem do Aconteceu no Vale, portal de not\u00edcias do Vale do Jequitinhonha, em Minas Gerais. Cobrimos as 51 cidades do Vale desde 2013. Sugest\u00f5es de pauta e pedidos de corre\u00e7\u00e3o: contato@aconteceunovale.com.br","sameAs":["http:\/\/www.aconteceunovale.com.br"],"url":"https:\/\/aconteceunovale.com.br\/portal\/?author=1"}]}},"_links":{"self":[{"href":"https:\/\/aconteceunovale.com.br\/portal\/index.php?rest_route=\/wp\/v2\/posts\/15095","targetHints":{"allow":["GET"]}}],"collection":[{"href":"https:\/\/aconteceunovale.com.br\/portal\/index.php?rest_route=\/wp\/v2\/posts"}],"about":[{"href":"https:\/\/aconteceunovale.com.br\/portal\/index.php?rest_route=\/wp\/v2\/types\/post"}],"author":[{"embeddable":true,"href":"https:\/\/aconteceunovale.com.br\/portal\/index.php?rest_route=\/wp\/v2\/users\/1"}],"replies":[{"embeddable":true,"href":"https:\/\/aconteceunovale.com.br\/portal\/index.php?rest_route=%2Fwp%2Fv2%2Fcomments&post=15095"}],"version-history":[{"count":0,"href":"https:\/\/aconteceunovale.com.br\/portal\/index.php?rest_route=\/wp\/v2\/posts\/15095\/revisions"}],"wp:featuredmedia":[{"embeddable":true,"href":"https:\/\/aconteceunovale.com.br\/portal\/index.php?rest_route=\/wp\/v2\/media\/13951"}],"wp:attachment":[{"href":"https:\/\/aconteceunovale.com.br\/portal\/index.php?rest_route=%2Fwp%2Fv2%2Fmedia&parent=15095"}],"wp:term":[{"taxonomy":"category","embeddable":true,"href":"https:\/\/aconteceunovale.com.br\/portal\/index.php?rest_route=%2Fwp%2Fv2%2Fcategories&post=15095"},{"taxonomy":"post_tag","embeddable":true,"href":"https:\/\/aconteceunovale.com.br\/portal\/index.php?rest_route=%2Fwp%2Fv2%2Ftags&post=15095"}],"curies":[{"name":"wp","href":"https:\/\/api.w.org\/{rel}","templated":true}]}}