{"id":150636,"date":"2019-08-10T16:46:55","date_gmt":"2019-08-10T18:46:55","guid":{"rendered":"http:\/\/aconteceunovale.com.br\/portal\/?p=150636"},"modified":"2019-08-10T16:46:55","modified_gmt":"2019-08-10T18:46:55","slug":"acidente-entre-moto-e-trator-deixa-duas-pessoas-mortas-em-montezuma-no-norte-de-minas","status":"publish","type":"post","link":"https:\/\/aconteceunovale.com.br\/portal\/?p=150636","title":{"rendered":"Acidente entre moto e trator deixa duas pessoas mortas em Montezuma, no Norte de Minas"},"content":{"rendered":"<p>Um homem de 55 anos e uma mulher, de 43, morreram em um acidente na LMG-635, em Montezuma, nessa sexta-feira (09\/08\/2019). Segundo informa\u00e7\u00f5es da Pol\u00edcia Militar, o motociclista bateu na traseira de uma carretinha que estava acoplada em um trator. Chovia no momento do acidente e as causas ser\u00e3o apuradas.<br \/>\n<center><br \/>\n<!-- Erro, o An\u00fancio n\u00e3o est\u00e1 dispon\u00edvel neste momento devido \u00e0s restri\u00e7\u00f5es de agendamento\/geolocaliza\u00e7\u00e3o! --><br \/>\n<\/br><br \/>\n<\/center><br \/>\nO homem morreu no local e uma equipe do Samu constatou o \u00f3bito. A mulher estava na garupa da moto e chegou a ser encaminhada para o Centro de Sa\u00fade de Montezuma, mas n\u00e3o resistiu. Segundo o Samu, ela teve uma parada cardiorrespirat\u00f3ria e a equipe realizou manobras de reanima\u00e7\u00e3o cardiopulmonar por duas horas. O motorista do trator n\u00e3o sofreu ferimentos.<\/p>\n<p>Ainda segundo a PM, as duas v\u00edtimas moravam na zona rural e a mulher trabalhava no balne\u00e1rio da cidade. Ela retornava para casa de carona quando aconteceu o acidente.<\/p>\n<p>A rodovia ficou interditada nos dois sentidos por uma hora. A per\u00edcia da Pol\u00edcia Civil esteve no local.<\/p>\n<p><img decoding=\"async\" src=\"http:\/\/aconteceunovale.com.br\/portal\/wp-content\/uploads\/2019\/08\/acidente_montezuma_1.jpg\" alt=\"\" \/><em>Foto: Pol\u00edcia Militar\/Divulga\u00e7\u00e3o<\/em><br \/>\n<\/br><\/p>\n<p><img decoding=\"async\" src=\"http:\/\/aconteceunovale.com.br\/portal\/wp-content\/uploads\/2019\/08\/acidente_montezuma_2.jpg\" alt=\"\" \/><em>Foto: Pol\u00edcia Militar\/Divulga\u00e7\u00e3o<\/em><br \/>\n<\/br><\/p>\n<p><strong>VER PRIMEIRO<\/strong><\/p>\n<p>Receba as not\u00edcias do Aconteceu no Vale em primeira m\u00e3o. Clique em curtir no endere\u00e7o <a href=\"https:\/\/www.facebook.com\/aconteceunovale\" target=\"_blank\"><font color=\"red\">www.facebook.com\/aconteceunovale<\/font><\/a> ou no box abaixo:<\/p>\n<div class=\"fb-like\" data-href=\"https:\/\/www.facebook.com\/aconteceunovale\" data-width=\"120\" data-layout=\"standard\" data-action=\"like\" data-size=\"small\" data-show-faces=\"true\" data-share=\"true\"><\/div>\n<p><!-- Erro, o An\u00fancio n\u00e3o est\u00e1 dispon\u00edvel neste momento devido \u00e0s restri\u00e7\u00f5es de agendamento\/geolocaliza\u00e7\u00e3o! --><br \/>\n<\/br><\/p>\n<p><em>(Fonte: G1 Grande Minas)<\/em><\/p>\n","protected":false},"excerpt":{"rendered":"<p>Um homem de 55 anos e uma mulher, de 43, morreram em um acidente na LMG-635, em Montezuma, nessa sexta-feira (09\/08\/2019). Segundo informa\u00e7\u00f5es da Pol\u00edcia Militar, o motociclista bateu na traseira de uma carretinha que estava acoplada em um trator. Chovia no momento do acidente e as causas ser\u00e3o apuradas. O homem morreu no local [&hellip;]<\/p>\n","protected":false},"author":1,"featured_media":150638,"comment_status":"open","ping_status":"closed","sticky":false,"template":"","format":"standard","meta":{"amp_status":"","footnotes":""},"categories":[1236],"tags":[204982,204980,204978,204979,204981,1018,1009,33228],"class_list":["post-150636","post","type-post","status-publish","format-standard","has-post-thumbnail","hentry","category-norte_de_minas","tag-acidente-de-transito-em-montezuma","tag-acidente-em-montezuma","tag-acidente-entre-moto-e-trator-deixa-duas-pessoas-mortas-em-montezuma","tag-acidente-entre-moto-e-trator-deixa-duas-pessoas-mortas-em-montezuma-no-norte-de-minas","tag-acidente-entre-moto-e-trator-em-montezuma","tag-destaque","tag-montezuma","tag-no-norte-de-minas"],"_links":{"self":[{"href":"https:\/\/aconteceunovale.com.br\/portal\/index.php?rest_route=\/wp\/v2\/posts\/150636","targetHints":{"allow":["GET"]}}],"collection":[{"href":"https:\/\/aconteceunovale.com.br\/portal\/index.php?rest_route=\/wp\/v2\/posts"}],"about":[{"href":"https:\/\/aconteceunovale.com.br\/portal\/index.php?rest_route=\/wp\/v2\/types\/post"}],"author":[{"embeddable":true,"href":"https:\/\/aconteceunovale.com.br\/portal\/index.php?rest_route=\/wp\/v2\/users\/1"}],"replies":[{"embeddable":true,"href":"https:\/\/aconteceunovale.com.br\/portal\/index.php?rest_route=%2Fwp%2Fv2%2Fcomments&post=150636"}],"version-history":[{"count":0,"href":"https:\/\/aconteceunovale.com.br\/portal\/index.php?rest_route=\/wp\/v2\/posts\/150636\/revisions"}],"wp:featuredmedia":[{"embeddable":true,"href":"https:\/\/aconteceunovale.com.br\/portal\/index.php?rest_route=\/wp\/v2\/media\/150638"}],"wp:attachment":[{"href":"https:\/\/aconteceunovale.com.br\/portal\/index.php?rest_route=%2Fwp%2Fv2%2Fmedia&parent=150636"}],"wp:term":[{"taxonomy":"category","embeddable":true,"href":"https:\/\/aconteceunovale.com.br\/portal\/index.php?rest_route=%2Fwp%2Fv2%2Fcategories&post=150636"},{"taxonomy":"post_tag","embeddable":true,"href":"https:\/\/aconteceunovale.com.br\/portal\/index.php?rest_route=%2Fwp%2Fv2%2Ftags&post=150636"}],"curies":[{"name":"wp","href":"https:\/\/api.w.org\/{rel}","templated":true}]}}