{"id":15052,"date":"2013-12-10T16:06:55","date_gmt":"2013-12-10T18:06:55","guid":{"rendered":"http:\/\/aconteceunovale.com.br\/portal\/?p=15052"},"modified":"2013-12-10T16:06:55","modified_gmt":"2013-12-10T18:06:55","slug":"apos-reforma-escola-no-vale-do-rio-doce-oferece-mais-espaco-e-conforto-para-alunos-e-funcionarios","status":"publish","type":"post","link":"https:\/\/aconteceunovale.com.br\/portal\/?p=15052","title":{"rendered":"Ap\u00f3s reforma, escola no Vale do Rio Doce oferece mais espa\u00e7o e conforto para alunos e funcion\u00e1rios"},"content":{"rendered":"<p><em><strong>Secretaria de Estado de Educa\u00e7\u00e3o investiu R$ 736.307,94 na obra de reforma e amplia\u00e7\u00e3o da Escola Estadual Ilma de Lana Emerique Caldeira, em Dom Cavati<\/strong><\/em><\/p>\n<p>A Escola Estadual Ilma de Lana Emerique Caldeira, em Dom Cavati, munic\u00edpio do Vale do Rio Doce, inaugurou na tarde desta segunda-feira (09) uma obra de reforma e amplia\u00e7\u00e3o. Um investimento de R$ 736.307,94 foi aplicado para levar \u00e0 institui\u00e7\u00e3o, que atende a mais de 600 estudantes do 6\u00ba ano do ensino fundamental ao 3\u00ba ano do ensino m\u00e9dio, mais conforto, espa\u00e7o e inova\u00e7\u00e3o.<\/p>\n<p><img decoding=\"async\" src=\"http:\/\/aconteceunovale.com.br\/portal\/wp-content\/uploads\/2013\/12\/apos-reforma-escola-no-vale-do-rio-doce-oferece-mais-espaco-e-conforto-para-alunos-e-funcionarios.jpg\" alt=\"\" \/><br \/>\n<em>Com a reforma, a unidade de ensino ganhou melhorias no p\u00e1tio e duas novas salas de aula<\/em><\/p>\n<p>Entre as novidades que vieram com a obra est\u00e1 uma sala de multim\u00eddia. Grande e com 80 cadeiras novas, o espa\u00e7o acomoda duas turmas de alunos da escola e tamb\u00e9m \u00e9 usado para reuni\u00f5es com pais e comunidade. Nessa sala multim\u00eddia ser\u00e1 instalada a lousa digital. Al\u00e9m disso, os professores do ensino m\u00e9dio j\u00e1 receberam os tablets, que ser\u00e3o usados em conjunto com a lousa e o projetor. \u201cO Reinventando o Ensino M\u00e9dio chega \u00e0 escola no ano que vem e vai ser um desafio. Mas os professores est\u00e3o motivados e se sentindo valorizados com esses equipamentos. \u00c9 um suporte a mais para as suas aulas\u201d, afirma a diretora da escola, Fani Rodrigues de Oliveira Patroc\u00ednio.<\/p>\n<p>Como \u00e9 a \u00fanica escola p\u00fablica do munic\u00edpio que oferece os anos finais do ensino fundamental e o ensino m\u00e9dio, a Escola Estadual Ilma de Lana Emerique Caldeira tem uma grande demanda. A institui\u00e7\u00e3o tamb\u00e9m est\u00e1 inserida em iniciativas da Secretaria de Estado de Educa\u00e7\u00e3o que precisam de espa\u00e7o para funcionar: Programa de Educa\u00e7\u00e3o em Tempo Integral (Proeti), Programa Educacional de Aten\u00e7\u00e3o ao Jovem (Peas) e Aprofundamento de Estudos. Para acomodar melhor os estudantes em todos os turnos, duas novas salas foram constru\u00eddas e a verba para a aquisi\u00e7\u00e3o do mobili\u00e1rio j\u00e1 foi recebida.<\/p>\n<p>Os espa\u00e7os externos da escola tamb\u00e9m receberam melhorias. O p\u00e1tio agora \u00e9 coberto e a escola ganhou uma nova quadra. \u201cJ\u00e1 t\u00ednhamos um espa\u00e7o onde os estudantes praticavam esportes, tanto que temos um campeonato que existe h\u00e1 sete anos e nossos alunos chegaram \u00e0 etapa estadual dos Jogos Escolares de Minas Gerais (Jemg) de 2013. Mas com essa estrutura, ficou melhor para trabalhar com eles\u201d, ressalta a diretora. O p\u00e1tio coberto tem oito mesas, que podem acomodar todos os alunos. A cantina da escola tamb\u00e9m recebeu uma reforma completa.<\/p>\n<p>Os funcion\u00e1rios da escola tamb\u00e9m ganharam com a reforma. Antes, a secretaria e a diretoria dividiam a mesma sala. Agora, com mais espa\u00e7o, cada setor ocupa um ambiente.<\/p>\n","protected":false},"excerpt":{"rendered":"<p>Secretaria de Estado de Educa\u00e7\u00e3o investiu R$ 736.307,94 na obra de reforma e amplia\u00e7\u00e3o da Escola Estadual Ilma de Lana Emerique Caldeira, em Dom Cavati A Escola Estadual Ilma de Lana Emerique Caldeira, em Dom Cavati, munic\u00edpio do Vale do Rio Doce, inaugurou na tarde desta segunda-feira (09) uma obra de reforma e amplia\u00e7\u00e3o. Um [&hellip;]<\/p>\n","protected":false},"author":1,"featured_media":15053,"comment_status":"open","ping_status":"closed","sticky":false,"template":"","format":"standard","meta":{"amp_status":"","footnotes":""},"categories":[121],"tags":[1328],"class_list":["post-15052","post","type-post","status-publish","format-standard","has-post-thumbnail","hentry","category-leste","tag-dom-cavati"],"yoast_head":"<!-- This site is optimized with the Yoast SEO plugin v28.3 - https:\/\/yoast.com\/product\/yoast-seo-wordpress\/ -->\n<title>Ap\u00f3s reforma, escola no Vale do Rio Doce oferece mais espa\u00e7o e conforto para alunos e funcion\u00e1rios - Aconteceu no Vale<\/title>\n<meta name=\"robots\" content=\"index, follow, max-snippet:-1, max-image-preview:large, max-video-preview:-1\" \/>\n<link rel=\"canonical\" href=\"https:\/\/aconteceunovale.com.br\/portal\/?p=15052\" \/>\n<meta property=\"og:locale\" content=\"pt_BR\" \/>\n<meta property=\"og:type\" content=\"article\" \/>\n<meta property=\"og:title\" content=\"Ap\u00f3s reforma, escola no Vale do Rio Doce oferece mais espa\u00e7o e conforto para alunos e funcion\u00e1rios - Aconteceu no Vale\" \/>\n<meta property=\"og:description\" content=\"Secretaria de Estado de Educa\u00e7\u00e3o investiu R$ 736.307,94 na obra de reforma e amplia\u00e7\u00e3o da Escola Estadual Ilma de Lana Emerique Caldeira, em Dom Cavati A Escola Estadual Ilma de Lana Emerique Caldeira, em Dom Cavati, munic\u00edpio do Vale do Rio Doce, inaugurou na tarde desta segunda-feira (09) uma obra de reforma e amplia\u00e7\u00e3o. Um [&hellip;]\" \/>\n<meta property=\"og:url\" content=\"https:\/\/aconteceunovale.com.br\/portal\/?p=15052\" \/>\n<meta property=\"og:site_name\" content=\"Aconteceu no Vale\" \/>\n<meta property=\"article:publisher\" content=\"https:\/\/www.facebook.com\/aconteceunovale\/\" \/>\n<meta property=\"article:published_time\" content=\"2013-12-10T18:06:55+00:00\" \/>\n<meta property=\"og:image\" content=\"https:\/\/aconteceunovale.com.br\/portal\/wp-content\/uploads\/2013\/12\/apos-reforma-escola-no-vale-do-rio-doce-oferece-mais-espaco-e-conforto-para-alunos-e-funcionarios.jpg\" \/>\n\t<meta property=\"og:image:width\" content=\"678\" \/>\n\t<meta property=\"og:image:height\" content=\"450\" \/>\n\t<meta property=\"og:image:type\" content=\"image\/jpeg\" \/>\n<meta name=\"author\" content=\"Aconteceu no Vale\" \/>\n<meta name=\"twitter:card\" content=\"summary_large_image\" \/>\n<meta name=\"twitter:creator\" content=\"@noticiadosvales\" \/>\n<meta name=\"twitter:site\" content=\"@noticiadosvales\" \/>\n<meta name=\"twitter:label1\" content=\"Escrito por\" \/>\n\t<meta name=\"twitter:data1\" content=\"Aconteceu no Vale\" \/>\n\t<meta name=\"twitter:label2\" content=\"Est. tempo de leitura\" \/>\n\t<meta name=\"twitter:data2\" content=\"2 minutos\" \/>\n<script type=\"application\/ld+json\" class=\"yoast-schema-graph\">{\"@context\":\"https:\\\/\\\/schema.org\",\"@graph\":[{\"@type\":\"Article\",\"@id\":\"https:\\\/\\\/aconteceunovale.com.br\\\/portal\\\/?p=15052#article\",\"isPartOf\":{\"@id\":\"https:\\\/\\\/aconteceunovale.com.br\\\/portal\\\/?p=15052\"},\"author\":{\"name\":\"Aconteceu no Vale\",\"@id\":\"https:\\\/\\\/aconteceunovale.com.br\\\/portal\\\/#\\\/schema\\\/person\\\/633529146f2c94272bef50ac2953d589\"},\"headline\":\"Ap\u00f3s reforma, escola no Vale do Rio Doce oferece mais espa\u00e7o e conforto para alunos e funcion\u00e1rios\",\"datePublished\":\"2013-12-10T18:06:55+00:00\",\"mainEntityOfPage\":{\"@id\":\"https:\\\/\\\/aconteceunovale.com.br\\\/portal\\\/?p=15052\"},\"wordCount\":480,\"commentCount\":0,\"image\":{\"@id\":\"https:\\\/\\\/aconteceunovale.com.br\\\/portal\\\/?p=15052#primaryimage\"},\"thumbnailUrl\":\"https:\\\/\\\/aconteceunovale.com.br\\\/portal\\\/wp-content\\\/uploads\\\/2013\\\/12\\\/apos-reforma-escola-no-vale-do-rio-doce-oferece-mais-espaco-e-conforto-para-alunos-e-funcionarios.jpg\",\"keywords\":[\"Dom Cavati\"],\"articleSection\":[\"Leste de Minas\"],\"inLanguage\":\"pt-BR\",\"potentialAction\":[{\"@type\":\"CommentAction\",\"name\":\"Comment\",\"target\":[\"https:\\\/\\\/aconteceunovale.com.br\\\/portal\\\/?p=15052#respond\"]}]},{\"@type\":\"WebPage\",\"@id\":\"https:\\\/\\\/aconteceunovale.com.br\\\/portal\\\/?p=15052\",\"url\":\"https:\\\/\\\/aconteceunovale.com.br\\\/portal\\\/?p=15052\",\"name\":\"Ap\u00f3s reforma, escola no Vale do Rio Doce oferece mais espa\u00e7o e conforto para alunos e funcion\u00e1rios - Aconteceu no Vale\",\"isPartOf\":{\"@id\":\"https:\\\/\\\/aconteceunovale.com.br\\\/portal\\\/#website\"},\"primaryImageOfPage\":{\"@id\":\"https:\\\/\\\/aconteceunovale.com.br\\\/portal\\\/?p=15052#primaryimage\"},\"image\":{\"@id\":\"https:\\\/\\\/aconteceunovale.com.br\\\/portal\\\/?p=15052#primaryimage\"},\"thumbnailUrl\":\"https:\\\/\\\/aconteceunovale.com.br\\\/portal\\\/wp-content\\\/uploads\\\/2013\\\/12\\\/apos-reforma-escola-no-vale-do-rio-doce-oferece-mais-espaco-e-conforto-para-alunos-e-funcionarios.jpg\",\"datePublished\":\"2013-12-10T18:06:55+00:00\",\"author\":{\"@id\":\"https:\\\/\\\/aconteceunovale.com.br\\\/portal\\\/#\\\/schema\\\/person\\\/633529146f2c94272bef50ac2953d589\"},\"breadcrumb\":{\"@id\":\"https:\\\/\\\/aconteceunovale.com.br\\\/portal\\\/?p=15052#breadcrumb\"},\"inLanguage\":\"pt-BR\",\"potentialAction\":[{\"@type\":\"ReadAction\",\"target\":[\"https:\\\/\\\/aconteceunovale.com.br\\\/portal\\\/?p=15052\"]}]},{\"@type\":\"ImageObject\",\"inLanguage\":\"pt-BR\",\"@id\":\"https:\\\/\\\/aconteceunovale.com.br\\\/portal\\\/?p=15052#primaryimage\",\"url\":\"https:\\\/\\\/aconteceunovale.com.br\\\/portal\\\/wp-content\\\/uploads\\\/2013\\\/12\\\/apos-reforma-escola-no-vale-do-rio-doce-oferece-mais-espaco-e-conforto-para-alunos-e-funcionarios.jpg\",\"contentUrl\":\"https:\\\/\\\/aconteceunovale.com.br\\\/portal\\\/wp-content\\\/uploads\\\/2013\\\/12\\\/apos-reforma-escola-no-vale-do-rio-doce-oferece-mais-espaco-e-conforto-para-alunos-e-funcionarios.jpg\",\"width\":678,\"height\":450},{\"@type\":\"BreadcrumbList\",\"@id\":\"https:\\\/\\\/aconteceunovale.com.br\\\/portal\\\/?p=15052#breadcrumb\",\"itemListElement\":[{\"@type\":\"ListItem\",\"position\":1,\"name\":\"In\u00edcio\",\"item\":\"https:\\\/\\\/aconteceunovale.com.br\\\/portal\\\/\"},{\"@type\":\"ListItem\",\"position\":2,\"name\":\"Ap\u00f3s reforma, escola no Vale do Rio Doce oferece mais espa\u00e7o e conforto para alunos e funcion\u00e1rios\"}]},{\"@type\":\"WebSite\",\"@id\":\"https:\\\/\\\/aconteceunovale.com.br\\\/portal\\\/#website\",\"url\":\"https:\\\/\\\/aconteceunovale.com.br\\\/portal\\\/\",\"name\":\"Aconteceu no Vale\",\"description\":\"Portal de Not\u00edcias\",\"potentialAction\":[{\"@type\":\"SearchAction\",\"target\":{\"@type\":\"EntryPoint\",\"urlTemplate\":\"https:\\\/\\\/aconteceunovale.com.br\\\/portal\\\/?s={search_term_string}\"},\"query-input\":{\"@type\":\"PropertyValueSpecification\",\"valueRequired\":true,\"valueName\":\"search_term_string\"}}],\"inLanguage\":\"pt-BR\"},{\"@type\":\"Person\",\"@id\":\"https:\\\/\\\/aconteceunovale.com.br\\\/portal\\\/#\\\/schema\\\/person\\\/633529146f2c94272bef50ac2953d589\",\"name\":\"Aconteceu no Vale\",\"description\":\"Equipe de reportagem do Aconteceu no Vale, portal de not\u00edcias do Vale do Jequitinhonha, em Minas Gerais. Cobrimos as 51 cidades do Vale desde 2013. Sugest\u00f5es de pauta e pedidos de corre\u00e7\u00e3o: contato@aconteceunovale.com.br\",\"sameAs\":[\"http:\\\/\\\/www.aconteceunovale.com.br\"],\"url\":\"https:\\\/\\\/aconteceunovale.com.br\\\/portal\\\/?author=1\"}]}<\/script>\n<!-- \/ Yoast SEO plugin. -->","yoast_head_json":{"title":"Ap\u00f3s reforma, escola no Vale do Rio Doce oferece mais espa\u00e7o e conforto para alunos e funcion\u00e1rios - Aconteceu no Vale","robots":{"index":"index","follow":"follow","max-snippet":"max-snippet:-1","max-image-preview":"max-image-preview:large","max-video-preview":"max-video-preview:-1"},"canonical":"https:\/\/aconteceunovale.com.br\/portal\/?p=15052","og_locale":"pt_BR","og_type":"article","og_title":"Ap\u00f3s reforma, escola no Vale do Rio Doce oferece mais espa\u00e7o e conforto para alunos e funcion\u00e1rios - Aconteceu no Vale","og_description":"Secretaria de Estado de Educa\u00e7\u00e3o investiu R$ 736.307,94 na obra de reforma e amplia\u00e7\u00e3o da Escola Estadual Ilma de Lana Emerique Caldeira, em Dom Cavati A Escola Estadual Ilma de Lana Emerique Caldeira, em Dom Cavati, munic\u00edpio do Vale do Rio Doce, inaugurou na tarde desta segunda-feira (09) uma obra de reforma e amplia\u00e7\u00e3o. Um [&hellip;]","og_url":"https:\/\/aconteceunovale.com.br\/portal\/?p=15052","og_site_name":"Aconteceu no Vale","article_publisher":"https:\/\/www.facebook.com\/aconteceunovale\/","article_published_time":"2013-12-10T18:06:55+00:00","og_image":[{"width":678,"height":450,"url":"https:\/\/aconteceunovale.com.br\/portal\/wp-content\/uploads\/2013\/12\/apos-reforma-escola-no-vale-do-rio-doce-oferece-mais-espaco-e-conforto-para-alunos-e-funcionarios.jpg","type":"image\/jpeg"}],"author":"Aconteceu no Vale","twitter_card":"summary_large_image","twitter_creator":"@noticiadosvales","twitter_site":"@noticiadosvales","twitter_misc":{"Escrito por":"Aconteceu no Vale","Est. tempo de leitura":"2 minutos"},"schema":{"@context":"https:\/\/schema.org","@graph":[{"@type":"Article","@id":"https:\/\/aconteceunovale.com.br\/portal\/?p=15052#article","isPartOf":{"@id":"https:\/\/aconteceunovale.com.br\/portal\/?p=15052"},"author":{"name":"Aconteceu no Vale","@id":"https:\/\/aconteceunovale.com.br\/portal\/#\/schema\/person\/633529146f2c94272bef50ac2953d589"},"headline":"Ap\u00f3s reforma, escola no Vale do Rio Doce oferece mais espa\u00e7o e conforto para alunos e funcion\u00e1rios","datePublished":"2013-12-10T18:06:55+00:00","mainEntityOfPage":{"@id":"https:\/\/aconteceunovale.com.br\/portal\/?p=15052"},"wordCount":480,"commentCount":0,"image":{"@id":"https:\/\/aconteceunovale.com.br\/portal\/?p=15052#primaryimage"},"thumbnailUrl":"https:\/\/aconteceunovale.com.br\/portal\/wp-content\/uploads\/2013\/12\/apos-reforma-escola-no-vale-do-rio-doce-oferece-mais-espaco-e-conforto-para-alunos-e-funcionarios.jpg","keywords":["Dom Cavati"],"articleSection":["Leste de Minas"],"inLanguage":"pt-BR","potentialAction":[{"@type":"CommentAction","name":"Comment","target":["https:\/\/aconteceunovale.com.br\/portal\/?p=15052#respond"]}]},{"@type":"WebPage","@id":"https:\/\/aconteceunovale.com.br\/portal\/?p=15052","url":"https:\/\/aconteceunovale.com.br\/portal\/?p=15052","name":"Ap\u00f3s reforma, escola no Vale do Rio Doce oferece mais espa\u00e7o e conforto para alunos e funcion\u00e1rios - Aconteceu no Vale","isPartOf":{"@id":"https:\/\/aconteceunovale.com.br\/portal\/#website"},"primaryImageOfPage":{"@id":"https:\/\/aconteceunovale.com.br\/portal\/?p=15052#primaryimage"},"image":{"@id":"https:\/\/aconteceunovale.com.br\/portal\/?p=15052#primaryimage"},"thumbnailUrl":"https:\/\/aconteceunovale.com.br\/portal\/wp-content\/uploads\/2013\/12\/apos-reforma-escola-no-vale-do-rio-doce-oferece-mais-espaco-e-conforto-para-alunos-e-funcionarios.jpg","datePublished":"2013-12-10T18:06:55+00:00","author":{"@id":"https:\/\/aconteceunovale.com.br\/portal\/#\/schema\/person\/633529146f2c94272bef50ac2953d589"},"breadcrumb":{"@id":"https:\/\/aconteceunovale.com.br\/portal\/?p=15052#breadcrumb"},"inLanguage":"pt-BR","potentialAction":[{"@type":"ReadAction","target":["https:\/\/aconteceunovale.com.br\/portal\/?p=15052"]}]},{"@type":"ImageObject","inLanguage":"pt-BR","@id":"https:\/\/aconteceunovale.com.br\/portal\/?p=15052#primaryimage","url":"https:\/\/aconteceunovale.com.br\/portal\/wp-content\/uploads\/2013\/12\/apos-reforma-escola-no-vale-do-rio-doce-oferece-mais-espaco-e-conforto-para-alunos-e-funcionarios.jpg","contentUrl":"https:\/\/aconteceunovale.com.br\/portal\/wp-content\/uploads\/2013\/12\/apos-reforma-escola-no-vale-do-rio-doce-oferece-mais-espaco-e-conforto-para-alunos-e-funcionarios.jpg","width":678,"height":450},{"@type":"BreadcrumbList","@id":"https:\/\/aconteceunovale.com.br\/portal\/?p=15052#breadcrumb","itemListElement":[{"@type":"ListItem","position":1,"name":"In\u00edcio","item":"https:\/\/aconteceunovale.com.br\/portal\/"},{"@type":"ListItem","position":2,"name":"Ap\u00f3s reforma, escola no Vale do Rio Doce oferece mais espa\u00e7o e conforto para alunos e funcion\u00e1rios"}]},{"@type":"WebSite","@id":"https:\/\/aconteceunovale.com.br\/portal\/#website","url":"https:\/\/aconteceunovale.com.br\/portal\/","name":"Aconteceu no Vale","description":"Portal de Not\u00edcias","potentialAction":[{"@type":"SearchAction","target":{"@type":"EntryPoint","urlTemplate":"https:\/\/aconteceunovale.com.br\/portal\/?s={search_term_string}"},"query-input":{"@type":"PropertyValueSpecification","valueRequired":true,"valueName":"search_term_string"}}],"inLanguage":"pt-BR"},{"@type":"Person","@id":"https:\/\/aconteceunovale.com.br\/portal\/#\/schema\/person\/633529146f2c94272bef50ac2953d589","name":"Aconteceu no Vale","description":"Equipe de reportagem do Aconteceu no Vale, portal de not\u00edcias do Vale do Jequitinhonha, em Minas Gerais. Cobrimos as 51 cidades do Vale desde 2013. Sugest\u00f5es de pauta e pedidos de corre\u00e7\u00e3o: contato@aconteceunovale.com.br","sameAs":["http:\/\/www.aconteceunovale.com.br"],"url":"https:\/\/aconteceunovale.com.br\/portal\/?author=1"}]}},"_links":{"self":[{"href":"https:\/\/aconteceunovale.com.br\/portal\/index.php?rest_route=\/wp\/v2\/posts\/15052","targetHints":{"allow":["GET"]}}],"collection":[{"href":"https:\/\/aconteceunovale.com.br\/portal\/index.php?rest_route=\/wp\/v2\/posts"}],"about":[{"href":"https:\/\/aconteceunovale.com.br\/portal\/index.php?rest_route=\/wp\/v2\/types\/post"}],"author":[{"embeddable":true,"href":"https:\/\/aconteceunovale.com.br\/portal\/index.php?rest_route=\/wp\/v2\/users\/1"}],"replies":[{"embeddable":true,"href":"https:\/\/aconteceunovale.com.br\/portal\/index.php?rest_route=%2Fwp%2Fv2%2Fcomments&post=15052"}],"version-history":[{"count":0,"href":"https:\/\/aconteceunovale.com.br\/portal\/index.php?rest_route=\/wp\/v2\/posts\/15052\/revisions"}],"wp:featuredmedia":[{"embeddable":true,"href":"https:\/\/aconteceunovale.com.br\/portal\/index.php?rest_route=\/wp\/v2\/media\/15053"}],"wp:attachment":[{"href":"https:\/\/aconteceunovale.com.br\/portal\/index.php?rest_route=%2Fwp%2Fv2%2Fmedia&parent=15052"}],"wp:term":[{"taxonomy":"category","embeddable":true,"href":"https:\/\/aconteceunovale.com.br\/portal\/index.php?rest_route=%2Fwp%2Fv2%2Fcategories&post=15052"},{"taxonomy":"post_tag","embeddable":true,"href":"https:\/\/aconteceunovale.com.br\/portal\/index.php?rest_route=%2Fwp%2Fv2%2Ftags&post=15052"}],"curies":[{"name":"wp","href":"https:\/\/api.w.org\/{rel}","templated":true}]}}