{"id":150418,"date":"2019-08-06T21:49:48","date_gmt":"2019-08-06T23:49:48","guid":{"rendered":"http:\/\/aconteceunovale.com.br\/portal\/?p=150418"},"modified":"2019-08-06T21:49:48","modified_gmt":"2019-08-06T23:49:48","slug":"consumidor-mineiro-sera-indenizado-por-ingerir-leite-estragado","status":"publish","type":"post","link":"https:\/\/aconteceunovale.com.br\/portal\/?p=150418","title":{"rendered":"Consumidor mineiro ser\u00e1 indenizado por ingerir leite estragado"},"content":{"rendered":"<p>A Cooperativa dos Produtores de Leite de Leopoldina de Responsabilidade Ltda. dever\u00e1 pagar R$ 3 mil a um consumidor do munic\u00edpio que adquiriu um fardo de leite integral impr\u00f3prio para alimenta\u00e7\u00e3o. Ele afirmou no processo que chegou a beber o leite, da marca Lac, e o produto apresentava gosto amargo e colora\u00e7\u00e3o diferente.<\/p>\n<p>A decis\u00e3o da 9\u00aa C\u00e2mara C\u00edvel do Tribunal de Justi\u00e7a de Minas Gerais (TJMG) modificou, em parte, senten\u00e7a da 2\u00aa Vara C\u00edvel de Leopoldina. Os desembargadores Jos\u00e9 Arthur Filho, relator, Pedro Bernardes e Luiz Artur Hil\u00e1rio concederam \u00e0 cooperativa a pagar indeniza\u00e7\u00e3o por danos morais.<\/p>\n<p>O consumidor recorreu porque, em Primeira Inst\u00e2ncia, a Justi\u00e7a entendeu que o incidente n\u00e3o causava danos morais e determinou apenas a devolu\u00e7\u00e3o do valor pago pelo produto. O fundamento da senten\u00e7a foi que n\u00e3o houve ofensa \u00e0 sa\u00fade do consumidor, mal-estar ou intoxica\u00e7\u00e3o.<\/p>\n<p>Segundo o autor da a\u00e7\u00e3o, no entanto, a jurisprud\u00eancia confirma que a ingest\u00e3o de produto impr\u00f3prio para consumo acarreta sofrimento pass\u00edvel de repara\u00e7\u00e3o.<\/p>\n<p>O consumidor contou, nos autos do processo, que, ao procurar a funcion\u00e1ria do estabelecimento que comercializava o produto, soube que outras pessoas estiveram no supermercado para reclamar do leite, mas que a empresa se limitaria a repor o fardo com outras caixas de leite.<\/p>\n<p>O relator, desembargador Jos\u00e9 Arthur Filho, considerou que havia responsabilidade do fabricante, porque a cooperativa descumpriu o dever de zelar pela comercializa\u00e7\u00e3o do produto, pela seguran\u00e7a mercantil e pela manuten\u00e7\u00e3o da qualidade.<\/p>\n<p>Segundo o magistrado, o dever de indenizar surge se houver liga\u00e7\u00e3o entre o defeito existente no produto colocado no mercado e o dano sofrido pelo consumidor em raz\u00e3o do consumo do item.<\/p>\n<p>\u201cRelativamente \u00e0 caracteriza\u00e7\u00e3o do dano moral, em situa\u00e7\u00f5es da esp\u00e9cie, o Superior Tribunal de Justi\u00e7a, em precedentes recentes, tem considerado que a aquisi\u00e7\u00e3o de produto de g\u00eanero aliment\u00edcio impr\u00f3prio para o consumo exp\u00f5e o consumidor a risco, seja \u00e0 sua sa\u00fade f\u00edsica, seja \u00e0 sua integridade ps\u00edquica\u201d, afirmou.<\/p>\n<p>O relator disse ainda que a veracidade das alega\u00e7\u00f5es ficou comprovada porque o consumidor relatou ter sentido gosto amargo ao ingerir o produto, o que foi corroborado pelo depoimento de testemunha que trabalhava, \u00e0 \u00e9poca, no supermercado onde o leite foi comprado. A mulher falou que se recordava de reclama\u00e7\u00f5es de clientes que resultaram em trocas de leite.<\/p>\n<p><strong>VER PRIMEIRO<\/strong><\/p>\n<p>Receba as not\u00edcias do Aconteceu no Vale em primeira m\u00e3o. Clique em curtir no endere\u00e7o <a href=\"https:\/\/www.facebook.com\/aconteceunovale\" target=\"_blank\"><font color=\"red\">www.facebook.com\/aconteceunovale<\/font><\/a> ou no box abaixo:<\/p>\n<div class=\"fb-like\" data-href=\"https:\/\/www.facebook.com\/aconteceunovale\" data-width=\"120\" data-layout=\"standard\" data-action=\"like\" data-size=\"small\" data-show-faces=\"true\" data-share=\"true\"><\/div>\n<p><!-- Erro, o An\u00fancio n\u00e3o est\u00e1 dispon\u00edvel neste momento devido \u00e0s restri\u00e7\u00f5es de agendamento\/geolocaliza\u00e7\u00e3o! --><br \/>\n<\/br><\/p>\n<p><em>(Fonte: TJMG)<\/em><\/p>\n","protected":false},"excerpt":{"rendered":"<p>A Cooperativa dos Produtores de Leite de Leopoldina de Responsabilidade Ltda. dever\u00e1 pagar R$ 3 mil a um consumidor do munic\u00edpio que adquiriu um fardo de leite integral impr\u00f3prio para alimenta\u00e7\u00e3o. Ele afirmou no processo que chegou a beber o leite, da marca Lac, e o produto apresentava gosto amargo e colora\u00e7\u00e3o diferente. A decis\u00e3o [&hellip;]<\/p>\n","protected":false},"author":1,"featured_media":150419,"comment_status":"open","ping_status":"closed","sticky":false,"template":"","format":"standard","meta":{"amp_status":"","footnotes":""},"categories":[123],"tags":[204713,204710,204709,204711,204712,208,270,92646],"class_list":["post-150418","post","type-post","status-publish","format-standard","has-post-thumbnail","hentry","category-gerais","tag-consumidor-mineiro-sera-indenizado-por-ingerir-leite-estragado","tag-cooperativa-dos-produtores-de-leite-de-leopoldina","tag-cooperativa-dos-produtores-de-leite-de-leopoldina-de-responsabilidade","tag-lac","tag-leite-lac","tag-leopoldina","tag-tjmg","tag-tribunal-de-justica-de-minas-gerais"],"_links":{"self":[{"href":"https:\/\/aconteceunovale.com.br\/portal\/index.php?rest_route=\/wp\/v2\/posts\/150418","targetHints":{"allow":["GET"]}}],"collection":[{"href":"https:\/\/aconteceunovale.com.br\/portal\/index.php?rest_route=\/wp\/v2\/posts"}],"about":[{"href":"https:\/\/aconteceunovale.com.br\/portal\/index.php?rest_route=\/wp\/v2\/types\/post"}],"author":[{"embeddable":true,"href":"https:\/\/aconteceunovale.com.br\/portal\/index.php?rest_route=\/wp\/v2\/users\/1"}],"replies":[{"embeddable":true,"href":"https:\/\/aconteceunovale.com.br\/portal\/index.php?rest_route=%2Fwp%2Fv2%2Fcomments&post=150418"}],"version-history":[{"count":0,"href":"https:\/\/aconteceunovale.com.br\/portal\/index.php?rest_route=\/wp\/v2\/posts\/150418\/revisions"}],"wp:featuredmedia":[{"embeddable":true,"href":"https:\/\/aconteceunovale.com.br\/portal\/index.php?rest_route=\/wp\/v2\/media\/150419"}],"wp:attachment":[{"href":"https:\/\/aconteceunovale.com.br\/portal\/index.php?rest_route=%2Fwp%2Fv2%2Fmedia&parent=150418"}],"wp:term":[{"taxonomy":"category","embeddable":true,"href":"https:\/\/aconteceunovale.com.br\/portal\/index.php?rest_route=%2Fwp%2Fv2%2Fcategories&post=150418"},{"taxonomy":"post_tag","embeddable":true,"href":"https:\/\/aconteceunovale.com.br\/portal\/index.php?rest_route=%2Fwp%2Fv2%2Ftags&post=150418"}],"curies":[{"name":"wp","href":"https:\/\/api.w.org\/{rel}","templated":true}]}}