{"id":150381,"date":"2019-08-06T01:18:41","date_gmt":"2019-08-06T03:18:41","guid":{"rendered":"http:\/\/aconteceunovale.com.br\/portal\/?p=150381"},"modified":"2019-08-06T01:18:41","modified_gmt":"2019-08-06T03:18:41","slug":"colombianos-suspeitos-de-agiotagem-sao-presos-em-montes-claros","status":"publish","type":"post","link":"https:\/\/aconteceunovale.com.br\/portal\/?p=150381","title":{"rendered":"Colombianos suspeitos de agiotagem s\u00e3o presos em Montes Claros"},"content":{"rendered":"<p>Dois colombianos foram presos nesta segunda-feira (05\/08\/2019) em Montes Claros, no Norte de Minas, por suspeita de agiotagem. Segundo a Pol\u00edcia Civil, os homens, que n\u00e3o tiveram as idades reveladas, eram investigados pela pr\u00e1tica criminosa e foram denunciados por uma v\u00edtima que contraiu um empr\u00e9stimo com os suspeitos.<br \/>\n<center><br \/>\n<!-- Erro, o An\u00fancio n\u00e3o est\u00e1 dispon\u00edvel neste momento devido \u00e0s restri\u00e7\u00f5es de agendamento\/geolocaliza\u00e7\u00e3o! --><br \/>\n<\/br><br \/>\n<\/center><br \/>\nAinda de acordo com a pol\u00edcia, comerciantes da regi\u00e3o foram os principais alvos do esquema, que cobrava juros exorbitantes e pagamentos di\u00e1rios. Caso n\u00e3o pagassem ou atrasassem, a dupla fazia amea\u00e7as. &#8220;A Pol\u00edcia Civil percebeu o maior n\u00famero de agiotas atuando junto a pequenos comerciantes. Eles cobravam pagamentos di\u00e1rios de pequenos valores, sem exig\u00eancias legais e com juros altos, mais de 20% ao m\u00eas&#8221;, explica o chefe do 11\u00ba Departamento de Pol\u00edcia Civil, delegado Jurandir Rodrigues.<\/p>\n<p>Com a dupla, a Pol\u00edcia Civil apreendeu mais de R$ 2 mil e ainda dinheiro estrangeiro, sendo cerca de 556 mil pesos colombianos e 100 bol\u00edvares. Os dois suspeitos foram levados \u00e0 delegacia de plant\u00e3o, onde ser\u00e3o ouvidos e assinar\u00e3o um Termo Circunstanciado de Ocorr\u00eancia (TCO). Eles responder\u00e3o por crime contra a economia popular.<\/p>\n<p>A PC n\u00e3o revelou quantas pessoas foram v\u00edtimas do esquema, que segue em investiga\u00e7\u00e3o para encontrar outros comparsas da dupla presa; a pol\u00edcia acredita que brasileiros tamb\u00e9m fa\u00e7am parte do esquema criminoso.<\/p>\n<p><img decoding=\"async\" src=\"http:\/\/aconteceunovale.com.br\/portal\/wp-content\/uploads\/2019\/08\/agiotas_moc.jpeg\" alt=\"\" \/><em>Dinheiro foi apreendido com os suspeitos \u2014 Foto: Pol\u00edcia Civil\/Divulga\u00e7\u00e3o<\/em><br \/>\n<\/br><\/p>\n<p><strong>Crimes na regi\u00e3o<\/strong><\/p>\n<p>Em julho, a pol\u00edcia j\u00e1 tinha prendido outros tr\u00eas colombianos suspeitos da mesma pr\u00e1tica, na ocasi\u00e3o durante uma opera\u00e7\u00e3o realizada em Buritizeiro e Pirapora. Foram apreendidos R$ 4 mil, al\u00e9m de outros cinco tipos de moedas estrangeiras. A PC afirmou na \u00e9poca das pris\u00f5es que o trio pode fazer parte de um grupo que atua em v\u00e1rias cidades da regi\u00e3o.<\/p>\n<p>A PC n\u00e3o confirmou se os dois bolivianos presos nesta segunda-feira fazem parte do mesmo grupo detido no m\u00eas passado.<\/p>\n<p><strong>VER PRIMEIRO<\/strong><\/p>\n<p>Receba as not\u00edcias do Aconteceu no Vale em primeira m\u00e3o. Clique em curtir no endere\u00e7o <a href=\"https:\/\/www.facebook.com\/aconteceunovale\" target=\"_blank\"><font color=\"red\">www.facebook.com\/aconteceunovale<\/font><\/a> ou no box abaixo:<\/p>\n<div class=\"fb-like\" data-href=\"https:\/\/www.facebook.com\/aconteceunovale\" data-width=\"120\" data-layout=\"standard\" data-action=\"like\" data-size=\"small\" data-show-faces=\"true\" data-share=\"true\"><\/div>\n<p><!-- Erro, o An\u00fancio n\u00e3o est\u00e1 dispon\u00edvel neste momento devido \u00e0s restri\u00e7\u00f5es de agendamento\/geolocaliza\u00e7\u00e3o! --><br \/>\n<\/br><\/p>\n<p><em>(Fonte: G1 Grande Minas)<\/em><\/p>\n","protected":false},"excerpt":{"rendered":"<p>Dois colombianos foram presos nesta segunda-feira (05\/08\/2019) em Montes Claros, no Norte de Minas, por suspeita de agiotagem. Segundo a Pol\u00edcia Civil, os homens, que n\u00e3o tiveram as idades reveladas, eram investigados pela pr\u00e1tica criminosa e foram denunciados por uma v\u00edtima que contraiu um empr\u00e9stimo com os suspeitos. Ainda de acordo com a pol\u00edcia, comerciantes [&hellip;]<\/p>\n","protected":false},"author":1,"featured_media":150382,"comment_status":"open","ping_status":"closed","sticky":false,"template":"","format":"standard","meta":{"amp_status":"","footnotes":""},"categories":[1236],"tags":[204644,204643,204642,204647,204646,204645,210],"class_list":["post-150381","post","type-post","status-publish","format-standard","has-post-thumbnail","hentry","category-norte_de_minas","tag-agiotagem-montes-claros","tag-agiotas-montes-claros","tag-colombianos-presos-em-montes-claros","tag-colombianos-suspeitos-de-agiotagem-sao-presos-em-montes-claros","tag-emprestimo-de-dinheiro-em-montes-claros","tag-emprestimo-montes-claros","tag-montes-claros"],"_links":{"self":[{"href":"https:\/\/aconteceunovale.com.br\/portal\/index.php?rest_route=\/wp\/v2\/posts\/150381","targetHints":{"allow":["GET"]}}],"collection":[{"href":"https:\/\/aconteceunovale.com.br\/portal\/index.php?rest_route=\/wp\/v2\/posts"}],"about":[{"href":"https:\/\/aconteceunovale.com.br\/portal\/index.php?rest_route=\/wp\/v2\/types\/post"}],"author":[{"embeddable":true,"href":"https:\/\/aconteceunovale.com.br\/portal\/index.php?rest_route=\/wp\/v2\/users\/1"}],"replies":[{"embeddable":true,"href":"https:\/\/aconteceunovale.com.br\/portal\/index.php?rest_route=%2Fwp%2Fv2%2Fcomments&post=150381"}],"version-history":[{"count":0,"href":"https:\/\/aconteceunovale.com.br\/portal\/index.php?rest_route=\/wp\/v2\/posts\/150381\/revisions"}],"wp:featuredmedia":[{"embeddable":true,"href":"https:\/\/aconteceunovale.com.br\/portal\/index.php?rest_route=\/wp\/v2\/media\/150382"}],"wp:attachment":[{"href":"https:\/\/aconteceunovale.com.br\/portal\/index.php?rest_route=%2Fwp%2Fv2%2Fmedia&parent=150381"}],"wp:term":[{"taxonomy":"category","embeddable":true,"href":"https:\/\/aconteceunovale.com.br\/portal\/index.php?rest_route=%2Fwp%2Fv2%2Fcategories&post=150381"},{"taxonomy":"post_tag","embeddable":true,"href":"https:\/\/aconteceunovale.com.br\/portal\/index.php?rest_route=%2Fwp%2Fv2%2Ftags&post=150381"}],"curies":[{"name":"wp","href":"https:\/\/api.w.org\/{rel}","templated":true}]}}