{"id":150378,"date":"2019-08-06T00:59:17","date_gmt":"2019-08-06T02:59:17","guid":{"rendered":"http:\/\/aconteceunovale.com.br\/portal\/?p=150378"},"modified":"2019-08-06T00:59:17","modified_gmt":"2019-08-06T02:59:17","slug":"cavalo-campeao-em-minas-vale-mais-do-que-60-apartamentos","status":"publish","type":"post","link":"https:\/\/aconteceunovale.com.br\/portal\/?p=150378","title":{"rendered":"Cavalo campe\u00e3o em Minas vale mais do que 60 apartamentos"},"content":{"rendered":"<p>O t\u00edtulo de campe\u00e3o dos campe\u00f5es na marcha adulta da 38\u00aa Exposi\u00e7\u00e3o Nacional do Mangalarga Marchador, em Belo Horizonte, no m\u00eas passado, transformou o cavalo Comandante Elfar em uma celebridade preciosa no mercado de equinos.<br \/>\n<center><br \/>\n<!-- Erro, o An\u00fancio n\u00e3o est\u00e1 dispon\u00edvel neste momento devido \u00e0s restri\u00e7\u00f5es de agendamento\/geolocaliza\u00e7\u00e3o! --><br \/>\n<\/br><br \/>\n<\/center><br \/>\nAvaliado em R$ 10 milh\u00f5es ap\u00f3s a premia\u00e7\u00e3o, segundo um dos propriet\u00e1rios, o animal pertence a criadores de diversos estados brasileiros e tem tr\u00eas anos e cinco meses de vida. Pelo valor do cavalo premiado, \u00e9 poss\u00edvel comprar 250 carros populares ou, ainda, para quem tem o sonho que ter a casa pr\u00f3pria, 66 apartamentos no valor de R$ 150 mil. <\/p>\n<p><strong>Por que vale isso?<\/strong><\/p>\n<p>\u201c\u00c9 um animal de beleza diferenciada e marcha \u00fanica\u201d, explicou um dos donos de Elfar, que preferiu n\u00e3o se identificar. Segundo ele, as \u00e9guas candidatas a gerar potros do garanh\u00e3o podem chegar a custar R$ 2 milh\u00f5es cada uma.<\/p>\n<p><img decoding=\"async\" src=\"http:\/\/aconteceunovale.com.br\/portal\/wp-content\/uploads\/2019\/08\/comandante_elfar.jpg\" alt=\"\" \/><em>Comandante Elfar tem tr\u00eas anos e meio e est\u00e1 em um haras em Lavras, no Sul de Minas &#8211; Foto: Haras El Far\/Divulga\u00e7\u00e3o<\/em><br \/>\n<\/br><\/p>\n<p><strong>S\u00eamen de R$ 9.000<\/strong><\/p>\n<p>A rentabilidade n\u00e3o para por a\u00ed: a dose do s\u00eamen do cavalo pode chegar a custar at\u00e9 R$ 9.000, o que corresponde a quase nove sal\u00e1rios m\u00ednimos. Para fazer a coleta do s\u00eamen, ele tamb\u00e9m tem tratamento especial. <\/p>\n<p>A partir de agora, Comandante Elfar passar\u00e1 a ser mantido em uma baia espec\u00edfica para o procedimento, em um espa\u00e7o conhecido como central dos embri\u00f5es. O colhimento do esperma do cavalo campe\u00e3o passa a ocorrer por tr\u00eas vezes na semana, sempre \u00e0s segundas, quartas e sextas-feiras.<\/p>\n<p><strong>Garanh\u00e3o promissor<\/strong><\/p>\n<p>Com tr\u00eas anos e cinco meses de vida, o cavalo Comandante Elfar acumula 16 premia\u00e7\u00f5es no curr\u00edculo. Quatro delas, inclusive, foram conquistadas na \u00faltima edi\u00e7\u00e3o da Exposi\u00e7\u00e3o Nacional do Cavalo Mangalarga Marchador, na capital mineira, realizada no m\u00eas passado.<\/p>\n<p><strong>In vitro<\/strong><\/p>\n<p>Depois da coleta do s\u00eamen do cavalo, a fecunda\u00e7\u00e3o \u00e9 feita in vitro, e o embri\u00e3o \u00e9 colocado no \u00fatero da \u00e9gua. Assim, forma-se uma esp\u00e9cie de \u201cbarriga de aluguel\u201d. A \u00e9gua n\u00e3o passa por processo de parto para evitar qualquer risco de aborto e de problemas mais graves.<\/p>\n<p><strong>Ou ainda<\/strong><\/p>\n<p>Com a grana que vale o Elfar, d\u00e1 para trocar um cavalo por uma cavalaria inteira. No caso, por essa Ferrari 488 Pista, com motor V8 de 720 cv, e que acelera de 0 a 100 km\/h em 2,8 segundos. O pre\u00e7o no Brasil: R$ 3,7 milh\u00f5es. Ah! E sobra um belo troco ainda!<\/p>\n<p><strong>R$ 16 bilh\u00f5es<\/strong><\/p>\n<p>A cria\u00e7\u00e3o de cavalos mangalarga movimenta por ano cerca de R$ 16 bilh\u00f5es no Brasil. Na \u00faltima feira, realizada no Expominas, foram negociados R$ 25 milh\u00f5es.<\/p>\n<p><strong>Se vender Elfar, o que daria para comprar?<\/strong><\/p>\n<p><strong>250<\/strong> Carros populares com motor 1.0, ar-condicionado e dire\u00e7\u00e3o el\u00e9trica.<\/p>\n<p><strong>66<\/strong> Apartamentos de dois quartos e uma vaga no valor de R$ 150 mil.<\/p>\n<p><strong>1.185<\/strong> Motos populares com motor 160 cc, freios CBS e partida el\u00e9trica.<\/p>\n<p><strong>VER PRIMEIRO<\/strong><\/p>\n<p>Receba as not\u00edcias do Aconteceu no Vale em primeira m\u00e3o. Clique em curtir no endere\u00e7o <a href=\"https:\/\/www.facebook.com\/aconteceunovale\" target=\"_blank\"><font color=\"red\">www.facebook.com\/aconteceunovale<\/font><\/a> ou no box abaixo:<\/p>\n<div class=\"fb-like\" data-href=\"https:\/\/www.facebook.com\/aconteceunovale\" data-width=\"120\" data-layout=\"standard\" data-action=\"like\" data-size=\"small\" data-show-faces=\"true\" data-share=\"true\"><\/div>\n<p><!-- Erro, o An\u00fancio n\u00e3o est\u00e1 dispon\u00edvel neste momento devido \u00e0s restri\u00e7\u00f5es de agendamento\/geolocaliza\u00e7\u00e3o! --><br \/>\n<\/br><\/p>\n<p><em>(Fonte: O Tempo)<\/em><\/p>\n","protected":false},"excerpt":{"rendered":"<p>O t\u00edtulo de campe\u00e3o dos campe\u00f5es na marcha adulta da 38\u00aa Exposi\u00e7\u00e3o Nacional do Mangalarga Marchador, em Belo Horizonte, no m\u00eas passado, transformou o cavalo Comandante Elfar em uma celebridade preciosa no mercado de equinos. Avaliado em R$ 10 milh\u00f5es ap\u00f3s a premia\u00e7\u00e3o, segundo um dos propriet\u00e1rios, o animal pertence a criadores de diversos estados [&hellip;]<\/p>\n","protected":false},"author":1,"featured_media":150379,"comment_status":"open","ping_status":"closed","sticky":false,"template":"","format":"standard","meta":{"amp_status":"","footnotes":""},"categories":[123],"tags":[204637,194,204641,204640,204639,204638,207,144022],"class_list":["post-150378","post","type-post","status-publish","format-standard","has-post-thumbnail","hentry","category-gerais","tag-38a-exposicao-nacional-do-mangalarga-marchador","tag-belo-horizonte","tag-cavalo-campeao-em-minas-vale-mais-do-que-60-apartamentos","tag-cavalo-comandante-elfar","tag-comandante-elfar","tag-exposicao-nacional-do-mangalarga-marchador","tag-lavras","tag-mangalarga-marchador"],"_links":{"self":[{"href":"https:\/\/aconteceunovale.com.br\/portal\/index.php?rest_route=\/wp\/v2\/posts\/150378","targetHints":{"allow":["GET"]}}],"collection":[{"href":"https:\/\/aconteceunovale.com.br\/portal\/index.php?rest_route=\/wp\/v2\/posts"}],"about":[{"href":"https:\/\/aconteceunovale.com.br\/portal\/index.php?rest_route=\/wp\/v2\/types\/post"}],"author":[{"embeddable":true,"href":"https:\/\/aconteceunovale.com.br\/portal\/index.php?rest_route=\/wp\/v2\/users\/1"}],"replies":[{"embeddable":true,"href":"https:\/\/aconteceunovale.com.br\/portal\/index.php?rest_route=%2Fwp%2Fv2%2Fcomments&post=150378"}],"version-history":[{"count":0,"href":"https:\/\/aconteceunovale.com.br\/portal\/index.php?rest_route=\/wp\/v2\/posts\/150378\/revisions"}],"wp:featuredmedia":[{"embeddable":true,"href":"https:\/\/aconteceunovale.com.br\/portal\/index.php?rest_route=\/wp\/v2\/media\/150379"}],"wp:attachment":[{"href":"https:\/\/aconteceunovale.com.br\/portal\/index.php?rest_route=%2Fwp%2Fv2%2Fmedia&parent=150378"}],"wp:term":[{"taxonomy":"category","embeddable":true,"href":"https:\/\/aconteceunovale.com.br\/portal\/index.php?rest_route=%2Fwp%2Fv2%2Fcategories&post=150378"},{"taxonomy":"post_tag","embeddable":true,"href":"https:\/\/aconteceunovale.com.br\/portal\/index.php?rest_route=%2Fwp%2Fv2%2Ftags&post=150378"}],"curies":[{"name":"wp","href":"https:\/\/api.w.org\/{rel}","templated":true}]}}