{"id":150376,"date":"2019-08-06T00:46:43","date_gmt":"2019-08-06T02:46:43","guid":{"rendered":"http:\/\/aconteceunovale.com.br\/portal\/?p=150376"},"modified":"2019-08-06T00:46:43","modified_gmt":"2019-08-06T02:46:43","slug":"azul-amplia-viagens-para-ipatinga-e-montes-claros","status":"publish","type":"post","link":"https:\/\/aconteceunovale.com.br\/portal\/?p=150376","title":{"rendered":"Azul amplia viagens para Ipatinga e Montes Claros"},"content":{"rendered":"<p>A Azul anunciou, nesta segunda-feira (05\/08\/2019), que come\u00e7ar\u00e1 a operar, a partir do dia 1\u00ba de outubro, um voo di\u00e1rio e direto entre o Aeroporto Internacional Tancredo Neves, em Confins, e Florian\u00f3polis. Al\u00e9m disso, a companhia divulgou que ampliou a frequ\u00eancia dos voos que saem de Belo Horizonte com destino a Cabo Frio, Ipatinga, Rio de Janeiro (Santos Dumont), Salvador e Montes Claros \u2013 este \u00faltimo com o novo voo decolando nesta segunda.<br \/>\n<center><br \/>\n<!-- Erro, o An\u00fancio n\u00e3o est\u00e1 dispon\u00edvel neste momento devido \u00e0s restri\u00e7\u00f5es de agendamento\/geolocaliza\u00e7\u00e3o! --><br \/>\n<\/br><br \/>\n<\/center><br \/>\nCom essa amplia\u00e7\u00e3o no n\u00famero de voos, a Azul chega a uma m\u00e9dia de 90 viagens di\u00e1rias para 42 destinos saindo de Belo Horizonte, sendo dois deles internacionais \u2013 Orlando, nos Estados Unidos; e Buenos Aires, na Argentina.<\/p>\n<p>Em um ano, a empresa investiu em 12 novos voos na capital mineira. Belo Horizonte, hoje, \u00e9 a segunda cidade do pa\u00eds que mais recebe voos da Azul.<\/p>\n<p>Confira dados sobre a amplia\u00e7\u00e3o da frequ\u00eancia de voos entre Confins e outras cidades:<\/p>\n<table border=\"1\" cellspacing=\"0\" cellpadding=\"0\">\n<tbody>\n<tr>\n<td valign=\"top\" width=\"189\">\n<p align=\"center\"><b>ORIGEM<\/b><\/p>\n<\/td>\n<td valign=\"top\" width=\"189\">\n<p align=\"center\"><b>FREQU\u00caNCIA<\/b><\/p>\n<\/td>\n<td valign=\"top\" width=\"189\">\n<p align=\"center\"><b>IN\u00cdCIO<\/b><\/p>\n<\/td>\n<\/tr>\n<tr>\n<td valign=\"top\" width=\"189\">Salvador (BA)<\/td>\n<td valign=\"top\" width=\"189\">De 3 para 4 voos di\u00e1rios<\/td>\n<td valign=\"top\" width=\"189\">Agosto<\/td>\n<\/tr>\n<tr>\n<td valign=\"top\" width=\"189\">Cabo Frio (RJ)<\/td>\n<td valign=\"top\" width=\"189\">De 2 para 4 voos di\u00e1rios<\/td>\n<td valign=\"top\" width=\"189\">Agosto<\/td>\n<\/tr>\n<tr>\n<td valign=\"top\" width=\"189\">Montes Claros (MG)<\/td>\n<td valign=\"top\" width=\"189\">De 4 para 5 voos di\u00e1rios<\/td>\n<td valign=\"top\" width=\"189\">Agosto<\/td>\n<\/tr>\n<tr>\n<td valign=\"top\" width=\"189\">Santos Dumont (RJ)<\/td>\n<td valign=\"top\" width=\"189\">De 6 para 7 voos di\u00e1rios<\/td>\n<td valign=\"top\" width=\"189\">Setembro<\/td>\n<\/tr>\n<tr>\n<td valign=\"top\" width=\"189\">Ipatinga (MG)<\/td>\n<td valign=\"top\" width=\"189\">De 4 para 5 voos di\u00e1rios<\/td>\n<td valign=\"top\" width=\"189\">Setembro<\/td>\n<\/tr>\n<tr>\n<td valign=\"top\" width=\"189\">Florian\u00f3polis (SC)<\/td>\n<td valign=\"top\" width=\"189\">In\u00edcio de novo mercado, com um voo di\u00e1rio<\/td>\n<td valign=\"top\" width=\"189\">Outubro<\/td>\n<\/tr>\n<\/tbody>\n<\/table>\n<p><strong>VER PRIMEIRO<\/strong><\/p>\n<p>Receba as not\u00edcias do Aconteceu no Vale em primeira m\u00e3o. Clique em curtir no endere\u00e7o <a href=\"https:\/\/www.facebook.com\/aconteceunovale\" target=\"_blank\"><font color=\"red\">www.facebook.com\/aconteceunovale<\/font><\/a> ou no box abaixo:<\/p>\n<div class=\"fb-like\" data-href=\"https:\/\/www.facebook.com\/aconteceunovale\" data-width=\"120\" data-layout=\"standard\" data-action=\"like\" data-size=\"small\" data-show-faces=\"true\" data-share=\"true\"><\/div>\n<p><!-- Erro, o An\u00fancio n\u00e3o est\u00e1 dispon\u00edvel neste momento devido \u00e0s restri\u00e7\u00f5es de agendamento\/geolocaliza\u00e7\u00e3o! --><br \/>\n<\/br><\/p>\n<p><em>(Fonte: Hoje em Dia)<\/em><\/p>\n","protected":false},"excerpt":{"rendered":"<p>A Azul anunciou, nesta segunda-feira (05\/08\/2019), que come\u00e7ar\u00e1 a operar, a partir do dia 1\u00ba de outubro, um voo di\u00e1rio e direto entre o Aeroporto Internacional Tancredo Neves, em Confins, e Florian\u00f3polis. Al\u00e9m disso, a companhia divulgou que ampliou a frequ\u00eancia dos voos que saem de Belo Horizonte com destino a Cabo Frio, Ipatinga, Rio [&hellip;]<\/p>\n","protected":false},"author":1,"featured_media":102113,"comment_status":"open","ping_status":"closed","sticky":false,"template":"","format":"standard","meta":{"amp_status":"","footnotes":""},"categories":[121,123,1236],"tags":[135718,22093,204636,77876,204633,195645,194,6685,22090,68211,201,210,1104,6531,204634,204635],"class_list":["post-150376","post","type-post","status-publish","format-standard","has-post-thumbnail","hentry","category-leste","category-gerais","category-norte_de_minas","tag-aeroporto-internacional-de-belo-horizonte","tag-aeroporto-internacional-de-confins","tag-aeroporto-tancredo-neves","tag-azul","tag-azul-ipatinga","tag-azul-montes-claros","tag-belo-horizonte","tag-cabo-frio","tag-confins","tag-florianopolis","tag-ipatinga","tag-montes-claros","tag-rio-de-janeiro","tag-salvador","tag-voos-ipatinga","tag-voos-montes-claros"],"_links":{"self":[{"href":"https:\/\/aconteceunovale.com.br\/portal\/index.php?rest_route=\/wp\/v2\/posts\/150376","targetHints":{"allow":["GET"]}}],"collection":[{"href":"https:\/\/aconteceunovale.com.br\/portal\/index.php?rest_route=\/wp\/v2\/posts"}],"about":[{"href":"https:\/\/aconteceunovale.com.br\/portal\/index.php?rest_route=\/wp\/v2\/types\/post"}],"author":[{"embeddable":true,"href":"https:\/\/aconteceunovale.com.br\/portal\/index.php?rest_route=\/wp\/v2\/users\/1"}],"replies":[{"embeddable":true,"href":"https:\/\/aconteceunovale.com.br\/portal\/index.php?rest_route=%2Fwp%2Fv2%2Fcomments&post=150376"}],"version-history":[{"count":0,"href":"https:\/\/aconteceunovale.com.br\/portal\/index.php?rest_route=\/wp\/v2\/posts\/150376\/revisions"}],"wp:featuredmedia":[{"embeddable":true,"href":"https:\/\/aconteceunovale.com.br\/portal\/index.php?rest_route=\/wp\/v2\/media\/102113"}],"wp:attachment":[{"href":"https:\/\/aconteceunovale.com.br\/portal\/index.php?rest_route=%2Fwp%2Fv2%2Fmedia&parent=150376"}],"wp:term":[{"taxonomy":"category","embeddable":true,"href":"https:\/\/aconteceunovale.com.br\/portal\/index.php?rest_route=%2Fwp%2Fv2%2Fcategories&post=150376"},{"taxonomy":"post_tag","embeddable":true,"href":"https:\/\/aconteceunovale.com.br\/portal\/index.php?rest_route=%2Fwp%2Fv2%2Ftags&post=150376"}],"curies":[{"name":"wp","href":"https:\/\/api.w.org\/{rel}","templated":true}]}}